{"id":10873,"date":"2018-10-27T21:27:54","date_gmt":"2018-10-27T19:27:54","guid":{"rendered":"http:\/\/swietodrzewa.pl\/?p=10873"},"modified":"2018-12-04T13:48:56","modified_gmt":"2018-12-04T12:48:56","slug":"drzewa-dla-artystow-ptakow-i-pszczol-w-gminie-wilkowice","status":"publish","type":"post","link":"https:\/\/archiwum.swietodrzewa.pl\/?p=10873","title":{"rendered":"Drzewa dla artyst\u00f3w, ptak\u00f3w i pszcz\u00f3\u0142 w Gminie Wilkowice"},"content":{"rendered":"<p><strong>Jarz\u0119biny, kaliny, brzozy, derenie, g\u0142ogi, klony, jod\u0142y&#8230; \u2013 w sumie 110 drzew i krzew\u00f3w posadzili 26 pa\u017adziernika uczestnicy lokalnych obchod\u00f3w \u015awi\u0119ta Drzewa Klubu Gaja w Gminie Wilkowice. Nowe sadzonki zazieleni\u0105 teren wok\u00f3\u0142 Gminnego O\u015brodka Kultury \u201ePromyk\u201d w Bystrej oraz filiach w Mesznej i Wilkowicach, a tak\u017ce odwiedzany przez pacjent\u00f3w, mieszka\u0144c\u00f3w i turyst\u00f3w park zdrojowy przy <\/strong><strong>Centrum Pulmonologii i&nbsp;Torakochirurgii<\/strong><strong> w Bystrej<\/strong><strong>. <\/strong><strong>Dzieci i m\u0142odzie\u017c bior\u0105ca udzia\u0142 w wydarzeniu zbudowa\u0142a tak\u017ce domki dla owad\u00f3w, ptak\u00f3w i wiewi\u00f3rek, kt\u00f3re znajd\u0105 swoje miejsce w przydomowych ogrodach. <\/strong><!--more--><\/p>\n<p>W akcji sadzenia drzew wzi\u0119li udzia\u0142 partnerzy i zaproszeni go\u015bcie: Mieczys\u0142aw R\u0105czka \u2013 w\u00f3jt Gminy Wilkowice, Agnieszka Sech \u2013 dyrektor Gminnego O\u015brodka Kultury \u201ePromyk\u201d w Bystrej, Urszula Kuc \u2013 dyrektor Centrum Pulmonologii i&nbsp;Torakochirurgii w Bystrej, Izabela Pigan \u2013 z-ca nadle\u015bniczego w Nadle\u015bnictwie Bielsko, Miros\u0142aw Kubas \u2013 le\u015bniczy Le\u015bnictwa Bystra, a tak\u017ce uczniowie i nauczyciele ze Szko\u0142y Podstawowej nr 1 w Bystrej. Wydarzenie zainaugurowa\u0142 Jacek Bo\u017cek \u2013 prezes Klubu Gaja.<\/p>\n<p><strong>Mieczys\u0142aw R\u0105czka<\/strong>, w\u00f3jt Gminy Wilkowice, &nbsp;otwieraj\u0105c wydarzenia powiedzia\u0142&nbsp; <strong>\u2013<\/strong> \u201eBardzo si\u0119 ciesz\u0119, \u017ce 16. edycja \u015awi\u0119ta Drzewa i idea sadzenia drzew kontynuowana jest w naszej gminie. Dbanie o przyrod\u0119 i sadzenie drzew jest wa\u017cne, zw\u0142aszcza w kontek\u015bcie niskiej emisji. Dzi\u0119kuj\u0119 Klubowi Gaja, \u017ce realizuje ten pomys\u0142 wsp\u00f3lnie z naszymi mieszka\u0144cami. Ciesz\u0119 si\u0119, \u017ce tylu uczni\u00f3w przysz\u0142o dzisiaj posadzi\u0107 drzewa i zbudowa\u0107 budki l\u0119gowe. Edukacja ekologiczna jest wa\u017cna. Mam nadziej\u0119, \u017ce obok GOK \u201ePromyk\u201d powstanie w najbli\u017cszych latach gminne centrum edukacji ekologicznej\u201d.<\/p>\n<p>Po kr\u00f3tkich przem\u00f3wieniach go\u015bci wszyscy ochoczo zabrali si\u0119 do pracy. W ruch posz\u0142y \u0142opaty i grabie, a le\u015bnicy udzielali fachowych porad jak prawid\u0142owo posadzi\u0107 drzewo. Przy placu zabaw wkopano brzozy brodawkowate, kt\u00f3re w przysz\u0142o\u015bci dadz\u0105 cie\u0144 bawi\u0105cym si\u0119 tu dzieciom. \u0141aweczka, na kt\u00f3rej \u201eprzysiad\u0142\u201d Julian Fa\u0142at \u2013 jeden z najwybitniejszych, polskich akwarelist\u00f3w, kt\u00f3ry mieszka\u0142 w pobliskiej Fa\u0142at\u00f3wce, zosta\u0142a otoczona krzaczkami tawu\u0142y japo\u0144skiej o z\u0142otych li\u015bciach. Przy rze\u017abie Janusza W\u0119dzichy b\u0119dzie r\u00f3s\u0142 z kolei jarz\u0105b pospolity.<\/p>\n<p><strong>Agnieszka Sech<\/strong>, dyrektorka GOK \u201ePromyk\u201d doda\u0142a &nbsp;&#8211; \u201e Ju\u017c po raz czwarty robimy wsp\u00f3lne&nbsp; dzia\u0142ania z Klubem Gaja. Na naszej brzozie wida\u0107 jeszcze instalacj\u0119 artystyczn\u0105 z ostatnich warsztat\u00f3w, kt\u00f3ra powsta\u0142a w ramach Festiwalu Ekodzie\u0142o. Ciesz\u0119 si\u0119, \u017ce mo\u017cemy uczestniczy\u0107 w \u015awi\u0119cie Drzewa. Dobierali\u015bmy tak gatunki drzew, \u017ceby komponowa\u0142y si\u0119 z naszymi brzozami&nbsp; i w przysz\u0142o\u015bci zacieni\u0142y plac zabaw. Krzewy upi\u0119kni\u0105 otoczenie wok\u00f3\u0142 naszego ukochanego Fa\u0142ata, a jarz\u0119bina rze\u017ab\u0119 pana W\u0119dzichy. To s\u0105 pi\u0119kne drzewa, tradycyjne i nasze rodzime\u201d.<\/p>\n<p>Po posadzeniu drzew i krzew\u00f3w w okolicach o\u015brodka kultury, uczestnicy przeszli do zabytkowego parku zdrojowego na terenie szpitala. Tu w ogrodach, w pobli\u017cu inhalatorium propolisowego posadzono g\u0142ogi, kaliny koralowe, a tak\u017ce derenie bia\u0142e, jarz\u0119biny i klony zwyczajne. Po pracy na wszystkich czeka\u0142a nagroda \u2013 degustacja pysznego miodu wyprodukowanego przez pszczo\u0142y ze szpitalnej pasieki. Kolejne drzewka i krzewy zosta\u0142y posadzone wok\u00f3\u0142 Mesznia\u0144skiego O\u015brodka Kultury &#8222;Nad Borami&#8221; oraz O\u015brodka Kultury &#8222;Stara Szko\u0142a&#8221; w Huciskach w Wilkowicach.<\/p>\n<p>\u201e Dzieci i m\u0142odzie\u017c postrzegaj\u0105&nbsp; drzewa nieco inaczej, ni\u017c my doro\u015bli. Mog\u0105 na nie wchodzi\u0107, wspina\u0107 si\u0119 po nich i patrze\u0107 jak rosn\u0105. Potem przyjd\u0105 lata dojrza\u0142e. Osoby starsze doceniaj\u0105 to, \u017ce jest tyle zieleni wok\u00f3\u0142, \u017ce mo\u017cemy j\u0105 podziwia\u0107 o ka\u017cdej porze roku. Dlatego tak wa\u017cne jest, aby o ni\u0105 dba\u0107 i w\u0142\u0105cza\u0107 si\u0119 w takie inicjatywy, jak ta akcja Klubu Gaja\u201d \u2013 m\u00f3wi <strong>Urszula Kuc<\/strong><strong>, dyrektor <\/strong>Centrum Pulmonologii i&nbsp;Torakochirurgii <strong>w Bystrej.<\/strong><\/p>\n<p>&nbsp;<\/p>\n\n<div class=\"ngg-galleryoverview ngg-slideshow\"\n\tid=\"ngg-slideshow-02e5b92a9307fdf5a93fe712c144a881-10511631990\"\n\tdata-gallery-id=\"02e5b92a9307fdf5a93fe712c144a881\"\n\tstyle=\"max-width: 600px;\n\t\t\tmax-height: 450px;\n\t\t\tdisplay: none;\">\n\n\t\n\t\t<a href=\"https:\/\/archiwum.swietodrzewa.pl\/wp-content\/gallery\/swieto-drzewa-wilkowice-2018\/1-1.jpg\"\n\t\t\ttitle=\"\"\n\t\t\tdata-src=\"https:\/\/archiwum.swietodrzewa.pl\/wp-content\/gallery\/swieto-drzewa-wilkowice-2018\/1-1.jpg\"\n\t\t\tdata-thumbnail=\"https:\/\/archiwum.swietodrzewa.pl\/wp-content\/gallery\/swieto-drzewa-wilkowice-2018\/thumbs\/thumbs_1-1.jpg\"\n\t\t\tdata-image-id=\"1580\"\n\t\t\tdata-title=\"1 (1)\"\n\t\t\tdata-description=\"\"\n\t\t\tclass=\"shutterset_02e5b92a9307fdf5a93fe712c144a881\">\n\n\t\t\t<img data-image-id='1580'\n\t\t\t\ttitle=\"\"\n\t\t\t\talt=\"1 (1)\"\n\t\t\t\tsrc=\"https:\/\/archiwum.swietodrzewa.pl\/wp-content\/gallery\/swieto-drzewa-wilkowice-2018\/1-1.jpg\"\n\t\t\t\tstyle=\"max-height: 430px;\"\/>\n\t\t<\/a>\n\n\t\t\n\t\t<a href=\"https:\/\/archiwum.swietodrzewa.pl\/wp-content\/gallery\/swieto-drzewa-wilkowice-2018\/1-2.jpg\"\n\t\t\ttitle=\"\"\n\t\t\tdata-src=\"https:\/\/archiwum.swietodrzewa.pl\/wp-content\/gallery\/swieto-drzewa-wilkowice-2018\/1-2.jpg\"\n\t\t\tdata-thumbnail=\"https:\/\/archiwum.swietodrzewa.pl\/wp-content\/gallery\/swieto-drzewa-wilkowice-2018\/thumbs\/thumbs_1-2.jpg\"\n\t\t\tdata-image-id=\"1581\"\n\t\t\tdata-title=\"1 (2)\"\n\t\t\tdata-description=\"\"\n\t\t\tclass=\"shutterset_02e5b92a9307fdf5a93fe712c144a881\">\n\n\t\t\t<img data-image-id='1581'\n\t\t\t\ttitle=\"\"\n\t\t\t\talt=\"1 (2)\"\n\t\t\t\tsrc=\"https:\/\/archiwum.swietodrzewa.pl\/wp-content\/gallery\/swieto-drzewa-wilkowice-2018\/1-2.jpg\"\n\t\t\t\tstyle=\"max-height: 430px;\"\/>\n\t\t<\/a>\n\n\t\t\n\t\t<a href=\"https:\/\/archiwum.swietodrzewa.pl\/wp-content\/gallery\/swieto-drzewa-wilkowice-2018\/1-3.jpg\"\n\t\t\ttitle=\"\"\n\t\t\tdata-src=\"https:\/\/archiwum.swietodrzewa.pl\/wp-content\/gallery\/swieto-drzewa-wilkowice-2018\/1-3.jpg\"\n\t\t\tdata-thumbnail=\"https:\/\/archiwum.swietodrzewa.pl\/wp-content\/gallery\/swieto-drzewa-wilkowice-2018\/thumbs\/thumbs_1-3.jpg\"\n\t\t\tdata-image-id=\"1582\"\n\t\t\tdata-title=\"1 (3)\"\n\t\t\tdata-description=\"\"\n\t\t\tclass=\"shutterset_02e5b92a9307fdf5a93fe712c144a881\">\n\n\t\t\t<img data-image-id='1582'\n\t\t\t\ttitle=\"\"\n\t\t\t\talt=\"1 (3)\"\n\t\t\t\tsrc=\"https:\/\/archiwum.swietodrzewa.pl\/wp-content\/gallery\/swieto-drzewa-wilkowice-2018\/1-3.jpg\"\n\t\t\t\tstyle=\"max-height: 430px;\"\/>\n\t\t<\/a>\n\n\t\t\n\t\t<a href=\"https:\/\/archiwum.swietodrzewa.pl\/wp-content\/gallery\/swieto-drzewa-wilkowice-2018\/1-4.jpg\"\n\t\t\ttitle=\"\"\n\t\t\tdata-src=\"https:\/\/archiwum.swietodrzewa.pl\/wp-content\/gallery\/swieto-drzewa-wilkowice-2018\/1-4.jpg\"\n\t\t\tdata-thumbnail=\"https:\/\/archiwum.swietodrzewa.pl\/wp-content\/gallery\/swieto-drzewa-wilkowice-2018\/thumbs\/thumbs_1-4.jpg\"\n\t\t\tdata-image-id=\"1583\"\n\t\t\tdata-title=\"1 (4)\"\n\t\t\tdata-description=\"\"\n\t\t\tclass=\"shutterset_02e5b92a9307fdf5a93fe712c144a881\">\n\n\t\t\t<img data-image-id='1583'\n\t\t\t\ttitle=\"\"\n\t\t\t\talt=\"1 (4)\"\n\t\t\t\tsrc=\"https:\/\/archiwum.swietodrzewa.pl\/wp-content\/gallery\/swieto-drzewa-wilkowice-2018\/1-4.jpg\"\n\t\t\t\tstyle=\"max-height: 430px;\"\/>\n\t\t<\/a>\n\n\t\t\n\t\t<a href=\"https:\/\/archiwum.swietodrzewa.pl\/wp-content\/gallery\/swieto-drzewa-wilkowice-2018\/1-5.jpg\"\n\t\t\ttitle=\"\"\n\t\t\tdata-src=\"https:\/\/archiwum.swietodrzewa.pl\/wp-content\/gallery\/swieto-drzewa-wilkowice-2018\/1-5.jpg\"\n\t\t\tdata-thumbnail=\"https:\/\/archiwum.swietodrzewa.pl\/wp-content\/gallery\/swieto-drzewa-wilkowice-2018\/thumbs\/thumbs_1-5.jpg\"\n\t\t\tdata-image-id=\"1584\"\n\t\t\tdata-title=\"1 (5)\"\n\t\t\tdata-description=\"\"\n\t\t\tclass=\"shutterset_02e5b92a9307fdf5a93fe712c144a881\">\n\n\t\t\t<img data-image-id='1584'\n\t\t\t\ttitle=\"\"\n\t\t\t\talt=\"1 (5)\"\n\t\t\t\tsrc=\"https:\/\/archiwum.swietodrzewa.pl\/wp-content\/gallery\/swieto-drzewa-wilkowice-2018\/1-5.jpg\"\n\t\t\t\tstyle=\"max-height: 430px;\"\/>\n\t\t<\/a>\n\n\t\t\n\t\t<a href=\"https:\/\/archiwum.swietodrzewa.pl\/wp-content\/gallery\/swieto-drzewa-wilkowice-2018\/1-6.jpg\"\n\t\t\ttitle=\"\"\n\t\t\tdata-src=\"https:\/\/archiwum.swietodrzewa.pl\/wp-content\/gallery\/swieto-drzewa-wilkowice-2018\/1-6.jpg\"\n\t\t\tdata-thumbnail=\"https:\/\/archiwum.swietodrzewa.pl\/wp-content\/gallery\/swieto-drzewa-wilkowice-2018\/thumbs\/thumbs_1-6.jpg\"\n\t\t\tdata-image-id=\"1585\"\n\t\t\tdata-title=\"1 (6)\"\n\t\t\tdata-description=\"\"\n\t\t\tclass=\"shutterset_02e5b92a9307fdf5a93fe712c144a881\">\n\n\t\t\t<img data-image-id='1585'\n\t\t\t\ttitle=\"\"\n\t\t\t\talt=\"1 (6)\"\n\t\t\t\tsrc=\"https:\/\/archiwum.swietodrzewa.pl\/wp-content\/gallery\/swieto-drzewa-wilkowice-2018\/1-6.jpg\"\n\t\t\t\tstyle=\"max-height: 430px;\"\/>\n\t\t<\/a>\n\n\t\t\n\t\t<a href=\"https:\/\/archiwum.swietodrzewa.pl\/wp-content\/gallery\/swieto-drzewa-wilkowice-2018\/1-7.jpg\"\n\t\t\ttitle=\"\"\n\t\t\tdata-src=\"https:\/\/archiwum.swietodrzewa.pl\/wp-content\/gallery\/swieto-drzewa-wilkowice-2018\/1-7.jpg\"\n\t\t\tdata-thumbnail=\"https:\/\/archiwum.swietodrzewa.pl\/wp-content\/gallery\/swieto-drzewa-wilkowice-2018\/thumbs\/thumbs_1-7.jpg\"\n\t\t\tdata-image-id=\"1586\"\n\t\t\tdata-title=\"1 (7)\"\n\t\t\tdata-description=\"\"\n\t\t\tclass=\"shutterset_02e5b92a9307fdf5a93fe712c144a881\">\n\n\t\t\t<img data-image-id='1586'\n\t\t\t\ttitle=\"\"\n\t\t\t\talt=\"1 (7)\"\n\t\t\t\tsrc=\"https:\/\/archiwum.swietodrzewa.pl\/wp-content\/gallery\/swieto-drzewa-wilkowice-2018\/1-7.jpg\"\n\t\t\t\tstyle=\"max-height: 430px;\"\/>\n\t\t<\/a>\n\n\t\t\n\t\t<a href=\"https:\/\/archiwum.swietodrzewa.pl\/wp-content\/gallery\/swieto-drzewa-wilkowice-2018\/1-8.jpg\"\n\t\t\ttitle=\"\"\n\t\t\tdata-src=\"https:\/\/archiwum.swietodrzewa.pl\/wp-content\/gallery\/swieto-drzewa-wilkowice-2018\/1-8.jpg\"\n\t\t\tdata-thumbnail=\"https:\/\/archiwum.swietodrzewa.pl\/wp-content\/gallery\/swieto-drzewa-wilkowice-2018\/thumbs\/thumbs_1-8.jpg\"\n\t\t\tdata-image-id=\"1587\"\n\t\t\tdata-title=\"1 (8)\"\n\t\t\tdata-description=\"\"\n\t\t\tclass=\"shutterset_02e5b92a9307fdf5a93fe712c144a881\">\n\n\t\t\t<img data-image-id='1587'\n\t\t\t\ttitle=\"\"\n\t\t\t\talt=\"1 (8)\"\n\t\t\t\tsrc=\"https:\/\/archiwum.swietodrzewa.pl\/wp-content\/gallery\/swieto-drzewa-wilkowice-2018\/1-8.jpg\"\n\t\t\t\tstyle=\"max-height: 430px;\"\/>\n\t\t<\/a>\n\n\t\t<\/div>\n\n\n\n<p><strong>&nbsp;<\/strong><\/p>\n<p>Kolejnym punktem obchod\u00f3w \u015awi\u0119ta Drzewa by\u0142y prowadzone przez edukator\u00f3w Klubu Gaja&nbsp; warsztaty, podczas kt\u00f3rych uczniowie samodzielnie budowali &nbsp;urz\u0105dzenia habitatowe dla zwierz\u0105t. Najm\u0142odsi uczestnicy z klasy III zbijali z drewnianych element\u00f3w za pomoc\u0105 m\u0142otk\u00f3w i gwo\u017adzi domki dla dzikich owad\u00f3w zapylaj\u0105cych. Nast\u0119pnie wype\u0142niali je szyszkami, sianem i trzcin\u0105, tak aby r\u00f3\u017cne gatunki \u2013 pszczo\u0142y murarki, biedronki czy z\u0142otooki znalaz\u0142y w nich miejsce. Starsi uczniowie z klas VI i VII skr\u0119cali z kolei z u\u017cyciem wiertarek i \u015brubokr\u0119t\u00f3w budki l\u0119gowe dla ptak\u00f3w i wiewi\u00f3rek. Wykonane domki uczestnicy warsztat\u00f3w zabrali ze sob\u0105, aby zamontowa\u0107 je w szkole i w przydomowych ogrodach.<\/p>\n<p><strong>Anna Sznajder<\/strong>, nauczycielka ze Szko\u0142y Podstawowej nr 1 w Bystrej podsumowuj\u0105c warsztaty powiedzia\u0142a &#8211; \u201eUczniom z mojej klasy bardzo podobaj\u0105 si\u0119 warsztaty. Po pierwsze zdobywaj\u0105 wiedz\u0119, po drugie \u0107wicz\u0105 si\u0119 manualnie. Radz\u0105 sobie doskonale. Nie ma \u017cadnych wypadk\u00f3w!&nbsp; Takie warsztaty s\u0105 potrzebne, bo dzieci nie wiedz\u0105, \u017ce r\u00f3wnie\u017c dla owad\u00f3w mo\u017cemy zrobi\u0107 domki. Sama si\u0119 zdziwi\u0142am. Dzieci wyjd\u0105 zachwycone i ja te\u017c, bo zaraz sama b\u0119d\u0119 robi\u0107 domek dla zapylaczy\u201d.<\/p>\n<p>\u015awi\u0119to Drzewa w Gminie Wilkowice zosta\u0142o przygotowane przez Klub Gaja we wsp\u00f3\u0142pracy z Gminnym O\u015brodkiem Kultury \u201ePromyk\u201d w Bystrej oraz Centrum Pulmonologii i&nbsp;Torakochirurgii w Bystrej. Wydarzenie&nbsp; dofinansowano ze \u015brodk\u00f3w Wojew\u00f3dzkiego Funduszu Ochrony \u015arodowiska i Gospodarki Wodnej w Katowicach. Partnerem wydarzenia jest C&amp;A Foundation oraz Fundacja Fundusz Partnerstwa.<\/p>\n<p><a href=\"http:\/\/swietodrzewa.pl\/wp-content\/uploads\/2018\/10\/Loga-K-ce.jpg\"><img loading=\"lazy\" class=\"aligncenter size-large wp-image-10839\" src=\"http:\/\/swietodrzewa.pl\/wp-content\/uploads\/2018\/10\/Loga-K-ce-1024x140.jpg\" alt=\"\" width=\"540\" height=\"74\" srcset=\"https:\/\/archiwum.swietodrzewa.pl\/wp-content\/uploads\/2018\/10\/Loga-K-ce-1024x140.jpg 1024w, https:\/\/archiwum.swietodrzewa.pl\/wp-content\/uploads\/2018\/10\/Loga-K-ce-300x41.jpg 300w, https:\/\/archiwum.swietodrzewa.pl\/wp-content\/uploads\/2018\/10\/Loga-K-ce-768x105.jpg 768w, https:\/\/archiwum.swietodrzewa.pl\/wp-content\/uploads\/2018\/10\/Loga-K-ce.jpg 2013w\" sizes=\"(max-width: 540px) 100vw, 540px\" \/><\/a><strong>W mediach:<\/strong><\/p>\n<p><a href=\"http:\/\/slaskie.naszemiasto.pl\/artykul\/jarzebiny-i-kaliny-dla-klimatu,4841794,art,t,id,tm.html\">http:\/\/slaskie.naszemiasto.pl\/artykul\/jarzebiny-i-kaliny-dla-klimatu,4841794,art,t,id,tm.html<\/a><br \/>\n<a href=\"https:\/\/www.gok.wilkowice.pl\/galeria\/swieto-drzewa-26102018r.html\">https:\/\/www.gok.wilkowice.pl\/galeria\/swieto-drzewa-26102018r.html<\/a><br \/>\n<a href=\"http:\/\/slaskie.naszemiasto.pl\/artykul\/promyk-dla-ptakow-dziuplakow-i-dzieciakow,4861772,art,t,id,tm.html\">http:\/\/slaskie.naszemiasto.pl\/artykul\/promyk-dla-ptakow-dziuplakow-i-dzieciakow,4861772,art,t,id,tm.html<\/a><\/p>\n","protected":false},"excerpt":{"rendered":"<p>Jarz\u0119biny, kaliny, brzozy, derenie, g\u0142ogi, klony, jod\u0142y&#8230; \u2013 w sumie 110 drzew i krzew\u00f3w posadzili 26 pa\u017adziernika uczestnicy lokalnych obchod\u00f3w \u015awi\u0119ta Drzewa Klubu Gaja w Gminie Wilkowice. Nowe sadzonki zazieleni\u0105 teren wok\u00f3\u0142 Gminnego O\u015brodka Kultury \u201ePromyk\u201d w Bystrej oraz filiach w Mesznej i Wilkowicach, a tak\u017ce odwiedzany przez pacjent\u00f3w, mieszka\u0144c\u00f3w i turyst\u00f3w park zdrojowy przy [&hellip;]<\/p>\n","protected":false},"author":3,"featured_media":10876,"comment_status":"closed","ping_status":"closed","sticky":false,"template":"","format":"standard","meta":{"ngg_post_thumbnail":0},"categories":[1,17],"tags":[],"_links":{"self":[{"href":"https:\/\/archiwum.swietodrzewa.pl\/index.php?rest_route=\/wp\/v2\/posts\/10873"}],"collection":[{"href":"https:\/\/archiwum.swietodrzewa.pl\/index.php?rest_route=\/wp\/v2\/posts"}],"about":[{"href":"https:\/\/archiwum.swietodrzewa.pl\/index.php?rest_route=\/wp\/v2\/types\/post"}],"author":[{"embeddable":true,"href":"https:\/\/archiwum.swietodrzewa.pl\/index.php?rest_route=\/wp\/v2\/users\/3"}],"replies":[{"embeddable":true,"href":"https:\/\/archiwum.swietodrzewa.pl\/index.php?rest_route=%2Fwp%2Fv2%2Fcomments&post=10873"}],"version-history":[{"count":10,"href":"https:\/\/archiwum.swietodrzewa.pl\/index.php?rest_route=\/wp\/v2\/posts\/10873\/revisions"}],"predecessor-version":[{"id":10971,"href":"https:\/\/archiwum.swietodrzewa.pl\/index.php?rest_route=\/wp\/v2\/posts\/10873\/revisions\/10971"}],"wp:featuredmedia":[{"embeddable":true,"href":"https:\/\/archiwum.swietodrzewa.pl\/index.php?rest_route=\/wp\/v2\/media\/10876"}],"wp:attachment":[{"href":"https:\/\/archiwum.swietodrzewa.pl\/index.php?rest_route=%2Fwp%2Fv2%2Fmedia&parent=10873"}],"wp:term":[{"taxonomy":"category","embeddable":true,"href":"https:\/\/archiwum.swietodrzewa.pl\/index.php?rest_route=%2Fwp%2Fv2%2Fcategories&post=10873"},{"taxonomy":"post_tag","embeddable":true,"href":"https:\/\/archiwum.swietodrzewa.pl\/index.php?rest_route=%2Fwp%2Fv2%2Ftags&post=10873"}],"curies":[{"name":"wp","href":"https:\/\/api.w.org\/{rel}","templated":true}]}}