{"id":10972,"date":"2018-12-06T14:33:37","date_gmt":"2018-12-06T13:33:37","guid":{"rendered":"http:\/\/swietodrzewa.pl\/?p=10972"},"modified":"2018-12-11T06:22:14","modified_gmt":"2018-12-11T05:22:14","slug":"znani-o-cop24-na-pikniku-z-klimatem","status":"publish","type":"post","link":"https:\/\/archiwum.swietodrzewa.pl\/?p=10972","title":{"rendered":"Znani o COP24 na Pikniku z Klimatem"},"content":{"rendered":"<p><strong>Jeste\u015bmy w trakcie COP24, jednego z najwa\u017cniejszych wydarze\u0144 w staraniach spo\u0142eczno\u015bci mi\u0119dzynarodowej o powstrzymanie zmian klimatycznych. W Katowicach, mo\u017cna by rzec, wa\u017c\u0105 si\u0119 losy \u015bwiata. W przeno\u015bni i dos\u0142ownie.<\/strong> <!--more--><\/p>\n<p>Kr\u00f3tki film z wypowiedziami znanych os\u00f3b, zrealizowany w trakcie Pikniku z Klimatem w Warszawie, <a href=\"http:\/\/swietodrzewa.pl\/wp-content\/uploads\/2018\/12\/PIKNIK_Z_KLIMATEM.jpg\"><img loading=\"lazy\" class=\"alignright size-medium wp-image-10974\" src=\"http:\/\/swietodrzewa.pl\/wp-content\/uploads\/2018\/12\/PIKNIK_Z_KLIMATEM-300x200.jpg\" alt=\"\" width=\"300\" height=\"200\" srcset=\"https:\/\/archiwum.swietodrzewa.pl\/wp-content\/uploads\/2018\/12\/PIKNIK_Z_KLIMATEM-300x200.jpg 300w, https:\/\/archiwum.swietodrzewa.pl\/wp-content\/uploads\/2018\/12\/PIKNIK_Z_KLIMATEM-768x512.jpg 768w, https:\/\/archiwum.swietodrzewa.pl\/wp-content\/uploads\/2018\/12\/PIKNIK_Z_KLIMATEM.jpg 960w\" sizes=\"(max-width: 300px) 100vw, 300px\" \/><\/a>kt\u00f3ry Pa\u0144stwu udost\u0119pniamy mo\u017ce w spos\u00f3b og\u00f3lny przybli\u017cy\u0107 idee i znaczenie COP24.<\/p>\n<p>Jako ludzko\u015b\u0107 i planeta stoimy mo\u017ce przed najwi\u0119kszymi wyzwaniami od pokole\u0144 i nie mo\u017cemy ucieka\u0107 od odpowiedzialno\u015bci za przysz\u0142o\u015b\u0107. Co\u015b od nas zale\u017cy. Warto podj\u0105\u0107 wsp\u00f3lne wysi\u0142ki, p\u00f3ki jeszcze mamy czas. Pami\u0119taj\u0105c \u017ce mamy go jednak coraz mniej.<\/p>\n<p><a href=\"https:\/\/youtu.be\/KFgCvpi6V0Q\">ZOBACZ FILM &gt;&gt;&gt;<\/a><\/p>\n<p>&nbsp;<\/p>\n","protected":false},"excerpt":{"rendered":"<p>Jeste\u015bmy w trakcie COP24, jednego z najwa\u017cniejszych wydarze\u0144 w staraniach spo\u0142eczno\u015bci mi\u0119dzynarodowej o powstrzymanie zmian klimatycznych. W Katowicach, mo\u017cna by rzec, wa\u017c\u0105 si\u0119 losy \u015bwiata. W przeno\u015bni i dos\u0142ownie.<\/p>\n","protected":false},"author":3,"featured_media":10974,"comment_status":"closed","ping_status":"closed","sticky":false,"template":"","format":"standard","meta":{"ngg_post_thumbnail":0},"categories":[1],"tags":[],"_links":{"self":[{"href":"https:\/\/archiwum.swietodrzewa.pl\/index.php?rest_route=\/wp\/v2\/posts\/10972"}],"collection":[{"href":"https:\/\/archiwum.swietodrzewa.pl\/index.php?rest_route=\/wp\/v2\/posts"}],"about":[{"href":"https:\/\/archiwum.swietodrzewa.pl\/index.php?rest_route=\/wp\/v2\/types\/post"}],"author":[{"embeddable":true,"href":"https:\/\/archiwum.swietodrzewa.pl\/index.php?rest_route=\/wp\/v2\/users\/3"}],"replies":[{"embeddable":true,"href":"https:\/\/archiwum.swietodrzewa.pl\/index.php?rest_route=%2Fwp%2Fv2%2Fcomments&post=10972"}],"version-history":[{"count":8,"href":"https:\/\/archiwum.swietodrzewa.pl\/index.php?rest_route=\/wp\/v2\/posts\/10972\/revisions"}],"predecessor-version":[{"id":10991,"href":"https:\/\/archiwum.swietodrzewa.pl\/index.php?rest_route=\/wp\/v2\/posts\/10972\/revisions\/10991"}],"wp:featuredmedia":[{"embeddable":true,"href":"https:\/\/archiwum.swietodrzewa.pl\/index.php?rest_route=\/wp\/v2\/media\/10974"}],"wp:attachment":[{"href":"https:\/\/archiwum.swietodrzewa.pl\/index.php?rest_route=%2Fwp%2Fv2%2Fmedia&parent=10972"}],"wp:term":[{"taxonomy":"category","embeddable":true,"href":"https:\/\/archiwum.swietodrzewa.pl\/index.php?rest_route=%2Fwp%2Fv2%2Fcategories&post=10972"},{"taxonomy":"post_tag","embeddable":true,"href":"https:\/\/archiwum.swietodrzewa.pl\/index.php?rest_route=%2Fwp%2Fv2%2Ftags&post=10972"}],"curies":[{"name":"wp","href":"https:\/\/api.w.org\/{rel}","templated":true}]}}