{"id":10995,"date":"2018-12-13T11:29:29","date_gmt":"2018-12-13T10:29:29","guid":{"rendered":"http:\/\/swietodrzewa.pl\/?p=10995"},"modified":"2018-12-13T11:34:51","modified_gmt":"2018-12-13T10:34:51","slug":"happening-jestem-z-klimatem-w-katowicach","status":"publish","type":"post","link":"https:\/\/archiwum.swietodrzewa.pl\/?p=10995","title":{"rendered":"Happening  \u201eJestem z klimatem&#8221; w Katowicach"},"content":{"rendered":"<p><strong>Podczas szczytu klimatycznego COP24 &nbsp;Klub Gaja wsp\u00f3lnie z&nbsp; m\u0142odzie\u017c\u0105 ze Szko\u0142y Podstawowej nr 51 z Katowic zorganizowa\u0142 happeningiem \u201eJestem z klimatem\u201d na Rynku w Katowicach. Pogoda dopisa\u0142a. W czasie wydarzenia pada\u0142 \u015bnieg. Tak powinno by\u0107 w zimie. Powoli jednak si\u0119 od takich, kiedy\u015b zwyk\u0142ych zjawisk, odzwyczajamy. Dlatego te\u017c wydarzenie zosta\u0142o poprzedzone zaj\u0119ciami o zmianach klimatu oraz o tym jakie dzia\u0142ania mo\u017ce podj\u0105\u0107 ka\u017cdy z nas by je spowolni\u0107 i chroni\u0107 nasz dom \u2013 planet\u0119.<\/strong><!--more--><\/p>\n<p>To w\u0142a\u015bnie z m\u0142odymi lud\u017ami powinni\u015bmy rozmawia\u0107 o problemach przed jakimi stan\u0119\u0142a nasza planeta i ca\u0142a ludzko\u015b\u0107. To na ich m\u0142odzie\u0144cz\u0105 energi\u0119 i bezkompromisowo\u015b\u0107 jeszcze mo\u017cemy liczy\u0107 w tych zmaganiach. Happening \u201eJestem z Klimatem\u201d poprzedzi\u0142y zaj\u0119cia edukacyjno-artystyczne w Szkole Podstawowej nr 51 na Giszowcu. Po teoretycznym wst\u0119pie, uczniowie wsp\u00f3lnie przygotowali elementy scenografii czyli wyci\u0119li i malowali ogromne li\u015bcie z tektury. \u015awietnie wykonane przez m\u0142odych artyst\u00f3w li\u015bcie pos\u0142u\u017cy\u0142y w happeningu jako symbol \u201ezielonego miasta&#8221;. By\u0142o zimno i pada\u0142 \u015bnieg, ale kolorowe li\u015bcie przypomina\u0142y nam, \u017ce jeszcze mamy czas aby odwr\u00f3ci\u0107 zachodz\u0105ce zmiany. Pami\u0119ta\u0107 jednak nale\u017cy, \u017ce mamy go coraz mniej.<\/p>\n\n<div class=\"ngg-galleryoverview ngg-slideshow\"\n\tid=\"ngg-slideshow-b810b681c0a2b87fbef6bfaee277f0c8-15494218910\"\n\tdata-gallery-id=\"b810b681c0a2b87fbef6bfaee277f0c8\"\n\tstyle=\"max-width: 600px;\n\t\t\tmax-height: 450px;\n\t\t\tdisplay: none;\">\n\n\t\n\t\t<a href=\"https:\/\/archiwum.swietodrzewa.pl\/wp-content\/gallery\/jestem-z-klimatem\/jestem-z-klimatem-1.jpg\"\n\t\t\ttitle=\"\"\n\t\t\tdata-src=\"https:\/\/archiwum.swietodrzewa.pl\/wp-content\/gallery\/jestem-z-klimatem\/jestem-z-klimatem-1.jpg\"\n\t\t\tdata-thumbnail=\"https:\/\/archiwum.swietodrzewa.pl\/wp-content\/gallery\/jestem-z-klimatem\/thumbs\/thumbs_jestem-z-klimatem-1.jpg\"\n\t\t\tdata-image-id=\"1597\"\n\t\t\tdata-title=\"jestem z klimatem (1)\"\n\t\t\tdata-description=\"\"\n\t\t\tclass=\"shutterset_b810b681c0a2b87fbef6bfaee277f0c8\">\n\n\t\t\t<img data-image-id='1597'\n\t\t\t\ttitle=\"\"\n\t\t\t\talt=\"jestem z klimatem (1)\"\n\t\t\t\tsrc=\"https:\/\/archiwum.swietodrzewa.pl\/wp-content\/gallery\/jestem-z-klimatem\/jestem-z-klimatem-1.jpg\"\n\t\t\t\tstyle=\"max-height: 430px;\"\/>\n\t\t<\/a>\n\n\t\t\n\t\t<a href=\"https:\/\/archiwum.swietodrzewa.pl\/wp-content\/gallery\/jestem-z-klimatem\/jestem-z-klimatem-2.jpg\"\n\t\t\ttitle=\"\"\n\t\t\tdata-src=\"https:\/\/archiwum.swietodrzewa.pl\/wp-content\/gallery\/jestem-z-klimatem\/jestem-z-klimatem-2.jpg\"\n\t\t\tdata-thumbnail=\"https:\/\/archiwum.swietodrzewa.pl\/wp-content\/gallery\/jestem-z-klimatem\/thumbs\/thumbs_jestem-z-klimatem-2.jpg\"\n\t\t\tdata-image-id=\"1598\"\n\t\t\tdata-title=\"jestem z klimatem (2)\"\n\t\t\tdata-description=\"\"\n\t\t\tclass=\"shutterset_b810b681c0a2b87fbef6bfaee277f0c8\">\n\n\t\t\t<img data-image-id='1598'\n\t\t\t\ttitle=\"\"\n\t\t\t\talt=\"jestem z klimatem (2)\"\n\t\t\t\tsrc=\"https:\/\/archiwum.swietodrzewa.pl\/wp-content\/gallery\/jestem-z-klimatem\/jestem-z-klimatem-2.jpg\"\n\t\t\t\tstyle=\"max-height: 430px;\"\/>\n\t\t<\/a>\n\n\t\t\n\t\t<a href=\"https:\/\/archiwum.swietodrzewa.pl\/wp-content\/gallery\/jestem-z-klimatem\/jestem-z-klimatem-3.jpg\"\n\t\t\ttitle=\"\"\n\t\t\tdata-src=\"https:\/\/archiwum.swietodrzewa.pl\/wp-content\/gallery\/jestem-z-klimatem\/jestem-z-klimatem-3.jpg\"\n\t\t\tdata-thumbnail=\"https:\/\/archiwum.swietodrzewa.pl\/wp-content\/gallery\/jestem-z-klimatem\/thumbs\/thumbs_jestem-z-klimatem-3.jpg\"\n\t\t\tdata-image-id=\"1599\"\n\t\t\tdata-title=\"jestem z klimatem (3)\"\n\t\t\tdata-description=\"\"\n\t\t\tclass=\"shutterset_b810b681c0a2b87fbef6bfaee277f0c8\">\n\n\t\t\t<img data-image-id='1599'\n\t\t\t\ttitle=\"\"\n\t\t\t\talt=\"jestem z klimatem (3)\"\n\t\t\t\tsrc=\"https:\/\/archiwum.swietodrzewa.pl\/wp-content\/gallery\/jestem-z-klimatem\/jestem-z-klimatem-3.jpg\"\n\t\t\t\tstyle=\"max-height: 430px;\"\/>\n\t\t<\/a>\n\n\t\t\n\t\t<a href=\"https:\/\/archiwum.swietodrzewa.pl\/wp-content\/gallery\/jestem-z-klimatem\/jestem-z-klimatem-4.jpg\"\n\t\t\ttitle=\"\"\n\t\t\tdata-src=\"https:\/\/archiwum.swietodrzewa.pl\/wp-content\/gallery\/jestem-z-klimatem\/jestem-z-klimatem-4.jpg\"\n\t\t\tdata-thumbnail=\"https:\/\/archiwum.swietodrzewa.pl\/wp-content\/gallery\/jestem-z-klimatem\/thumbs\/thumbs_jestem-z-klimatem-4.jpg\"\n\t\t\tdata-image-id=\"1600\"\n\t\t\tdata-title=\"jestem z klimatem (4)\"\n\t\t\tdata-description=\"\"\n\t\t\tclass=\"shutterset_b810b681c0a2b87fbef6bfaee277f0c8\">\n\n\t\t\t<img data-image-id='1600'\n\t\t\t\ttitle=\"\"\n\t\t\t\talt=\"jestem z klimatem (4)\"\n\t\t\t\tsrc=\"https:\/\/archiwum.swietodrzewa.pl\/wp-content\/gallery\/jestem-z-klimatem\/jestem-z-klimatem-4.jpg\"\n\t\t\t\tstyle=\"max-height: 430px;\"\/>\n\t\t<\/a>\n\n\t\t\n\t\t<a href=\"https:\/\/archiwum.swietodrzewa.pl\/wp-content\/gallery\/jestem-z-klimatem\/jestem-z-klimatem-5.jpg\"\n\t\t\ttitle=\"\"\n\t\t\tdata-src=\"https:\/\/archiwum.swietodrzewa.pl\/wp-content\/gallery\/jestem-z-klimatem\/jestem-z-klimatem-5.jpg\"\n\t\t\tdata-thumbnail=\"https:\/\/archiwum.swietodrzewa.pl\/wp-content\/gallery\/jestem-z-klimatem\/thumbs\/thumbs_jestem-z-klimatem-5.jpg\"\n\t\t\tdata-image-id=\"1601\"\n\t\t\tdata-title=\"jestem z klimatem (5)\"\n\t\t\tdata-description=\"\"\n\t\t\tclass=\"shutterset_b810b681c0a2b87fbef6bfaee277f0c8\">\n\n\t\t\t<img data-image-id='1601'\n\t\t\t\ttitle=\"\"\n\t\t\t\talt=\"jestem z klimatem (5)\"\n\t\t\t\tsrc=\"https:\/\/archiwum.swietodrzewa.pl\/wp-content\/gallery\/jestem-z-klimatem\/jestem-z-klimatem-5.jpg\"\n\t\t\t\tstyle=\"max-height: 430px;\"\/>\n\t\t<\/a>\n\n\t\t\n\t\t<a href=\"https:\/\/archiwum.swietodrzewa.pl\/wp-content\/gallery\/jestem-z-klimatem\/jestem-z-klimatem-6.jpg\"\n\t\t\ttitle=\"\"\n\t\t\tdata-src=\"https:\/\/archiwum.swietodrzewa.pl\/wp-content\/gallery\/jestem-z-klimatem\/jestem-z-klimatem-6.jpg\"\n\t\t\tdata-thumbnail=\"https:\/\/archiwum.swietodrzewa.pl\/wp-content\/gallery\/jestem-z-klimatem\/thumbs\/thumbs_jestem-z-klimatem-6.jpg\"\n\t\t\tdata-image-id=\"1602\"\n\t\t\tdata-title=\"jestem z klimatem (6)\"\n\t\t\tdata-description=\"\"\n\t\t\tclass=\"shutterset_b810b681c0a2b87fbef6bfaee277f0c8\">\n\n\t\t\t<img data-image-id='1602'\n\t\t\t\ttitle=\"\"\n\t\t\t\talt=\"jestem z klimatem (6)\"\n\t\t\t\tsrc=\"https:\/\/archiwum.swietodrzewa.pl\/wp-content\/gallery\/jestem-z-klimatem\/jestem-z-klimatem-6.jpg\"\n\t\t\t\tstyle=\"max-height: 430px;\"\/>\n\t\t<\/a>\n\n\t\t\n\t\t<a href=\"https:\/\/archiwum.swietodrzewa.pl\/wp-content\/gallery\/jestem-z-klimatem\/jestem-z-klimatem-7.jpg\"\n\t\t\ttitle=\"\"\n\t\t\tdata-src=\"https:\/\/archiwum.swietodrzewa.pl\/wp-content\/gallery\/jestem-z-klimatem\/jestem-z-klimatem-7.jpg\"\n\t\t\tdata-thumbnail=\"https:\/\/archiwum.swietodrzewa.pl\/wp-content\/gallery\/jestem-z-klimatem\/thumbs\/thumbs_jestem-z-klimatem-7.jpg\"\n\t\t\tdata-image-id=\"1603\"\n\t\t\tdata-title=\"jestem z klimatem (7)\"\n\t\t\tdata-description=\"\"\n\t\t\tclass=\"shutterset_b810b681c0a2b87fbef6bfaee277f0c8\">\n\n\t\t\t<img data-image-id='1603'\n\t\t\t\ttitle=\"\"\n\t\t\t\talt=\"jestem z klimatem (7)\"\n\t\t\t\tsrc=\"https:\/\/archiwum.swietodrzewa.pl\/wp-content\/gallery\/jestem-z-klimatem\/jestem-z-klimatem-7.jpg\"\n\t\t\t\tstyle=\"max-height: 430px;\"\/>\n\t\t<\/a>\n\n\t\t\n\t\t<a href=\"https:\/\/archiwum.swietodrzewa.pl\/wp-content\/gallery\/jestem-z-klimatem\/jestem-z-klimatem-8.jpg\"\n\t\t\ttitle=\"\"\n\t\t\tdata-src=\"https:\/\/archiwum.swietodrzewa.pl\/wp-content\/gallery\/jestem-z-klimatem\/jestem-z-klimatem-8.jpg\"\n\t\t\tdata-thumbnail=\"https:\/\/archiwum.swietodrzewa.pl\/wp-content\/gallery\/jestem-z-klimatem\/thumbs\/thumbs_jestem-z-klimatem-8.jpg\"\n\t\t\tdata-image-id=\"1604\"\n\t\t\tdata-title=\"jestem z klimatem (8)\"\n\t\t\tdata-description=\"\"\n\t\t\tclass=\"shutterset_b810b681c0a2b87fbef6bfaee277f0c8\">\n\n\t\t\t<img data-image-id='1604'\n\t\t\t\ttitle=\"\"\n\t\t\t\talt=\"jestem z klimatem (8)\"\n\t\t\t\tsrc=\"https:\/\/archiwum.swietodrzewa.pl\/wp-content\/gallery\/jestem-z-klimatem\/jestem-z-klimatem-8.jpg\"\n\t\t\t\tstyle=\"max-height: 430px;\"\/>\n\t\t<\/a>\n\n\t\t\n\t\t<a href=\"https:\/\/archiwum.swietodrzewa.pl\/wp-content\/gallery\/jestem-z-klimatem\/jestem-z-klimatem-9.jpg\"\n\t\t\ttitle=\"\"\n\t\t\tdata-src=\"https:\/\/archiwum.swietodrzewa.pl\/wp-content\/gallery\/jestem-z-klimatem\/jestem-z-klimatem-9.jpg\"\n\t\t\tdata-thumbnail=\"https:\/\/archiwum.swietodrzewa.pl\/wp-content\/gallery\/jestem-z-klimatem\/thumbs\/thumbs_jestem-z-klimatem-9.jpg\"\n\t\t\tdata-image-id=\"1605\"\n\t\t\tdata-title=\"jestem z klimatem (9)\"\n\t\t\tdata-description=\"\"\n\t\t\tclass=\"shutterset_b810b681c0a2b87fbef6bfaee277f0c8\">\n\n\t\t\t<img data-image-id='1605'\n\t\t\t\ttitle=\"\"\n\t\t\t\talt=\"jestem z klimatem (9)\"\n\t\t\t\tsrc=\"https:\/\/archiwum.swietodrzewa.pl\/wp-content\/gallery\/jestem-z-klimatem\/jestem-z-klimatem-9.jpg\"\n\t\t\t\tstyle=\"max-height: 430px;\"\/>\n\t\t<\/a>\n\n\t\t\n\t\t<a href=\"https:\/\/archiwum.swietodrzewa.pl\/wp-content\/gallery\/jestem-z-klimatem\/jestem-z-klimatem-10.jpg\"\n\t\t\ttitle=\"\"\n\t\t\tdata-src=\"https:\/\/archiwum.swietodrzewa.pl\/wp-content\/gallery\/jestem-z-klimatem\/jestem-z-klimatem-10.jpg\"\n\t\t\tdata-thumbnail=\"https:\/\/archiwum.swietodrzewa.pl\/wp-content\/gallery\/jestem-z-klimatem\/thumbs\/thumbs_jestem-z-klimatem-10.jpg\"\n\t\t\tdata-image-id=\"1606\"\n\t\t\tdata-title=\"jestem z klimatem (10)\"\n\t\t\tdata-description=\"\"\n\t\t\tclass=\"shutterset_b810b681c0a2b87fbef6bfaee277f0c8\">\n\n\t\t\t<img data-image-id='1606'\n\t\t\t\ttitle=\"\"\n\t\t\t\talt=\"jestem z klimatem (10)\"\n\t\t\t\tsrc=\"https:\/\/archiwum.swietodrzewa.pl\/wp-content\/gallery\/jestem-z-klimatem\/jestem-z-klimatem-10.jpg\"\n\t\t\t\tstyle=\"max-height: 430px;\"\/>\n\t\t<\/a>\n\n\t\t\n\t\t<a href=\"https:\/\/archiwum.swietodrzewa.pl\/wp-content\/gallery\/jestem-z-klimatem\/jestem-z-klimatem.jpg\"\n\t\t\ttitle=\"\"\n\t\t\tdata-src=\"https:\/\/archiwum.swietodrzewa.pl\/wp-content\/gallery\/jestem-z-klimatem\/jestem-z-klimatem.jpg\"\n\t\t\tdata-thumbnail=\"https:\/\/archiwum.swietodrzewa.pl\/wp-content\/gallery\/jestem-z-klimatem\/thumbs\/thumbs_jestem-z-klimatem.jpg\"\n\t\t\tdata-image-id=\"1607\"\n\t\t\tdata-title=\"jestem z klimatem\"\n\t\t\tdata-description=\"\"\n\t\t\tclass=\"shutterset_b810b681c0a2b87fbef6bfaee277f0c8\">\n\n\t\t\t<img data-image-id='1607'\n\t\t\t\ttitle=\"\"\n\t\t\t\talt=\"jestem z klimatem\"\n\t\t\t\tsrc=\"https:\/\/archiwum.swietodrzewa.pl\/wp-content\/gallery\/jestem-z-klimatem\/jestem-z-klimatem.jpg\"\n\t\t\t\tstyle=\"max-height: 430px;\"\/>\n\t\t<\/a>\n\n\t\t<\/div>\n\n\n\n<p>\u201eCzy poprzez zabaw\u0119 i sztuk\u0119 mo\u017cna przekaza\u0107 uczestnikom i obserwatorom powag\u0119 sytuacji jak\u0105 mamy na Ziemi wraz z pog\u0142\u0119biaj\u0105cym si\u0119 kryzysem ekologicznym? To pytanie zawsze pojawia si\u0119 kiedy zaczynamy prace nad happeningiem lub spektaklem, kt\u00f3rego przekazem s\u0105 ludzie, zwierz\u0119ta czy planeta. Kiedy jednak wychodzimy na ulic\u0119 i robimy co\u015b \u0142adnego i edukacyjnego z u\u015bmiechem i rado\u015bci\u0105, wszystko staje si\u0119 jasne i proste. Tak by\u0142o i tym razem. Cho\u0107 praca z tak du\u017c\u0105 grup\u0105 m\u0142odych ludzi na \u017cywo nie nale\u017cy do \u0142atwych. Rynek w Katowicach zakwit\u0142 kolorowymi li\u015b\u0107mi w zimowy dzie\u0144 i byli\u015bmy przez jaki\u015b czas z klimatem. Ca\u0142y czas mam nadziej\u0119, \u017ce nie tylko na moment&#8221; \u2013 &nbsp;powiedzia\u0142 pomys\u0142odawca wydarzenia <strong>Jacek Bo\u017cek<\/strong> z Klubu Gaja.<\/p>\n<p>Podczas warsztat\u00f3w&nbsp;uczniowie z giszowskiej podstaw\u00f3wki rozmawiali z edukatorami Klubu Gaja o zmianach klimatu i o jego skutkach w Polsce jak i na \u015bwiecie.&nbsp;O tym jakie dzia\u0142ania mo\u017cemy podj\u0105\u0107 by chroni\u0107 nasz dom &#8211; planet\u0119. &nbsp;Ka\u017cdy z nas mo\u017ce przecie\u017c oszcz\u0119dza\u0107 energi\u0119 i wod\u0119, korzysta\u0107 z transportu publicznego czy roweru, ograniczy\u0107 konsumpcj\u0119 i \u015bwiadomie dokonywa\u0107 zakup\u00f3w. Jednym z temat\u00f3w warsztat\u00f3w by\u0142o zazielenianie miast i rozmowa na temat korzy\u015bci jakie nam przynosz\u0105 drzewa i krzewy.<\/p>\n<p>Od 16 lat Klub Gaja programem \u015awi\u0119to Drzewa zach\u0119ca mieszka\u0144c\u00f3w du\u017cych i ma\u0142ych miejscowo\u015bci do sadzenia i ochrony drzew w trosce o \u015brodowisko naturalne i klimat. Dzi\u0119ki programowi i zaanga\u017cowaniu ponad 660 000 os\u00f3b posadzono blisko 850 000 drzew i krzew\u00f3w. Od 2007 roku program bierze udzia\u0142 w Kampanii Miliard Drzew dla Planety &#8211; og\u00f3lno\u015bwiatowej inicjatywie sadzenia drzew, a by sprosta\u0107 wyzwaniom jakie nios\u0105 zmiany klimatyczne, wspieranej przez ONZ. Akcja zorganizowana by\u0142a we wsp\u00f3\u0142pracy z LeasePlan Polska, firm\u0105 kt\u00f3ra od wielu lat wspiera program \u015awi\u0119to Drzewa i posadzi\u0142a ju\u017c blisko 90 tysi\u0119cy drzew.<\/p>\n<p>Akcja edukacyjna \u201eJestem z klimatem&#8221; finansowana jest ze \u015brodk\u00f3w bud\u017cetu Miasta Katowice.<\/p>\n<p><a href=\"https:\/\/www.facebook.com\/pg\/Klub.Gaja\/photos\/?tab=album&amp;album_id=2268761653134942\">Zobacz fotorelacj\u0119 na FB &gt;&gt;&gt;<\/a><\/p>\n<p>&nbsp;<\/p>\n<p><a href=\"http:\/\/swietodrzewa.pl\/wp-content\/uploads\/2018\/10\/Katowice-logo_m-e1539078152644.jpg\"><img loading=\"lazy\" class=\"alignleft size-medium wp-image-10641\" src=\"http:\/\/swietodrzewa.pl\/wp-content\/uploads\/2018\/10\/Katowice-logo_m-300x128.jpg\" alt=\"\" width=\"300\" height=\"128\"\/><\/a><\/p>\n<p>&nbsp;<\/p>\n<p>&nbsp;<\/p>\n","protected":false},"excerpt":{"rendered":"<p>Podczas szczytu klimatycznego COP24 &nbsp;Klub Gaja wsp\u00f3lnie z&nbsp; m\u0142odzie\u017c\u0105 ze Szko\u0142y Podstawowej nr 51 z Katowic zorganizowa\u0142 happeningiem \u201eJestem z klimatem\u201d na Rynku w Katowicach. Pogoda dopisa\u0142a. W czasie wydarzenia pada\u0142 \u015bnieg. Tak powinno by\u0107 w zimie. Powoli jednak si\u0119 od takich, kiedy\u015b zwyk\u0142ych zjawisk, odzwyczajamy. Dlatego te\u017c wydarzenie zosta\u0142o poprzedzone zaj\u0119ciami o zmianach klimatu [&hellip;]<\/p>\n","protected":false},"author":3,"featured_media":11006,"comment_status":"closed","ping_status":"closed","sticky":false,"template":"","format":"standard","meta":{"ngg_post_thumbnail":0},"categories":[17],"tags":[],"_links":{"self":[{"href":"https:\/\/archiwum.swietodrzewa.pl\/index.php?rest_route=\/wp\/v2\/posts\/10995"}],"collection":[{"href":"https:\/\/archiwum.swietodrzewa.pl\/index.php?rest_route=\/wp\/v2\/posts"}],"about":[{"href":"https:\/\/archiwum.swietodrzewa.pl\/index.php?rest_route=\/wp\/v2\/types\/post"}],"author":[{"embeddable":true,"href":"https:\/\/archiwum.swietodrzewa.pl\/index.php?rest_route=\/wp\/v2\/users\/3"}],"replies":[{"embeddable":true,"href":"https:\/\/archiwum.swietodrzewa.pl\/index.php?rest_route=%2Fwp%2Fv2%2Fcomments&post=10995"}],"version-history":[{"count":4,"href":"https:\/\/archiwum.swietodrzewa.pl\/index.php?rest_route=\/wp\/v2\/posts\/10995\/revisions"}],"predecessor-version":[{"id":11035,"href":"https:\/\/archiwum.swietodrzewa.pl\/index.php?rest_route=\/wp\/v2\/posts\/10995\/revisions\/11035"}],"wp:featuredmedia":[{"embeddable":true,"href":"https:\/\/archiwum.swietodrzewa.pl\/index.php?rest_route=\/wp\/v2\/media\/11006"}],"wp:attachment":[{"href":"https:\/\/archiwum.swietodrzewa.pl\/index.php?rest_route=%2Fwp%2Fv2%2Fmedia&parent=10995"}],"wp:term":[{"taxonomy":"category","embeddable":true,"href":"https:\/\/archiwum.swietodrzewa.pl\/index.php?rest_route=%2Fwp%2Fv2%2Fcategories&post=10995"},{"taxonomy":"post_tag","embeddable":true,"href":"https:\/\/archiwum.swietodrzewa.pl\/index.php?rest_route=%2Fwp%2Fv2%2Ftags&post=10995"}],"curies":[{"name":"wp","href":"https:\/\/api.w.org\/{rel}","templated":true}]}}