{"id":11045,"date":"2018-12-17T21:45:38","date_gmt":"2018-12-17T20:45:38","guid":{"rendered":"http:\/\/swietodrzewa.pl\/?p=11045"},"modified":"2018-12-17T21:45:38","modified_gmt":"2018-12-17T20:45:38","slug":"najlepsze-inicjatywy-akcji-warszawskie-swieto-drzewa-milion-drzew-dla-warszawy","status":"publish","type":"post","link":"https:\/\/archiwum.swietodrzewa.pl\/?p=11045","title":{"rendered":"Najlepsze inicjatywy akcji \u201eWarszawskie \u015awi\u0119to Drzewa \u2013 Milion drzew dla Warszawy\u201d"},"content":{"rendered":"<p><strong>Zako\u0144czy\u0142a si\u0119 2 edycja akcji edukacyjnej \u201eWarszawskie \u015awi\u0119to Drzewa \u2013 Milion drzew dla Warszawy\u201d. 14 grudnia 2018 r. <\/strong><strong>w Centrum Aktywno\u015bci Mi\u0119dzypokoleniowej \u201eNowolipie\u201d w Warszawie wr\u0119czono statuetki najlepszym inicjatywom tej akcji. Do dzia\u0142a\u0144 w\u0142\u0105czy\u0142o si\u0119 ponad 70 szk\u00f3\u0142, przedszkoli i plac\u00f3wek wychowawczych. Dzi\u0119ki zaanga\u017cowaniu dzieci, m\u0142odzie\u017cy, wychowawc\u00f3w i rodzic\u00f3w stolica wzbogaci\u0142a si\u0119 o ponad 900 drzew. Akcji towarzyszy\u0142y warsztaty i zaj\u0119cia w terenie, w kt\u00f3rych uczestniczy\u0142o blisko 950 przedszkolak\u00f3w i uczni\u00f3w. <\/strong><!--more--><\/p>\n<p>Jesieni\u0105 dzieci z warszawskich szk\u00f3\u0142 i przedszkoli do\u0142\u0105czy\u0142y do akcji sadzenia drzew i krzew\u00f3w. W ramach akcji <a href=\"http:\/\/swietodrzewa.pl\/wp-content\/uploads\/2018\/12\/warszawskie_drzewo_nagrody-5.jpg\"><img loading=\"lazy\" class=\"alignright size-medium wp-image-11050\" src=\"http:\/\/swietodrzewa.pl\/wp-content\/uploads\/2018\/12\/warszawskie_drzewo_nagrody-5-300x200.jpg\" alt=\"\" width=\"300\" height=\"200\" srcset=\"https:\/\/archiwum.swietodrzewa.pl\/wp-content\/uploads\/2018\/12\/warszawskie_drzewo_nagrody-5-300x200.jpg 300w, https:\/\/archiwum.swietodrzewa.pl\/wp-content\/uploads\/2018\/12\/warszawskie_drzewo_nagrody-5-768x512.jpg 768w, https:\/\/archiwum.swietodrzewa.pl\/wp-content\/uploads\/2018\/12\/warszawskie_drzewo_nagrody-5.jpg 960w\" sizes=\"(max-width: 300px) 100vw, 300px\" \/><\/a>\u201eWarszawskie \u015awi\u0119to Drzewa \u2013 Milion drzew dla Warszawy\u201d uczestnicy sadzili drzewa m.in. w przyszkolnych ogrodach, organizowali zaj\u0119cia w terenie poznaj\u0105c drzewa w najbli\u017cszej okolicy, wytyczali \u015bcie\u017cki \u015bladami starych drzew, obliczali korzy\u015bci finansowe jakie przynosz\u0105 nam drzewa, organizowali wycieczki do r\u00f3\u017cnych instytucji, gdzie poznawali historie zwi\u0105zane z drzewami. M\u0142odzi warszawiacy zapraszali do swoich inicjatyw rodziny sadz\u0105c drzewa w przydomowych ogrodach i na dzia\u0142kach, okolicznych mieszka\u0144c\u00f3w, osiedlowe lokale, firmy a tak\u017ce instytucje kultury.<\/p>\n<p><a href=\"http:\/\/swietodrzewa.pl\/wp-content\/uploads\/2018\/12\/warszawskie_drzewo_nagrody-3.jpg\"><img loading=\"lazy\" class=\"alignleft size-medium wp-image-11048\" src=\"http:\/\/swietodrzewa.pl\/wp-content\/uploads\/2018\/12\/warszawskie_drzewo_nagrody-3-300x195.jpg\" alt=\"\" width=\"300\" height=\"195\" srcset=\"https:\/\/archiwum.swietodrzewa.pl\/wp-content\/uploads\/2018\/12\/warszawskie_drzewo_nagrody-3-300x195.jpg 300w, https:\/\/archiwum.swietodrzewa.pl\/wp-content\/uploads\/2018\/12\/warszawskie_drzewo_nagrody-3-768x500.jpg 768w, https:\/\/archiwum.swietodrzewa.pl\/wp-content\/uploads\/2018\/12\/warszawskie_drzewo_nagrody-3.jpg 960w\" sizes=\"(max-width: 300px) 100vw, 300px\" \/><\/a>\u201eWe wrze\u015bniu i pa\u017adzierniku przekazywali\u015bmy plac\u00f3wkom sadzonki i zach\u0119cali\u015bmy do lokalnych przedsi\u0119wzi\u0119\u0107 na rzecz zazieleniania miasta. W tegorocznej edycji konkursu warszawiacy pobili rekord w liczbie nowo posadzonych drzew. Najm\u0142odsi mieszka\u0144cy dali dobry przyk\u0142ad troski o \u015brodowisko\u201d \u2013 m\u00f3wi <strong>Micha\u0142 Olszewski<\/strong>, wiceprezydent m.st. Warszawy.<\/p>\n<p><strong>Jacek Bo\u017cek<\/strong> z Klubu Gaja dodaje \u2013 \u201eMobilizowanie obywateli do dzia\u0142a\u0144 na rzecz spowolnienia zmian klimatu jest naszym spo\u0142ecznym obowi\u0105zkiem. Z dzie\u0107mi i m\u0142odzie\u017c\u0105 robi si\u0119 to cz\u0119sto z rado\u015bci\u0105 i dobr\u0105 zabaw\u0105. Razem z m.st. Warszawa edukujemy, sadzimy i \u015bwietnie wsp\u00f3\u0142pracujemy. To naprawd\u0119 dzia\u0142a.\u201d<\/p>\n<p>Z nades\u0142anych sprawozda\u0144 kapitu\u0142a wy\u0142oni\u0142a laureat\u00f3w tytu\u0142u \u201eNajlepsza inicjatywa akcji Warszawskie \u015awi\u0119to Drzewa\u201d. Nagrod\u0119 otrzymali:<\/p>\n<ul>\n<li><strong>Szko\u0142a Podstawowa \u201eChocimska\u201d&nbsp; <\/strong>\u2013 <strong>&nbsp;<\/strong>za posadzenie 190 drzew wsp\u00f3lnie z rodzicami m.in. na dzia\u0142kach i w ogrodach przydomowych. <strong>&nbsp;<\/strong><\/li>\n<li><strong>Przedszkole nr 90 <\/strong>&nbsp;\u2013 za posadzenie 40 drzew na terenie przedszkola.<\/li>\n<li><strong>III Ogr\u00f3d Jordanowski<\/strong> \u2013 za wsp\u00f3\u0142prac\u0119 i w\u0142\u0105czenie r\u00f3\u017cnorodnych podmiot\u00f3w w edukacj\u0119 o drzewach.<\/li>\n<li><strong>Przedszkole nr 240<\/strong> <strong>im. Polskich Olimpijczyk\u00f3w<\/strong> \u2013 za wsp\u00f3\u0142prac\u0119 z rodzicami i absolwentami.<\/li>\n<li><strong>Szko\u0142a Podstawowa nr 395 im. Rotmistrza Witolda Pileckiego<\/strong> \u2013 za kreatywno\u015b\u0107 i wytyczenie \u015bcie\u017cki \u015bladami drzew pomnikowych na Pradze P\u00f3\u0142noc.<\/li>\n<li><strong>Przedszkole nr 244 \u201eNiegoci\u0144skie Skrzaty\u201d<\/strong> \u2013 za kreatywno\u015b\u0107 i zorganizowanie pikniku \u201eZ\u0142ocistego Kasztanka\u201d i posadzenie drzew z rodzicami.<\/li>\n<li><strong>Przedszkole nr 190<\/strong> <strong>\u201eLe\u015bni Przyjaciele\u201d<\/strong> \u2013 za kreatywno\u015b\u0107 i przeprowadzenie ciekawych zaj\u0119\u0107 z u\u017cyciem karty obserwacji drzewa.<\/li>\n<\/ul>\n<p><strong>Izabela \u0141ysiak<\/strong>, nauczycielka ze Szko\u0142y Podstawowa nr 395 &nbsp;m\u00f3wi \u2013<strong> \u201e<\/strong>Praga P\u00f3\u0142noc to niezwykle urokliwe miejsce, <a href=\"http:\/\/swietodrzewa.pl\/wp-content\/uploads\/2018\/12\/warszawskie_drzewo_nagrody-2.jpg\"><img loading=\"lazy\" class=\"alignright size-medium wp-image-11047\" src=\"http:\/\/swietodrzewa.pl\/wp-content\/uploads\/2018\/12\/warszawskie_drzewo_nagrody-2-300x200.jpg\" alt=\"\" width=\"300\" height=\"200\" srcset=\"https:\/\/archiwum.swietodrzewa.pl\/wp-content\/uploads\/2018\/12\/warszawskie_drzewo_nagrody-2-300x200.jpg 300w, https:\/\/archiwum.swietodrzewa.pl\/wp-content\/uploads\/2018\/12\/warszawskie_drzewo_nagrody-2-768x512.jpg 768w, https:\/\/archiwum.swietodrzewa.pl\/wp-content\/uploads\/2018\/12\/warszawskie_drzewo_nagrody-2.jpg 960w\" sizes=\"(max-width: 300px) 100vw, 300px\" \/><\/a>Dolina \u015arodkowej Wis\u0142y, w pobli\u017cu Port Praski i uroczy Park Praski z wiekowymi drzewami. Tam z grup\u0105 uczni\u00f3w opracowali\u015bmy projekt \u015bcie\u017cki przyrodniczej, \u017ceby pokaza\u0107 stare drzewa. Nawet 130 letnie, jak absolutnie fantastyczny platan. Razem z uczniami obliczyli\u015bmy tak\u017ce korzy\u015bci finansowe jakie przynosz\u0105 nam rosn\u0105ce tu drzewa\u201d.<\/p>\n<p>\u201ePracowali\u015bmy za pomoc\u0105 karty obserwacji drzewa. Dzieci same przygotowa\u0142y pytania, mia\u0142y r\u00f3\u017cne hipotezy. Najciekawszym tematem dla dzieci by\u0142a fotosynteza i najwi\u0119kszym zaskoczeniem by\u0142o to, \u017ce w drzewach p\u0142ynie sok. I \u017ce ten sok mo\u017cemy pi\u0107. Do przedszkola &nbsp;zaprosili\u015bmy te\u017c dziadka jednej z podopiecznych, kt\u00f3ry kiedy\u015b by\u0142 le\u015bnikiem. Dzieci ws\u0142uchiwa\u0142y si\u0119 jego w opowie\u015bci o drzewach i lesie. Okaza\u0142o si\u0119, \u017ce nasze dzieci znaj\u0105 parki warszawskie ale s\u0105 w\u015br\u00f3d nas dzieci, kt\u00f3re nigdy nie by\u0142y w lesie\u201d \u2013 dodaje <strong>Aleksandra Czajka<\/strong> z Przedszkola nr 190.&nbsp;<\/p>\n<p><strong><a href=\"http:\/\/swietodrzewa.pl\/wp-content\/uploads\/2018\/12\/warszawskie_drzewo_nagrody-1.jpg\"><img loading=\"lazy\" class=\"alignleft size-medium wp-image-11046\" src=\"http:\/\/swietodrzewa.pl\/wp-content\/uploads\/2018\/12\/warszawskie_drzewo_nagrody-1-300x200.jpg\" alt=\"\" width=\"300\" height=\"200\" srcset=\"https:\/\/archiwum.swietodrzewa.pl\/wp-content\/uploads\/2018\/12\/warszawskie_drzewo_nagrody-1-300x200.jpg 300w, https:\/\/archiwum.swietodrzewa.pl\/wp-content\/uploads\/2018\/12\/warszawskie_drzewo_nagrody-1-768x512.jpg 768w, https:\/\/archiwum.swietodrzewa.pl\/wp-content\/uploads\/2018\/12\/warszawskie_drzewo_nagrody-1.jpg 960w\" sizes=\"(max-width: 300px) 100vw, 300px\" \/><\/a>Marysia, uczennica <\/strong>z klasy 3P ze Szko\u0142y Podstawowej Chocimskiej odbieraj\u0105c statuetk\u0119 tak podsumowa\u0142a akcj\u0119 &nbsp;\u2013 \u201eBardzo dzi\u0119kuj\u0119 wszystkim za przybycie i wszystkim szko\u0142om, kt\u00f3re wzi\u0119\u0142y udzia\u0142 w akcji i podj\u0119\u0142y si\u0119 sadzenia drzew. Mam nadziej\u0119, \u017ce wyrosn\u0105 na olbrzymie drzewa!\u201d.&nbsp;<\/p>\n<p>Dzi\u0119kujemy wszystkim uczestnikom, dyrektorom, nauczycielom i wychowawcom warszawskich plac\u00f3wek o\u015bwiatowych i wychowawczych za zaanga\u017cowanie si\u0119 w jesienn\u0105 akcj\u0119 sadzenia drzew i zazielenianie Warszawy. Drug\u0105 edycj\u0119 akcji&nbsp; \u201eWarszawskie \u015awi\u0119to Drzewa \u2013 Milion drzew dla Warszawy\u201d organizowa\u0142o m.st Warszawa we wsp\u00f3\u0142pracy z Klubem Gaja.<\/p>\n<p><strong>Milion drzew dla Warszawy<\/strong><\/p>\n<p>Warszawiacy ch\u0119tnie anga\u017cuj\u0105 si\u0119 w akcje ochrony przyrody i wskazuj\u0105 miejsca, gdzie chcieliby zobaczy\u0107 nowe drzewa. S\u0142u\u017cy im do tego&nbsp; aplikacja \u201eMilion drzew\u201d i \u201eWarszawa 19115\u201d. Od marca zesz\u0142ego roku wp\u0142yn\u0119\u0142o tam blisko 11 400 zg\u0142osze\u0144. Miejska ziele\u0144 przyczynia si\u0119 do lepszej jako\u015bci powietrza w stolicy, chroni przed ha\u0142asem i wiatrem oraz zdobi stolic\u0119. W tym roku sto\u0142eczni ogrodnicy posadzili 6&nbsp;200 drzew przy g\u0142\u00f3wnych ulicach, w parkach i nad Wis\u0142\u0105, a warszawskie lasy wzbogaci\u0142y si\u0119 o ponad 32 000 nowych sadzonek.<\/p>\n<p><a href=\"https:\/\/www.facebook.com\/pg\/Klub.Gaja\/photos\/?tab=album&amp;album_id=2275977635746677\">Zobacz fotorelacj\u0119 na Facebooku&gt;&gt;&gt;<\/a><\/p>\n","protected":false},"excerpt":{"rendered":"<p>Zako\u0144czy\u0142a si\u0119 2 edycja akcji edukacyjnej \u201eWarszawskie \u015awi\u0119to Drzewa \u2013 Milion drzew dla Warszawy\u201d. 14 grudnia 2018 r. w Centrum Aktywno\u015bci Mi\u0119dzypokoleniowej \u201eNowolipie\u201d w Warszawie wr\u0119czono statuetki najlepszym inicjatywom tej akcji. Do dzia\u0142a\u0144 w\u0142\u0105czy\u0142o si\u0119 ponad 70 szk\u00f3\u0142, przedszkoli i plac\u00f3wek wychowawczych. Dzi\u0119ki zaanga\u017cowaniu dzieci, m\u0142odzie\u017cy, wychowawc\u00f3w i rodzic\u00f3w stolica wzbogaci\u0142a si\u0119 o ponad 900 [&hellip;]<\/p>\n","protected":false},"author":3,"featured_media":11049,"comment_status":"closed","ping_status":"closed","sticky":false,"template":"","format":"standard","meta":{"ngg_post_thumbnail":0},"categories":[1],"tags":[],"_links":{"self":[{"href":"https:\/\/archiwum.swietodrzewa.pl\/index.php?rest_route=\/wp\/v2\/posts\/11045"}],"collection":[{"href":"https:\/\/archiwum.swietodrzewa.pl\/index.php?rest_route=\/wp\/v2\/posts"}],"about":[{"href":"https:\/\/archiwum.swietodrzewa.pl\/index.php?rest_route=\/wp\/v2\/types\/post"}],"author":[{"embeddable":true,"href":"https:\/\/archiwum.swietodrzewa.pl\/index.php?rest_route=\/wp\/v2\/users\/3"}],"replies":[{"embeddable":true,"href":"https:\/\/archiwum.swietodrzewa.pl\/index.php?rest_route=%2Fwp%2Fv2%2Fcomments&post=11045"}],"version-history":[{"count":1,"href":"https:\/\/archiwum.swietodrzewa.pl\/index.php?rest_route=\/wp\/v2\/posts\/11045\/revisions"}],"predecessor-version":[{"id":11051,"href":"https:\/\/archiwum.swietodrzewa.pl\/index.php?rest_route=\/wp\/v2\/posts\/11045\/revisions\/11051"}],"wp:featuredmedia":[{"embeddable":true,"href":"https:\/\/archiwum.swietodrzewa.pl\/index.php?rest_route=\/wp\/v2\/media\/11049"}],"wp:attachment":[{"href":"https:\/\/archiwum.swietodrzewa.pl\/index.php?rest_route=%2Fwp%2Fv2%2Fmedia&parent=11045"}],"wp:term":[{"taxonomy":"category","embeddable":true,"href":"https:\/\/archiwum.swietodrzewa.pl\/index.php?rest_route=%2Fwp%2Fv2%2Fcategories&post=11045"},{"taxonomy":"post_tag","embeddable":true,"href":"https:\/\/archiwum.swietodrzewa.pl\/index.php?rest_route=%2Fwp%2Fv2%2Ftags&post=11045"}],"curies":[{"name":"wp","href":"https:\/\/api.w.org\/{rel}","templated":true}]}}