{"id":11090,"date":"2018-12-20T11:22:25","date_gmt":"2018-12-20T10:22:25","guid":{"rendered":"http:\/\/swietodrzewa.pl\/?p=11090"},"modified":"2018-12-20T13:31:13","modified_gmt":"2018-12-20T12:31:13","slug":"co-po-cop24","status":"publish","type":"post","link":"https:\/\/archiwum.swietodrzewa.pl\/?p=11090","title":{"rendered":"CO po COP24?"},"content":{"rendered":"<p><strong>Kiedy zasiad\u0142em do pisania, oczywi\u015bcie subiektywnego, podsumowania COP24 w mojej wsi Wilkowice, w Beskidzie Ma\u0142ym pomi\u0119dzy Bielskiem-Bia\u0142\u0105 a \u017bywcem, normy przekrocze\u0144 py\u0142\u00f3w, kt\u00f3re mnie dotycz\u0105 to PM 2.5 &#8211; 473% normy i PM 10 &#8211; 439% normy. W zasadzie mo\u017cna by sko\u0144czy\u0107 ju\u017c ten artyku\u0142 i u\u0142o\u017cy\u0107 si\u0119 do snu zimowego, oczywi\u015bcie w maseczce przeciw smogowej, \u017ceby przeczeka\u0107 ten czas co zabija wszystko co \u017cyje.<\/strong><!--more--><\/p>\n<p>Jednak nie, dzielnie wracam do tematu, kt\u00f3ry nie rozpali\u0142 Polki i Polak\u00f3w do czerwono\u015bci. A jednak<a href=\"http:\/\/swietodrzewa.pl\/wp-content\/uploads\/2018\/12\/fot-1.jpg\"><img loading=\"lazy\" class=\"alignright size-medium wp-image-11094\" src=\"http:\/\/swietodrzewa.pl\/wp-content\/uploads\/2018\/12\/fot-1-300x225.jpg\" alt=\"\" width=\"300\" height=\"225\" srcset=\"https:\/\/archiwum.swietodrzewa.pl\/wp-content\/uploads\/2018\/12\/fot-1-300x225.jpg 300w, https:\/\/archiwum.swietodrzewa.pl\/wp-content\/uploads\/2018\/12\/fot-1-768x576.jpg 768w, https:\/\/archiwum.swietodrzewa.pl\/wp-content\/uploads\/2018\/12\/fot-1-1024x768.jpg 1024w, https:\/\/archiwum.swietodrzewa.pl\/wp-content\/uploads\/2018\/12\/fot-1.jpg 1280w\" sizes=\"(max-width: 300px) 100vw, 300px\" \/><\/a> powinien, bo dotyczy naszego \u017cycia i prze\u017cycia. A jednak nie. Przecie\u017c nie jest tak \u017ale, a w\u0119gla mamy, jak m\u00f3wi\u0142 Prezydent Duda na 200 lat. Cieszy\u0107 si\u0119 czy p\u0142aka\u0107, jak s\u0142yszy si\u0119 oczywiste oczywisto\u015bci, wypowiadane przez g\u0142ow\u0119 tego um\u0119czonego smogiem pa\u0144stwa. Podobno, ale tak m\u00f3wi\u0105 tylko naukowcy, z powodu naszego smrodu powszedniego, umiera nas w Polsce co roku 40 ty\u015b. I co? I pstro!<\/p>\n<p>W swoim wieloletnim dzia\u0142aniu mia\u0142em mo\u017cliwo\u015b\u0107 uczestniczy\u0107 w szczytach klimatycznych w Poznaniu, Warszawie, Kopenhadze i teraz w Katowicach. Ca\u0142y czas dr\u0119czy\u0142o mnie pytanie, czy nasz, Klubu Gaja udzia\u0142 w tych wydarzeniach ma sens. Ogromny wysi\u0142ek organizacyjny, osobowy i finansowy, a niewielki skutek, sprawia\u0142y \u017ce moje nastawienie by\u0142o coraz bardziej krytyczne.<\/p>\n<p><a href=\"http:\/\/swietodrzewa.pl\/wp-content\/uploads\/2018\/12\/po_cop-2.jpg\"><img loading=\"lazy\" class=\"alignleft size-medium wp-image-11092\" src=\"http:\/\/swietodrzewa.pl\/wp-content\/uploads\/2018\/12\/po_cop-2-300x225.jpg\" alt=\"\" width=\"300\" height=\"225\" srcset=\"https:\/\/archiwum.swietodrzewa.pl\/wp-content\/uploads\/2018\/12\/po_cop-2-300x225.jpg 300w, https:\/\/archiwum.swietodrzewa.pl\/wp-content\/uploads\/2018\/12\/po_cop-2-768x576.jpg 768w, https:\/\/archiwum.swietodrzewa.pl\/wp-content\/uploads\/2018\/12\/po_cop-2-1024x768.jpg 1024w, https:\/\/archiwum.swietodrzewa.pl\/wp-content\/uploads\/2018\/12\/po_cop-2.jpg 1632w\" sizes=\"(max-width: 300px) 100vw, 300px\" \/><\/a>COP24 w Katowicach wpisa\u0142 si\u0119 w tendencje czarowania rzeczywisto\u015bci i t\u0142umaczenia braku sukcesu skomplikowan\u0105 materi\u0105 negocjacji. Ale przecie\u017c to by\u0142o wiadomo wcze\u015bniej. Nie od dzi\u015b, \u017ce rozmowy o przysz\u0142o\u015bci \u015bwiata pomi\u0119dzy podmiotami o rozbie\u017cnych interesach nie nale\u017c\u0105 do \u0142atwych i przyjemnych.<\/p>\n<p>W zwi\u0105zku z moj\u0105 coraz mniejsz\u0105 wiar\u0105 w polityk\u00f3w i ich ch\u0119ci\u0105 ratowania planety, tam gdzie to by\u0142o mo\u017cliwe, jako Klub Gaja, zabrali\u015bmy si\u0119 do edukacji i wsp\u00f3\u0142pracy. Wsp\u00f3\u0142prowadz\u0105c Marsz dla Klimatu mia\u0142em okazj\u0119 zobaczy\u0107 ludzi z ca\u0142ego \u015bwiata o r\u00f3\u017cnym wyznaniu i kolorze sk\u00f3ry. M\u0142odych i starszych. Wierz\u0105cych i tych, kt\u00f3rzy nie wierz\u0105. \u0141\u0105czy\u0142a ich jednak troska o nasz wsp\u00f3lny dom. O planet\u0119 Ziemia. G\u0142o\u015bno m\u00f3wili o tym, \u017ce nie mo\u017cemy ju\u017c d\u0142u\u017cej zwleka\u0107, t\u0142umacz\u0105c si\u0119 niemo\u017cno\u015bciami. Krzyczeli o sprawiedliwo\u015bci klimatycznej, na kt\u00f3r\u0105 nie mog\u0105 liczy\u0107 ludy wyspiarskie, rolnicy dotkni\u0119ci suszami czy uciekinierzy klimatyczni, kt\u00f3rych nikt nie chce przyj\u0105\u0107.<\/p>\n<p><a href=\"http:\/\/swietodrzewa.pl\/wp-content\/uploads\/2018\/12\/po_cop-1.jpg\"><img loading=\"lazy\" class=\"alignleft size-medium wp-image-11091\" src=\"http:\/\/swietodrzewa.pl\/wp-content\/uploads\/2018\/12\/po_cop-1-300x225.jpg\" alt=\"\" width=\"300\" height=\"225\" srcset=\"https:\/\/archiwum.swietodrzewa.pl\/wp-content\/uploads\/2018\/12\/po_cop-1-300x225.jpg 300w, https:\/\/archiwum.swietodrzewa.pl\/wp-content\/uploads\/2018\/12\/po_cop-1-768x576.jpg 768w, https:\/\/archiwum.swietodrzewa.pl\/wp-content\/uploads\/2018\/12\/po_cop-1-1024x768.jpg 1024w, https:\/\/archiwum.swietodrzewa.pl\/wp-content\/uploads\/2018\/12\/po_cop-1.jpg 1632w\" sizes=\"(max-width: 300px) 100vw, 300px\" \/><\/a>Uczestniczy\u0142em te\u017c w spotkaniu z cz\u0142onkami katolickiej organizacji CIDSE (Mi\u0119dzynarodowa wsp\u00f3\u0142praca na rzecz rozwoju i solidarno\u015bci) gdzie zastanawiali\u015bmy si\u0119 jak przyw\u00f3dcy duchowi mog\u0105 wspom\u00f3c dzia\u0142ania adaptacyjne do zmian klimatu. W Katowicach na Rynku przeprowadzili\u015bmy happening \u201eJestem z klimatem\u201d z m\u0142odzie\u017c\u0105, z kt\u00f3r\u0105 wcze\u015bniej prowadzili\u015bmy zaj\u0119cia o zmianach klimatu.<\/p>\n<p>Czytaj\u0105c pras\u0119 i s\u0142uchaj\u0105c komentarzy w r\u00f3\u017cnych mediach, odnosi si\u0119 wra\u017cenie, \u017ce by\u0142y to bardzo r\u00f3\u017cne COPy. Ten oficjalny, kt\u00f3ry zako\u0144czy\u0142 si\u0119 wielkim sukcesem i ten przegrany, kt\u00f3ry wykre\u015bli\u0142 np. artyku\u0142 6 (przewidywa\u0142 on m.in. dobrowoln\u0105 wsp\u00f3\u0142prac\u0119 wszystkich pa\u0144stw przy wdra\u017caniu krajowych zobowi\u0105za\u0144 klimatycznych i zak\u0142adaj\u0105cy, \u017ce wprowadzony zostanie po 2020 r. mechanizm rynkowy, kt\u00f3ry ma s\u0142u\u017cy\u0107 promocji zr\u00f3wnowa\u017conego rozwoju i ograniczeniu emisji &#8211; wszystko pod nadzorem Konwencji Klimatycznej ONZ).<\/p>\n<p>Oczywi\u015bcie organizacje pozarz\u0105dowe bardzo krytykowa\u0142y spowalnianie ca\u0142ego procesu przez poszczeg\u00f3lne kraje, kt\u00f3re chcia\u0142y wywalczy\u0107 najkorzystniejsze zapisy dla siebie, nie bior\u0105c pod uwag\u0119 globalnego zagro\u017cenia i potrzeby wsp\u00f3\u0142pracy ponad interesami lokalnymi.<\/p>\n<p>W ma\u0142o znanym i rozpropagowanym \u201eMemorandum katowickim\u201d z 10.12.2018 Polska Akademia Nauk, Papieska Akademia Nauk oraz Centre Nationale de la Recherche Scientifique pisz\u0105 m.in. \u201eJu\u017c dzisiaj obserwujemy wymieranie gatunk\u00f3w i potencjalnie nieodwracalne zmiany ekosystem\u00f3w. Miliardy ludzi cierpi\u0105 z powodu ekstremalnych zjawisk pogodowych, takich jak fale upa\u0142\u00f3w, susze i powodzie. Je\u015bli nie podejmiemy szybkich i zakrojonych na szerok\u0105 skal\u0119 dzia\u0142a\u0144, podniesie si\u0119 poziom morza, wyst\u0105pi\u0105 braki wody pitnej i inne niekorzystne zjawiska, kt\u00f3re zmusz\u0105 znaczne grupy ludzi do migracji lub pozbawi\u0105 ich \u017cycia\u201d.<\/p>\n<p>Niech ten cytat pos\u0142u\u017cy za ostrze\u017cenie ale i sprawi, \u017ce konieczno\u015b\u0107 podj\u0119cia tych dzia\u0142a\u0144 nie mo\u017ce by\u0107 odk\u0142adana na przysz\u0142o\u015b\u0107. Bo przysz\u0142o\u015b\u0107 dla naszych dzieci i wnuk\u00f3w jest TERAZ.<\/p>\n<p>Jacek Bo\u017cek z Klubu Gaja<\/p>\n","protected":false},"excerpt":{"rendered":"<p>Kiedy zasiad\u0142em do pisania, oczywi\u015bcie subiektywnego, podsumowania COP24 w mojej wsi Wilkowice, w Beskidzie Ma\u0142ym pomi\u0119dzy Bielskiem-Bia\u0142\u0105 a \u017bywcem, normy przekrocze\u0144 py\u0142\u00f3w, kt\u00f3re mnie dotycz\u0105 to PM 2.5 &#8211; 473% normy i PM 10 &#8211; 439% normy. W zasadzie mo\u017cna by sko\u0144czy\u0107 ju\u017c ten artyku\u0142 i u\u0142o\u017cy\u0107 si\u0119 do snu zimowego, oczywi\u015bcie w maseczce przeciw [&hellip;]<\/p>\n","protected":false},"author":3,"featured_media":11094,"comment_status":"closed","ping_status":"closed","sticky":false,"template":"","format":"standard","meta":{"ngg_post_thumbnail":0},"categories":[17],"tags":[],"_links":{"self":[{"href":"https:\/\/archiwum.swietodrzewa.pl\/index.php?rest_route=\/wp\/v2\/posts\/11090"}],"collection":[{"href":"https:\/\/archiwum.swietodrzewa.pl\/index.php?rest_route=\/wp\/v2\/posts"}],"about":[{"href":"https:\/\/archiwum.swietodrzewa.pl\/index.php?rest_route=\/wp\/v2\/types\/post"}],"author":[{"embeddable":true,"href":"https:\/\/archiwum.swietodrzewa.pl\/index.php?rest_route=\/wp\/v2\/users\/3"}],"replies":[{"embeddable":true,"href":"https:\/\/archiwum.swietodrzewa.pl\/index.php?rest_route=%2Fwp%2Fv2%2Fcomments&post=11090"}],"version-history":[{"count":3,"href":"https:\/\/archiwum.swietodrzewa.pl\/index.php?rest_route=\/wp\/v2\/posts\/11090\/revisions"}],"predecessor-version":[{"id":11096,"href":"https:\/\/archiwum.swietodrzewa.pl\/index.php?rest_route=\/wp\/v2\/posts\/11090\/revisions\/11096"}],"wp:featuredmedia":[{"embeddable":true,"href":"https:\/\/archiwum.swietodrzewa.pl\/index.php?rest_route=\/wp\/v2\/media\/11094"}],"wp:attachment":[{"href":"https:\/\/archiwum.swietodrzewa.pl\/index.php?rest_route=%2Fwp%2Fv2%2Fmedia&parent=11090"}],"wp:term":[{"taxonomy":"category","embeddable":true,"href":"https:\/\/archiwum.swietodrzewa.pl\/index.php?rest_route=%2Fwp%2Fv2%2Fcategories&post=11090"},{"taxonomy":"post_tag","embeddable":true,"href":"https:\/\/archiwum.swietodrzewa.pl\/index.php?rest_route=%2Fwp%2Fv2%2Ftags&post=11090"}],"curies":[{"name":"wp","href":"https:\/\/api.w.org\/{rel}","templated":true}]}}