{"id":11368,"date":"2019-05-08T13:05:20","date_gmt":"2019-05-08T11:05:20","guid":{"rendered":"http:\/\/swietodrzewa.pl\/?p=11368"},"modified":"2019-05-10T09:55:55","modified_gmt":"2019-05-10T07:55:55","slug":"makulatura-dla-koni","status":"publish","type":"post","link":"https:\/\/archiwum.swietodrzewa.pl\/?p=11368","title":{"rendered":"Makulatura dla koni!"},"content":{"rendered":"<p class=\"lead\"><strong>W dniach 9 \u2013 19 maja Klub Gaja ju\u017c po raz 12-ty zaprasza wszystkich ch\u0119tnych do przywo\u017cenia makulatury do specjalnie oznakowanego kontenera przed hipermarketem Auchan w Bielsku-Bia\u0142ej (ul. Bohater\u00f3w Monte Cassino 421). Wiosenna zbi\u00f3rka makulatury na rzecz ratowania koni sta\u0142a si\u0119 ju\u017c tradycj\u0105, w kt\u00f3r\u0105 anga\u017cuj\u0105 si\u0119 mieszka\u0144cy Bielska-Bia\u0142ej i okoli\u0107 oraz pracownicy sklepu. Konie uratowane przez Klub Gaja s\u0105 coraz starsze przez co wymagaj\u0105 specjalistycznej opieki. Razem mo\u017cemy im pom\u00f3c!<\/strong><!--more--><\/p>\n<div class=\"body\">\n<p>W Polsce, wci\u0105\u017c na rze\u017a przeznacza si\u0119 m\u0142ode konie hodowane na mi\u0119so oraz te schorowane po ci\u0119\u017ckich pracach polowych i le\u015bnych, i wykluczone ze sportu. Cz\u0119\u015b\u0107 z nich, sprzedawanych zagranic\u0119, czeka d\u0142uga podr\u00f3\u017c przyp\u0142acona ranami i stresem, a nawet \u015bmierci\u0105. W zesz\u0142ym roku w naszym kraju na ub\u00f3j trafi\u0142o oko\u0142o 26 tysi\u0119cy koni. Klub Gaja uratowa\u0142 dotychczas 60 koni przeznaczonych na rze\u017a, chorych lub tych, kt\u00f3rymi w\u0142a\u015bciciele nie mogli si\u0119 d\u0142u\u017cej zajmowa\u0107. Dzi\u0119ki akcji \u201eZbieraj makulatur\u0119, ratuj konie\u201d Klub Gaja mo\u017ce pokry\u0107 koszty m.in. utrzymania koni, leczenia i terapii, opieki weterynaryjnej, kowalskiej, dentystycznej oraz specjalistycznych zabieg\u00f3w i lek\u00f3w.<\/p>\n<p><img src=\"http:\/\/www.klubgaja.pl\/cms\/uploads\/AKTUALNO%C5%9ACI%202019\/drumla.jpg\" alt=\"\"\/><\/p>\n<p>Tylko w ubieg\u0142ym roku, podczas akcji przed Auchan w Bielsku-Bia\u0142ej uda\u0142o si\u0119 zebra\u0107 prawie 24&nbsp; tony makulatury! Jedna tona zebranej makulatury chroni przed wyci\u0119ciem \u015brednio 17 drzew tak wi\u0119c wsp\u00f3lnie uda\u0142o si\u0119 nam uratowa\u0107 408 drzew czyli poka\u017any kawa\u0142ek lasu.<\/p>\n<p>\u201eBardzo cieszy du\u017ce zaanga\u017cowanie Bielszczan w nasz\u0105 akcj\u0119 pomocy koniom. W ka\u017cdym domu znajdzie si\u0119 jaka\u015b makulatura \u2013 stare gazety, ksi\u0105\u017cki czy kartony kt\u00f3re podczas wiosennych porz\u0105dk\u00f3w mo\u017cna przywie\u017a\u0107 do podstawionego przez nas kontenera i pom\u00f3c w ten spos\u00f3b zwierz\u0119tom\u201d \u2013 m\u00f3wi <strong>Jaros\u0142aw Kasprzyk<\/strong> z Klubu Gaja.<\/p>\n<p>Jednym z podopiecznych Klubu Gaja jest Aklino, kt\u00f3rego uratowali\u015bmy gdy mia\u0142&nbsp; 2,5 roku. Nie widzia\u0142 na lewe oko i mia\u0142 nied\u017awiedzi\u0105 \u0142ap\u0119. Pomimo tego zapowiada\u0142 si\u0119 na wspania\u0142ego towarzysza. Akuino pracowa\u0142 przez wiele lat w hipoterapii pomagaj\u0105c i lecz\u0105c niepe\u0142nosprawnych w Stowarzyszeniu Je\u017adzieckim Os\u00f3b Niepe\u0142nosprawnych HIPPOLAND. Teraz jest na zas\u0142u\u017conej emeryturze. Ma problemy m.in. z nied\u017awiedzi\u0105 p\u0119cin\u0105, sztorcem, ochwatem przeci\u0105\u017ceniowym i zerwanym \u015bci\u0119gnem.<br \/>\n&nbsp;<br \/>\nDrumla&nbsp; mia\u0142a trafi\u0107 na rze\u017a po wielu latach ci\u0119\u017ckiej pracy. Pracowa\u0142a w polu, ci\u0105gn\u0119\u0142a bryczk\u0119, rodzi\u0142a \u017arebaki.&nbsp; W&nbsp; 2012 roku Klub Gaja uratowa\u0142 klacz i przekaza\u0142 do Zespo\u0142u Szk\u00f3\u0142 Specjalnych nr 4 w Sosnowcu. Drumla pomaga\u0142a dzieciom i m\u0142odzie\u017cy niepe\u0142nosprawnej w rehabilitacji. Teraz ma 20 lat. Z powodu uraz\u00f3w \u015bci\u0119gien w lewej, tylnej nodze Drumla nie mo\u017ce by\u0107 u\u017cytkowana. Cierpi tak\u017ce na zaawansowan\u0105 ko\u0144sk\u0105 astm\u0119.<\/p>\n<p><img src=\"http:\/\/www.klubgaja.pl\/cms\/uploads\/AKTUALNO%C5%9ACI%202019\/akuino.jpg\" alt=\"http:\/\/www.klubgaja.pl\/cms\/uploads\/AKTUALNO%C5%9ACI%202019\/akuino.jpg\"\/><\/p>\n<p>Przynosz\u0105c makulatur\u0119 do Auchan w Bielsku-Bia\u0142ej mo\u017cna pom\u00f3c w zapewnieniu im szcz\u0119\u015bliwego ko\u0144skiego \u017cycia.<\/p>\n<p>Partnerami organizacji bielskiej akcji \u201eZbieraj makulatur\u0119, ratuj konie&#8221; s\u0105 hipermarket Auchan w Bielsku-Bia\u0142ej oraz firma Eko-Wt\u00f3r Jakubiec z Bystrej.<\/p>\n<p>Klub Gaja mo\u017ce pomaga\u0107 zwierz\u0119tom tylko dzi\u0119ki hojno\u015bci ofiarodawc\u00f3w, poprzez:<br \/>\n\u2022 darowizny na konto: 90 2030 0045 1110 0000 0067 3120<br \/>\n\u2022 sta\u0142e polecenie przelewu (liczy si\u0119 ka\u017cda kwota wp\u0142acana regularnie)<br \/>\n\u2022 pieni\u0105dze z akcji \u201eZbieraj makulatur\u0119, ratuj konie\u201d<br \/>\n\u2022 przekazanie 1% podatku dla Klubu Gaja (KRS 0000120069).<\/p>\n<p><strong>W mediach:<\/strong><\/p>\n<p><a href=\"http:\/\/www.bielsko.info\/19800-kolejna-edycja-popularnej-wsrod-bielszczan-akcji-klubu-gaja-bielsko-biala\">http:\/\/www.bielsko.info\/19800-kolejna-edycja-popularnej-wsrod-bielszczan-akcji-klubu-gaja-bielsko-biala<\/a><\/p>\n<p><a href=\"http:\/\/bielskobiala.wyborcza.pl\/bielskobiala\/7,88025,24762316,przynies-ksiazki-zeszyty-gazety-i-pomoz-uratowac-konie.html\">http:\/\/bielskobiala.wyborcza.pl\/bielskobiala\/7,88025,24762316,przynies-ksiazki-zeszyty-gazety-i-pomoz-uratowac-konie.html<\/a><\/p>\n<p><a href=\"http:\/\/zywiec.naszemiasto.pl\/artykul\/ruszyla-akcja-klubu-gaja-zbieraj-makulature-ratuj-konie,5114435,art,t,id,tm.html\">http:\/\/zywiec.naszemiasto.pl\/artykul\/ruszyla-akcja-klubu-gaja-zbieraj-makulature-ratuj-konie,5114435,art,t,id,tm.html<\/a><\/p>\n<p><a href=\"https:\/\/m.deon.pl\/wiadomosci\/polska\/art,30961,ekolodzy-zbieraja-z-bielszczanami-makulature-by-ratowac-konie-razem-mozemy-im-pomoc.html\">https:\/\/m.deon.pl\/wiadomosci\/polska\/art,30961,ekolodzy-zbieraja-z-bielszczanami-makulature-by-ratowac-konie-razem-mozemy-im-pomoc.html<\/a><\/p>\n<\/div>\n","protected":false},"excerpt":{"rendered":"<p>W dniach 9 \u2013 19 maja Klub Gaja ju\u017c po raz 12-ty zaprasza wszystkich ch\u0119tnych do przywo\u017cenia makulatury do specjalnie oznakowanego kontenera przed hipermarketem Auchan w Bielsku-Bia\u0142ej (ul. Bohater\u00f3w Monte Cassino 421). Wiosenna zbi\u00f3rka makulatury na rzecz ratowania koni sta\u0142a si\u0119 ju\u017c tradycj\u0105, w kt\u00f3r\u0105 anga\u017cuj\u0105 si\u0119 mieszka\u0144cy Bielska-Bia\u0142ej i okoli\u0107 oraz pracownicy sklepu. Konie [&hellip;]<\/p>\n","protected":false},"author":3,"featured_media":11237,"comment_status":"closed","ping_status":"closed","sticky":false,"template":"","format":"standard","meta":{"ngg_post_thumbnail":0},"categories":[26],"tags":[],"_links":{"self":[{"href":"https:\/\/archiwum.swietodrzewa.pl\/index.php?rest_route=\/wp\/v2\/posts\/11368"}],"collection":[{"href":"https:\/\/archiwum.swietodrzewa.pl\/index.php?rest_route=\/wp\/v2\/posts"}],"about":[{"href":"https:\/\/archiwum.swietodrzewa.pl\/index.php?rest_route=\/wp\/v2\/types\/post"}],"author":[{"embeddable":true,"href":"https:\/\/archiwum.swietodrzewa.pl\/index.php?rest_route=\/wp\/v2\/users\/3"}],"replies":[{"embeddable":true,"href":"https:\/\/archiwum.swietodrzewa.pl\/index.php?rest_route=%2Fwp%2Fv2%2Fcomments&post=11368"}],"version-history":[{"count":7,"href":"https:\/\/archiwum.swietodrzewa.pl\/index.php?rest_route=\/wp\/v2\/posts\/11368\/revisions"}],"predecessor-version":[{"id":11376,"href":"https:\/\/archiwum.swietodrzewa.pl\/index.php?rest_route=\/wp\/v2\/posts\/11368\/revisions\/11376"}],"wp:featuredmedia":[{"embeddable":true,"href":"https:\/\/archiwum.swietodrzewa.pl\/index.php?rest_route=\/wp\/v2\/media\/11237"}],"wp:attachment":[{"href":"https:\/\/archiwum.swietodrzewa.pl\/index.php?rest_route=%2Fwp%2Fv2%2Fmedia&parent=11368"}],"wp:term":[{"taxonomy":"category","embeddable":true,"href":"https:\/\/archiwum.swietodrzewa.pl\/index.php?rest_route=%2Fwp%2Fv2%2Fcategories&post=11368"},{"taxonomy":"post_tag","embeddable":true,"href":"https:\/\/archiwum.swietodrzewa.pl\/index.php?rest_route=%2Fwp%2Fv2%2Ftags&post=11368"}],"curies":[{"name":"wp","href":"https:\/\/api.w.org\/{rel}","templated":true}]}}