{"id":11628,"date":"2019-09-12T13:56:16","date_gmt":"2019-09-12T11:56:16","guid":{"rendered":"http:\/\/swietodrzewa.pl\/?p=11628"},"modified":"2020-06-17T10:55:43","modified_gmt":"2020-06-17T08:55:43","slug":"zapraszamy-do-wlaczenia-sie-w-akcje-warszawskie-swieto-drzewa-milion-drzew-dla-warszawy","status":"publish","type":"post","link":"https:\/\/archiwum.swietodrzewa.pl\/?p=11628","title":{"rendered":"Zapraszamy do w\u0142\u0105czenia si\u0119 w akcj\u0119 \u201eWarszawskie \u015awi\u0119to Drzewa &#8211; Milion Drzew dla Warszawy\u201d!"},"content":{"rendered":"<p><strong>Miasto Sto\u0142eczne Warszawa oraz Klub Gaja serdecznie zapraszaj\u0105 warszawskie plac\u00f3wki o\u015bwiatowe i wychowawcze do udzia\u0142u w&nbsp;3 edycji akcji \u201eWarszawskie \u015awi\u0119to Drzewa &#8211; Milion drzew dla Warszawy\u201d. <\/strong><!--more--><\/p>\n<p><strong>&nbsp;<\/strong>Pi\u0119kne skwery i&nbsp;parki, to jeden z&nbsp;najwi\u0119kszych skarb\u00f3w stolicy<strong>. <\/strong>Zach\u0119camy Pa\u0144stwa do w\u0142\u0105czenia si\u0119 w akcj\u0119 \u201eWarszawskie \u015awi\u0119to Drzewa \u2013 Milion Drzew dla Warszawy\u201d poprzez:<\/p>\n<ul>\n<li><strong>organizacj\u0119 akcji sadzenia drzew i krzew\u00f3w <\/strong>na terenie plac\u00f3wki. Je\u015bli w&nbsp;ogrodach przyszkolnych brakuje ju\u017c miejsca, mo\u017cna zorganizowa\u0107 wsp\u00f3lne nasadzenia drzew wraz z&nbsp;s\u0105siadami np. sp\u00f3\u0142dzielniami mieszkaniowymi, firmami czy instytucjami w&nbsp;najbli\u017cszej okolicy. Rodzice wraz z&nbsp;uczniami mog\u0105 posadzi\u0107 drzewa w&nbsp;swoich ogrodach czy dzia\u0142kach pod has\u0142em:<strong> \u201eMamo, tato, posad\u017a ze mn\u0105 drzewo!\u201d <\/strong><\/li>\n<\/ul>\n<p><strong>Wa\u017cne: <\/strong>W Zg\u0142oszeniu (kt\u00f3re Pa\u0144stwo otrzymali w za\u0142\u0105czniku) mo\u017cecie zaznaczy\u0107 zapotrzebowanie na ilo\u015b\u0107 sadzonek drzew, kt\u00f3re nieodp\u0142atnie, w miar\u0119 mo\u017cliwo\u015bci Pa\u0144stwu przeka\u017cemy. Ilo\u015b\u0107 sadzonek drzew do przekazania jest ograniczona.<strong> Po odbi\u00f3r sadzonek zapraszamy Pa\u0144stwa do S\u0142u\u017cewskiego Domu Kultury, w dniu 10 pa\u017adziernika 2019, w godz.11.00-12.00.<\/strong><\/p>\n<ul>\n<li><strong>otaczanie opiek\u0105 posadzonych drzew. <\/strong>Wa\u017cne aby warszawiacy otaczali opiek\u0105 m\u0142ode drzewka posadzone na terenach miejskich. Poszukajcie ich w&nbsp;najbli\u017cszej okolicy. Podlewajcie w czasie suszy, a je\u015bli zauwa\u017cycie jakie\u015b niepokoj\u0105ce oznaki \u2013 zg\u0142aszajcie je do Miejskiego Centrum Kontaktu Warszawa 19115.<\/li>\n<li><strong>wyj\u015bcie w teren, poza mury plac\u00f3wki. <\/strong>To okazja by pozna\u0107 drzewa w&nbsp;najbli\u017cszej okolicy, sprawdzi\u0107, kt\u00f3re gatunki drzew i&nbsp;krzew\u00f3w najlepiej rosn\u0105 w&nbsp;mie\u015bcie. Poszuka\u0107 starych drzew<br \/>\nz histori\u0105 i opowie\u015bci\u0105, a tak\u017ce tych m\u0142odych posadzonych w ramach \u201eMiliona drzew dla Warszawy\u201d.<\/li>\n<\/ul>\n<p><strong>Jak wzi\u0105\u0107 udzia\u0142 w akcji<\/strong><strong> \u201eWarszawskie \u015awi\u0119to Drzewa \u2013 Milion Drzew dla Warszawy\u201d? <\/strong><\/p>\n<p>Pierwszy krok to zg\u0142oszenie udzia\u0142u<strong>. <\/strong>Mo\u017cna to zrobi\u0107 wysy\u0142aj\u0105c <strong>ZG\u0141OSZENIE<\/strong>, kt\u00f3re otrzymali\u015bcie Pa\u0144stwo w za\u0142\u0105czniku na adres e-mail: <a href=\"mailto:warszawskieswietodrzewa@gmail.com\">warszawskieswietodrzewa@gmail.com<\/a><\/p>\n<p><a href=\"http:\/\/www.klubgaja.pl\/cms\/uploads\/AKTUALNO%C5%9ACI%202019\/warszawskie%20sd\/karta-zgloszenia.docx\"><strong>Pobierz <\/strong><strong>ZG\u0141OSZENIE DO AKCJI &gt;&gt;&gt;<\/strong><\/a><\/p>\n<p><a href=\"http:\/\/www.klubgaja.pl\/cms\/uploads\/AKTUALNO%C5%9ACI%202019\/warszawskie%20sd\/regulamin.docx\"><strong>Pobierz<\/strong><strong> REGULAMIN AKCJI &gt;&gt;&gt; <\/strong><\/a><\/p>\n<p><a href=\"http:\/\/swietodrzewa.pl\/wp-content\/uploads\/2019\/09\/Warszawskie-S\u0301wie\u0328to-Drzewa_Drzewa-dla-klimatu_plakat-1.jpg\"><img loading=\"lazy\" class=\"alignleft size-thumbnail wp-image-12221\" src=\"http:\/\/swietodrzewa.pl\/wp-content\/uploads\/2019\/09\/Warszawskie-S\u0301wie\u0328to-Drzewa_Drzewa-dla-klimatu_plakat-1-100x100.jpg\" alt=\"\" width=\"100\" height=\"100\"\/><\/a><\/p>\n<p><a href=\"http:\/\/swietodrzewa.pl\/wp-content\/uploads\/2019\/09\/Warszawskie-\u015awi\u0119to-Drzewa_plakat_pop.pdf\"><strong>Pobierz plakat &gt;&gt;&gt;<\/strong><\/a><\/p>\n<p>&nbsp;<\/p>\n<p>&nbsp;<\/p>\n<p><a href=\"http:\/\/swietodrzewa.pl\/wp-content\/uploads\/2019\/09\/Warszawskie-S\u0301wie\u0328to-Drzewa-2019_Ok\u0142adka-broszury.jpg\"><img loading=\"lazy\" class=\"alignleft size-thumbnail wp-image-12220\" src=\"http:\/\/swietodrzewa.pl\/wp-content\/uploads\/2019\/09\/Warszawskie-S\u0301wie\u0328to-Drzewa-2019_Ok\u0142adka-broszury-100x100.jpg\" alt=\"\" width=\"100\" height=\"100\"\/><\/a><\/p>\n<p><a href=\"http:\/\/swietodrzewa.pl\/wp-content\/uploads\/2020\/06\/Warszawskie-Swieto-Drzewa-2019_Broszura-calosc.pdf\"><strong>Pobierz broszur\u0119 &gt;&gt;&gt;<\/strong><\/a><\/p>\n<p>&nbsp;<\/p>\n<p>&nbsp;<\/p>\n<p>WA\u017bNE: Plac\u00f3wki o\u015bwiatowe i wychowawcze, kt\u00f3re ode\u015bl\u0105 ZG\u0141OSZENIE do dnia 30 wrze\u015bnia 2019 r. otrzymaj\u0105 PLAKAT i BROSZUR\u0118<strong>.<br \/>\n<\/strong><strong><br \/>\nW&nbsp;ramach akcji wyr\u00f3\u017cnimy najlepsze inicjatywy! Na sprawozdania czekamy do 30 listopada 2019 r<\/strong>.<\/p>\n<p>Dzia\u0142ania mo\u017cna dostosowa\u0107 do otaczaj\u0105cego \u015brodowiska przyrodniczego i&nbsp;spo\u0142ecznego, akcja nie ma \u017cadnych ogranicze\u0144 wiekowych. Akcja \u201eWarszawskie \u015awi\u0119to Drzewa \u2013 Milion drzew dla Warszawy\u201d realizowana jest w&nbsp;ramach wsparcia programu \u201eMilion drzew dla Warszawy\u201d.<\/p>\n<p><a href=\"http:\/\/swietodrzewa.pl\/wp-content\/uploads\/2019\/09\/logosy.jpg\"><img loading=\"lazy\" class=\"alignleft size-medium wp-image-11629\" src=\"http:\/\/swietodrzewa.pl\/wp-content\/uploads\/2019\/09\/logosy-300x156.jpg\" alt=\"\" width=\"300\" height=\"156\" srcset=\"https:\/\/archiwum.swietodrzewa.pl\/wp-content\/uploads\/2019\/09\/logosy-300x156.jpg 300w, https:\/\/archiwum.swietodrzewa.pl\/wp-content\/uploads\/2019\/09\/logosy-768x400.jpg 768w, https:\/\/archiwum.swietodrzewa.pl\/wp-content\/uploads\/2019\/09\/logosy-1024x533.jpg 1024w, https:\/\/archiwum.swietodrzewa.pl\/wp-content\/uploads\/2019\/09\/logosy.jpg 1179w\" sizes=\"(max-width: 300px) 100vw, 300px\" \/><\/a><\/p>\n","protected":false},"excerpt":{"rendered":"<p>Miasto Sto\u0142eczne Warszawa oraz Klub Gaja serdecznie zapraszaj\u0105 warszawskie plac\u00f3wki o\u015bwiatowe i wychowawcze do udzia\u0142u w&nbsp;3 edycji akcji \u201eWarszawskie \u015awi\u0119to Drzewa &#8211; Milion drzew dla Warszawy\u201d.<\/p>\n","protected":false},"author":3,"featured_media":11641,"comment_status":"closed","ping_status":"closed","sticky":false,"template":"","format":"standard","meta":{"ngg_post_thumbnail":0},"categories":[1],"tags":[],"_links":{"self":[{"href":"https:\/\/archiwum.swietodrzewa.pl\/index.php?rest_route=\/wp\/v2\/posts\/11628"}],"collection":[{"href":"https:\/\/archiwum.swietodrzewa.pl\/index.php?rest_route=\/wp\/v2\/posts"}],"about":[{"href":"https:\/\/archiwum.swietodrzewa.pl\/index.php?rest_route=\/wp\/v2\/types\/post"}],"author":[{"embeddable":true,"href":"https:\/\/archiwum.swietodrzewa.pl\/index.php?rest_route=\/wp\/v2\/users\/3"}],"replies":[{"embeddable":true,"href":"https:\/\/archiwum.swietodrzewa.pl\/index.php?rest_route=%2Fwp%2Fv2%2Fcomments&post=11628"}],"version-history":[{"count":19,"href":"https:\/\/archiwum.swietodrzewa.pl\/index.php?rest_route=\/wp\/v2\/posts\/11628\/revisions"}],"predecessor-version":[{"id":12237,"href":"https:\/\/archiwum.swietodrzewa.pl\/index.php?rest_route=\/wp\/v2\/posts\/11628\/revisions\/12237"}],"wp:featuredmedia":[{"embeddable":true,"href":"https:\/\/archiwum.swietodrzewa.pl\/index.php?rest_route=\/wp\/v2\/media\/11641"}],"wp:attachment":[{"href":"https:\/\/archiwum.swietodrzewa.pl\/index.php?rest_route=%2Fwp%2Fv2%2Fmedia&parent=11628"}],"wp:term":[{"taxonomy":"category","embeddable":true,"href":"https:\/\/archiwum.swietodrzewa.pl\/index.php?rest_route=%2Fwp%2Fv2%2Fcategories&post=11628"},{"taxonomy":"post_tag","embeddable":true,"href":"https:\/\/archiwum.swietodrzewa.pl\/index.php?rest_route=%2Fwp%2Fv2%2Ftags&post=11628"}],"curies":[{"name":"wp","href":"https:\/\/api.w.org\/{rel}","templated":true}]}}