{"id":11668,"date":"2019-09-18T13:44:11","date_gmt":"2019-09-18T11:44:11","guid":{"rendered":"http:\/\/swietodrzewa.pl\/?p=11668"},"modified":"2019-09-18T13:45:01","modified_gmt":"2019-09-18T11:45:01","slug":"protest-tysiecy-miast","status":"publish","type":"post","link":"https:\/\/archiwum.swietodrzewa.pl\/?p=11668","title":{"rendered":"Protest Tysi\u0119cy Miast"},"content":{"rendered":"<p class=\"lead\"><strong>20 wrze\u015bnia 2019 m\u0142odzie\u017c ca\u0142ego \u015bwiata wraz z rodzicami, osobami starszymi i nauczycielami wyjdzie na ulice. Wszystko po to, aby pokaza\u0107, \u017ce nie zgadzaj\u0105 si\u0119 na bierno\u015b\u0107 rz\u0105dz\u0105cych wobec pog\u0142\u0119biaj\u0105cego si\u0119 kryzysu klimatycznego. W ca\u0142ej Polsce r\u00f3wnie\u017c odb\u0119dzie si\u0119 szereg marsz\u00f3w i manifestacji pod has\u0142em M\u0142odzie\u017cowy Strajk Klimatyczny &#8222;Protest Tysi\u0119cy Miast&#8221;.<\/strong><!--more--><\/p>\n<div class=\"body\">\n<p>M\u0142odzie\u017cowy Strajk Klimatyczny jest inicjatyw\u0105, kt\u00f3ra ma bardzo konkretny cel, a mianowicie ch\u0119\u0107 zwr\u00f3cenia uwagi rz\u0105dz\u0105cych na to, jak wa\u017cne s\u0105 dzia\u0142ania na rzecz klimatu, oraz u\u015bwiadomienie jak najwi\u0119kszej liczbie os\u00f3b, \u017ce kryzys klimatyczny naprawd\u0119 istnieje, jest powa\u017cnym zagro\u017ceniem i dotyczy ka\u017cdego z NAS.<\/p>\n<p>A dlaczego w\u0142a\u015bnie 20 wrze\u015bnia? Bo jest to ostatni pi\u0105tek przed szczytem klimatycznym ONZ w Nowym Jorku, gdzie politycy z ca\u0142ego \u015bwiata maj\u0105 zdecydowa\u0107 o przysz\u0142ym losie ziemi. Naszym zdaniem katastrofalne skutki zmian klimatycznych, takie jak cz\u0119stsze susze, powodzie, kl\u0119ski \u017cywio\u0142owe zbyt d\u0142ugo pozostawiane s\u0105 bez komentarza rz\u0105dz\u0105cych. M\u0142odzie\u017cowy Strajk Klimatyczny, to g\u0142os nie tylko nas m\u0142odych, ale wszystkich. Dlatego tak bardzo potrzebujemy wsparcia, by udowodni\u0107, \u017ce nasza dzia\u0142ania nie s\u0105 wyrazem m\u0142odzie\u0144czego buntu, czy kaprysu, tylko realnej troski o ca\u0142e spo\u0142ecze\u0144stwo. St\u0105d potrzebna jest mobilizacja, bez wzgl\u0119du na wiek. Tylko dzi\u0119ki po\u0142\u0105czeniu si\u0142, zostaniemy us\u0142yszani.<\/p>\n<p>Dlatego zapraszamy do wsp\u00f3lnego marszu w miastach w ca\u0142ej Polsce. Zapro\u015bcie swoich znajomych, rodzic\u00f3w, s\u0105siad\u00f3w, dziadk\u00f3w na marsz, przyjd\u017acie razem z nimi i poka\u017cmy, \u017ce wszyscy chcemy mie\u0107 realny wp\u0142yw na przysz\u0142o\u015b\u0107 i jej kreowanie. Wasze wsparcie na strajku b\u0119dzie absolutnie bezcenne!<\/p>\n<p><a href=\"https:\/\/www.facebook.com\/events\/529761901110934\/\" target=\"_blank\" rel=\"noopener\">https:\/\/www.facebook.com\/events\/529761901110934\/<\/a><\/p>\n<p><strong><a href=\"http:\/\/www.klubgaja.pl\/cms\/uploads\/AKTUALNO\u015aCI 2019\/plakat.png\" target=\"_blank\" rel=\"noopener\"><img src=\"http:\/\/www.klubgaja.pl\/cms\/uploads\/AKTUALNO%C5%9ACI%202019\/plakat.png\" alt=\"\"\/><\/a>20 wrze\u015bnia, godz. 10:00, Plac pod Spodkiem, Katowice<\/strong><\/p>\n<p><u>Inne miasta:<\/u><\/p>\n<p><a href=\"http:\/\/https:\/\/www.facebook.com\/pg\/FridaysForFuture.Silesia\/events\/\" target=\"_blank\" rel=\"noopener\">https:\/\/www.facebook.com\/pg\/FridaysForFuture.Silesia\/events\/<\/a><\/p>\n<p><a href=\"https:\/\/www.facebook.com\/FridaysForFuturePL\/\" target=\"_blank\" rel=\"noopener\">https:\/\/www.facebook.com\/FridaysForFuturePL\/<\/a><\/p>\n<\/div>\n","protected":false},"excerpt":{"rendered":"<p>20 wrze\u015bnia 2019 m\u0142odzie\u017c ca\u0142ego \u015bwiata wraz z rodzicami, osobami starszymi i nauczycielami wyjdzie na ulice. Wszystko po to, aby pokaza\u0107, \u017ce nie zgadzaj\u0105 si\u0119 na bierno\u015b\u0107 rz\u0105dz\u0105cych wobec pog\u0142\u0119biaj\u0105cego si\u0119 kryzysu klimatycznego. W ca\u0142ej Polsce r\u00f3wnie\u017c odb\u0119dzie si\u0119 szereg marsz\u00f3w i manifestacji pod has\u0142em M\u0142odzie\u017cowy Strajk Klimatyczny &#8222;Protest Tysi\u0119cy Miast&#8221;.<\/p>\n","protected":false},"author":3,"featured_media":11669,"comment_status":"closed","ping_status":"closed","sticky":false,"template":"","format":"standard","meta":{"ngg_post_thumbnail":0},"categories":[1],"tags":[],"_links":{"self":[{"href":"https:\/\/archiwum.swietodrzewa.pl\/index.php?rest_route=\/wp\/v2\/posts\/11668"}],"collection":[{"href":"https:\/\/archiwum.swietodrzewa.pl\/index.php?rest_route=\/wp\/v2\/posts"}],"about":[{"href":"https:\/\/archiwum.swietodrzewa.pl\/index.php?rest_route=\/wp\/v2\/types\/post"}],"author":[{"embeddable":true,"href":"https:\/\/archiwum.swietodrzewa.pl\/index.php?rest_route=\/wp\/v2\/users\/3"}],"replies":[{"embeddable":true,"href":"https:\/\/archiwum.swietodrzewa.pl\/index.php?rest_route=%2Fwp%2Fv2%2Fcomments&post=11668"}],"version-history":[{"count":3,"href":"https:\/\/archiwum.swietodrzewa.pl\/index.php?rest_route=\/wp\/v2\/posts\/11668\/revisions"}],"predecessor-version":[{"id":11672,"href":"https:\/\/archiwum.swietodrzewa.pl\/index.php?rest_route=\/wp\/v2\/posts\/11668\/revisions\/11672"}],"wp:featuredmedia":[{"embeddable":true,"href":"https:\/\/archiwum.swietodrzewa.pl\/index.php?rest_route=\/wp\/v2\/media\/11669"}],"wp:attachment":[{"href":"https:\/\/archiwum.swietodrzewa.pl\/index.php?rest_route=%2Fwp%2Fv2%2Fmedia&parent=11668"}],"wp:term":[{"taxonomy":"category","embeddable":true,"href":"https:\/\/archiwum.swietodrzewa.pl\/index.php?rest_route=%2Fwp%2Fv2%2Fcategories&post=11668"},{"taxonomy":"post_tag","embeddable":true,"href":"https:\/\/archiwum.swietodrzewa.pl\/index.php?rest_route=%2Fwp%2Fv2%2Ftags&post=11668"}],"curies":[{"name":"wp","href":"https:\/\/api.w.org\/{rel}","templated":true}]}}