{"id":11677,"date":"2019-09-16T15:22:20","date_gmt":"2019-09-16T13:22:20","guid":{"rendered":"http:\/\/swietodrzewa.pl\/?p=11677"},"modified":"2019-09-19T15:27:49","modified_gmt":"2019-09-19T13:27:49","slug":"warsztat-krzyczymy-w-obronie-zwierzat-klimatu-i-czlowieka","status":"publish","type":"post","link":"https:\/\/archiwum.swietodrzewa.pl\/?p=11677","title":{"rendered":"Warsztat \u201eKrzyczymy w obronie zwierz\u0105t, klimatu i cz\u0142owieka!\u201d"},"content":{"rendered":"<p><strong>Igrzyska Wolno\u015bci, kt\u00f3re odby\u0142y si\u0119 13-15 wrze\u015bnia w Atlas Arenie w \u0141odzi, to spotkanie ludzi kultury, polityki, biznesu oraz przedstawicieli r\u00f3\u017cnorodnych \u015brodowisk spo\u0142ecznych. To w\u0142a\u015bnie w takich miejscach, gdzie rozmawia\u0107 ze sob\u0105 mog\u0105 ludzie o bardzo odmiennych pogl\u0105dach, wykuwaj\u0105 si\u0119 pomys\u0142y mog\u0105ce unie\u015b\u0107 wyzwania wsp\u00f3\u0142czesno\u015bci. W programie wydarzenia&nbsp; znalaz\u0142 si\u0119 warsztat \u201eKrzyczymy w obronie zwierz\u0105t, klimatu i cz\u0142owieka!&#8221;, kt\u00f3ry odby\u0142 si\u0119 w sobot\u0119 14 wrze\u015bnia, a poprowadzili go wsp\u00f3lnie Jacek Bo\u017cek z Klubu Gaja oraz&nbsp;Karolina Kuszlewicz &#8211; adwokatka i rzeczniczka praw zwierz\u0105t i Marcin Urbaniak &#8211; etyk i filozof.<br \/>\n<\/strong><!--more--><br \/>\n<a href=\"http:\/\/swietodrzewa.pl\/wp-content\/uploads\/2019\/09\/70919370_2750840011593768_1955951643019182080_n.jpg\"><img loading=\"lazy\" class=\"alignleft size-medium wp-image-11684\" src=\"http:\/\/swietodrzewa.pl\/wp-content\/uploads\/2019\/09\/70919370_2750840011593768_1955951643019182080_n-300x197.jpg\" alt=\"\" width=\"300\" height=\"197\" srcset=\"https:\/\/archiwum.swietodrzewa.pl\/wp-content\/uploads\/2019\/09\/70919370_2750840011593768_1955951643019182080_n-300x197.jpg 300w, https:\/\/archiwum.swietodrzewa.pl\/wp-content\/uploads\/2019\/09\/70919370_2750840011593768_1955951643019182080_n-768x504.jpg 768w, https:\/\/archiwum.swietodrzewa.pl\/wp-content\/uploads\/2019\/09\/70919370_2750840011593768_1955951643019182080_n.jpg 960w\" sizes=\"(max-width: 300px) 100vw, 300px\" \/><\/a>W zmieniaj\u0105cym si\u0119 gwa\u0142townie \u015bwiecie chwile refleksji s\u0105 nam niezb\u0119dne do utrzymania kontaktu z otaczaj\u0105c\u0105 nas rzeczywisto\u015bci\u0105. Tym bardziej, \u017ce wszystko wok\u00f3\u0142 jest ze sob\u0105 \u015bci\u015ble powi\u0105zane i cz\u0119sto pozostaj\u0105c nieuwa\u017cnym zapominamy o naszym wp\u0142ywie na innych i planet\u0119. &nbsp;Podczas warsztatu wsp\u00f3lnie zastanawiali\u015bmy si\u0119 nie tylko nad kondycj\u0105 \u015bwiata, w kt\u00f3rym przysz\u0142o nam \u017cy\u0107, ale tak\u017ce nad tym co mo\u017cemy dla niego zrobi\u0107 sami i wsp\u00f3lnie z innymi lud\u017ami.<a href=\"http:\/\/swietodrzewa.pl\/wp-content\/uploads\/2019\/09\/70687994_2750841348260301_100430633326608384_n.jpg\"><img loading=\"lazy\" class=\"alignright size-medium wp-image-11682\" src=\"http:\/\/swietodrzewa.pl\/wp-content\/uploads\/2019\/09\/70687994_2750841348260301_100430633326608384_n-300x200.jpg\" alt=\"\" width=\"300\" height=\"200\" srcset=\"https:\/\/archiwum.swietodrzewa.pl\/wp-content\/uploads\/2019\/09\/70687994_2750841348260301_100430633326608384_n-300x200.jpg 300w, https:\/\/archiwum.swietodrzewa.pl\/wp-content\/uploads\/2019\/09\/70687994_2750841348260301_100430633326608384_n-768x512.jpg 768w, https:\/\/archiwum.swietodrzewa.pl\/wp-content\/uploads\/2019\/09\/70687994_2750841348260301_100430633326608384_n.jpg 960w\" sizes=\"(max-width: 300px) 100vw, 300px\" \/><\/a><\/p>\n<p>Warsztat \u201eKrzyczymy w obronie zwierz\u0105, klimatu i cz\u0142owieka!\u201d mia\u0142 tak\u017ce na celu zwr\u00f3cenie uwagi uczestnik\u00f3w na ich indywidualne wybory i postawy. Pomaganie zwierz\u0119tom, planecie czy ludziom nie musi od razu \u0142\u0105czy\u0107 si\u0119 z r\u00f3\u017cnymi formami aktywizmu. Czasem wystarczy by\u0107 \u015bwiadomym konsumentem i obywatelem, co nie jest takie proste w szumie informacyjnym i szale\u0144stwie konsumpcji. <a href=\"http:\/\/swietodrzewa.pl\/wp-content\/uploads\/2019\/09\/70402324_2750840048260431_7528368776945860608_n.jpg\"><img loading=\"lazy\" class=\"alignleft size-medium wp-image-11681\" src=\"http:\/\/swietodrzewa.pl\/wp-content\/uploads\/2019\/09\/70402324_2750840048260431_7528368776945860608_n-300x200.jpg\" alt=\"\" width=\"300\" height=\"200\" srcset=\"https:\/\/archiwum.swietodrzewa.pl\/wp-content\/uploads\/2019\/09\/70402324_2750840048260431_7528368776945860608_n-300x200.jpg 300w, https:\/\/archiwum.swietodrzewa.pl\/wp-content\/uploads\/2019\/09\/70402324_2750840048260431_7528368776945860608_n-768x512.jpg 768w, https:\/\/archiwum.swietodrzewa.pl\/wp-content\/uploads\/2019\/09\/70402324_2750840048260431_7528368776945860608_n.jpg 960w\" sizes=\"(max-width: 300px) 100vw, 300px\" \/><\/a>Odwo\u0142ywanie si\u0119 do emocji i wiedzy daje nam mo\u017cliwo\u015bci wzmocnienia przekazu i dzia\u0142ania w sferze ekologii czy praw i dobrostanu zwierz\u0105t. Tak te\u017c poprowadzony by\u0142 warsztat, kt\u00f3rego efektem by\u0142o wiele pomys\u0142\u00f3w na wsp\u00f3lne dzia\u0142anie na wielu p\u0142aszczyznach. Prawnej, kampanijnej czy relacji mi\u0119dzyludzkich.<\/p>\n<p>Dzi\u0119kujemy wszystkim uczestnikom!<\/p>\n<p><a href=\"https:\/\/www.facebook.com\/media\/set\/?set=ms.c.eJxFkNsNxEAIAzs6AebZf2MnSCC~%3Bo7HxroRRIjO1JIT1Jw2UQClOSvYAZMZj2BpRDUiwgH1A~_guYozvAuQZRG0yyBpSt4NhSJh7gF3FrEPQOQ~_etkHodmhMRXgNzVus6bN6C~%3BK6olnitgcqaiPotnWHhFzFvQ6LuP~_YtIrIdTDPM6g~_m9ETV.bps.a.2750838514927251&amp;type=1&amp;__xts__[0]=68.ARAY08-wkq2arge-Ajtebtf9PeopWeU5dFOUsIcsFk6EDg3PDh_OaGr_-T-gfrwO7874kIsBDuf0MBjIzeF3z-KFjoGnbNfvB7caTmINIGp2_5l0VsJ-dMi5pufRbUcED2sh_gI5N0lqK9P3gqNwyGfIj934vloWbUH9I1OkvrBgdatIgob4rO-qawpvKTR-PpWoNmiRrFREdwDoHReqFgkjiTPjbuUnP3FVNBtEMncubBZ4OXDH3YG_VP5XNGmRaKmV9Ghzcsqb5kcdUSdi26DbB1d6UKP84QjxuoQukjEUZ5P1FpibgZmbEkO1AEozGhJngu_TVT_H1blXnM-fhTaznsU84PiFjX2vpB4-eh2KrczMQYJVJCxAxqy3W_b_A2Km-bkpePLeyOQo-e0LDFGRUdZSF3KncJ-3LH6HyCWiQDgmjgarUQinQT6DUvxb7qldiWf02A_3jKAhrlxGb3IHYSODh-pNuAsLNyaFReh1E2Zh164Dj2l4hu-OeUgP4Dj4pO8J&amp;__tn__=HH-R\">Zobacz fotorelacj\u0119 na FB &gt;&gt;&gt;<\/a><\/p>\n","protected":false},"excerpt":{"rendered":"<p>Igrzyska Wolno\u015bci, kt\u00f3re odby\u0142y si\u0119 13-15 wrze\u015bnia w Atlas Arenie w \u0141odzi, to spotkanie ludzi kultury, polityki, biznesu oraz przedstawicieli r\u00f3\u017cnorodnych \u015brodowisk spo\u0142ecznych. To w\u0142a\u015bnie w takich miejscach, gdzie rozmawia\u0107 ze sob\u0105 mog\u0105 ludzie o bardzo odmiennych pogl\u0105dach, wykuwaj\u0105 si\u0119 pomys\u0142y mog\u0105ce unie\u015b\u0107 wyzwania wsp\u00f3\u0142czesno\u015bci. W programie wydarzenia&nbsp; znalaz\u0142 si\u0119 warsztat \u201eKrzyczymy w obronie zwierz\u0105t, [&hellip;]<\/p>\n","protected":false},"author":3,"featured_media":11683,"comment_status":"closed","ping_status":"closed","sticky":false,"template":"","format":"standard","meta":{"ngg_post_thumbnail":0},"categories":[1],"tags":[],"_links":{"self":[{"href":"https:\/\/archiwum.swietodrzewa.pl\/index.php?rest_route=\/wp\/v2\/posts\/11677"}],"collection":[{"href":"https:\/\/archiwum.swietodrzewa.pl\/index.php?rest_route=\/wp\/v2\/posts"}],"about":[{"href":"https:\/\/archiwum.swietodrzewa.pl\/index.php?rest_route=\/wp\/v2\/types\/post"}],"author":[{"embeddable":true,"href":"https:\/\/archiwum.swietodrzewa.pl\/index.php?rest_route=\/wp\/v2\/users\/3"}],"replies":[{"embeddable":true,"href":"https:\/\/archiwum.swietodrzewa.pl\/index.php?rest_route=%2Fwp%2Fv2%2Fcomments&post=11677"}],"version-history":[{"count":4,"href":"https:\/\/archiwum.swietodrzewa.pl\/index.php?rest_route=\/wp\/v2\/posts\/11677\/revisions"}],"predecessor-version":[{"id":11686,"href":"https:\/\/archiwum.swietodrzewa.pl\/index.php?rest_route=\/wp\/v2\/posts\/11677\/revisions\/11686"}],"wp:featuredmedia":[{"embeddable":true,"href":"https:\/\/archiwum.swietodrzewa.pl\/index.php?rest_route=\/wp\/v2\/media\/11683"}],"wp:attachment":[{"href":"https:\/\/archiwum.swietodrzewa.pl\/index.php?rest_route=%2Fwp%2Fv2%2Fmedia&parent=11677"}],"wp:term":[{"taxonomy":"category","embeddable":true,"href":"https:\/\/archiwum.swietodrzewa.pl\/index.php?rest_route=%2Fwp%2Fv2%2Fcategories&post=11677"},{"taxonomy":"post_tag","embeddable":true,"href":"https:\/\/archiwum.swietodrzewa.pl\/index.php?rest_route=%2Fwp%2Fv2%2Ftags&post=11677"}],"curies":[{"name":"wp","href":"https:\/\/api.w.org\/{rel}","templated":true}]}}