{"id":11692,"date":"2019-10-02T07:00:51","date_gmt":"2019-10-02T05:00:51","guid":{"rendered":"http:\/\/swietodrzewa.pl\/?p=11692"},"modified":"2019-11-02T21:09:00","modified_gmt":"2019-11-02T20:09:00","slug":"swieto-drzewa-dla-klimatu","status":"publish","type":"post","link":"https:\/\/archiwum.swietodrzewa.pl\/?p=11692","title":{"rendered":"\u015awi\u0119to Drzewa dla klimatu!"},"content":{"rendered":"<p><strong>\u201eDrzewa dla klimatu\u201d to has\u0142o 17. edycji programu \u015awi\u0119to Drzewa Klubu Gaja. W tym roku chcemy zaktywizowa\u0107 Polki i Polak\u00f3w do podejmowania lokalnych akcji sadzenia i ochrony drzew z przes\u0142aniem ochrony klimatu i r\u00f3\u017cnorodno\u015bci biologicznej. Og\u00f3lnopolska inauguracja 17.&nbsp; \u015awi\u0119ta Drzewa odb\u0119dzie si\u0119 w Warszawie, w S\u0142u\u017cewskim Domu Kultury, 10 pa\u017adziernika (czwartek) o godz. 11.30<\/strong>. <strong>W programie m.in. sadzenie drzew owocowych \u2013 jab\u0142oni, \u015bliw i wi\u015bni <\/strong><strong>z Ambasadorem \u015awi\u0119ta Drzewa \u2013 aktorem Bart\u0142omiejem Top\u0105, Laureatami konkurs\u00f3w i Go\u015b\u0107mi. To pocz\u0105tek og\u00f3lnopolskiej akcji, w kt\u00f3r\u0105 w\u0142\u0105czaj\u0105 si\u0119 m.in. przedszkola, szko\u0142y, samorz\u0105dy i firmy. Klub Gaja wraz z Partnerami organizowa\u0107 b\u0119dzie \u015awi\u0119to Drzewa tak\u017ce w Sosnowcu (3.10.), Katowicach (16.10), Bielsku-Bia\u0142ej (18.10), Ustroniu (21.10) i Krakowie (23.10)<\/strong>.<strong> Ka\u017cdy mo\u017ce posadzi\u0107 drzewo i do\u0142\u0105czy\u0107 do \u015awi\u0119ta Drzewa! Zapraszamy!<br \/>\n<\/strong><!--more--><\/p>\n<p><a href=\"http:\/\/swietodrzewa.pl\/wp-content\/uploads\/2019\/10\/plakat.jpg\"><img loading=\"lazy\" class=\"alignleft size-medium wp-image-11695\" src=\"http:\/\/swietodrzewa.pl\/wp-content\/uploads\/2019\/10\/plakat-210x300.jpg\" alt=\"\" width=\"210\" height=\"300\" srcset=\"https:\/\/archiwum.swietodrzewa.pl\/wp-content\/uploads\/2019\/10\/plakat-210x300.jpg 210w, https:\/\/archiwum.swietodrzewa.pl\/wp-content\/uploads\/2019\/10\/plakat.jpg 717w\" sizes=\"(max-width: 210px) 100vw, 210px\" \/><\/a>Drzewa nie tylko produkuj\u0105 tlen i oczyszczaj\u0105 powietrze, kt\u00f3rym oddychamy. Drzewa to tak\u017ce wi\u0119ksza r\u00f3\u017cnorodno\u015b\u0107 biologiczna, mniejszy ha\u0142as, ochrona przed wiatrem, s\u0142o\u0144cem oraz pi\u0119kna przestrze\u0144 wok\u00f3\u0142 nas. Dlatego, jak co roku, 10 pa\u017adziernika Klub Gaja zach\u0119ca wszystkich&nbsp;do w\u0142\u0105czenia si\u0119 w program \u015awi\u0119to Drzewa \u2013 szerokiej edukacji ekologicznej popartej realnym dzia\u0142aniem \u2013 sadzeniem i ochron\u0105 drzew. Ka\u017cdy mo\u017ce posadzi\u0107 drzewo i wpisa\u0107 je do licznika posadzonych drzew na stronie <a href=\"http:\/\/swietodrzewa.pl\/\">swietodrzewa.pl<\/a>. Dzi\u0119ki programowi \u015awi\u0119to Drzewa uczestnicy posadzili ju\u017c blisko <strong>900 tysi\u0119cy drzew!<\/strong><\/p>\n<p>\u201ePrzyroda pomaga nam w adaptacji do zmian klimatu i \u0142agodzenia ich skutk\u00f3w. Dlatego powinni\u015bmy j\u0105 chroni\u0107 i odtwarza\u0107 zniszczone ekosystemy, a sadzenie drzew pozostaje jednym z najbardziej skutecznych sposob\u00f3w przeciwdzia\u0142ania zmianom klimatu. Dzia\u0142anie zgodne z natur\u0105, a nie przeciwko niej, mo\u017ce przynie\u015b\u0107 korzy\u015bci nam wszystkim\u201d\u2013 podkre\u015bla <strong>Jolanta Migda\u0142<\/strong> z Klubu Gaja, koordynatorka programu \u015awi\u0119to Drzewa.<\/p>\n<p>Dr hab. <strong>Zbigniew Karaczun<\/strong>, profesor SGGW, dodaje \u2013 \u201eDrzewa, zar\u00f3wno te stare, jak i te dopiero sadzone, odgrywaj\u0105 ogromn\u0105 rol\u0119 w ochronie klimatu. Poch\u0142aniaj\u0105 z atmosfery w\u0119giel (w postaci CO<sub>2<\/sub>) i trwale wi\u0105\u017c\u0105 go w biomasie. Ju\u017c dzi\u015b, bez szkody dla produkcji \u017cywno\u015bci, mogliby\u015bmy zalesi\u0107 oko\u0142o 900 milion\u00f3w hektar\u00f3w, co pozwoli\u0142oby na zmagazynowanie w biomasie oko\u0142o 200 miliard\u00f3w ton w\u0119gla, obni\u017cenie jego ilo\u015bci w atmosferze o oko\u0142o 25%. Umo\u017cliwi\u0142oby to osi\u0105gni\u0119cie celu Porozumienia Paryskiego \u2013 powstrzymanie wzrostu \u015bredniej temperatury Ziemi na poziomie poni\u017cej 1,5<sup>o<\/sup> C\u201d.<\/p>\n<p><strong>Og\u00f3lnopolska inauguracja 17. \u015awi\u0119ta Drzewa w Warszawie:<a href=\"http:\/\/swietodrzewa.pl\/wp-content\/uploads\/2019\/10\/fot.jpg\"><img loading=\"lazy\" class=\"alignright size-medium wp-image-11693\" src=\"http:\/\/swietodrzewa.pl\/wp-content\/uploads\/2019\/10\/fot-300x200.jpg\" alt=\"\" width=\"300\" height=\"200\" srcset=\"https:\/\/archiwum.swietodrzewa.pl\/wp-content\/uploads\/2019\/10\/fot-300x200.jpg 300w, https:\/\/archiwum.swietodrzewa.pl\/wp-content\/uploads\/2019\/10\/fot-768x511.jpg 768w, https:\/\/archiwum.swietodrzewa.pl\/wp-content\/uploads\/2019\/10\/fot.jpg 960w\" sizes=\"(max-width: 300px) 100vw, 300px\" \/><\/a> <\/strong><\/p>\n<ul>\n<li><strong>10 pa\u017adziernika, godz.11.30, w S\u0142u\u017cewskim Domu Kultury w Warszawie <\/strong>Klub Gaja wsp\u00f3lnie z Ambasadorem \u015awi\u0119ta Drzewa \u2013 aktorem Bart\u0142omiejem Top\u0105, Laureatami konkurs\u00f3w, Partnerami i Go\u015b\u0107mi zasadzi 7 drzew \u2013 jab\u0142onie, \u015bliwy i wi\u015bnie japo\u0144skie. Wydarzenie organizowane jest przez Klub Gaja we wsp\u00f3\u0142pracy z m.st. Warszawa i Lasami Pa\u0144stwowymi, kt\u00f3re od 17 lat wspieraj\u0105 lokalne spo\u0142eczno\u015bci w organizacji \u015awi\u0119ta Drzewa ca\u0142ym kraju. Inauguracji towarzyszy\u0107 b\u0119dzie wystawa prac Zofii Lasockiej \u201eDrzewo \u2013Przyjaciel\u201d. Podczas wydarzenia wr\u0119czone zostan\u0105 tak\u017ce nagrody. Laureatami konkursu Czarodziejskie Drzewo s\u0105 najaktywniejsi organizatorzy lokalnych akcji zach\u0119caj\u0105cych do sadzenia i ochrony drzew. Uczestnicy zaanga\u017cowani w zbi\u00f3rk\u0119 makulatury otrzymaj\u0105 nagrody Pegaza. Statuetka Drzewa Roku trafi do autora zwyci\u0119skiego zg\u0142oszenia w konkursie, w kt\u00f3rym poszukujemy drzew najbardziej cenionych przez spo\u0142eczno\u015bci lokalne.<\/li>\n<\/ul>\n<p><strong>Kolejne akcje sadzenia drzew Klubu Gaja wraz z partnerami odb\u0119d\u0105 si\u0119:<\/strong><\/p>\n<ul>\n<li><strong>3 pa\u017adziernika w Sosnowcu, <\/strong>Klub Gaja razem z sieci\u0105 sklep\u00f3w spo\u017cywczych ALDI \u2013 Partnerem Strategicznym \u015awi\u0119ta Drzewa, dzie\u0107mi i m\u0142odzie\u017c\u0105 z niepe\u0142nosprawno\u015bci\u0105 intelektualn\u0105 z Zespo\u0142u Szk\u00f3\u0142 Specjalnych nr 4, nauczycielami, rodzicami i wolontariuszami posadzi w przyszkolnym Ogrodzie Polisensorycznym mocno pachn\u0105ce ro\u015bliny. Nasadzenia pos\u0142u\u017c\u0105 rehabilitacji i wypoczynkowi, stworz\u0105 tak\u017ce zak\u0105tki dla dzikich zapylaczy.<\/li>\n<li><strong>16 pa\u017adziernika<\/strong> <strong>w Katowicach<\/strong>, odb\u0119dzie si\u0119 inauguracja \u015awi\u0119ta Drzewa na \u015al\u0105sku. We wsp\u00f3\u0142pracy z partnerami m.in. C&amp;A Foundation, Miastem Katowice, Uniwersytetem \u015al\u0105skim i Funduszem Partnerstwa, sieci\u0105 sklep\u00f3w ALDI, posadzone zostan\u0105 brzozy oraz krzewy i byliny przyjazne owadom zapylaj\u0105cym na skwerze przed Centrum Informacji Naukowej i Bibliotek\u0105 Akademick\u0105. Akcji towarzyszy\u0107 b\u0119d\u0105 m.in. warsztaty budowy dom\u00f3w dla motyli oraz happening \u201eDodaj mi skrzyd\u0142a<strong><sup>\u201d<\/sup>.<\/strong><\/li>\n<li><strong>18 pa\u017adziernika<\/strong> <strong>w Bielsku-Bia\u0142ej<\/strong> na \u017bywieckim Przedmie\u015bciu, we wsp\u00f3\u0142pracy z Miastem Bielsko-Bia\u0142a i Rad\u0105 Osiedla Bielsko-Po\u0142udnie posadzimy wraz z mieszka\u0144cami i uczniami z bielskich szk\u00f3\u0142 drzewa, krzewy i byliny miododajne. Stworzymy park kopertowy z zak\u0105tkami dla motyli i dzikich pszcz\u00f3\u0142 \u2013 murarek ogrodowych.<\/li>\n<li><strong>21 pa\u017adziernika<\/strong> w Ustroniu odb\u0119dzie si\u0119 akcja sadzenia drzew i krzew\u00f3w we wsp\u00f3\u0142pracy z Kolej\u0105 Linow\u0105 Czantoria, po\u0142\u0105czona z warsztatami edukacyjnymi, podczas kt\u00f3rych uczestnicy zbuduj\u0105 budki l\u0119gowe dla owad\u00f3w zapylaj\u0105cych.<\/li>\n<li><strong>23 pa\u017adziernika w Krakowie <\/strong>Klub Gaja wraz z m\u0142odzie\u017c\u0105 z I LO im. Bart\u0142omieja Nowodworskiego zorganizuje krakowskie \u015awi\u0119to Drzewa.<\/li>\n<\/ul>\n<p>\u015awi\u0119to Drzewa to nie tylko sadzenie drzew, ale wiele r\u00f3\u017cnorodnych dzia\u0142a\u0144 wok\u00f3\u0142 drzew i dla drzew. Zach\u0119camy do otaczania ich opiek\u0105, szukania drzew \u2013 \u015bwiadk\u00f3w historii, organizowania lekcji tematycznych, warsztat\u00f3w, konkurs\u00f3w i happening\u00f3w na temat roli drzew w przeciwdzia\u0142aniu zmianom klimatu oraz wsp\u00f3lnego \u015bwi\u0119towania. Wszyscy, kt\u00f3rzy zg\u0142osz\u0105 si\u0119 do \u015awi\u0119ta Drzewa otrzymaj\u0105 materia\u0142y edukacyjne.<\/p>\n<p><a href=\"http:\/\/www.swietodrzewa.pl\/zgloszenie2019\/\">Zg\u0142o\u015b sw\u00f3j udzia\u0142 w \u015awi\u0119cie Drzewa 2019 &gt;&gt;&gt;&gt;<\/a><\/p>\n<p><strong>\u015awi\u0119to Drzewa 2019<br \/>\nPartnerzy strategiczni:<\/strong>&nbsp;Lasy Pa\u0144stwowe, Trillion Tree Campaign, Davines, ALDI.<br \/>\n<strong>Partnerzy:<\/strong>&nbsp;Troton, C&amp;A Foundation, Environmental Partnership Association, Europejskie Drzewo Roku.<br \/>\n<strong>Wsp\u00f3\u0142praca:<\/strong>&nbsp;Partnerstwo dla Klimatu, S\u0142u\u017cewski Dom Kultury, Miasto Katowice, Uniwersytet \u015al\u0105ski w Katowicach, Centrum Informacji Naukowej i Biblioteka Akademicka, Miasto Bielsko-Bia\u0142a, Rada Osiedla Bielsko Po\u0142udnie, LeasePlan, DHL Parcel Polska, DHL Express Polska, Fundusz Partnerstwa, Clean Advantage, Kolej Linowa Czantoria, I LO im. Bart\u0142omieja Nowodworskiego w Krakowie.<\/p>\n<p>Na zdj\u0119ciu: Ambasador \u015awi\u0119ta Drzewa &#8211; aktor Bart\u0142omiej Topa sadzi drzewo podczas inauguracji \u015awi\u0119ta Drzewa w Warszawie w 2018 r. Fot. Klub Gaja<\/p>\n<p><a href=\"http:\/\/swietodrzewa.pl\/wp-content\/uploads\/2019\/10\/Logotypy-SD-2019.jpg\"><img loading=\"lazy\" class=\"alignleft  wp-image-11789\" src=\"http:\/\/swietodrzewa.pl\/wp-content\/uploads\/2019\/10\/Logotypy-SD-2019-300x129.jpg\" alt=\"\" width=\"549\" height=\"236\" srcset=\"https:\/\/archiwum.swietodrzewa.pl\/wp-content\/uploads\/2019\/10\/Logotypy-SD-2019-300x129.jpg 300w, https:\/\/archiwum.swietodrzewa.pl\/wp-content\/uploads\/2019\/10\/Logotypy-SD-2019-768x330.jpg 768w, https:\/\/archiwum.swietodrzewa.pl\/wp-content\/uploads\/2019\/10\/Logotypy-SD-2019-1024x440.jpg 1024w, https:\/\/archiwum.swietodrzewa.pl\/wp-content\/uploads\/2019\/10\/Logotypy-SD-2019.jpg 1772w\" sizes=\"(max-width: 549px) 100vw, 549px\" \/><\/a><\/p>\n","protected":false},"excerpt":{"rendered":"<p>\u201eDrzewa dla klimatu\u201d to has\u0142o 17. edycji programu \u015awi\u0119to Drzewa Klubu Gaja. W tym roku chcemy zaktywizowa\u0107 Polki i Polak\u00f3w do podejmowania lokalnych akcji sadzenia i ochrony drzew z przes\u0142aniem ochrony klimatu i r\u00f3\u017cnorodno\u015bci biologicznej. Og\u00f3lnopolska inauguracja 17.&nbsp; \u015awi\u0119ta Drzewa odb\u0119dzie si\u0119 w Warszawie, w S\u0142u\u017cewskim Domu Kultury, 10 pa\u017adziernika (czwartek) o godz. 11.30. W [&hellip;]<\/p>\n","protected":false},"author":3,"featured_media":11697,"comment_status":"closed","ping_status":"closed","sticky":false,"template":"","format":"standard","meta":{"ngg_post_thumbnail":0},"categories":[1],"tags":[],"_links":{"self":[{"href":"https:\/\/archiwum.swietodrzewa.pl\/index.php?rest_route=\/wp\/v2\/posts\/11692"}],"collection":[{"href":"https:\/\/archiwum.swietodrzewa.pl\/index.php?rest_route=\/wp\/v2\/posts"}],"about":[{"href":"https:\/\/archiwum.swietodrzewa.pl\/index.php?rest_route=\/wp\/v2\/types\/post"}],"author":[{"embeddable":true,"href":"https:\/\/archiwum.swietodrzewa.pl\/index.php?rest_route=\/wp\/v2\/users\/3"}],"replies":[{"embeddable":true,"href":"https:\/\/archiwum.swietodrzewa.pl\/index.php?rest_route=%2Fwp%2Fv2%2Fcomments&post=11692"}],"version-history":[{"count":4,"href":"https:\/\/archiwum.swietodrzewa.pl\/index.php?rest_route=\/wp\/v2\/posts\/11692\/revisions"}],"predecessor-version":[{"id":11875,"href":"https:\/\/archiwum.swietodrzewa.pl\/index.php?rest_route=\/wp\/v2\/posts\/11692\/revisions\/11875"}],"wp:featuredmedia":[{"embeddable":true,"href":"https:\/\/archiwum.swietodrzewa.pl\/index.php?rest_route=\/wp\/v2\/media\/11697"}],"wp:attachment":[{"href":"https:\/\/archiwum.swietodrzewa.pl\/index.php?rest_route=%2Fwp%2Fv2%2Fmedia&parent=11692"}],"wp:term":[{"taxonomy":"category","embeddable":true,"href":"https:\/\/archiwum.swietodrzewa.pl\/index.php?rest_route=%2Fwp%2Fv2%2Fcategories&post=11692"},{"taxonomy":"post_tag","embeddable":true,"href":"https:\/\/archiwum.swietodrzewa.pl\/index.php?rest_route=%2Fwp%2Fv2%2Ftags&post=11692"}],"curies":[{"name":"wp","href":"https:\/\/api.w.org\/{rel}","templated":true}]}}