{"id":11751,"date":"2019-10-11T18:29:39","date_gmt":"2019-10-11T16:29:39","guid":{"rendered":"http:\/\/swietodrzewa.pl\/?p=11751"},"modified":"2019-11-02T21:11:06","modified_gmt":"2019-11-02T20:11:06","slug":"inauguracja-17-swieta-drzewa-w-warszawie","status":"publish","type":"post","link":"https:\/\/archiwum.swietodrzewa.pl\/?p=11751","title":{"rendered":"Inauguracja 17. \u015awi\u0119ta Drzewa w Warszawie"},"content":{"rendered":"<p><strong>10 pa\u017adziernika ruszy\u0142a 17. edycja programu Klubu Gaja \u015awi\u0119ta Drzewa, do kt\u00f3rej w\u0142\u0105czaj\u0105 si\u0119 m.in. przedszkola, szko\u0142y, samorz\u0105dy i firmy, kt\u00f3re chc\u0105 sadzi\u0107 i chroni\u0107 drzewa w swojej okolicy. Tegoroczne has\u0142o brzmi \u201eDrzewa dla klimatu\u201d. Og\u00f3lnopolska inauguracja odby\u0142a si\u0119 w Warszawie, w S\u0142u\u017cewskim Domu Kultury. Klub Gaja wsp\u00f3lnie z ambasadorami <\/strong>\u2013 <strong>aktorami: Dagmar\u0105 B\u0105k i Bart\u0142omiejem Top\u0105, gospodarzami, laureatami konkurs\u00f3w, partnerami i go\u015b\u0107mi posadzi\u0142 7 drzew owocowych w zagrodzie dla k\u00f3z! <\/strong><!--more--><\/p>\n<p><a href=\"http:\/\/swietodrzewa.pl\/wp-content\/uploads\/2019\/10\/2.jpg\"><img loading=\"lazy\" class=\"alignleft size-medium wp-image-11753\" src=\"http:\/\/swietodrzewa.pl\/wp-content\/uploads\/2019\/10\/2-300x200.jpg\" alt=\"\" width=\"300\" height=\"200\" srcset=\"https:\/\/archiwum.swietodrzewa.pl\/wp-content\/uploads\/2019\/10\/2-300x200.jpg 300w, https:\/\/archiwum.swietodrzewa.pl\/wp-content\/uploads\/2019\/10\/2-768x513.jpg 768w, https:\/\/archiwum.swietodrzewa.pl\/wp-content\/uploads\/2019\/10\/2-1024x684.jpg 1024w, https:\/\/archiwum.swietodrzewa.pl\/wp-content\/uploads\/2019\/10\/2.jpg 2048w\" sizes=\"(max-width: 300px) 100vw, 300px\" \/><\/a> Inauguracja \u015awi\u0119ta Drzewa tradycyjnie rozpocz\u0119\u0142a si\u0119 konferencj\u0105 prasow\u0105 w plenerze. M\u00f3wili\u015bmy o konieczno\u015bci wsp\u00f3\u0142pracy. Nie przypadkowo wybrano tegoroczne has\u0142o \u015awi\u0119ta Drzewa. Katastrofa klimatyczna dzieje si\u0119 na naszych oczach. Coraz cz\u0119\u015bciej dotykaj\u0105 nas ekstremalne zjawiska pogodowe. Nie mo\u017cemy zwleka\u0107 z podejmowaniem natychmiastowych decyzji i dzia\u0142a\u0144. Sadzenie drzew to konkretna aktywno\u015b\u0107.<\/p>\n<p>\u201e\u017byjemy w biologicznej symbiozie. By j\u0105 utrzyma\u0107 musimy o ni\u0105 zadba\u0107! Sadzenie drzew to nasz obowi\u0105zek! To ju\u017c nie jest temat rozwa\u017cany w kategoriach <em>chcemy &#8211; nie chcemy<\/em>, <em>mo\u017cemy &#8211; nie mo\u017cemy<\/em>. My musimy sadzi\u0107 drzewa! To nasz cywilizacyjny priorytet!!!\u201d \u2013 m\u00f3wi\u0142 aktor <strong>Bart\u0142omiej Topa<\/strong>, ambasador \u015awi\u0119ta Drzewa.<a href=\"http:\/\/swietodrzewa.pl\/wp-content\/uploads\/2019\/10\/4.jpg\"><img loading=\"lazy\" class=\"alignright size-medium wp-image-11755\" src=\"http:\/\/swietodrzewa.pl\/wp-content\/uploads\/2019\/10\/4-300x200.jpg\" alt=\"\" width=\"300\" height=\"200\" srcset=\"https:\/\/archiwum.swietodrzewa.pl\/wp-content\/uploads\/2019\/10\/4-300x200.jpg 300w, https:\/\/archiwum.swietodrzewa.pl\/wp-content\/uploads\/2019\/10\/4-768x513.jpg 768w, https:\/\/archiwum.swietodrzewa.pl\/wp-content\/uploads\/2019\/10\/4-1024x684.jpg 1024w, https:\/\/archiwum.swietodrzewa.pl\/wp-content\/uploads\/2019\/10\/4.jpg 2048w\" sizes=\"(max-width: 300px) 100vw, 300px\" \/><\/a><\/p>\n<p>Jacek Bo\u017cek, za\u0142o\u017cyciel i szef Klubu Gaja, wielokrotnie w czasie inauguracji podkre\u015bla\u0142 znaczenie podejmowania wsp\u00f3lnych wysi\u0142k\u00f3w na rzecz ratowania naszej planety. Szukajmy sprzymierze\u0144c\u00f3w&nbsp; i nie ustawajmy. Program \u015awi\u0119to Drzewa to dobry przyk\u0142ad zaanga\u017cowania bardzo r\u00f3\u017cnych \u015brodowisk i bran\u017cy w ochron\u0119 klimatu i edukacj\u0119.<\/p>\n<p>\u201eNie mo\u017cemy ju\u017c d\u0142u\u017cej czeka\u0107. Sad\u017amy drzewa, zmieniajmy diet\u0119 na bezmi\u0119sn\u0105, b\u0105d\u017amy \u015bwiadomymi konsumentami. Ale nie zapominajmy o wywieraniu wp\u0142ywu na polityk\u00f3w i wielkie korporacje, bo to w\u0142a\u015bnie oni mog\u0105 zrobi\u0107 najwi\u0119cej na poziomie globalnym. Tego wymaga od nas sytuacja, w kt\u00f3rej znalaz\u0142 si\u0119 \u015bwiat\u201d \u2013 powiedzia\u0142 <strong>Jacek Bo\u017cek<\/strong>.<\/p>\n<p><a href=\"http:\/\/swietodrzewa.pl\/wp-content\/uploads\/2019\/10\/3.jpg\"><img loading=\"lazy\" class=\"alignleft size-medium wp-image-11754\" src=\"http:\/\/swietodrzewa.pl\/wp-content\/uploads\/2019\/10\/3-300x194.jpg\" alt=\"\" width=\"300\" height=\"194\" srcset=\"https:\/\/archiwum.swietodrzewa.pl\/wp-content\/uploads\/2019\/10\/3-300x194.jpg 300w, https:\/\/archiwum.swietodrzewa.pl\/wp-content\/uploads\/2019\/10\/3-768x496.jpg 768w, https:\/\/archiwum.swietodrzewa.pl\/wp-content\/uploads\/2019\/10\/3-1024x662.jpg 1024w, https:\/\/archiwum.swietodrzewa.pl\/wp-content\/uploads\/2019\/10\/3.jpg 1942w\" sizes=\"(max-width: 300px) 100vw, 300px\" \/><\/a>Uroczyste wr\u0119czanie nagr\u00f3d \u015awi\u0119ta Drzewa i podzi\u0119kowa\u0144 jak zwykle przerywane by\u0142o gromkim \u015bmiechem, gdy\u017c wi\u0119kszo\u015b\u0107 uczestnik\u00f3w wydarzenia z humorem opowiada\u0142o o swojej pracy i dokonaniach. Ca\u0142o\u015b\u0107 wydarzenia zako\u0144czy\u0142 wsp\u00f3lny wegetaria\u0144ski pocz\u0119stunek z prostym przes\u0142aniem, \u017ce to co jemy na co dzie\u0144 te\u017c ma niebagatelny wp\u0142yw na zmieniaj\u0105cy si\u0119 klimat i wymieranie gatunk\u00f3w. Dzi\u0119kujemy uczestnikom, kt\u00f3rzy przyjechali z ca\u0142ej Polski! Dzi\u0119kujemy przedstawicielom partner\u00f3w, kt\u00f3rzy z nami sadzili drzewa m.in.: m.st. Warszawa, Partnerstwu dla Klimatu, Lasom Pa\u0144stwowym, Davines, ALDI, C&amp;Fundation, LeasePlan i DHL.<\/p>\n<p>\u201eTradycyjnie w\u0142\u0105czamy si\u0119 do \u015awi\u0119ta Drzewa. Warszawianki, warszawiacy ceni\u0105 ziele\u0144, kt\u00f3ra zdobi miasto i s\u0142u\u017cy adaptacji do zmian klimatu. Ciesz\u0119 si\u0119, \u017ce program od lat anga\u017cuje tylu uczestnik\u00f3w, r\u00f3wnie\u017c tych najm\u0142odszych, ucz\u0105cych si\u0119 troszczy\u0107 o przyrod\u0119\u201d \u2013 powiedzia\u0142 <strong>Micha\u0142 Olszewski,<\/strong> wiceprezydent m.st. Warszawy.<a href=\"http:\/\/swietodrzewa.pl\/wp-content\/uploads\/2019\/10\/1.jpg\"><img loading=\"lazy\" class=\"alignright size-medium wp-image-11752\" src=\"http:\/\/swietodrzewa.pl\/wp-content\/uploads\/2019\/10\/1-300x200.jpg\" alt=\"\" width=\"300\" height=\"200\" srcset=\"https:\/\/archiwum.swietodrzewa.pl\/wp-content\/uploads\/2019\/10\/1-300x200.jpg 300w, https:\/\/archiwum.swietodrzewa.pl\/wp-content\/uploads\/2019\/10\/1-768x513.jpg 768w, https:\/\/archiwum.swietodrzewa.pl\/wp-content\/uploads\/2019\/10\/1-1024x684.jpg 1024w, https:\/\/archiwum.swietodrzewa.pl\/wp-content\/uploads\/2019\/10\/1.jpg 2048w\" sizes=\"(max-width: 300px) 100vw, 300px\" \/><\/a><\/p>\n<p>W Warszawie przygotowania do inauguracji rozpocz\u0119li\u015bmy wiele dni wcze\u015bniej, gdy\u017c wsp\u00f3\u0142pracuj\u0105ce z Klubem Gaja szko\u0142y i przedszkola zam\u00f3wi\u0142y sadzonki drzew i krzew\u00f3w, kt\u00f3re zosta\u0142y przywiezione do S\u0142u\u017cewskiego domu Kultury. Do akcji \u201eWarszawskie \u015awi\u0119to Drzewa \u2013 Milion drzew dla Warszawy\u201d do\u0142\u0105czy\u0142o ponad 100 plac\u00f3wek ze stolicy!&nbsp; Akcja cieszy si\u0119 du\u017cym zainteresowaniem, szko\u0142y odebra\u0142y ponad 1800 sadzonek jarz\u0119bin, bz\u00f3w czarnych oraz dzikich jab\u0142oni i grusz.<\/p>\n<p><a href=\"https:\/\/pl-pl.facebook.com\/pg\/Klub.Gaja\/photos\/?tab=album&amp;album_id=2797229023621533&amp;ref=page_internal\"><strong>ZOBACZ FOTORELACJ\u0118 ZE \u015aWI\u0118TA DRZEWA W WARSZAWIE &gt;&gt;&gt;&gt;<\/strong><\/a><\/p>\n<p>Fot. Klub Gaja\/ B.Tarnawa oraz&nbsp; Klub Gaja\/Vidoq<\/p>\n<p><strong>\u015awi\u0119to Drzewa 2019<\/strong><br \/>\n<strong>Partnerzy strategiczni:<\/strong> Lasy Pa\u0144stwowe, Trillion Tree Campaign, Davines, ALDI.<br \/>\n<strong>Partnerzy:<\/strong> Troton, C&amp;A Foundation, Environmental Partnership Association, Europejskie Drzewo Roku.<br \/>\n<strong>Wsp\u00f3\u0142praca: <\/strong>Partnerstwo dla Klimatu, S\u0142u\u017cewski Dom Kultury, Miasto Katowice, Uniwersytet \u015al\u0105ski w Katowicach, Centrum Informacji Naukowej i Biblioteka Akademicka, Miasto Bielsko-Bia\u0142a, Rada Osiedla Bielsko Po\u0142udnie, LeasePlan, DHL Parcel Polska, DHL Express Polska, Fundusz Partnerstwa, Clean Advantage, Kolej Linowa Czantoria, I LO im. Bart\u0142omieja Nowodworskiego w Krakowie.<\/p>\n<p><strong>Media o \u015awi\u0119cie Drzewa m.in.:<\/strong><\/p>\n<p><a href=\"https:\/\/www.radio.rzeszow.pl\/wiadomosci\/25735\/swieto-drzewa-na-podkarpaciu\">https:\/\/www.radio.rzeszow.pl\/wiadomosci\/25735\/swieto-drzewa-na-podkarpaciu<\/a><\/p>\n<p><a href=\"http:\/\/www.um.warszawa.pl\/en\/aktualnosci\/rozpocz-li-my-17-wi-drzewa\">http:\/\/www.um.warszawa.pl\/en\/aktualnosci\/rozpocz-li-my-17-wi-drzewa<\/a><\/p>\n<p><a href=\"https:\/\/www.radio.katowice.pl\/zobacz,45431,Bielscy-ekolodzy-ratuja-konie-prowadzone-na-rzez.html\">https:\/\/www.radio.katowice.pl\/zobacz,45431,Bielscy-ekolodzy-ratuja-konie-prowadzone-na-rzez.html<\/a><\/p>\n<p><a href=\"https:\/\/nowiny24.pl\/10-pazdziernika-to-swieto-drzewa-sprawdz-jak-bedzie-obchodzone-w-nadlesnictwach-rdlp-w-krosnie\/ar\/c1-14488951\">https:\/\/nowiny24.pl\/10-pazdziernika-to-swieto-drzewa-sprawdz-jak-bedzie-obchodzone-w-nadlesnictwach-rdlp-w-krosnie\/ar\/c1-14488951<\/a><\/p>\n<p><a href=\"http:\/\/www.faktykaliskie.pl\/wiadomosci\/ciekawostki\/zasadz-drzewo-z-okazji-jego-swieta-klub-gaja-zacheca-do-udzialu-w-17-edycji-akcji,1284.html\">http:\/\/www.faktykaliskie.pl\/wiadomosci\/ciekawostki\/zasadz-drzewo-z-okazji-jego-swieta-klub-gaja-zacheca-do-udzialu-w-17-edycji-akcji,1284.html<\/a><\/p>\n<p><a href=\"https:\/\/dabrowagornicza.naszemiasto.pl\/dabrowa-gornicza-obchody-swiatowego-dnia-drzewa-zdjecia\/ar\/c1-7375266\">https:\/\/dabrowagornicza.naszemiasto.pl\/dabrowa-gornicza-obchody-swiatowego-dnia-drzewa-zdjecia\/ar\/c1-7375266<\/a><\/p>\n<p><a href=\"https:\/\/kampaniespoleczne.pl\/inauguracja-swieta-drzewa-juz-jutro\/\">https:\/\/kampaniespoleczne.pl\/inauguracja-swieta-drzewa-juz-jutro\/<\/a><\/p>\n<p><a href=\"http:\/\/www.jaw.pl\/2019\/10\/dzis-swieto-drzewa\/\">http:\/\/www.jaw.pl\/2019\/10\/dzis-swieto-drzewa\/<\/a><\/p>\n<p><a href=\"http:\/\/swietodrzewa.pl\/wp-content\/uploads\/2019\/10\/Logotypy-SD-2019.jpg\"><img loading=\"lazy\" class=\"alignleft  wp-image-11789\" src=\"http:\/\/swietodrzewa.pl\/wp-content\/uploads\/2019\/10\/Logotypy-SD-2019-300x129.jpg\" alt=\"\" width=\"517\" height=\"222\" srcset=\"https:\/\/archiwum.swietodrzewa.pl\/wp-content\/uploads\/2019\/10\/Logotypy-SD-2019-300x129.jpg 300w, https:\/\/archiwum.swietodrzewa.pl\/wp-content\/uploads\/2019\/10\/Logotypy-SD-2019-768x330.jpg 768w, https:\/\/archiwum.swietodrzewa.pl\/wp-content\/uploads\/2019\/10\/Logotypy-SD-2019-1024x440.jpg 1024w, https:\/\/archiwum.swietodrzewa.pl\/wp-content\/uploads\/2019\/10\/Logotypy-SD-2019.jpg 1772w\" sizes=\"(max-width: 517px) 100vw, 517px\" \/><\/a><\/p>\n","protected":false},"excerpt":{"rendered":"<p>10 pa\u017adziernika ruszy\u0142a 17. edycja programu Klubu Gaja \u015awi\u0119ta Drzewa, do kt\u00f3rej w\u0142\u0105czaj\u0105 si\u0119 m.in. przedszkola, szko\u0142y, samorz\u0105dy i firmy, kt\u00f3re chc\u0105 sadzi\u0107 i chroni\u0107 drzewa w swojej okolicy. Tegoroczne has\u0142o brzmi \u201eDrzewa dla klimatu\u201d. Og\u00f3lnopolska inauguracja odby\u0142a si\u0119 w Warszawie, w S\u0142u\u017cewskim Domu Kultury. Klub Gaja wsp\u00f3lnie z ambasadorami \u2013 aktorami: Dagmar\u0105 B\u0105k i [&hellip;]<\/p>\n","protected":false},"author":3,"featured_media":11756,"comment_status":"closed","ping_status":"closed","sticky":false,"template":"","format":"standard","meta":{"ngg_post_thumbnail":0},"categories":[1],"tags":[],"_links":{"self":[{"href":"https:\/\/archiwum.swietodrzewa.pl\/index.php?rest_route=\/wp\/v2\/posts\/11751"}],"collection":[{"href":"https:\/\/archiwum.swietodrzewa.pl\/index.php?rest_route=\/wp\/v2\/posts"}],"about":[{"href":"https:\/\/archiwum.swietodrzewa.pl\/index.php?rest_route=\/wp\/v2\/types\/post"}],"author":[{"embeddable":true,"href":"https:\/\/archiwum.swietodrzewa.pl\/index.php?rest_route=\/wp\/v2\/users\/3"}],"replies":[{"embeddable":true,"href":"https:\/\/archiwum.swietodrzewa.pl\/index.php?rest_route=%2Fwp%2Fv2%2Fcomments&post=11751"}],"version-history":[{"count":2,"href":"https:\/\/archiwum.swietodrzewa.pl\/index.php?rest_route=\/wp\/v2\/posts\/11751\/revisions"}],"predecessor-version":[{"id":11876,"href":"https:\/\/archiwum.swietodrzewa.pl\/index.php?rest_route=\/wp\/v2\/posts\/11751\/revisions\/11876"}],"wp:featuredmedia":[{"embeddable":true,"href":"https:\/\/archiwum.swietodrzewa.pl\/index.php?rest_route=\/wp\/v2\/media\/11756"}],"wp:attachment":[{"href":"https:\/\/archiwum.swietodrzewa.pl\/index.php?rest_route=%2Fwp%2Fv2%2Fmedia&parent=11751"}],"wp:term":[{"taxonomy":"category","embeddable":true,"href":"https:\/\/archiwum.swietodrzewa.pl\/index.php?rest_route=%2Fwp%2Fv2%2Fcategories&post=11751"},{"taxonomy":"post_tag","embeddable":true,"href":"https:\/\/archiwum.swietodrzewa.pl\/index.php?rest_route=%2Fwp%2Fv2%2Ftags&post=11751"}],"curies":[{"name":"wp","href":"https:\/\/api.w.org\/{rel}","templated":true}]}}