{"id":11762,"date":"2019-10-12T09:41:21","date_gmt":"2019-10-12T07:41:21","guid":{"rendered":"http:\/\/swietodrzewa.pl\/?p=11762"},"modified":"2019-10-15T09:50:58","modified_gmt":"2019-10-15T07:50:58","slug":"zielone-plewiska-posadzily-drzewa","status":"publish","type":"post","link":"https:\/\/archiwum.swietodrzewa.pl\/?p=11762","title":{"rendered":"Zielone-Plewiska posadzi\u0142y drzewa"},"content":{"rendered":"<p><strong>W minion\u0105 sobot\u0119 12 pa\u017adziernika w ramach \u015awi\u0119ta Drzewa i akcji Zielone-Plewiska odby\u0142o si\u0119 kolejne wsp\u00f3lne sadzenie drzew przez mieszka\u0144c\u00f3w miejscowo\u015bci Plewiska, w bezpo\u015brednim s\u0105siedztwie Poznania.<br \/>\n<\/strong><\/p>\n<p><!--more-->Pogoda dopisa\u0142a! Tym razem zazieleni\u0142 si\u0119 teren wsp\u00f3lnoty Brzozowy Gaj. Przyby\u0142o tutaj 6 platan\u00f3w i 16 klon\u00f3w.<\/p>\n\n<div class=\"ngg-galleryoverview ngg-slideshow\"\n\tid=\"ngg-slideshow-1bdf3294c6abbe1a817cd64a0f469c1c-13185063910\"\n\tdata-gallery-id=\"1bdf3294c6abbe1a817cd64a0f469c1c\"\n\tstyle=\"max-width: 600px;\n\t\t\tmax-height: 450px;\n\t\t\tdisplay: none;\">\n\n\t\n\t\t<a href=\"https:\/\/archiwum.swietodrzewa.pl\/wp-content\/gallery\/zielone-plewiska\/20191012_121801.jpg\"\n\t\t\ttitle=\"\"\n\t\t\tdata-src=\"https:\/\/archiwum.swietodrzewa.pl\/wp-content\/gallery\/zielone-plewiska\/20191012_121801.jpg\"\n\t\t\tdata-thumbnail=\"https:\/\/archiwum.swietodrzewa.pl\/wp-content\/gallery\/zielone-plewiska\/thumbs\/thumbs_20191012_121801.jpg\"\n\t\t\tdata-image-id=\"1711\"\n\t\t\tdata-title=\"20191012_121801\"\n\t\t\tdata-description=\"\"\n\t\t\tclass=\"shutterset_1bdf3294c6abbe1a817cd64a0f469c1c\">\n\n\t\t\t<img data-image-id='1711'\n\t\t\t\ttitle=\"\"\n\t\t\t\talt=\"20191012_121801\"\n\t\t\t\tsrc=\"https:\/\/archiwum.swietodrzewa.pl\/wp-content\/gallery\/zielone-plewiska\/20191012_121801.jpg\"\n\t\t\t\tstyle=\"max-height: 430px;\"\/>\n\t\t<\/a>\n\n\t\t\n\t\t<a href=\"https:\/\/archiwum.swietodrzewa.pl\/wp-content\/gallery\/zielone-plewiska\/20191012_122852.jpg\"\n\t\t\ttitle=\"\"\n\t\t\tdata-src=\"https:\/\/archiwum.swietodrzewa.pl\/wp-content\/gallery\/zielone-plewiska\/20191012_122852.jpg\"\n\t\t\tdata-thumbnail=\"https:\/\/archiwum.swietodrzewa.pl\/wp-content\/gallery\/zielone-plewiska\/thumbs\/thumbs_20191012_122852.jpg\"\n\t\t\tdata-image-id=\"1712\"\n\t\t\tdata-title=\"20191012_122852\"\n\t\t\tdata-description=\"\"\n\t\t\tclass=\"shutterset_1bdf3294c6abbe1a817cd64a0f469c1c\">\n\n\t\t\t<img data-image-id='1712'\n\t\t\t\ttitle=\"\"\n\t\t\t\talt=\"20191012_122852\"\n\t\t\t\tsrc=\"https:\/\/archiwum.swietodrzewa.pl\/wp-content\/gallery\/zielone-plewiska\/20191012_122852.jpg\"\n\t\t\t\tstyle=\"max-height: 430px;\"\/>\n\t\t<\/a>\n\n\t\t\n\t\t<a href=\"https:\/\/archiwum.swietodrzewa.pl\/wp-content\/gallery\/zielone-plewiska\/20191012_123028.jpg\"\n\t\t\ttitle=\"\"\n\t\t\tdata-src=\"https:\/\/archiwum.swietodrzewa.pl\/wp-content\/gallery\/zielone-plewiska\/20191012_123028.jpg\"\n\t\t\tdata-thumbnail=\"https:\/\/archiwum.swietodrzewa.pl\/wp-content\/gallery\/zielone-plewiska\/thumbs\/thumbs_20191012_123028.jpg\"\n\t\t\tdata-image-id=\"1713\"\n\t\t\tdata-title=\"20191012_123028\"\n\t\t\tdata-description=\"\"\n\t\t\tclass=\"shutterset_1bdf3294c6abbe1a817cd64a0f469c1c\">\n\n\t\t\t<img data-image-id='1713'\n\t\t\t\ttitle=\"\"\n\t\t\t\talt=\"20191012_123028\"\n\t\t\t\tsrc=\"https:\/\/archiwum.swietodrzewa.pl\/wp-content\/gallery\/zielone-plewiska\/20191012_123028.jpg\"\n\t\t\t\tstyle=\"max-height: 430px;\"\/>\n\t\t<\/a>\n\n\t\t\n\t\t<a href=\"https:\/\/archiwum.swietodrzewa.pl\/wp-content\/gallery\/zielone-plewiska\/20191012_131331.jpg\"\n\t\t\ttitle=\"\"\n\t\t\tdata-src=\"https:\/\/archiwum.swietodrzewa.pl\/wp-content\/gallery\/zielone-plewiska\/20191012_131331.jpg\"\n\t\t\tdata-thumbnail=\"https:\/\/archiwum.swietodrzewa.pl\/wp-content\/gallery\/zielone-plewiska\/thumbs\/thumbs_20191012_131331.jpg\"\n\t\t\tdata-image-id=\"1714\"\n\t\t\tdata-title=\"20191012_131331\"\n\t\t\tdata-description=\"\"\n\t\t\tclass=\"shutterset_1bdf3294c6abbe1a817cd64a0f469c1c\">\n\n\t\t\t<img data-image-id='1714'\n\t\t\t\ttitle=\"\"\n\t\t\t\talt=\"20191012_131331\"\n\t\t\t\tsrc=\"https:\/\/archiwum.swietodrzewa.pl\/wp-content\/gallery\/zielone-plewiska\/20191012_131331.jpg\"\n\t\t\t\tstyle=\"max-height: 430px;\"\/>\n\t\t<\/a>\n\n\t\t\n\t\t<a href=\"https:\/\/archiwum.swietodrzewa.pl\/wp-content\/gallery\/zielone-plewiska\/20191012_131609.jpg\"\n\t\t\ttitle=\"\"\n\t\t\tdata-src=\"https:\/\/archiwum.swietodrzewa.pl\/wp-content\/gallery\/zielone-plewiska\/20191012_131609.jpg\"\n\t\t\tdata-thumbnail=\"https:\/\/archiwum.swietodrzewa.pl\/wp-content\/gallery\/zielone-plewiska\/thumbs\/thumbs_20191012_131609.jpg\"\n\t\t\tdata-image-id=\"1715\"\n\t\t\tdata-title=\"20191012_131609\"\n\t\t\tdata-description=\"\"\n\t\t\tclass=\"shutterset_1bdf3294c6abbe1a817cd64a0f469c1c\">\n\n\t\t\t<img data-image-id='1715'\n\t\t\t\ttitle=\"\"\n\t\t\t\talt=\"20191012_131609\"\n\t\t\t\tsrc=\"https:\/\/archiwum.swietodrzewa.pl\/wp-content\/gallery\/zielone-plewiska\/20191012_131609.jpg\"\n\t\t\t\tstyle=\"max-height: 430px;\"\/>\n\t\t<\/a>\n\n\t\t\n\t\t<a href=\"https:\/\/archiwum.swietodrzewa.pl\/wp-content\/gallery\/zielone-plewiska\/20191012_133052.jpg\"\n\t\t\ttitle=\"\"\n\t\t\tdata-src=\"https:\/\/archiwum.swietodrzewa.pl\/wp-content\/gallery\/zielone-plewiska\/20191012_133052.jpg\"\n\t\t\tdata-thumbnail=\"https:\/\/archiwum.swietodrzewa.pl\/wp-content\/gallery\/zielone-plewiska\/thumbs\/thumbs_20191012_133052.jpg\"\n\t\t\tdata-image-id=\"1716\"\n\t\t\tdata-title=\"20191012_133052\"\n\t\t\tdata-description=\"\"\n\t\t\tclass=\"shutterset_1bdf3294c6abbe1a817cd64a0f469c1c\">\n\n\t\t\t<img data-image-id='1716'\n\t\t\t\ttitle=\"\"\n\t\t\t\talt=\"20191012_133052\"\n\t\t\t\tsrc=\"https:\/\/archiwum.swietodrzewa.pl\/wp-content\/gallery\/zielone-plewiska\/20191012_133052.jpg\"\n\t\t\t\tstyle=\"max-height: 430px;\"\/>\n\t\t<\/a>\n\n\t\t<\/div>\n\n\n\n<p>&#8222;Dzi\u0119kuj\u0119 Stowarzyszeniu Klub Gaja za pi\u0119kne du\u017ce drzewa, a wszystkim przyby\u0142ym za zaanga\u017cowanie i wspania\u0142\u0105 atmosfer\u0119. Mam nadziej\u0119, \u017ce drzewa przyjm\u0105 si\u0119 dobrze i b\u0119d\u0105 cieszy\u0107 nas zieleni\u0105 i cieniem w upalne dni. Dzi\u0119kuj\u0119 r\u00f3wnie\u017c Gminie Komorniki za pomoc w transporcie sadzonek ze szk\u00f3\u0142ki oraz za paliki, kt\u00f3re przez pierwsze lata b\u0119d\u0105 chroni\u0107 drzewka. To by\u0142o ju\u017c si\u00f3dme sadzenie drzew w ramach akcji Zielone-Plewiska!&#8221; &#8211; m\u00f3wi <strong>Tomasz Lubi\u0144ski<\/strong>, inicjator akcji.<\/p>\n","protected":false},"excerpt":{"rendered":"<p>W minion\u0105 sobot\u0119 12 pa\u017adziernika w ramach \u015awi\u0119ta Drzewa i akcji Zielone-Plewiska odby\u0142o si\u0119 kolejne wsp\u00f3lne sadzenie drzew przez mieszka\u0144c\u00f3w miejscowo\u015bci Plewiska, w bezpo\u015brednim s\u0105siedztwie Poznania.<\/p>\n","protected":false},"author":3,"featured_media":11763,"comment_status":"closed","ping_status":"closed","sticky":false,"template":"","format":"standard","meta":{"ngg_post_thumbnail":0},"categories":[1],"tags":[],"_links":{"self":[{"href":"https:\/\/archiwum.swietodrzewa.pl\/index.php?rest_route=\/wp\/v2\/posts\/11762"}],"collection":[{"href":"https:\/\/archiwum.swietodrzewa.pl\/index.php?rest_route=\/wp\/v2\/posts"}],"about":[{"href":"https:\/\/archiwum.swietodrzewa.pl\/index.php?rest_route=\/wp\/v2\/types\/post"}],"author":[{"embeddable":true,"href":"https:\/\/archiwum.swietodrzewa.pl\/index.php?rest_route=\/wp\/v2\/users\/3"}],"replies":[{"embeddable":true,"href":"https:\/\/archiwum.swietodrzewa.pl\/index.php?rest_route=%2Fwp%2Fv2%2Fcomments&post=11762"}],"version-history":[{"count":7,"href":"https:\/\/archiwum.swietodrzewa.pl\/index.php?rest_route=\/wp\/v2\/posts\/11762\/revisions"}],"predecessor-version":[{"id":11785,"href":"https:\/\/archiwum.swietodrzewa.pl\/index.php?rest_route=\/wp\/v2\/posts\/11762\/revisions\/11785"}],"wp:featuredmedia":[{"embeddable":true,"href":"https:\/\/archiwum.swietodrzewa.pl\/index.php?rest_route=\/wp\/v2\/media\/11763"}],"wp:attachment":[{"href":"https:\/\/archiwum.swietodrzewa.pl\/index.php?rest_route=%2Fwp%2Fv2%2Fmedia&parent=11762"}],"wp:term":[{"taxonomy":"category","embeddable":true,"href":"https:\/\/archiwum.swietodrzewa.pl\/index.php?rest_route=%2Fwp%2Fv2%2Fcategories&post=11762"},{"taxonomy":"post_tag","embeddable":true,"href":"https:\/\/archiwum.swietodrzewa.pl\/index.php?rest_route=%2Fwp%2Fv2%2Ftags&post=11762"}],"curies":[{"name":"wp","href":"https:\/\/api.w.org\/{rel}","templated":true}]}}