{"id":11899,"date":"2019-11-21T10:31:16","date_gmt":"2019-11-21T09:31:16","guid":{"rendered":"http:\/\/swietodrzewa.pl\/?p=11899"},"modified":"2019-11-22T10:24:30","modified_gmt":"2019-11-22T09:24:30","slug":"dla-klimatu-razem-z-richardem-gere","status":"publish","type":"post","link":"https:\/\/archiwum.swietodrzewa.pl\/?p=11899","title":{"rendered":"Dla klimatu &#8211; razem z Richardem Gere"},"content":{"rendered":"<p class=\"lead\"><strong>Id\u0105c w demonstracji M\u0142odzie\u017cowego Strajku Klimatycznego s\u0142ysza\u0142em powtarzaj\u0105ce si\u0119 has\u0142o wykrzykiwane przez uczestnik\u00f3w \u2013 \u201eReligie z nami, naukowcy z nami, dla klimatu ponad podzia\u0142ami\u201d. Kiedy 17 listopada 2019 r., w o\u015brodku buddyjskim w Grabniku pod Warszaw\u0105, wsp\u00f3lnie z zaproszonymi go\u015b\u0107mi sadzili\u015bmy drzewo dla klimatu z Richardem Gere, znanym aktorem, buddyst\u0105 i aktywist\u0105 spo\u0142ecznym, to w\u0142a\u015bnie to has\u0142o przypomina\u0142o mi potrzeb\u0119 wsp\u00f3\u0142pracy dla dobra planety.<\/strong><!--more--><\/p>\n<div class=\"body\">\n<p>Symboliczne drzewo \u2013 platana, posadzili\u015bmy w intencji ochrony planety i klimatu. To my doro\u015bli jeste\u015bmy odpowiedzialni za sytuacj\u0119, w kt\u00f3rej znalaz\u0142a si\u0119 ludzko\u015b\u0107. Nie mo\u017cemy czeka\u0107 a\u017c nasze dzieci i wnuki posprz\u0105taj\u0105 po naszej uczcie na ich koszt. Nie mo\u017cemy d\u0142u\u017cej pustoszy\u0107 Ziemi, niszcz\u0105c i wykorzystuj\u0105c nale\u017cne przysz\u0142ym pokoleniom zasoby. Nie jest \u0142atwo zmieni\u0107 obowi\u0105zuj\u0105cy paradygmat ale nadal powinni\u015bmy z ca\u0142ych si\u0142 do tego d\u0105\u017cy\u0107.<\/p>\n<p>Potrzeba nam do tego odwagi, wsp\u00f3\u0142pracy i inspiracji. Spotkanie, rozmowa i wsp\u00f3lne posadzenie drzewa z cz\u0142owiekiem, kt\u00f3ry po\u015bwi\u0119ca wiele wysi\u0142ku i funduszy na rzecz pomagania potrzebuj\u0105cym, okaza\u0142o si\u0119 w\u0142a\u015bnie tak\u0105 niezwyk\u0142\u0105 inspiracj\u0105.<\/p>\n\n<div class=\"ngg-galleryoverview ngg-slideshow\"\n\tid=\"ngg-slideshow-6a265ea994e677506d20c3fe120532c1-9893597190\"\n\tdata-gallery-id=\"6a265ea994e677506d20c3fe120532c1\"\n\tstyle=\"max-width: 600px;\n\t\t\tmax-height: 450px;\n\t\t\tdisplay: none;\">\n\n\t\n\t\t<a href=\"https:\/\/archiwum.swietodrzewa.pl\/wp-content\/gallery\/gere\/gere.jpg\"\n\t\t\ttitle=\"\"\n\t\t\tdata-src=\"https:\/\/archiwum.swietodrzewa.pl\/wp-content\/gallery\/gere\/gere.jpg\"\n\t\t\tdata-thumbnail=\"https:\/\/archiwum.swietodrzewa.pl\/wp-content\/gallery\/gere\/thumbs\/thumbs_gere.jpg\"\n\t\t\tdata-image-id=\"1746\"\n\t\t\tdata-title=\"gere\"\n\t\t\tdata-description=\"\"\n\t\t\tclass=\"shutterset_6a265ea994e677506d20c3fe120532c1\">\n\n\t\t\t<img data-image-id='1746'\n\t\t\t\ttitle=\"\"\n\t\t\t\talt=\"gere\"\n\t\t\t\tsrc=\"https:\/\/archiwum.swietodrzewa.pl\/wp-content\/gallery\/gere\/gere.jpg\"\n\t\t\t\tstyle=\"max-height: 430px;\"\/>\n\t\t<\/a>\n\n\t\t\n\t\t<a href=\"https:\/\/archiwum.swietodrzewa.pl\/wp-content\/gallery\/gere\/gere1.jpg\"\n\t\t\ttitle=\"\"\n\t\t\tdata-src=\"https:\/\/archiwum.swietodrzewa.pl\/wp-content\/gallery\/gere\/gere1.jpg\"\n\t\t\tdata-thumbnail=\"https:\/\/archiwum.swietodrzewa.pl\/wp-content\/gallery\/gere\/thumbs\/thumbs_gere1.jpg\"\n\t\t\tdata-image-id=\"1747\"\n\t\t\tdata-title=\"gere1\"\n\t\t\tdata-description=\"\"\n\t\t\tclass=\"shutterset_6a265ea994e677506d20c3fe120532c1\">\n\n\t\t\t<img data-image-id='1747'\n\t\t\t\ttitle=\"\"\n\t\t\t\talt=\"gere1\"\n\t\t\t\tsrc=\"https:\/\/archiwum.swietodrzewa.pl\/wp-content\/gallery\/gere\/gere1.jpg\"\n\t\t\t\tstyle=\"max-height: 430px;\"\/>\n\t\t<\/a>\n\n\t\t\n\t\t<a href=\"https:\/\/archiwum.swietodrzewa.pl\/wp-content\/gallery\/gere\/gere3.jpg\"\n\t\t\ttitle=\"\"\n\t\t\tdata-src=\"https:\/\/archiwum.swietodrzewa.pl\/wp-content\/gallery\/gere\/gere3.jpg\"\n\t\t\tdata-thumbnail=\"https:\/\/archiwum.swietodrzewa.pl\/wp-content\/gallery\/gere\/thumbs\/thumbs_gere3.jpg\"\n\t\t\tdata-image-id=\"1748\"\n\t\t\tdata-title=\"gere3\"\n\t\t\tdata-description=\"\"\n\t\t\tclass=\"shutterset_6a265ea994e677506d20c3fe120532c1\">\n\n\t\t\t<img data-image-id='1748'\n\t\t\t\ttitle=\"\"\n\t\t\t\talt=\"gere3\"\n\t\t\t\tsrc=\"https:\/\/archiwum.swietodrzewa.pl\/wp-content\/gallery\/gere\/gere3.jpg\"\n\t\t\t\tstyle=\"max-height: 430px;\"\/>\n\t\t<\/a>\n\n\t\t\n\t\t<a href=\"https:\/\/archiwum.swietodrzewa.pl\/wp-content\/gallery\/gere\/gere4.jpg\"\n\t\t\ttitle=\"\"\n\t\t\tdata-src=\"https:\/\/archiwum.swietodrzewa.pl\/wp-content\/gallery\/gere\/gere4.jpg\"\n\t\t\tdata-thumbnail=\"https:\/\/archiwum.swietodrzewa.pl\/wp-content\/gallery\/gere\/thumbs\/thumbs_gere4.jpg\"\n\t\t\tdata-image-id=\"1749\"\n\t\t\tdata-title=\"gere4\"\n\t\t\tdata-description=\"\"\n\t\t\tclass=\"shutterset_6a265ea994e677506d20c3fe120532c1\">\n\n\t\t\t<img data-image-id='1749'\n\t\t\t\ttitle=\"\"\n\t\t\t\talt=\"gere4\"\n\t\t\t\tsrc=\"https:\/\/archiwum.swietodrzewa.pl\/wp-content\/gallery\/gere\/gere4.jpg\"\n\t\t\t\tstyle=\"max-height: 430px;\"\/>\n\t\t<\/a>\n\n\t\t\n\t\t<a href=\"https:\/\/archiwum.swietodrzewa.pl\/wp-content\/gallery\/gere\/gere5.jpg\"\n\t\t\ttitle=\"\"\n\t\t\tdata-src=\"https:\/\/archiwum.swietodrzewa.pl\/wp-content\/gallery\/gere\/gere5.jpg\"\n\t\t\tdata-thumbnail=\"https:\/\/archiwum.swietodrzewa.pl\/wp-content\/gallery\/gere\/thumbs\/thumbs_gere5.jpg\"\n\t\t\tdata-image-id=\"1750\"\n\t\t\tdata-title=\"gere5\"\n\t\t\tdata-description=\"\"\n\t\t\tclass=\"shutterset_6a265ea994e677506d20c3fe120532c1\">\n\n\t\t\t<img data-image-id='1750'\n\t\t\t\ttitle=\"\"\n\t\t\t\talt=\"gere5\"\n\t\t\t\tsrc=\"https:\/\/archiwum.swietodrzewa.pl\/wp-content\/gallery\/gere\/gere5.jpg\"\n\t\t\t\tstyle=\"max-height: 430px;\"\/>\n\t\t<\/a>\n\n\t\t<\/div>\n\n\n\n<p>Ka\u017cdy z nas bez wzgl\u0119du na wiek i pozycj\u0119 mo\u017ce przyczyni\u0107 si\u0119 do zmniejszenia biedy, zanieczyszczenia \u015brodowiska czy polepszenia losu dzieci. \u015awiat potrzebuje nas tak samo, jak my bez tego \u015bwiata nie mo\u017cemy si\u0119 obej\u015b\u0107. Te proste wsp\u00f3\u0142zale\u017cno\u015bci nie zawsze i nie dla wszystkich s\u0105 oczywiste, a stanowi\u0105 podstaw\u0119 naszego \u017cycia. G\u0142\u0119boki szacunek do wszystkich \u017cyj\u0105cych istot oparty na odpowiedzialno\u015bci wobec ludzko\u015bci i przyrody mo\u017ce uchroni\u0107 nas i przysz\u0142e pokolenia przed katastrof\u0105 klimatyczn\u0105.<\/p>\n<p>O tym i wielu innych sprawach przypomina\u0142 nam Richard Gere \u2013 artysta i aktywista, rozpoznawalny dzi\u0119ki s\u0142awie wielkiego aktora. M\u00f3g\u0142by ju\u017c nic nie robi\u0107. Zbiera\u0107 owoce swojego niezwykle intensywnego \u017cycia i kariery. A jednak nadal pracuje dla innych i nie ustaje w wysi\u0142kach na rzecz lepszego \u015bwiata.<\/p>\n<p>Platany to drzewa d\u0142ugowieczne. Niezwykle majestatyczne, okaza\u0142e i bardzo pi\u0119kne. Mamy nadziej\u0119, \u017ce to symboliczne drzewo przypomina\u0107 nam b\u0119dzie o tym, \u017ce ka\u017cdy z nas mo\u017ce dzia\u0142a\u0107 i pomaga\u0107 potrzebuj\u0105cym.<\/p>\n<p>Dzi\u0119kujemy Centrum Buddyjskiemu Benchien Karma Kamtsang w Grabniku za zaproszenie i mo\u017cliwo\u015b\u0107 wsp\u00f3lnej pracy dla ludzi, przyrody i planety!<\/p>\n<p>Jacek Bo\u017cek, Klub Gaja<\/p>\n<p><a href=\"https:\/\/www.facebook.com\/pg\/Klub.Gaja\/photos\/?tab=album&amp;album_id=2886461574698277&amp;ref=page_internal\" target=\"_blank\" rel=\"noopener\">ZOBACZ FOTO RELACJ\u0118 &gt;&gt;&gt;<\/a><\/p>\n<p><a href=\"http:\/\/swietodrzewa.pl\/wp-content\/uploads\/2019\/11\/Richard-Mirror-Tree-campaign-21-Nov-2019.jpg\"><img loading=\"lazy\" class=\"alignleft size-large wp-image-11923\" src=\"http:\/\/swietodrzewa.pl\/wp-content\/uploads\/2019\/11\/Richard-Mirror-Tree-campaign-21-Nov-2019-805x1024.jpg\" alt=\"\" width=\"540\" height=\"687\" srcset=\"https:\/\/archiwum.swietodrzewa.pl\/wp-content\/uploads\/2019\/11\/Richard-Mirror-Tree-campaign-21-Nov-2019-805x1024.jpg 805w, https:\/\/archiwum.swietodrzewa.pl\/wp-content\/uploads\/2019\/11\/Richard-Mirror-Tree-campaign-21-Nov-2019-236x300.jpg 236w, https:\/\/archiwum.swietodrzewa.pl\/wp-content\/uploads\/2019\/11\/Richard-Mirror-Tree-campaign-21-Nov-2019-768x977.jpg 768w, https:\/\/archiwum.swietodrzewa.pl\/wp-content\/uploads\/2019\/11\/Richard-Mirror-Tree-campaign-21-Nov-2019.jpg 1671w\" sizes=\"(max-width: 540px) 100vw, 540px\" \/><\/a><\/p>\n<\/div>\n","protected":false},"excerpt":{"rendered":"<p>Id\u0105c w demonstracji M\u0142odzie\u017cowego Strajku Klimatycznego s\u0142ysza\u0142em powtarzaj\u0105ce si\u0119 has\u0142o wykrzykiwane przez uczestnik\u00f3w \u2013 \u201eReligie z nami, naukowcy z nami, dla klimatu ponad podzia\u0142ami\u201d. Kiedy 17 listopada 2019 r., w o\u015brodku buddyjskim w Grabniku pod Warszaw\u0105, wsp\u00f3lnie z zaproszonymi go\u015b\u0107mi sadzili\u015bmy drzewo dla klimatu z Richardem Gere, znanym aktorem, buddyst\u0105 i aktywist\u0105 spo\u0142ecznym, to w\u0142a\u015bnie [&hellip;]<\/p>\n","protected":false},"author":3,"featured_media":11900,"comment_status":"closed","ping_status":"closed","sticky":false,"template":"","format":"standard","meta":{"ngg_post_thumbnail":0},"categories":[1],"tags":[],"_links":{"self":[{"href":"https:\/\/archiwum.swietodrzewa.pl\/index.php?rest_route=\/wp\/v2\/posts\/11899"}],"collection":[{"href":"https:\/\/archiwum.swietodrzewa.pl\/index.php?rest_route=\/wp\/v2\/posts"}],"about":[{"href":"https:\/\/archiwum.swietodrzewa.pl\/index.php?rest_route=\/wp\/v2\/types\/post"}],"author":[{"embeddable":true,"href":"https:\/\/archiwum.swietodrzewa.pl\/index.php?rest_route=\/wp\/v2\/users\/3"}],"replies":[{"embeddable":true,"href":"https:\/\/archiwum.swietodrzewa.pl\/index.php?rest_route=%2Fwp%2Fv2%2Fcomments&post=11899"}],"version-history":[{"count":5,"href":"https:\/\/archiwum.swietodrzewa.pl\/index.php?rest_route=\/wp\/v2\/posts\/11899\/revisions"}],"predecessor-version":[{"id":11925,"href":"https:\/\/archiwum.swietodrzewa.pl\/index.php?rest_route=\/wp\/v2\/posts\/11899\/revisions\/11925"}],"wp:featuredmedia":[{"embeddable":true,"href":"https:\/\/archiwum.swietodrzewa.pl\/index.php?rest_route=\/wp\/v2\/media\/11900"}],"wp:attachment":[{"href":"https:\/\/archiwum.swietodrzewa.pl\/index.php?rest_route=%2Fwp%2Fv2%2Fmedia&parent=11899"}],"wp:term":[{"taxonomy":"category","embeddable":true,"href":"https:\/\/archiwum.swietodrzewa.pl\/index.php?rest_route=%2Fwp%2Fv2%2Fcategories&post=11899"},{"taxonomy":"post_tag","embeddable":true,"href":"https:\/\/archiwum.swietodrzewa.pl\/index.php?rest_route=%2Fwp%2Fv2%2Ftags&post=11899"}],"curies":[{"name":"wp","href":"https:\/\/api.w.org\/{rel}","templated":true}]}}