{"id":11982,"date":"2020-01-22T10:58:43","date_gmt":"2020-01-22T09:58:43","guid":{"rendered":"http:\/\/swietodrzewa.pl\/?p=11982"},"modified":"2020-01-22T10:58:43","modified_gmt":"2020-01-22T09:58:43","slug":"obywatele-apeluja-do-prezydenta-o-zawetowanie-lex-ardanowski","status":"publish","type":"post","link":"https:\/\/archiwum.swietodrzewa.pl\/?p=11982","title":{"rendered":"Obywatele apeluj\u0105 do Prezydenta o zawetowanie \u201eLex Ardanowski\u201d"},"content":{"rendered":"<p class=\"lead\"><strong>Koalicja Niech \u017byj\u0105!, skupiaj\u0105ca 40 organizacji pozarz\u0105dowych wzywa Prezydenta Andrzeja Dud\u0119 do zawetowania specustawy dotycz\u0105cej afryka\u0144skiego pomoru \u015bwi\u0144 i wycofanie antyobywatelskich i godz\u0105cych w przyrod\u0119 przepis\u00f3w. Spo\u0142ecznicy przypomnieli prezydentowi jego kampanijne deklaracje o tym, \u017ce nie podpisze \u017cadnego prawa pogarszaj\u0105cego los zwierz\u0105t. Wskazali te\u017c, \u017ce przeg\u0142osowana 17 stycznia przez Senat ustawa narusza konstytucyjne prawa i wolno\u015bci obywateli.<\/strong><!--more--><\/p>\n<div class=\"body\">\n<p>W li\u015bcie skierowanym do Prezydenta organizacje przypominaj\u0105 o jego deklaracji z kampanii prezydenckiej w 2015 roku odno\u015bnie polowa\u0144 i ochrony zwierz\u0105t. Prezydent obieca\u0142 wtedy w swoim \u201eLi\u015bcie do wszystkich tych, kt\u00f3rzy s\u0105 przyjaci\u00f3\u0142mi zwierz\u0105t\u201d[i], \u017ce nie podpisze \u201e\u017cadnej ustawy, kt\u00f3ra by pogarsza\u0142a los zwierz\u0105t\u201d.<\/p>\n<p><a href=\"http:\/\/swietodrzewa.pl\/wp-content\/uploads\/2020\/01\/img-6854.jpg\"><img loading=\"lazy\" class=\"alignleft size-medium wp-image-11983\" src=\"http:\/\/swietodrzewa.pl\/wp-content\/uploads\/2020\/01\/img-6854-300x189.jpg\" alt=\"\" width=\"300\" height=\"189\" srcset=\"https:\/\/archiwum.swietodrzewa.pl\/wp-content\/uploads\/2020\/01\/img-6854-300x189.jpg 300w, https:\/\/archiwum.swietodrzewa.pl\/wp-content\/uploads\/2020\/01\/img-6854-768x483.jpg 768w, https:\/\/archiwum.swietodrzewa.pl\/wp-content\/uploads\/2020\/01\/img-6854.jpg 960w\" sizes=\"(max-width: 300px) 100vw, 300px\" \/><\/a>Ta ustawa los zwierz\u0105t zdecydowanie pogarsza, kontynuuj\u0105c masow\u0105 rze\u017a dzik\u00f3w, w kt\u00f3rej zgin\u0119\u0142o ju\u017c ponad 1,5 mln zwierz\u0105t. Szczeg\u00f3lnie te\u017c uprzywilejowuje my\u015bliwych, daj\u0105c im prawo do wyganiania ludzi z lasu w czasie wszystkich rodzaj\u00f3w polowa\u0144. Dlatego apelujemy do Prezydenta o nie sprzeniewierzenie si\u0119 tym wa\u017cnym dla Polek i Polak\u00f3w warto\u015bciom, czyli o veto b\u0105d\u017a skierowanie ustawy do Trybuna\u0142u Konstytucyjnego \u2013 m\u00f3wi Tomasz Zdrojewski z koalicji Niech \u017byj\u0105!<\/p>\n<p>Koalicja Niech \u017byj\u0105! wskazuje, \u017ce wbrew apelom 1119 naukowc\u00f3w[ii] z kilkudziesi\u0119ciu instytucji naukowych oraz ekspert\u00f3w zajmuj\u0105cych si\u0119 ASF, polska strategia walki z epidemi\u0105, w tym zmieniane przepisy, nadal b\u0142\u0119dnie stawiaj\u0105 na zmasowany i niekontrolowany odstrza\u0142 dzik\u00f3w, co tylko przyczynia si\u0119 do rozprzestrzeniania wirusa. Zdaniem ekspert\u00f3w istot\u0105 walki z ASF powinno by\u0107 bezwzgl\u0119dne przestrzeganie zasad bioasekuracji, tymczasem, jak wskazuj\u0105 dowody zgromadzone podczas obywatelskich monitoring\u00f3w polowa\u0144 i doniesienia medialne, zasady bioasekuracji s\u0105 ra\u017c\u0105co i powszechnie \u0142amane przez my\u015bliwych[iii] w\u0142a\u015bciwie ka\u017cdego dnia.<\/p>\n<p>Ustawa w obecnym kszta\u0142cie zamiast pom\u00f3c w zwalczaniu epidemii ASF przyczyni si\u0119 do jej eskalacji, a tym samym godzi w interesy polskich rolnik\u00f3w. W og\u00f3le nie dotyka sedna problemu jakim jest konieczno\u015b\u0107 wprowadzenia skutecznej bioasekuracji. Uderza tak\u017ce w samorz\u0105dy, kt\u00f3re b\u0119d\u0105 musia\u0142y ponie\u015b\u0107 trud i koszty nieskutecznych rozwi\u0105za\u0144 wymy\u015blonych przez Ardanowskiego &#8211; ocenia Rados\u0142aw \u015alusarczyk z Pracowni na rzecz Wszystkich Istot.<\/p>\n<p>Organizacje pozarz\u0105dowe wskazuj\u0105 tak\u017ce, \u017ce ustawa, kt\u00f3ra obecnie oczekuje na prezydencki podpis, zawiera antyobywatelski przepis pozwalaj\u0105cy kara\u0107 obywateli pozbawieniem wolno\u015bci nawet do roku za \u201ecelowe utrudnianie b\u0105d\u017a uniemo\u017cliwianie polowania\u201d.<\/p>\n<p>Tym samym szczeg\u00f3lnie uprzywilejowana zostanie bardzo w\u0105ska grupa spo\u0142eczna \u2013 my\u015bliwi \u2013 stanowi\u0105cy jedynie 0,3% polskiego spo\u0142ecze\u0144stwa, a tak\u017ce my\u015bliwi z zagranicy, tzw. \u201edewizowi\u201d, przyje\u017cd\u017caj\u0105cy do Polski na komercyjne polowania, g\u0142\u00f3wnie celem zdobycia trofe\u00f3w. Odbywa si\u0119 to kosztem praw zwyk\u0142ych obywateli, pragn\u0105cych skorzysta\u0107 z prawa do przebywania w lesie i kosztem \u017cycia zwierz\u0105t.To ra\u017c\u0105ca niesprawiedliwo\u015b\u0107. &#8211; m\u00f3wi Katarzyna Jagie\u0142\u0142o z koalicji.<\/p>\n<p>W apelu do Prezydenta koalicja podkre\u015bla, \u017ce obecnie obwody \u0142owieckie obejmuj\u0105 blisko 90 proc. terytorium Polski, tym samym wprowadzany przepis istotnie zmieni stosunek praw spo\u0142ecznych na olbrzymim obszarze kraju, ograniczaj\u0105c do niego dost\u0119p wi\u0119kszo\u015bci obywateli. Badanie opinii publicznej przeprowadzone przez CBOS w 2016 roku \u201ePolacy przeciwko szkodliwej nowelizacji Prawa \u0142owieckiego\u201d wykaza\u0142o, \u017ce a\u017c 78 proc. badanych nie godzi si\u0119 na karanie za utrudnianie polowa\u0144, wskazuj\u0105c na to jak istotn\u0105 warto\u015bci\u0105 jest dla nich swobodny dost\u0119p do las\u00f3w, p\u00f3l i \u0142\u0105k.<\/p>\n<p>Mam nadziej\u0119, \u017ce Prezydent ws\u0142ucha si\u0119 w g\u0142os spo\u0142ecze\u0144stwa, skoro Polacy jasno wyra\u017caj\u0105 sw\u00f3j stosunek do stawiania my\u015bliwych ponad prawem \u2013 dodaje Jagie\u0142\u0142o.<\/p>\n<p>Fot. Adam Wajrak<\/p>\n<p><a href=\"http:\/\/www.klubgaja.pl\/cms\/uploads\/AKTUALNO%C5%9ACI%202020\/apel-do-prezydenta-koniec.pdf\" target=\"_blank\" rel=\"noopener\">Przeczytaj Apel do Prezydenta &gt;&gt;&gt;<\/a><\/p>\n<p>________________________________________<br \/>\n[i] <a href=\"https:\/\/www.facebook.com\/andrzejduda\/posts\/1114309891919250\/\" target=\"_blank\" rel=\"noopener\">https:\/\/www.facebook.com\/andrzejduda\/posts\/1114309891919250\/<\/a><br \/>\n[ii] <a href=\"https:\/\/naukadlaprzyrody.pl\/2019\/01\/09\/list-otwarty-srodowiska-naukowego-w-sprawie-redukcji-populacji-dzikow\/\" target=\"_blank\" rel=\"noopener\">https:\/\/naukadlaprzyrody.pl\/2019\/01\/09\/list-otwarty-srodowiska-naukowego-w-sprawie-redukcji-populacji-dzikow\/<\/a><br \/>\n[iii]<a href=\"http:\/\/https:\/\/tvn24.pl\/czarno-na-bialym,42,m\/polowania-na-dziki-ochrona-przed-asf,998625.html\" target=\"_blank\" rel=\"noopener\"> https:\/\/tvn24.pl\/czarno-na-bialym,42,m\/polowania-na-dziki-ochrona-przed-asf,998625.html<\/a><\/p>\n<\/div>\n","protected":false},"excerpt":{"rendered":"<p>Koalicja Niech \u017byj\u0105!, skupiaj\u0105ca 40 organizacji pozarz\u0105dowych wzywa Prezydenta Andrzeja Dud\u0119 do zawetowania specustawy dotycz\u0105cej afryka\u0144skiego pomoru \u015bwi\u0144 i wycofanie antyobywatelskich i godz\u0105cych w przyrod\u0119 przepis\u00f3w. Spo\u0142ecznicy przypomnieli prezydentowi jego kampanijne deklaracje o tym, \u017ce nie podpisze \u017cadnego prawa pogarszaj\u0105cego los zwierz\u0105t. Wskazali te\u017c, \u017ce przeg\u0142osowana 17 stycznia przez Senat ustawa narusza konstytucyjne prawa i [&hellip;]<\/p>\n","protected":false},"author":3,"featured_media":11983,"comment_status":"closed","ping_status":"closed","sticky":false,"template":"","format":"standard","meta":{"ngg_post_thumbnail":0},"categories":[1],"tags":[],"_links":{"self":[{"href":"https:\/\/archiwum.swietodrzewa.pl\/index.php?rest_route=\/wp\/v2\/posts\/11982"}],"collection":[{"href":"https:\/\/archiwum.swietodrzewa.pl\/index.php?rest_route=\/wp\/v2\/posts"}],"about":[{"href":"https:\/\/archiwum.swietodrzewa.pl\/index.php?rest_route=\/wp\/v2\/types\/post"}],"author":[{"embeddable":true,"href":"https:\/\/archiwum.swietodrzewa.pl\/index.php?rest_route=\/wp\/v2\/users\/3"}],"replies":[{"embeddable":true,"href":"https:\/\/archiwum.swietodrzewa.pl\/index.php?rest_route=%2Fwp%2Fv2%2Fcomments&post=11982"}],"version-history":[{"count":1,"href":"https:\/\/archiwum.swietodrzewa.pl\/index.php?rest_route=\/wp\/v2\/posts\/11982\/revisions"}],"predecessor-version":[{"id":11984,"href":"https:\/\/archiwum.swietodrzewa.pl\/index.php?rest_route=\/wp\/v2\/posts\/11982\/revisions\/11984"}],"wp:featuredmedia":[{"embeddable":true,"href":"https:\/\/archiwum.swietodrzewa.pl\/index.php?rest_route=\/wp\/v2\/media\/11983"}],"wp:attachment":[{"href":"https:\/\/archiwum.swietodrzewa.pl\/index.php?rest_route=%2Fwp%2Fv2%2Fmedia&parent=11982"}],"wp:term":[{"taxonomy":"category","embeddable":true,"href":"https:\/\/archiwum.swietodrzewa.pl\/index.php?rest_route=%2Fwp%2Fv2%2Fcategories&post=11982"},{"taxonomy":"post_tag","embeddable":true,"href":"https:\/\/archiwum.swietodrzewa.pl\/index.php?rest_route=%2Fwp%2Fv2%2Ftags&post=11982"}],"curies":[{"name":"wp","href":"https:\/\/api.w.org\/{rel}","templated":true}]}}