{"id":11990,"date":"2020-01-30T15:29:03","date_gmt":"2020-01-30T14:29:03","guid":{"rendered":"http:\/\/swietodrzewa.pl\/?p=11990"},"modified":"2020-01-30T15:44:18","modified_gmt":"2020-01-30T14:44:18","slug":"zaglosuj-na-polski-cud-natury","status":"publish","type":"post","link":"https:\/\/archiwum.swietodrzewa.pl\/?p=11990","title":{"rendered":"Zag\u0142osuj na polski cud natury!"},"content":{"rendered":"<p><strong>Ju\u017c od 1 lutego mo\u017cna zag\u0142osowa\u0107 na polskie drzewo w Europejskim Konkursie Drzewo Roku 2020. W tym roku naszym kandydatem do tego zaszczytnego tytu\u0142u jest niezwyk\u0142y cud natury \u2013 Czarny Bez z Rzeszowa, kt\u00f3ry przyj\u0105\u0142 rzadko spotykan\u0105 form\u0119 drzewiast\u0105. Ten 200-letni okaz ro\u015bnie na skwerze pomi\u0119dzy blokami w samym centrum miasta i jest prawdopodobnie pozosta\u0142o\u015bci\u0105 po by\u0142ych ogrodach zamku Lubomirskich. Drzewo zwyci\u0119\u017cy\u0142o w polskiej edycji konkursu Drzewo Roku 2019, organizowanego przez Klub Gaja, zapewniaj\u0105c sobie tym samy udzia\u0142 w europejskim konkursie. G\u0142osowanie potrwa przez ca\u0142y luty na <a href=\"http:\/\/www.treeoftheyear.org\">www.treeoftheyear.org<\/a> Zapraszamy do udzia\u0142u!<\/strong><!--more--><\/p>\n<p>\u201eCzarny Bez zosta\u0142 zg\u0142oszony do konkursu przez mieszkank\u0119 Rzeszowa, kt\u00f3ra tak jak i inni zachwyci\u0142a si\u0119 niezwyk\u0142\u0105 urod\u0105 i form\u0105 bzu, kt\u00f3ry zwykle ma posta\u0107 krzewiast\u0105. A tu mamy pi\u0119kne drzewo, kt\u00f3rego ca\u0142a korona wiosn\u0105 pokryta jest bia\u0142ymi kwiatami. Z kolei jesieni\u0105 pojawiaj\u0105 si\u0119 na nim ki\u015bcie czarnych jag\u00f3d, kt\u00f3re stanowi\u0105 bogat\u0105 sto\u0142\u00f3wk\u0119 dla ptak\u00f3w. Najstarsi mieszka\u0144cy pami\u0119taj\u0105, \u017ce ono zawsze tu ros\u0142o i nie wyobra\u017caj\u0105 sobie, \u017ce mog\u0142oby by\u0107 inaczej\u201d\u2013&nbsp; m\u00f3wi <strong>Jolanta Migda\u0142<\/strong> z Klubu Gaja, koordynatorka konkursu Klubu Gaja Drzewo Roku w Polsce.<\/p>\n<p><a href=\"http:\/\/swietodrzewa.pl\/wp-content\/uploads\/2020\/01\/bez-7.jpg\"><img loading=\"lazy\" class=\"alignleft size-medium wp-image-11997\" src=\"http:\/\/swietodrzewa.pl\/wp-content\/uploads\/2020\/01\/bez-7-300x200.jpg\" alt=\"\" width=\"300\" height=\"200\" srcset=\"https:\/\/archiwum.swietodrzewa.pl\/wp-content\/uploads\/2020\/01\/bez-7-300x200.jpg 300w, https:\/\/archiwum.swietodrzewa.pl\/wp-content\/uploads\/2020\/01\/bez-7-768x512.jpg 768w, https:\/\/archiwum.swietodrzewa.pl\/wp-content\/uploads\/2020\/01\/bez-7-1024x682.jpg 1024w, https:\/\/archiwum.swietodrzewa.pl\/wp-content\/uploads\/2020\/01\/bez-7.jpg 1600w\" sizes=\"(max-width: 300px) 100vw, 300px\" \/><\/a>\u201eDrzewo bzu czarnego w Rzeszowie jest unikatem pod ka\u017cdym wzgl\u0119dem \u2013 bior\u0105c pod uwag\u0119 jego wiek,&nbsp; grubo\u015b\u0107 pnia, rozpi\u0119to\u015b\u0107 korony, urod\u0119 kwiat\u00f3w i owoc\u00f3w, a tak\u017ce niezwyk\u0142y mikroklimat&nbsp; jaki tworzy szczeg\u00f3lnie w okresie kwitnienia. Jest majestatyczne i zarazem bardzo skromne. Cz\u0142owiek&nbsp; maj\u0105c \u015bwiadomo\u015b\u0107,&nbsp; \u017ce bez czarny to zazwyczaj krzew&nbsp; stoj\u0105c pod naszym drzewem nabiera pokory.&nbsp; W moim przekonaniu zas\u0142uguje ono r\u00f3wnie\u017c na imi\u0119, kt\u00f3re oddawa\u0142oby jego urod\u0119, si\u0142\u0119 i histori\u0119. My\u015bl\u0119, \u017ce najlepszym&nbsp; by\u0142oby&nbsp; staropolskie imi\u0119 Bronis\u0142aw. Zach\u0119cam wszystkich kochaj\u0105cych przyrod\u0119 i natur\u0119 do g\u0142osowania w europejskim konkursie na Bez Czarny z Rzeszowa\u201d \u2013 dodaje <strong>Halina Sikora<\/strong>, mieszkanka miasta, kt\u00f3ra zg\u0142osi\u0142a drzewo do konkursu.<\/p>\n<p>W tegorocznej edycji Europejskiego Drzewa Roku 2020 bierze udzia\u0142 16. drzew z ca\u0142ej Europy, kt\u00f3re wygra\u0142y w konkursach krajowych. To pi\u0119kne, historyczne i cz\u0119sto unikatowe okazy. W\u015br\u00f3d konkurent\u00f3w naszego polskiego drzewa znalaz\u0142 si\u0119 m.in. 1000-letni kasztan jadalny z Portugalii, kt\u00f3ry jest jednym z najwi\u0119kszych w tym kraju, a tak\u017ce ponad 200-letni okaza\u0142y mi\u0142orz\u0105b z Chorwacji. Rosj\u0119 reprezentuje samotna topola posadzona przez mnicha buddyjskiego na stepach Ka\u0142mucji. Codziennie przybywaj\u0105 do niej ludzie by si\u0119 pomodli\u0107, pomedytowa\u0107, b\u0105d\u017a po prostu dotkn\u0105\u0107 drzewa. W Republice Czeskiej mamy z kolei&nbsp; 350-letni\u0105 sosn\u0119 rosn\u0105c\u0105 na skalistym cyplu, kt\u00f3ra jest pami\u0105tka po wsi zalanej podczas budowy zapory. Wi\u0119cej historii i zdj\u0119\u0107 drzew bior\u0105cych udzia\u0142 w konkursie znajdziemy na stronie plebiscytu <strong><a href=\"http:\/\/www.treeoftheyear.org\">www.treeoftheyear.org<\/a><\/strong><\/p>\n<p>Najciekawsze drzewo w Europie w roku 2020 wybiera\u0107 b\u0119dziemy do ko\u0144ca lutego. Ostatni tydzie\u0144 konkursu jest utajniony, a zwyci\u0119zc\u0119 poznamy ju\u017c 17 marca podczas gali rozdania nagr\u00f3d w Parlamencie Europejskim w Brukseli.&nbsp;<a href=\"http:\/\/swietodrzewa.pl\/wp-content\/uploads\/2020\/01\/bez-4.jpg\"><img loading=\"lazy\" class=\"alignright size-medium wp-image-11994\" src=\"http:\/\/swietodrzewa.pl\/wp-content\/uploads\/2020\/01\/bez-4-300x200.jpg\" alt=\"\" width=\"300\" height=\"200\" srcset=\"https:\/\/archiwum.swietodrzewa.pl\/wp-content\/uploads\/2020\/01\/bez-4-300x200.jpg 300w, https:\/\/archiwum.swietodrzewa.pl\/wp-content\/uploads\/2020\/01\/bez-4-768x512.jpg 768w, https:\/\/archiwum.swietodrzewa.pl\/wp-content\/uploads\/2020\/01\/bez-4-1024x683.jpg 1024w, https:\/\/archiwum.swietodrzewa.pl\/wp-content\/uploads\/2020\/01\/bez-4.jpg 1600w\" sizes=\"(max-width: 300px) 100vw, 300px\" \/><\/a><\/p>\n<p>Europejski konkurs zosta\u0142 zapocz\u0105tkowany 10 lat temu. Jego organizatorem jest Environmental Partnership Association (EPA) z siedzib\u0105 w Brukseli .W finale konkursu bior\u0105 udzia\u0142 zwyci\u0119zcy etap\u00f3w&nbsp;krajowych. W Polsce organizatorem <a href=\"http:\/\/swietodrzewa.pl\/?page_id=1673\"><strong>konkurs Drzewo Roku<\/strong>&nbsp;<\/a> jest&nbsp; Klub Gaja. W ten spos\u00f3b organizatorzy zwracaj\u0105 uwag\u0119 spo\u0142eczn\u0105 na ciekawe, stare drzewa, jako wa\u017cne elementy dziedzictwa przyrodniczego i kulturowego, kt\u00f3re powinni\u015bmy ceni\u0107 i chroni\u0107. W konkursie decyduj\u0105ce nie jest pi\u0119kno, rozmiary, czy te\u017c wiek, ale historia i zwi\u0105zki drzew z lud\u017ami.<\/p>\n<p>Mog\u0105 Pa\u0144stwo pom\u00f3c chroni\u0107 drzewa przekazuj\u0105c <a href=\"http:\/\/www.klubgaja.pl\/wesprzyj-nas\"><strong>darowizn\u0119<\/strong><\/a> lub <strong><a href=\"http:\/\/www.klubgaja.pl\/przekaz-1-procent-podatku\">1% podatku<\/a> <\/strong>dla Klubu Gaja. Na stronie Klubu Gaja znajdziecie Pa\u0144stwo&nbsp;<a href=\"https:\/\/www.e-pity.pl\/pity-2018\/program-online-epity-2019-KRS-0000120069--https:\/www.e-pity.pl\/oppimg\/75dd13c4820b11a1cd1be72a3a0006a3--http:\/www.klubgaja.pl\"><strong>Bezp\u0142atny Program PIT&nbsp;<\/strong><\/a>lub w deklaracji podatkowej PIT wystarczy wpisa\u0107 KRS: 0000120069.<\/p>\n<p><strong>&nbsp;ZAG\u0141OSUJ NA POLSKIE DRZEWO na <a href=\"https:\/\/www.treeoftheyear.org\/PL\">https:\/\/www.treeoftheyear.org\/PL<\/a><\/strong><\/p>\n<p><strong><a href=\"http:\/\/swietodrzewa.pl\/?p=11467\">Dowiedz si\u0119 wi\u0119cej o Czarnym Bzie i konkursie Klubu Gaja Drzewo Roku &gt;&gt;&gt;<\/a><\/strong><\/p>\n<p>Na zdj\u0119ciach: Czarny Bez w Rzeszowie Fot. Klub Gaja\/Halina Sikora<\/p>\n","protected":false},"excerpt":{"rendered":"<p>Ju\u017c od 1 lutego mo\u017cna zag\u0142osowa\u0107 na polskie drzewo w Europejskim Konkursie Drzewo Roku 2020. W tym roku naszym kandydatem do tego zaszczytnego tytu\u0142u jest niezwyk\u0142y cud natury \u2013 Czarny Bez z Rzeszowa, kt\u00f3ry przyj\u0105\u0142 rzadko spotykan\u0105 form\u0119 drzewiast\u0105. Ten 200-letni okaz ro\u015bnie na skwerze pomi\u0119dzy blokami w samym centrum miasta i jest prawdopodobnie pozosta\u0142o\u015bci\u0105 [&hellip;]<\/p>\n","protected":false},"author":3,"featured_media":11996,"comment_status":"closed","ping_status":"closed","sticky":false,"template":"","format":"standard","meta":{"ngg_post_thumbnail":0},"categories":[1,116],"tags":[],"_links":{"self":[{"href":"https:\/\/archiwum.swietodrzewa.pl\/index.php?rest_route=\/wp\/v2\/posts\/11990"}],"collection":[{"href":"https:\/\/archiwum.swietodrzewa.pl\/index.php?rest_route=\/wp\/v2\/posts"}],"about":[{"href":"https:\/\/archiwum.swietodrzewa.pl\/index.php?rest_route=\/wp\/v2\/types\/post"}],"author":[{"embeddable":true,"href":"https:\/\/archiwum.swietodrzewa.pl\/index.php?rest_route=\/wp\/v2\/users\/3"}],"replies":[{"embeddable":true,"href":"https:\/\/archiwum.swietodrzewa.pl\/index.php?rest_route=%2Fwp%2Fv2%2Fcomments&post=11990"}],"version-history":[{"count":1,"href":"https:\/\/archiwum.swietodrzewa.pl\/index.php?rest_route=\/wp\/v2\/posts\/11990\/revisions"}],"predecessor-version":[{"id":11998,"href":"https:\/\/archiwum.swietodrzewa.pl\/index.php?rest_route=\/wp\/v2\/posts\/11990\/revisions\/11998"}],"wp:featuredmedia":[{"embeddable":true,"href":"https:\/\/archiwum.swietodrzewa.pl\/index.php?rest_route=\/wp\/v2\/media\/11996"}],"wp:attachment":[{"href":"https:\/\/archiwum.swietodrzewa.pl\/index.php?rest_route=%2Fwp%2Fv2%2Fmedia&parent=11990"}],"wp:term":[{"taxonomy":"category","embeddable":true,"href":"https:\/\/archiwum.swietodrzewa.pl\/index.php?rest_route=%2Fwp%2Fv2%2Fcategories&post=11990"},{"taxonomy":"post_tag","embeddable":true,"href":"https:\/\/archiwum.swietodrzewa.pl\/index.php?rest_route=%2Fwp%2Fv2%2Ftags&post=11990"}],"curies":[{"name":"wp","href":"https:\/\/api.w.org\/{rel}","templated":true}]}}