{"id":12005,"date":"2020-01-31T19:12:17","date_gmt":"2020-01-31T18:12:17","guid":{"rendered":"http:\/\/swietodrzewa.pl\/?p=12005"},"modified":"2020-01-31T19:21:50","modified_gmt":"2020-01-31T18:21:50","slug":"z-wielkiej-brytanii-do-rzeszowa-w-poszukiwaniu-niezwyklych-drzew","status":"publish","type":"post","link":"https:\/\/archiwum.swietodrzewa.pl\/?p=12005","title":{"rendered":"Z Wielkiej Brytanii do Rzeszowa w poszukiwaniu niezwyk\u0142ych drzew"},"content":{"rendered":"<p><strong>Klub Gaja zaprasza 2 lutego na spotkanie <\/strong><strong>z Robem McBride \u2013 mi\u0142o\u015bnikiem drzew, reporterem BBC i ambasadorem Konkursu Europejskie Drzewo Roku. Go\u015b\u0107 z Wielkiej Brytanii przyjedzie do Rzeszowa zobaczy\u0107 niezwyk\u0142y okaz przyrodniczy &#8211; drzewo czarnego bzu, kt\u00f3re zwyci\u0119\u017cy\u0142o w konkursie Drzewo Roku 2019 w Polsce. Przez ca\u0142y luty Czarny Bez b\u0119dzie walczy\u0142 z 15. drzewami z Europy o tytu\u0142 Europejskiego Drzewa Roku 2020. Zag\u0142osuj na <a href=\"https:\/\/www.treeoftheyear.org\/PL\">https:\/\/www.treeoftheyear.org\/PL<\/a><\/strong><!--more--><\/p>\n<p>Rob McBride po\u015bwi\u0119ci\u0142 swoje \u017cycie, aby chroni\u0107 i promowa\u0107 drzewa. Jest fotografem, podr\u00f3\u017cnikiem, dzia\u0142aczem spo\u0142ecznym i ambasadorem starych, historycznych drzew, wsp\u00f3\u0142pracuje regularnie z BBC, gdzie relacjonuje swoje spotkania z niezwyk\u0142ymi drzewami. Blisko 5 tysi\u0119cy os\u00f3b \u015bledzi\u0107 jego konto na<a href=\"https:\/\/twitter.com\/thetreehunter\"> Twitterze<\/a> . Od 2015 roku regularnie odwiedza drzewa bior\u0105ce udzia\u0142 w Europejskim Konkursie Drzewo Roku.<\/p>\n<div id=\"attachment_11168\" style=\"width: 310px\" class=\"wp-caption alignright\"><a href=\"http:\/\/swietodrzewa.pl\/wp-content\/uploads\/2019\/02\/5c5997e751bb6_osize933x0q70hf60f13.jpg\"><img aria-describedby=\"caption-attachment-11168\" loading=\"lazy\" class=\"wp-image-11168 size-medium\" src=\"http:\/\/swietodrzewa.pl\/wp-content\/uploads\/2019\/02\/5c5997e751bb6_osize933x0q70hf60f13-300x225.jpg\" alt=\"\" width=\"300\" height=\"225\" srcset=\"https:\/\/archiwum.swietodrzewa.pl\/wp-content\/uploads\/2019\/02\/5c5997e751bb6_osize933x0q70hf60f13-300x225.jpg 300w, https:\/\/archiwum.swietodrzewa.pl\/wp-content\/uploads\/2019\/02\/5c5997e751bb6_osize933x0q70hf60f13-768x575.jpg 768w, https:\/\/archiwum.swietodrzewa.pl\/wp-content\/uploads\/2019\/02\/5c5997e751bb6_osize933x0q70hf60f13.jpg 933w\" sizes=\"(max-width: 300px) 100vw, 300px\" \/><\/a><p id=\"caption-attachment-11168\" class=\"wp-caption-text\">Tree Hunter Rob Mc Bride<\/p><\/div>\n<p>Ju\u017c 2 lutego ok. godz. 16.15 Tree Hunter spotka si\u0119 pod Czarnym Bzem z mieszka\u0144cami Rzeszowa, aby wesprze\u0107 ich starania w zdobyciu tytu\u0142u Europejskiego Drzewa Roku 2020. <strong><u><a href=\"http:\/\/swietodrzewa.pl\/?p=11467\">Czarny Bez w Rzeszowie &nbsp;<\/a><\/u><\/strong>zwyci\u0119\u017cy\u0142 w polskiej edycji konkursu Drzewo Roku 2019, organizowanego przez Klubu Gaja, zapewniaj\u0105c sobie tym samym udzia\u0142 w europejskim konkursie.<\/p>\n<p>200-letni Czarny Bez w Rzeszowie, rosn\u0105cy na skwerze mi\u0119dzy blokami w samym sercu miasta to swoisty cud natury. Ma posta\u0107 drzewiast\u0105, co jest niezwykle rzadko spotykan\u0105 form\u0105 tej ro\u015bliny. Pospolicie bez czarny wyst\u0119puje w formie krzewiastej. Drzewo prawdopodobnie jest pozosta\u0142o\u015bci\u0105 po by\u0142ych ogrodach zamku Lubomirskich. R\u00f3wnie\u017c dzisiaj drzewo nadaje temu miejscu wyj\u0105tkowy charakter. Wiele os\u00f3b nie wyobra\u017ca sobie, \u017ce tego drzewa mog\u0142oby nie by\u0107. Mieszka\u0144cy zachwycaj\u0105 si\u0119 niezwyk\u0142\u0105 urod\u0105 bzu, szczeg\u00f3lnie w okresie kwitnienia i owocowania. Kiedy kwitnie ca\u0142a korona pokryta jest bia\u0142ymi kwiatami \u2013 wygl\u0105da jak gigantyczny bukiet bia\u0142ych kwiat\u00f3w. W okresie owocowania pokryte jest mas\u0105 ki\u015bci czarnych jag\u00f3d, kt\u00f3re w jesieni dla ptak\u00f3w stanowi\u0105 bogat\u0105 sto\u0142\u00f3wk\u0119.<\/p>\n<div id=\"attachment_11997\" style=\"width: 310px\" class=\"wp-caption alignleft\"><a href=\"http:\/\/swietodrzewa.pl\/wp-content\/uploads\/2020\/01\/bez-7.jpg\"><img aria-describedby=\"caption-attachment-11997\" loading=\"lazy\" class=\"wp-image-11997 size-medium\" src=\"http:\/\/swietodrzewa.pl\/wp-content\/uploads\/2020\/01\/bez-7-300x200.jpg\" alt=\"\" width=\"300\" height=\"200\" srcset=\"https:\/\/archiwum.swietodrzewa.pl\/wp-content\/uploads\/2020\/01\/bez-7-300x200.jpg 300w, https:\/\/archiwum.swietodrzewa.pl\/wp-content\/uploads\/2020\/01\/bez-7-768x512.jpg 768w, https:\/\/archiwum.swietodrzewa.pl\/wp-content\/uploads\/2020\/01\/bez-7-1024x682.jpg 1024w, https:\/\/archiwum.swietodrzewa.pl\/wp-content\/uploads\/2020\/01\/bez-7.jpg 1600w\" sizes=\"(max-width: 300px) 100vw, 300px\" \/><\/a><p id=\"caption-attachment-11997\" class=\"wp-caption-text\">Czarny Bez. Fot. Klub Gaja\/Halina Sikora<\/p><\/div>\n<p>\u201eUdzia\u0142 drzewa Bzu Czarnego&nbsp; w europejskim konkursie stanowi&nbsp; zaszczyt i jest niew\u0105tpliwym sukcesem miasta&nbsp; Rzeszowa. Bardzo si\u0119 ciesz\u0119, \u017ce mieszka\u0144cy innych kraj\u00f3w&nbsp; Europy dowiedz\u0105 si\u0119 o&nbsp; naszym skarbie przyrodniczym i doceni\u0105 jego pi\u0119kno i wyj\u0105tkowo\u015b\u0107.&nbsp; Dlatego wizyta Tree Huntera jest&nbsp; wa\u017cnym wydarzeniem dla miasta&nbsp; i dla promocji naszego kandydata na Europejskie Drzewo Roku 2020. Mam&nbsp; nadziej\u0119, \u017ce sukces naszego drzewa przyczyni si\u0119 do jego ochrony i profesjonalnej opieki.\u201d &#8211; &nbsp;m\u00f3wi <strong>Halina Sikora<\/strong>, mieszkanka Rzeszowa, kt\u00f3ra zg\u0142osi\u0142a drzewo do konkursu<\/p>\n<p>&nbsp;<\/p>\n<p><strong>G\u0142osy na Czarny Bez w Rzeszowie mo\u017cna oddawa\u0107 przez ca\u0142y luty na stronie&nbsp;<a href=\"https:\/\/www.treeoftheyear.org\/PL\">https:\/\/www.treeoftheyear.org\/PL<\/a> <\/strong><\/p>\n<p><strong>Zapraszamy do g\u0142osowania!<\/strong><\/p>\n<p>Konkurs Europejskie Drzewo Roku od 10. lat szuka w ca\u0142ej Europie drzew z najciekawszymi historiami. W internetowym g\u0142osowaniu decyduj\u0105ce nie jest pi\u0119kno, rozmiary, czy te\u017c wiek, ale historia i zwi\u0105zki drzew z lud\u017ami. W ten spos\u00f3b organizatorzy zwracaj\u0105 uwag\u0119 spo\u0142eczn\u0105 na ciekawe, stare drzewa, jako wa\u017cne elementy dziedzictwa przyrodniczego i kulturowego, kt\u00f3re powinni\u015bmy ceni\u0107 i chroni\u0107. W Polsce organizatorem <a href=\"http:\/\/swietodrzewa.pl\/?page_id=1673\"><strong>konkursu Drzewo Roku<\/strong>&nbsp;<\/a>jest Klub Gaja.<\/p>\n<p><strong>SPOTKANIE Z TREE HUNTEREM<\/strong><\/p>\n<p><strong>Kiedy:&nbsp;<\/strong>niedziela, 2 luty 2020, ok. godz. 16.15<br \/>\n<strong>Gdzie:<\/strong>&nbsp;Czarny Bez w Rzeszowie , ul. Grodzisko 5<\/p>\n<p>Fot. Kub Gaja\/Halina Sikora<\/p>\n","protected":false},"excerpt":{"rendered":"<p>Klub Gaja zaprasza 2 lutego na spotkanie z Robem McBride \u2013 mi\u0142o\u015bnikiem drzew, reporterem BBC i ambasadorem Konkursu Europejskie Drzewo Roku. Go\u015b\u0107 z Wielkiej Brytanii przyjedzie do Rzeszowa zobaczy\u0107 niezwyk\u0142y okaz przyrodniczy &#8211; drzewo czarnego bzu, kt\u00f3re zwyci\u0119\u017cy\u0142o w konkursie Drzewo Roku 2019 w Polsce. Przez ca\u0142y luty Czarny Bez b\u0119dzie walczy\u0142 z 15. drzewami [&hellip;]<\/p>\n","protected":false},"author":3,"featured_media":11168,"comment_status":"closed","ping_status":"closed","sticky":false,"template":"","format":"standard","meta":{"ngg_post_thumbnail":0},"categories":[116],"tags":[],"_links":{"self":[{"href":"https:\/\/archiwum.swietodrzewa.pl\/index.php?rest_route=\/wp\/v2\/posts\/12005"}],"collection":[{"href":"https:\/\/archiwum.swietodrzewa.pl\/index.php?rest_route=\/wp\/v2\/posts"}],"about":[{"href":"https:\/\/archiwum.swietodrzewa.pl\/index.php?rest_route=\/wp\/v2\/types\/post"}],"author":[{"embeddable":true,"href":"https:\/\/archiwum.swietodrzewa.pl\/index.php?rest_route=\/wp\/v2\/users\/3"}],"replies":[{"embeddable":true,"href":"https:\/\/archiwum.swietodrzewa.pl\/index.php?rest_route=%2Fwp%2Fv2%2Fcomments&post=12005"}],"version-history":[{"count":6,"href":"https:\/\/archiwum.swietodrzewa.pl\/index.php?rest_route=\/wp\/v2\/posts\/12005\/revisions"}],"predecessor-version":[{"id":12011,"href":"https:\/\/archiwum.swietodrzewa.pl\/index.php?rest_route=\/wp\/v2\/posts\/12005\/revisions\/12011"}],"wp:featuredmedia":[{"embeddable":true,"href":"https:\/\/archiwum.swietodrzewa.pl\/index.php?rest_route=\/wp\/v2\/media\/11168"}],"wp:attachment":[{"href":"https:\/\/archiwum.swietodrzewa.pl\/index.php?rest_route=%2Fwp%2Fv2%2Fmedia&parent=12005"}],"wp:term":[{"taxonomy":"category","embeddable":true,"href":"https:\/\/archiwum.swietodrzewa.pl\/index.php?rest_route=%2Fwp%2Fv2%2Fcategories&post=12005"},{"taxonomy":"post_tag","embeddable":true,"href":"https:\/\/archiwum.swietodrzewa.pl\/index.php?rest_route=%2Fwp%2Fv2%2Ftags&post=12005"}],"curies":[{"name":"wp","href":"https:\/\/api.w.org\/{rel}","templated":true}]}}