{"id":12017,"date":"2020-02-21T09:48:13","date_gmt":"2020-02-21T08:48:13","guid":{"rendered":"http:\/\/swietodrzewa.pl\/?p=12017"},"modified":"2020-02-25T11:06:14","modified_gmt":"2020-02-25T10:06:14","slug":"chlopi-2050-czyli-agronauci-w-czasach-katastrofy-klimatycznej","status":"publish","type":"post","link":"https:\/\/archiwum.swietodrzewa.pl\/?p=12017","title":{"rendered":"Ch\u0142opi 2050, czyli Agronauci w czasach katastrofy klimatycznej"},"content":{"rendered":"<p><strong>Znani aktorzy bij\u0105 na alarm w niezwyk\u0142ym s\u0142uchowisku Storytel. Widmo katastrofy klimatycznej i polska rzeczywisto\u015b\u0107 w roku 2050.&nbsp;<\/strong><strong>\u201eCh\u0142opi 2050, czyli Agronauci w czasach katastrofy klimatycznej&#8221; to tytu\u0142 najnowszego s\u0142uchowiska Storytel, w kt<\/strong><strong>\u00f3rym wyst\u0105pi\u0105 m.in. Marcin Doroci\u0144ski, Magdalena Pop\u0142awska<\/strong><strong>, Zofia Zborowska, Bart\u0142omiej Topa czy Marian Dzi\u0119dziel. Bazuj\u0105c na raporcie WWF o Polsce po\u0142owy XXI wieku, Cezary Zbierzchowski nakre\u015bli\u0142 realistyczny obraz naszej przysz\u0142o\u015bci. Czy wizja ta stanie si\u0119 rzeczywisto\u015bci\u0105? To zale\u017cy wy\u0142\u0105cznie od nas \u2013 alarmuj\u0105 zaanga\u017cowani w projekt arty\u015bci.<\/strong><!--more--><\/p>\n<p><strong>&nbsp;<\/strong><strong>Ch\u0142opi 2050<\/strong><\/p>\n<p>Polska wie\u015b w roku 2050. Roboty, egzoszkielety i drony s\u0105 tak samo powszechne jak siekiery i wid\u0142y. W ogromnych hangarach uprawia si\u0119 cytrusy, ka\u017cda kropla wody jest na wag\u0119 z\u0142ota, a Reymontowskie Lipce dawno wyludni\u0142y si\u0119 z powodu suszy. Uciekinierzy z po\u0142udnia Europy maj\u0105 gospodarstwa tu\u017c za p\u0142otem, u so\u0142tysa mo\u017cna spotka\u0107 Hiszpan\u00f3w i Grek\u00f3w, w ko\u015bciele s\u0142ycha\u0107 za\u015b p\u0142omienne ekologiczne kazania.<\/p>\n<p>S\u0142uchowisko Storytel pt. \u201eCh\u0142opi 2050, czyli Agronauci w czasach katastrofy klimatycznej\u201d w warstwie literackiej nawi\u0105zuje do klasyki literatury polskiej, czyli \u201eCh\u0142op\u00f3w\u201d W\u0142adys\u0142awa Reymonta. Inspiracj\u0105 do powstania fabu\u0142y by\u0142 raport WWF \u201e2050 Polska dla pokole\u0144\u201d, w kt\u00f3rym przedstawiona zosta\u0142a tragiczna wizja przysz\u0142o\u015bci, jaka czeka nasz\u0105 planet\u0119, je\u015bli spo\u0142ecze\u0144stwo nie zmieni swojego sposobu \u017cycia. Temat wzi\u0105\u0142 na warsztat pisarz Cezary Zbierzchowski, autor powie\u015bci fantastyczno-naukowych (\u201eHolocaust F\u201d, \u201eDistortion\u201d).<\/p>\n<p><em>Ten projekt by\u0142 dla mnie niezwyk\u0142ym wyzwaniem. Moim zadaniem by\u0142<\/em><em>o po<\/em><em>\u0142\u0105czenie raportu naukowego WWF w warstwie merytorycznej z materia\u0142em literackim, klasykiem literatury \u2013 \u201eCh\u0142opami\u201d Reymonta. Dla pis<\/em><em>a<\/em><em>rzy science fiction prawda naukowa to jedna z najwa\u017cniejszych rzeczy, i to nas odr\u00f3\u017cnia od tw<\/em><em>\u00f3<\/em><em>rc<\/em><em>\u00f3<\/em><em>w fantasy. S\u0142uchowisko Storytel, w kt<\/em><em>\u00f3<\/em><em>rym opisuj\u0119 powa\u017cne zmiany klimatyczne, takie jak niezno\u015bnie upa\u0142y, susze, po\u017c<\/em><em>a<\/em><em>ry, pot\u0119\u017cne gradobicia, opady monsunowego deszczu czy zjawiska im towarzysz\u0105ce, jak wymieranie zwierz\u0105t i plagi chor<\/em><em>\u00f3<\/em><em>b egzotycznych, to nie jest wytw<\/em><em>\u00f3<\/em><em>r wyobra\u017ani, ale wiedza naukowa, z kt<\/em><em>\u00f3<\/em><em>rej nie zdawa\u0142em sobie do ko\u0144ca sprawy. Ten projekt pozwoli\u0142 mi poszerzy\u0107 horyzonty i sprawi\u0142, \u017ce jestem jeszcze bardziej przestr<\/em><em>a<\/em><em>szony tym, co dzieje si\u0119 z naszym klimatem <\/em>\u2013<strong> m<\/strong><strong>\u00f3<\/strong><strong>wi Cezary Zbierzchowski.<\/strong><\/p>\n<p>Fabu\u0142a najnowszego s\u0142uchowiska Storytel pod\u0105\u017ca tropem Antka Wi\u015bniewskiego, gospodarza do\u015bwiadczonego osobist\u0105 tragedi\u0105, i jego s\u0105siad\u00f3w ze wsi Lipce, z jednej strony zmagaj\u0105cych si\u0119 z szalon\u0105 pogod\u0105, a z drugiej z deweloperem Dziedzicem.<\/p>\n<p><strong>Arty<\/strong><strong>\u015bci dla klimatu<\/strong><\/p>\n<p>W s\u0142uchowisku Storytel zagrali arty\u015bci, dla kt\u00f3rych tematy ekologii i dbania o \u015brodowisko nie s\u0105 oboj\u0119tne. W posta\u0107 g\u0142\u00f3wnego bohatera wciela si\u0119 Marcin Doroci\u0144ski, aktor o du\u017cej wra\u017cliwo\u015bci ekologicznej, kt\u00f3ry od lat zwraca uwag\u0119 na potrzeb\u0119 dbania o nasz\u0105 planet\u0119. W s\u0142uchowisku pojawi\u0105 si\u0119 tak\u017ce m.in. Magdalena Pop\u0142awska i Bart\u0142omiej Topa, ambasadorzy Klubu Gaja, Marian Dzi\u0119dziel, kt\u00f3ry wyst\u0105pi\u0142 w kampanii antysmogowej, czy Zofia Zborowska, aktorka znana z ekologicznego stylu \u017cycia i jego promocji.<\/p>\n<p><em><a href=\"http:\/\/swietodrzewa.pl\/wp-content\/uploads\/2020\/02\/Ch\u0142opi-2050_okladka.jpg\"><img loading=\"lazy\" class=\"aligncenter size-large wp-image-12018\" src=\"http:\/\/swietodrzewa.pl\/wp-content\/uploads\/2020\/02\/Ch\u0142opi-2050_okladka-1024x1024.jpg\" alt=\"\" width=\"540\" height=\"540\" srcset=\"https:\/\/archiwum.swietodrzewa.pl\/wp-content\/uploads\/2020\/02\/Ch\u0142opi-2050_okladka-1024x1024.jpg 1024w, https:\/\/archiwum.swietodrzewa.pl\/wp-content\/uploads\/2020\/02\/Ch\u0142opi-2050_okladka-100x100.jpg 100w, https:\/\/archiwum.swietodrzewa.pl\/wp-content\/uploads\/2020\/02\/Ch\u0142opi-2050_okladka-300x300.jpg 300w, https:\/\/archiwum.swietodrzewa.pl\/wp-content\/uploads\/2020\/02\/Ch\u0142opi-2050_okladka-768x768.jpg 768w, https:\/\/archiwum.swietodrzewa.pl\/wp-content\/uploads\/2020\/02\/Ch\u0142opi-2050_okladka.jpg 1500w\" sizes=\"(max-width: 540px) 100vw, 540px\" \/><\/a><br \/>\nNie rozumiem tych, kt<\/em><em>\u00f3rzy udaj\u0105, \u017ce nie ma problemu. Tych, kt<\/em><em>\u00f3rzy m<\/em><em>\u00f3wi\u0105, \u017ce nie ma czego\u015b takiego jak ocieplenie klimatu (\u2026) Je\u015b<\/em><em>li s\u0142<\/em><em>ucha\u0107 m\u0105drych ludzi, naukowc<\/em><em>\u00f3w, to wida\u0107 smutny obraz. Jedziemy w poci\u0105gu, kt<\/em><em>\u00f3rego nie da si\u0119 ju\u017c zatrzyma\u0107, mo\u017cna go tylko spowolni\u0107 (\u2026)&nbsp; Zwi\u0119kszanie \u015bwiadomo\u015bci, o tym w jakim jeste\u015bmy po\u0142o\u017ceniu, jest najwa\u017cniejsze. Dlatego ka\u017cda forma przekazu ma olbrzymi\u0105 warto\u015b\u0107. Je\u017celi kto\u015b po ods\u0142uchaniu tego audiobooka nabierze w\u0105tpliwo\u015bci, kt<\/em><em>\u00f3rych wcze\u015bniej nie mia\u0142, albo co\u015b zrozumie i przeka\u017ce to innym, to mo\u017ce co\u015b si\u0119 uda zmieni\u0107 <\/em>\u2013 <strong>m<\/strong><strong>\u00f3wi Marcin Doroci\u0144ski.<\/strong><\/p>\n<p>W s\u0142uchowisku wyst\u0119puj\u0105 r\u00f3wnie\u017c Gra\u017cyna Wolszczak, Agnieszka Wi\u0119d\u0142ocha, Piotr Adamczyk, \u0141ukasz Simlat, Marcin Bosak, Miriam Aleksandrowicz, Tomasz Dedeki i Jakub Wieczorek. Narratorem jest Mi\u0142ogost&nbsp;Reczek. Opr\u00f3cz aktor\u00f3w w s\u0142uchowisku udzia\u0142 wzi\u0119li tak\u017ce dziennikarze i osobowo\u015bci telewizyjne: Mariusz Szczygie\u0142, Olivier Janiak i Micha\u0142 Pir\u00f3g.<\/p>\n<p>Wst\u0119p do s\u0142uchowiska przygotowa\u0142a Areta Szpura, nazywana twarz\u0105 polskiej ekologii. Autorka ekologicznego poradnika, swoim dzia\u0142aniom dla klimatu po\u015bwi\u0119ca te\u017c profil na Instagramie, kt\u00f3ry obserwuje ju\u017c przesz\u0142o 80 tys. os\u00f3b.<\/p>\n<p>\u201eJak wi\u0119c uratowa\u0107 \u015bwiat? Musimy zda\u0107 sobie spraw\u0119, \u017ce nie my tu jeste\u015bmy najwa\u017cniejsi. \u017be jeste\u015bmy tu po co\u015b, ale na pewno nie, by bra\u0107 i wykorzystywa\u0107 bez umiaru wszystko, co dostali\u015bmy od Natury. Mamy jeden dom, jedn\u0105 planet\u0119 i bez niej nie b\u0119dzie nas. Tymczasem obecnie \u017cyjemy tak, \u017ce by zaspokoi\u0107 nasze potrzeby, musieliby\u015bmy mie\u0107\u2026 1,7 planety! To oznacza, \u017ce \u017cyjemy na kredyt. I to taki, kt\u00f3ry przyjdzie nam sp\u0142aca\u0107 z olbrzymimi odsetkami. \u2013 <strong>m<\/strong><strong>\u00f3<\/strong><strong>wi Areta Szpura.<\/strong><\/p>\n<p><strong>B\u0105d\u017a eko, pos\u0142uchaj<\/strong><\/p>\n<p>Projekt s\u0142uchowiska oraz towarzysz\u0105ca mu kampania powsta\u0142y w Storytel we wsp\u00f3\u0142pracy z agencj\u0105 McCannWorldgroup oraz Mastercard Polska. Partnerem medialnym projektu jest portal Gazeta.pl, kt\u00f3ry promuje go m.in. w ramach cyklu \u201ePi\u0105tki dla klimatu\u201d. Promocji b\u0119dzie towarzyszy\u0142a kampania na antenach Radia TOK FM, Radia Z\u0142ote Przeboje, Rock Radia, RMF FM, a tak\u017ce w sieci kin Helios i na no\u015bnikach reklamy zewn\u0119trznej.<\/p>\n<p><em>Z pomys\u0142em na stworzenie audiobooka inspirowanego raportem WWF o zmianach klimatycznych przyszli do nas Marcin Sosi\u0144ski i Bartek Klimaszewski z McCannWorldgroup. Pomys\u0142 spodoba\u0142 si\u0119 nam od razu. Z<\/em><em>a<\/em><em>proponowali\u015bmy przeformatowanie przygotowanego przez agencj\u0119 opowiadania na s\u0142uchowisko i zaprosz<\/em><em>e<\/em><em>nie do projektu artyst<\/em><em>\u00f3<\/em><em>w zaanga\u017cowanych w ochron\u0119 klimatu. Tematyka jest bardzo aktualna, a forma prz<\/em><em>e<\/em><em>kazu nowatorska. Opowiadamy wizj\u0119, kt<\/em><em>\u00f3<\/em><em>ra stanie si\u0119 rzeczywisto\u015bci\u0105, je\u015bli wszyscy nie zaanga\u017cujemy si\u0119 w ochron\u0119 klimatu. Wierzymy, \u017ce audio jest jednym z najbardziej ekologicznych form wyrazu, a realizuj\u0105c ten projekt dok\u0142adamy swoj\u0105 cegie\u0142k\u0119 do walki o przysz\u0142o\u015b\u0107 naszej planety <\/em>\u2013<strong> m<\/strong><strong>\u00f3<\/strong><strong>wi Jakub Barzak, Marketing Manager, Storytel Polska.<\/strong><\/p>\n<p>W ramach dzia\u0142a\u0144 na rzecz ochrony klimatu, Storytel przeka\u017ce r\u00f3wnie\u017c fundusze na wsp\u00f3\u0142prac\u0119 z Klubem Gaja. Ka\u017cde ods\u0142uchanie s\u0142uchowiska \u201eCh\u0142opi 2050\u201d to z\u0142ot\u00f3wka przeznaczona na sadzenie drzew.<\/p>\n<p><strong>Sztuka wyrazu<\/strong><\/p>\n<p>Wyj\u0105tkowym elementem kampanii promuj\u0105cej s\u0142uchowisko i zach\u0119caj\u0105cej do wej\u015bcia w \u015bwiat audio b\u0119dzie wystawa obraz\u00f3w inspirowanych s\u0142uchowiskiem i ud\u017awi\u0119kowionych przez Storytel.<\/p>\n<p><em>Wzi<\/em><em>\u0119li\u015bmy na warsztat najbardziej znane obrazy mistrza polskiego realizmu, J<\/em><em>\u00f3<\/em><em>zefa Che\u0142mo\u0144skiego. Przer<\/em><em>o<\/em><em>bili\u015bmy je tak, \u017ceby ilustrowa\u0142y nasz\u0105 niedalek\u0105 przysz\u0142o\u015b\u0107, odpowiadaj\u0105c prawdopodobnym realiom klim<\/em><em>a<\/em><em>tycznym, spo\u0142ecznym i technologicznym. I tak \u201eBociany\u201d zamieni\u0142y si\u0119 w \u201eDrony\u201d. Ukrai\u0144ska ch\u0142opka z \u201eBabiego lata\u201d sta\u0142a si\u0119 ch\u0142<\/em><em>opk<\/em><em>\u0105 hiszpa\u0144sk\u0105. \u201eBurza\u201d zamieni\u0142a si\u0119 w \u201e<\/em><em>Armagedon<\/em><em>\u201d. A \u201eDroga w lesie\u201d poddana zosta\u0142a nielegalnej wycince. Tam, gdzie u Che\u0142mo\u0144skiego widzimy sielank\u0119 <\/em><em>i pi<\/em><em>\u0119kn\u0105 natur\u0119, u nas wieje susz\u0105 i apokalips\u0105 <\/em>\u2013 <strong>m<\/strong><strong>\u00f3<\/strong><strong>wi Bartosz Klimaszewski, Dyrektor Kreatywny, McCannWorldgroup.<\/strong><\/p>\n<p>Projekty kompozycji przygotowa\u0142o studio 422post i ilustrator Grzegorz Bobrowski. Obrazy olejne w formacie 100 x 150 cm namalowa\u0142a Maja Kobyli\u0144ska. Obrazy b\u0119d\u0105 wystawione we foyer warszawskiej siedziby Agory przy ul. Czerskiej&nbsp;8\/10.<\/p>\n","protected":false},"excerpt":{"rendered":"<p>Znani aktorzy bij\u0105 na alarm w niezwyk\u0142ym s\u0142uchowisku Storytel. Widmo katastrofy klimatycznej i polska rzeczywisto\u015b\u0107 w roku 2050.&nbsp;\u201eCh\u0142opi 2050, czyli Agronauci w czasach katastrofy klimatycznej&#8221; to tytu\u0142 najnowszego s\u0142uchowiska Storytel, w kt\u00f3rym wyst\u0105pi\u0105 m.in. Marcin Doroci\u0144ski, Magdalena Pop\u0142awska, Zofia Zborowska, Bart\u0142omiej Topa czy Marian Dzi\u0119dziel. Bazuj\u0105c na raporcie WWF o Polsce po\u0142owy XXI wieku, Cezary [&hellip;]<\/p>\n","protected":false},"author":3,"featured_media":12018,"comment_status":"closed","ping_status":"closed","sticky":false,"template":"","format":"standard","meta":{"ngg_post_thumbnail":0},"categories":[1],"tags":[],"_links":{"self":[{"href":"https:\/\/archiwum.swietodrzewa.pl\/index.php?rest_route=\/wp\/v2\/posts\/12017"}],"collection":[{"href":"https:\/\/archiwum.swietodrzewa.pl\/index.php?rest_route=\/wp\/v2\/posts"}],"about":[{"href":"https:\/\/archiwum.swietodrzewa.pl\/index.php?rest_route=\/wp\/v2\/types\/post"}],"author":[{"embeddable":true,"href":"https:\/\/archiwum.swietodrzewa.pl\/index.php?rest_route=\/wp\/v2\/users\/3"}],"replies":[{"embeddable":true,"href":"https:\/\/archiwum.swietodrzewa.pl\/index.php?rest_route=%2Fwp%2Fv2%2Fcomments&post=12017"}],"version-history":[{"count":3,"href":"https:\/\/archiwum.swietodrzewa.pl\/index.php?rest_route=\/wp\/v2\/posts\/12017\/revisions"}],"predecessor-version":[{"id":12024,"href":"https:\/\/archiwum.swietodrzewa.pl\/index.php?rest_route=\/wp\/v2\/posts\/12017\/revisions\/12024"}],"wp:featuredmedia":[{"embeddable":true,"href":"https:\/\/archiwum.swietodrzewa.pl\/index.php?rest_route=\/wp\/v2\/media\/12018"}],"wp:attachment":[{"href":"https:\/\/archiwum.swietodrzewa.pl\/index.php?rest_route=%2Fwp%2Fv2%2Fmedia&parent=12017"}],"wp:term":[{"taxonomy":"category","embeddable":true,"href":"https:\/\/archiwum.swietodrzewa.pl\/index.php?rest_route=%2Fwp%2Fv2%2Fcategories&post=12017"},{"taxonomy":"post_tag","embeddable":true,"href":"https:\/\/archiwum.swietodrzewa.pl\/index.php?rest_route=%2Fwp%2Fv2%2Ftags&post=12017"}],"curies":[{"name":"wp","href":"https:\/\/api.w.org\/{rel}","templated":true}]}}