{"id":12025,"date":"2020-02-26T16:19:31","date_gmt":"2020-02-26T15:19:31","guid":{"rendered":"http:\/\/swietodrzewa.pl\/?p=12025"},"modified":"2020-03-03T13:50:40","modified_gmt":"2020-03-03T12:50:40","slug":"kto-zostanie-europejskim-drzewem-roku-2020-zaglosuj-teraz","status":"publish","type":"post","link":"https:\/\/archiwum.swietodrzewa.pl\/?p=12025","title":{"rendered":"Kto zostanie Europejskim Drzewem Roku 2020? Zag\u0142osuj teraz!"},"content":{"rendered":"<p><strong>Jeszcze tylko do soboty 29 lutego do godz. 24.00 mo\u017cna odda\u0107 sw\u00f3j g\u0142os na Europejskie Drzewo Roku 2020. Ko\u0144c\u00f3wka g\u0142osowania jest tajna i nie mo\u017cemy ju\u017c zobaczy\u0107 liczby g\u0142os\u00f3w oddanych na poszczeg\u00f3lne drzewa. Ostatni widoczny ranking drzew dawa\u0142 naszemu kandydatowi 10. pozycj\u0119 w plebiscycie z 11&nbsp;460 g\u0142osami internaut\u00f3w. Zdecydowanie na prowadzeniu by\u0142a sosna z Republiki Czeskiej ( 34 885 g\u0142os\u00f3w) oraz topola z Federacji Rosyjskiej (25 426 g\u0142os\u00f3w). Klub Gaja zach\u0119ca do g\u0142osowania i wsparcie polskiego drzewa na stronie <\/strong><strong><a href=\"http:\/\/www.treeoftheyear.org\/\">www.treeoftheyear.org<\/a> Zwyci\u0119zc\u0119 poznamy 17 marca podczas Ceremonii Rozdania Nagr\u00f3d w Parlamencie Europejskim w Brukseli.<\/strong><!--more--><\/p>\n<p>Przypomnijmy sylwetk\u0119 polskiego kandydata: Bez Czarny z Rzeszowa wygra\u0142 polsk\u0105 edycj\u0119 konkursu Drzewo Roku 2019 organizowanego przez Klub Gaja. 200-letnie drzewo ro\u015bnie otoczone ni\u017cszymi krzewami i drzewami na skwerze mi\u0119dzy blokami w samy sercu miasta. Najstarsi mieszka\u0144cy pami\u0119taj\u0105, \u017ce ono zawsze tu ros\u0142o. Ma posta\u0107 drzewiast\u0105, co jest niezwykle rzadko spotykan\u0105 form\u0105 tej ro\u015bliny. Pospolicie bez czarny wyst\u0119puje w formie krzewiastej. Drzewo prawdopodobnie jest pozosta\u0142o\u015bci\u0105 po by\u0142ych ogrodach zamku Lubomirskich. R\u00f3wnie\u017c dzisiaj drzewo nadaje temu miejscu wyj\u0105tkowy charakter. Wiele os\u00f3b nie wyobra\u017ca sobie, \u017ce tego drzewa mog\u0142oby nie by\u0107. Przetrwa\u0142o ono wiele w swoim \u017cyciu \u2013 powstania narodowe, dwie wojny, okupacj\u0119, przemiany spo\u0142eczne i gospodarcze. W ostatnich latach drzewo&nbsp; przetrwa\u0142o roboty budowlane prowadzone w jego pobli\u017cu. Mieszka\u0144cy zachwycaj\u0105 si\u0119 niezwyk\u0142\u0105 urod\u0105 bzu, szczeg\u00f3lnie w okresie kwitnienia i owocowania. Kiedy kwitnie ca\u0142a korona pokryta jest bia\u0142ymi kwiatami \u2013 wygl\u0105da jak gigantyczny bukiet bia\u0142ych kwiat\u00f3w. W okresie owocowania pokryte jest mas\u0105 ki\u015bci czarnych jag\u00f3d, kt\u00f3re w jesieni dla ptak\u00f3w stanowi\u0105 bogat\u0105 sto\u0142\u00f3wk\u0119.<\/p>\n<p><strong><a href=\"http:\/\/swietodrzewa.pl\/wp-content\/uploads\/2020\/01\/bez-2.jpg\"><img loading=\"lazy\" class=\"alignleft size-large wp-image-11992\" src=\"http:\/\/swietodrzewa.pl\/wp-content\/uploads\/2020\/01\/bez-2-1024x684.jpg\" alt=\"\" width=\"540\" height=\"361\" srcset=\"https:\/\/archiwum.swietodrzewa.pl\/wp-content\/uploads\/2020\/01\/bez-2-1024x684.jpg 1024w, https:\/\/archiwum.swietodrzewa.pl\/wp-content\/uploads\/2020\/01\/bez-2-300x200.jpg 300w, https:\/\/archiwum.swietodrzewa.pl\/wp-content\/uploads\/2020\/01\/bez-2-768x513.jpg 768w, https:\/\/archiwum.swietodrzewa.pl\/wp-content\/uploads\/2020\/01\/bez-2.jpg 1600w\" sizes=\"(max-width: 540px) 100vw, 540px\" \/><\/a><a href=\"http:\/\/www.treeoftheyear.org\/PL\">ZAG\u0141OSUJ NA POLSKIE DRZEWO &gt;&gt;&gt;<\/a><\/strong><\/p>\n<p>\u201eUdzia\u0142 w konkursie to nie tylko fajna zabawa. To tak\u017ce mo\u017cliwo\u015b\u0107 podziwiania i poznawania ciekawych drzew, a r\u00f3wnocze\u015bnie okazja do promocji naszej europejskiej przyrody, historii i kultury. W tegorocznej edycji konkursu internaucie oddali ju\u017c ponad 240 tysi\u0119cy g\u0142os\u00f3w! Mamy jeszcze tylko 3 dni aby te\u017c zag\u0142osowa\u0107, a ka\u017cdy nasz g\u0142os ma znaczenie i mo\u017ce jeszcze zmieni\u0107 wyniki konkursu. Dlatego serdecznie zapraszam do udzia\u0142u w plebiscycie\u201d \u2013 zach\u0119ca<strong> Jolanta Migda<\/strong>\u0142, koordynatorka konkursu Drzewo Roku&nbsp;<\/p>\n<p>Konkurs Europejskie Drzewo Roku zwraca uwag\u0119 na&nbsp;ciekawe drzewa w Europie, jako wa\u017cne elementy dziedzictwa przyrodniczego i kulturowego, kt\u00f3re powinni\u015bmy ceni\u0107 i chroni\u0107. W tym roku plebiscyt \u015bwi\u0119tuje swoj\u0105 10.edycj\u0119, podczas kt\u00f3rych w poszukiwanie Europejskiego Drzewa&nbsp; Roku zaanga\u017cowa\u0142o si\u0119 ju\u017c ponad 3,3 miliona os\u00f3b z 16. europejskich kraj\u00f3w. Dotychczas polskie drzewa trzykrotnie stawa\u0142y &nbsp;na podium konkursu. W 2017 roku Europejskim Drzewem Roku zosta\u0142 D\u0105b J\u00f3zef z Wi\u015bniowej w woj. podkarpackim. W 2013 roku platan z K\u00f3z w woj. \u015bl\u0105skim zdoby\u0142 2. miejsce, a w 2014 roku na 3. miejscu uplasowa\u0142 si\u0119 D\u0105b Wybickiego w B\u0119dominie w woj. pomorskim.<\/p>\n<p>Mo\u017cesz pom\u00f3c chroni\u0107 drzewa przekazuj\u0105c <a href=\"http:\/\/www.klubgaja.pl\/wesprzyj-nas\"><strong>darowizn\u0119<\/strong><\/a> lub <strong><a href=\"http:\/\/www.klubgaja.pl\/przekaz-1-procent-podatku\">1% podatku<\/a> <\/strong>dla Klubu Gaja. Na naszej stronie znajdziesz&nbsp;<a href=\"https:\/\/www.e-pity.pl\/pity-2018\/program-online-epity-2019-KRS-0000120069--https:\/www.e-pity.pl\/oppimg\/75dd13c4820b11a1cd1be72a3a0006a3--http:\/www.klubgaja.pl\"><strong>Bezp\u0142atny Program PIT&nbsp;<\/strong><\/a>lub w deklaracji podatkowej PIT wpisz KRS: 0000120069.<\/p>\n<p><strong><a href=\"http:\/\/swietodrzewa.pl\/?page_id=1673\">Dowiedz si\u0119 wi\u0119cej o konkursie Klubu Gaja Drzewo Roku &gt;&gt;&gt;<\/a><\/strong><\/p>\n<p>Na zdj\u0119ciu: Czarny Bez w Rzeszowie Fot. Klub Gaja\/Halina Sikora<\/p>\n<p>&nbsp;<\/p>\n<p>&nbsp;<\/p>\n","protected":false},"excerpt":{"rendered":"<p>Jeszcze tylko do soboty 29 lutego do godz. 24.00 mo\u017cna odda\u0107 sw\u00f3j g\u0142os na Europejskie Drzewo Roku 2020. Ko\u0144c\u00f3wka g\u0142osowania jest tajna i nie mo\u017cemy ju\u017c zobaczy\u0107 liczby g\u0142os\u00f3w oddanych na poszczeg\u00f3lne drzewa. Ostatni widoczny ranking drzew dawa\u0142 naszemu kandydatowi 10. pozycj\u0119 w plebiscycie z 11&nbsp;460 g\u0142osami internaut\u00f3w. Zdecydowanie na prowadzeniu by\u0142a sosna z Republiki [&hellip;]<\/p>\n","protected":false},"author":3,"featured_media":11995,"comment_status":"closed","ping_status":"closed","sticky":false,"template":"","format":"standard","meta":{"ngg_post_thumbnail":0},"categories":[1],"tags":[],"_links":{"self":[{"href":"https:\/\/archiwum.swietodrzewa.pl\/index.php?rest_route=\/wp\/v2\/posts\/12025"}],"collection":[{"href":"https:\/\/archiwum.swietodrzewa.pl\/index.php?rest_route=\/wp\/v2\/posts"}],"about":[{"href":"https:\/\/archiwum.swietodrzewa.pl\/index.php?rest_route=\/wp\/v2\/types\/post"}],"author":[{"embeddable":true,"href":"https:\/\/archiwum.swietodrzewa.pl\/index.php?rest_route=\/wp\/v2\/users\/3"}],"replies":[{"embeddable":true,"href":"https:\/\/archiwum.swietodrzewa.pl\/index.php?rest_route=%2Fwp%2Fv2%2Fcomments&post=12025"}],"version-history":[{"count":2,"href":"https:\/\/archiwum.swietodrzewa.pl\/index.php?rest_route=\/wp\/v2\/posts\/12025\/revisions"}],"predecessor-version":[{"id":12027,"href":"https:\/\/archiwum.swietodrzewa.pl\/index.php?rest_route=\/wp\/v2\/posts\/12025\/revisions\/12027"}],"wp:featuredmedia":[{"embeddable":true,"href":"https:\/\/archiwum.swietodrzewa.pl\/index.php?rest_route=\/wp\/v2\/media\/11995"}],"wp:attachment":[{"href":"https:\/\/archiwum.swietodrzewa.pl\/index.php?rest_route=%2Fwp%2Fv2%2Fmedia&parent=12025"}],"wp:term":[{"taxonomy":"category","embeddable":true,"href":"https:\/\/archiwum.swietodrzewa.pl\/index.php?rest_route=%2Fwp%2Fv2%2Fcategories&post=12025"},{"taxonomy":"post_tag","embeddable":true,"href":"https:\/\/archiwum.swietodrzewa.pl\/index.php?rest_route=%2Fwp%2Fv2%2Ftags&post=12025"}],"curies":[{"name":"wp","href":"https:\/\/api.w.org\/{rel}","templated":true}]}}