{"id":12057,"date":"2020-03-16T17:20:30","date_gmt":"2020-03-16T16:20:30","guid":{"rendered":"http:\/\/swietodrzewa.pl\/?p=12057"},"modified":"2020-03-18T12:12:50","modified_gmt":"2020-03-18T11:12:50","slug":"kto-zostanie-europejskim-drzewem-roku-2020","status":"publish","type":"post","link":"https:\/\/archiwum.swietodrzewa.pl\/?p=12057","title":{"rendered":"Kto zostanie Europejskim Drzewem Roku 2020? Zobacz relacj\u0119 online."},"content":{"rendered":"<p class=\"lead\"><strong>Ogl\u0105dajcie NA \u017bYWO og\u0142oszenie wynik\u00f3w jubileuszowego 10. z kolei g\u0142osowania na Europejskie Drzewo Roku. Relacja online ju\u017c 17.03. 2020 roku o godz. 16.30.<\/strong><!--more--><\/p>\n<div class=\"body\">\n<h1>DRODZY PRZYJACIELE DRZEW!<\/h1>\n<p>Zapraszamy do ogl\u0105dania NA \u017bYWO relacji z og\u0142oszenia wynik\u00f3w g\u0142osowania w tegorocznym konkursie Europejskie Drzewo Roku 2020.&nbsp;<\/p>\n<p>Po\u0142\u0105czmy si\u0119 z mi\u0142o\u015bnikami drzew w ca\u0142ej Europie i \u015bwi\u0119tujmy razem pi\u0119kno i wyj\u0105tkowo\u015b\u0107 tegorocznych zwyci\u0119zc\u00f3w.&nbsp;<\/p>\n<p>&nbsp;<\/p>\n<p><a href=\"http:\/\/klubgaja.pl\/cms\/uploads\/AKTUALNO%C5%9ACI%202020\/Europejskie%20Drzewo%20Roku\/unnamed.png\" target=\"_blank\" rel=\"noopener\"><img src=\"http:\/\/klubgaja.pl\/cms\/uploads\/AKTUALNO%C5%9ACI%202020\/Europejskie%20Drzewo%20Roku\/unnamed.png\" alt=\"\"\/><\/a><\/p>\n<h1>WYDARZENIE MO\u017bNA OGL\u0104DA\u0106 NA&nbsp;<a href=\"https:\/\/www.facebook.com\/treeoftheyear\/\">FACEBOOKU<\/a>,&nbsp;<a href=\"https:\/\/www.youtube.com\/channel\/UC_zQxCTzRyLdKTR7lJ0pp9Q?sub_confirmation=1&amp;fbclid=IwAR3Wf1o-X-pZYe0JI1T-LcQgCgR6JNa-eSUj0ui1WuXMHBdA08xIaQbgLl8\" target=\"_blank\" rel=\"noopener\">YOUTUBE<\/a>&nbsp;LUB NA STRONIE&nbsp;<a href=\"https:\/\/www.treeoftheyear.org\/results?utm_medium=email&amp;utm_source=rozesilka&amp;utm_campaign=vyhlaseni&amp;utm_content=pozvanka\" target=\"_blank\" rel=\"noopener\">EUROPEJSKIE DRZEWO ROKU<\/a><\/h1>\n<h1>ZAPAMI\u0118TAJ DAT\u0118:&nbsp; 17.03.2020. GODZ. 16.30.<\/h1>\n<\/div>\n","protected":false},"excerpt":{"rendered":"<p>Ogl\u0105dajcie NA \u017bYWO og\u0142oszenie wynik\u00f3w jubileuszowego 10. z kolei g\u0142osowania na Europejskie Drzewo Roku. Relacja online ju\u017c 17.03. 2020 roku o godz. 16.30.<\/p>\n","protected":false},"author":3,"featured_media":12058,"comment_status":"closed","ping_status":"closed","sticky":false,"template":"","format":"standard","meta":{"ngg_post_thumbnail":0},"categories":[116],"tags":[],"_links":{"self":[{"href":"https:\/\/archiwum.swietodrzewa.pl\/index.php?rest_route=\/wp\/v2\/posts\/12057"}],"collection":[{"href":"https:\/\/archiwum.swietodrzewa.pl\/index.php?rest_route=\/wp\/v2\/posts"}],"about":[{"href":"https:\/\/archiwum.swietodrzewa.pl\/index.php?rest_route=\/wp\/v2\/types\/post"}],"author":[{"embeddable":true,"href":"https:\/\/archiwum.swietodrzewa.pl\/index.php?rest_route=\/wp\/v2\/users\/3"}],"replies":[{"embeddable":true,"href":"https:\/\/archiwum.swietodrzewa.pl\/index.php?rest_route=%2Fwp%2Fv2%2Fcomments&post=12057"}],"version-history":[{"count":10,"href":"https:\/\/archiwum.swietodrzewa.pl\/index.php?rest_route=\/wp\/v2\/posts\/12057\/revisions"}],"predecessor-version":[{"id":12073,"href":"https:\/\/archiwum.swietodrzewa.pl\/index.php?rest_route=\/wp\/v2\/posts\/12057\/revisions\/12073"}],"wp:featuredmedia":[{"embeddable":true,"href":"https:\/\/archiwum.swietodrzewa.pl\/index.php?rest_route=\/wp\/v2\/media\/12058"}],"wp:attachment":[{"href":"https:\/\/archiwum.swietodrzewa.pl\/index.php?rest_route=%2Fwp%2Fv2%2Fmedia&parent=12057"}],"wp:term":[{"taxonomy":"category","embeddable":true,"href":"https:\/\/archiwum.swietodrzewa.pl\/index.php?rest_route=%2Fwp%2Fv2%2Fcategories&post=12057"},{"taxonomy":"post_tag","embeddable":true,"href":"https:\/\/archiwum.swietodrzewa.pl\/index.php?rest_route=%2Fwp%2Fv2%2Ftags&post=12057"}],"curies":[{"name":"wp","href":"https:\/\/api.w.org\/{rel}","templated":true}]}}