{"id":12068,"date":"2020-03-18T12:05:46","date_gmt":"2020-03-18T11:05:46","guid":{"rendered":"http:\/\/swietodrzewa.pl\/?p=12068"},"modified":"2020-03-18T12:18:16","modified_gmt":"2020-03-18T11:18:16","slug":"czeski-straznik-zalanej-wioski-wygral-europejskie-drzewo-roku-2020","status":"publish","type":"post","link":"https:\/\/archiwum.swietodrzewa.pl\/?p=12068","title":{"rendered":"CZESKI STRA\u017bNIK ZALANEJ WIOSKI WYGRA\u0141 EUROPEJSKIE DRZEWO ROKU 2020"},"content":{"rendered":"<p class=\"lead\"><strong>Presti\u017cowy tytu\u0142 Europejskiego Drzewa Roku otrzyma\u0142a w tym roku Republika Czeska. Z wynikiem 47 226 g\u0142os\u00f3w sosna zwana Stra\u017cnikiem Zalanej Wioski pozostawi\u0142a innych rywali daleko w tyle. Polski Czarny Bez z Rzeszowa, zwyci\u0119zca konkursu Drzewo Roku 2019 Klubu Gaja, otrzyma\u0142 11 691 g\u0142os\u00f3w i ostatecznie uplasowa\u0142 si\u0119 na 12. pozycji. Podczas popularnego konkursu w tym roku oddano 285 174 g\u0142os\u00f3w. Ranking wszystkich drzew i film z og\u0142oszenia wynik\u00f3w mo\u017cna znale\u017a\u0107 na stronie www.treeoftheyear.org<\/strong><!--more--><\/p>\n<div class=\"body\">\n<p><a href=\"http:\/\/www.klubgaja.pl\/cms\/uploads\/AKTUALNO%C5%9ACI%202020\/Europejskie%20Drzewo%20Roku\/czechy.jpg\" target=\"_blank\" rel=\"noopener\"><img title=\"Stra\u017cnik zalanej wioski w Czechach\" src=\"http:\/\/www.klubgaja.pl\/cms\/uploads\/AKTUALNO%C5%9ACI%202020\/Europejskie%20Drzewo%20Roku\/czechy.jpg\" alt=\"\"\/><\/a>Og\u0142oszenie wynik\u00f3w Europejskiego Drzewa Roku, kt\u00f3re tradycyjnie odbywa si\u0119 w Parlamencie Europejskim w Brukseli, w tym roku ze wzgl\u0119du na pandemi\u0119 koronawirusa i zamkni\u0119cie europejskich granic odby\u0142o si\u0119 w Internecie.<\/p>\n<p>\u201eZastanawiali\u015bmy si\u0119, jak przekaza\u0107 rado\u015b\u0107 z wynik\u00f3w g\u0142osowania szesnastu wsp\u00f3lnotom europejskim. Wreszcie, po\u0142\u0105czyli\u015bmy opowie\u015bci o drzewach i osobiste \u015bwiadectwa pierwszych trzech finalist\u00f3w w video, kt\u00f3re mo\u017cna teraz ogl\u0105da\u0107 i udost\u0119pnia\u0107 fanom drzew ponad granicami, \u201dpodsumowuje&nbsp;<strong>Josef Jary<\/strong>&nbsp;z Environmental Partnership Association, organizatora konkursu Europejskie Drzewo Roku.<\/p>\n<p><a href=\"http:\/\/www.klubgaja.pl\/cms\/uploads\/AKTUALNO%C5%9ACI%202020\/Europejskie%20Drzewo%20Roku\/chorwacja.jpg\" target=\"_blank\" rel=\"noopener\"><img title=\"Mi\u0142orz\u0105b z Daruvar w Chorwacji\" src=\"http:\/\/www.klubgaja.pl\/cms\/uploads\/AKTUALNO%C5%9ACI%202020\/Europejskie%20Drzewo%20Roku\/chorwacja.jpg\" alt=\"\"\/><\/a>Zwyci\u0119ska 350-letnia&nbsp;<strong>s<\/strong>osna w Republice Czeskiej<strong>,<\/strong>&nbsp;ro\u015bnie na skalistym cyplu zapory. Jej historia dotyczy zalanej wsi Chudob\u00edn, kt\u00f3ra przesta\u0142a istnie\u0107 z powodu budowy tamy. Obecnie drzewo jest nie tylko wa\u017cnym punktem orientacyjnym, ale tak\u017ce imponuj\u0105cym \u015bwiadectwem jej wysokiej odporno\u015bci na zmiany klimatu i wp\u0142yw cz\u0142owieka.<\/p>\n<p>Srebrny medal trafi\u0142 do Chorwacji, gdzie ponad 200 -letni Mi\u0142orz\u0105b z Daruvaru o rajskim imieniu Adam&nbsp;uzyska\u0142 28 060 g\u0142os\u00f3w. Trzecie miejsce mo\u017ce \u015bwi\u0119towa\u0107 Federacja Rosyjska. Samotna Topola rosn\u0105ca na stepach Ka\u0142mucji, wed\u0142ug legendy posadzona na pocz\u0105tku XX wieku przez mnicha buddyjskiego, uzyska\u0142a 27 411 g\u0142os\u00f3w.<\/p>\n<p><a href=\"http:\/\/www.klubgaja.pl\/cms\/uploads\/AKTUALNO%C5%9ACI%202020\/Europejskie%20Drzewo%20Roku\/rosja.jpg\" target=\"_blank\" rel=\"noopener\"><img title=\"Samotna topola w Rosji\" src=\"http:\/\/www.klubgaja.pl\/cms\/uploads\/AKTUALNO%C5%9ACI%202020\/Europejskie%20Drzewo%20Roku\/rosja.jpg\" alt=\"\"\/><\/a><\/p>\n<p>Bez Czarny z Rzeszowa, kt\u00f3ry&nbsp; wygra\u0142 polsk\u0105 edycj\u0119 konkursu Drzewo Roku 2019 organizowanego przez Klub Gaja uzyska\u0142 11 691 g\u0142os\u00f3w internaut\u00f3w i uplasowa\u0142 si\u0119 statecznie na 12. pozycji w rankingu europejskich drzew. To 200-letnie drzewo rosn\u0105ce na skwerze mi\u0119dzy blokami w samy sercu miasta to prawdziwy fenomen. Ma posta\u0107 drzewiast\u0105, co jest niezwykle rzadko spotykan\u0105 form\u0105 tej ro\u015bliny. Pospolicie bez czarny wyst\u0119puje w formie krzewiastej. Drzewo prawdopodobnie jest pozosta\u0142o\u015bci\u0105 po by\u0142ych ogrodach zamku Lubomirskich. R\u00f3wnie\u017c dzisiaj drzewo nadaje temu miejscu wyj\u0105tkowy charakter. Wiele os\u00f3b nie wyobra\u017ca sobie, \u017ce tego drzewa mog\u0142oby nie by\u0107. Mieszka\u0144cy zachwycaj\u0105 si\u0119 niezwyk\u0142\u0105 urod\u0105 bzu, szczeg\u00f3lnie w okresie kwitnienia i owocowania. Kiedy kwitnie ca\u0142a korona pokryta jest bia\u0142ymi kwiatami \u2013 wygl\u0105da jak gigantyczny bukiet bia\u0142ych kwiat\u00f3w. W okresie owocowania pokryte jest mas\u0105 ki\u015bci czarnych jag\u00f3d, kt\u00f3re w jesieni dla ptak\u00f3w stanowi\u0105 bogat\u0105 sto\u0142\u00f3wk\u0119.<\/p>\n<p><a href=\"http:\/\/www.klubgaja.pl\/cms\/uploads\/AKTUALNO%C5%9ACI%202020\/Europejskie%20Drzewo%20Roku\/bez-1.jpg\" target=\"_blank\" rel=\"noopener\"><img title=\"Czarny bez w Polsce\" src=\"http:\/\/www.klubgaja.pl\/cms\/uploads\/AKTUALNO%C5%9ACI%202020\/Europejskie%20Drzewo%20Roku\/bez-1.jpg\" alt=\"\"\/><\/a><strong><a href=\"https:\/\/www.treeoftheyear.org\/results\" target=\"_blank\" rel=\"noopener\">Zobacz ranking wszystkich tegorocznych europejskich drzew i relacj\u0119 z og\u0142oszenia wynik\u00f3w &gt;&gt;&gt;<\/a><\/strong><\/p>\n<p>Konkurs Europejskie Drzewo Roku zwraca uwag\u0119 na ciekawe drzewa w Europie, jako wa\u017cne elementy dziedzictwa przyrodniczego i kulturowego, kt\u00f3re powinni\u015bmy ceni\u0107 i chroni\u0107. Dotychczas polskie drzewa &#8211; zwyci\u0119zcy krajowych edycji konursu organizowanego przez Klub Gaja,&nbsp; trzykrotnie stawa\u0142y&nbsp; na podium europejskim. W 2017 roku Europejskim Drzewem Roku zosta\u0142 D\u0105b J\u00f3zef z Wi\u015bniowej w woj. podkarpackim. W 2013 roku platan z K\u00f3z w woj. \u015bl\u0105skim zdoby\u0142 2. miejsce, a w 2014 roku na 3. miejscu uplasowa\u0142 si\u0119 D\u0105b Wybickiego w B\u0119dominie w woj. pomorskim.<\/p>\n<p>Mo\u017cesz pom\u00f3c chroni\u0107 drzewa przekazuj\u0105c&nbsp;<a href=\"http:\/\/www.klubgaja.pl\/wesprzyj-nas\" target=\"_blank\" rel=\"noopener\">darowizn\u0119<\/a>&nbsp;lub 1<a href=\"http:\/\/www.klubgaja.pl\/przekaz-1-procent-podatku\" target=\"_blank\" rel=\"noopener\">% podatku<\/a>&nbsp;dla Klubu Gaja. Na naszej stronie znajdziesz&nbsp;<a href=\"https:\/\/www.e-pity.pl\/pity-2019\/program-online-epity-2020-KRS-0000120069\" target=\"_blank\" rel=\"noopener\">Bezp\u0142atny Program PIT<\/a>&nbsp;lub w deklaracji podatkowej PIT wpisz KRS: 0000120069.<\/p>\n<p><strong><a href=\"http:\/\/swietodrzewa.pl\/?page_id=1673\" target=\"_blank\" rel=\"noopener\">Dowiedz si\u0119 wi\u0119cej o konkursie Klubu Gaja Drzewo Roku &gt;&gt;&gt;<\/a><\/strong><\/p>\n<\/div>\n","protected":false},"excerpt":{"rendered":"<p>Presti\u017cowy tytu\u0142 Europejskiego Drzewa Roku otrzyma\u0142a w tym roku Republika Czeska. Z wynikiem 47 226 g\u0142os\u00f3w sosna zwana Stra\u017cnikiem Zalanej Wioski pozostawi\u0142a innych rywali daleko w tyle. Polski Czarny Bez z Rzeszowa, zwyci\u0119zca konkursu Drzewo Roku 2019 Klubu Gaja, otrzyma\u0142 11 691 g\u0142os\u00f3w i ostatecznie uplasowa\u0142 si\u0119 na 12. pozycji. Podczas popularnego konkursu w tym [&hellip;]<\/p>\n","protected":false},"author":3,"featured_media":12069,"comment_status":"closed","ping_status":"closed","sticky":false,"template":"","format":"standard","meta":{"ngg_post_thumbnail":0},"categories":[116],"tags":[],"_links":{"self":[{"href":"https:\/\/archiwum.swietodrzewa.pl\/index.php?rest_route=\/wp\/v2\/posts\/12068"}],"collection":[{"href":"https:\/\/archiwum.swietodrzewa.pl\/index.php?rest_route=\/wp\/v2\/posts"}],"about":[{"href":"https:\/\/archiwum.swietodrzewa.pl\/index.php?rest_route=\/wp\/v2\/types\/post"}],"author":[{"embeddable":true,"href":"https:\/\/archiwum.swietodrzewa.pl\/index.php?rest_route=\/wp\/v2\/users\/3"}],"replies":[{"embeddable":true,"href":"https:\/\/archiwum.swietodrzewa.pl\/index.php?rest_route=%2Fwp%2Fv2%2Fcomments&post=12068"}],"version-history":[{"count":4,"href":"https:\/\/archiwum.swietodrzewa.pl\/index.php?rest_route=\/wp\/v2\/posts\/12068\/revisions"}],"predecessor-version":[{"id":12074,"href":"https:\/\/archiwum.swietodrzewa.pl\/index.php?rest_route=\/wp\/v2\/posts\/12068\/revisions\/12074"}],"wp:featuredmedia":[{"embeddable":true,"href":"https:\/\/archiwum.swietodrzewa.pl\/index.php?rest_route=\/wp\/v2\/media\/12069"}],"wp:attachment":[{"href":"https:\/\/archiwum.swietodrzewa.pl\/index.php?rest_route=%2Fwp%2Fv2%2Fmedia&parent=12068"}],"wp:term":[{"taxonomy":"category","embeddable":true,"href":"https:\/\/archiwum.swietodrzewa.pl\/index.php?rest_route=%2Fwp%2Fv2%2Fcategories&post=12068"},{"taxonomy":"post_tag","embeddable":true,"href":"https:\/\/archiwum.swietodrzewa.pl\/index.php?rest_route=%2Fwp%2Fv2%2Ftags&post=12068"}],"curies":[{"name":"wp","href":"https:\/\/api.w.org\/{rel}","templated":true}]}}