{"id":12108,"date":"2020-04-02T17:57:02","date_gmt":"2020-04-02T15:57:02","guid":{"rendered":"http:\/\/swietodrzewa.pl\/?p=12108"},"modified":"2020-04-02T18:07:44","modified_gmt":"2020-04-02T16:07:44","slug":"supermiasta-zaglosuj-na-miasto-bielsko-biala-i-klub-gaja","status":"publish","type":"post","link":"https:\/\/archiwum.swietodrzewa.pl\/?p=12108","title":{"rendered":"SUPERMIASTA \u2013 ZAG\u0141OSUJ NA MIASTO BIELSKO-BIA\u0141A I KLUB GAJA"},"content":{"rendered":"<p class=\"p1\"><b>Do ko\u0144ca kwietnia trwa plebiscyt Gazety Wyborczej pod has\u0142em<span class=\"Apple-converted-space\">&nbsp; <\/span>\u201eSuperMiasta&#8221;.<\/b> <b>Klub Gaja jest dumny z wyboru naszej organizacji jako symbolu 30-lecia samorz\u0105du miasta Bielska-Bia\u0142ej w tym plebiscycie.<span class=\"Apple-converted-space\">&nbsp; <\/span>Jeste\u015bmy dumni z dostrze\u017cenia naszej pracy na rzecz ludzi, zwierz\u0105t i \u015brodowiska. Zach\u0119camy tych wszystkich dla kt\u00f3rych nasze programy, kampanie i akcje s\u0105 bliskie do oddania g\u0142osu na miasto Bielsko-Bia\u0142a i Klub Gaja.<\/b><!--more--><\/p>\n<p class=\"p1\"><a href=\"http:\/\/swietodrzewa.pl\/wp-content\/uploads\/2020\/04\/SWIETO-DRZEWA-092_maly.jpg\"><img loading=\"lazy\" class=\"alignleft size-medium wp-image-12110\" src=\"http:\/\/swietodrzewa.pl\/wp-content\/uploads\/2020\/04\/SWIETO-DRZEWA-092_maly-300x200.jpg\" alt=\"\" width=\"300\" height=\"200\" srcset=\"https:\/\/archiwum.swietodrzewa.pl\/wp-content\/uploads\/2020\/04\/SWIETO-DRZEWA-092_maly-300x200.jpg 300w, https:\/\/archiwum.swietodrzewa.pl\/wp-content\/uploads\/2020\/04\/SWIETO-DRZEWA-092_maly-768x511.jpg 768w, https:\/\/archiwum.swietodrzewa.pl\/wp-content\/uploads\/2020\/04\/SWIETO-DRZEWA-092_maly-1024x681.jpg 1024w, https:\/\/archiwum.swietodrzewa.pl\/wp-content\/uploads\/2020\/04\/SWIETO-DRZEWA-092_maly.jpg 1127w\" sizes=\"(max-width: 300px) 100vw, 300px\" \/><\/a>W lokalnych serwisach www.wyborcza.pl internauci mog\u0105 g\u0142osowa\u0107 na ich zdaniem najwi\u0119ksze osi\u0105gni\u0119cia swoich miast w ostatnim trzydziestoleciu. Na miasto Bielsko-Bia\u0142a i Klub Gaja mo\u017cna zag\u0142osowa\u0107<span class=\"Apple-converted-space\">&nbsp; <\/span>na stronie Wyborcza.pl Katowice. Wyborcza.pl uzasadniaj\u0105c wyb\u00f3r Klubu Gaja pisze<span class=\"Apple-converted-space\">&nbsp; <\/span>\u2013 \u201eBielsko-Bia\u0142a to zabytki, drogi rowerowe, stadion i przebudowany rynek. Nie mo\u017cemy jednak zapomina\u0107, \u017ce to jedno z tych miast, w kt\u00f3rych g\u0142o\u015bno zacz\u0119to m\u00f3wi\u0107 o ekologii. Wywodz\u0105cy si\u0119 st\u0105d<span class=\"Apple-converted-space\">&nbsp; <\/span>Klub Gaja to nie tylko ekologiczna marka miasta, ale te\u017c doskona\u0142y wz\u00f3r do na\u015bladowania\u201d.<\/p>\n<p class=\"p1\">Zapraszamy do g\u0142osowania! <a href=\"https:\/\/katowice.wyborcza.pl\/katowice\/7,174033,25821275,plebiscyt-supermiasta-z-czego-jestescie-dumni-zaczynamy-glosowanie.html\">Zag\u0142osuj TU &gt;&gt;&gt;<\/a><\/p>\n<p class=\"p1\">Akcja \u201eSuperMiasta&#8221; nawi\u0105zuje do 30. rocznicy pierwszych w historii III RP wybor\u00f3w do rad gmin. Dzi\u0119ki publikacjom Gazety Wyborczej<span class=\"Apple-converted-space\">&nbsp; <\/span>i Wyborcza.pl czytelnicy mog\u0105 oceni\u0107, jak zmieni\u0142y si\u0119 w tym czasie nasze miasta, \u017cycie i otoczenie.<a href=\"http:\/\/swietodrzewa.pl\/wp-content\/uploads\/2020\/04\/karpiowate-na-koszulki1.jpg\"><img loading=\"lazy\" class=\"alignright size-medium wp-image-12109\" src=\"http:\/\/swietodrzewa.pl\/wp-content\/uploads\/2020\/04\/karpiowate-na-koszulki1-300x185.jpg\" alt=\"\" width=\"300\" height=\"185\" srcset=\"https:\/\/archiwum.swietodrzewa.pl\/wp-content\/uploads\/2020\/04\/karpiowate-na-koszulki1-300x185.jpg 300w, https:\/\/archiwum.swietodrzewa.pl\/wp-content\/uploads\/2020\/04\/karpiowate-na-koszulki1-768x473.jpg 768w, https:\/\/archiwum.swietodrzewa.pl\/wp-content\/uploads\/2020\/04\/karpiowate-na-koszulki1-1024x631.jpg 1024w, https:\/\/archiwum.swietodrzewa.pl\/wp-content\/uploads\/2020\/04\/karpiowate-na-koszulki1.jpg 1280w\" sizes=\"(max-width: 300px) 100vw, 300px\" \/><\/a><\/p>\n<p class=\"p1\"><strong>Miko\u0142aj Chrzan<\/strong>, zast\u0119pca redaktora naczelnego Gazety Wyborczej m\u00f3wi<span class=\"Apple-converted-space\">&nbsp; <\/span>\u2013 \u201eUtworzenie samorz\u0105d\u00f3w lokalnych to jeden z najwi\u0119kszych sukces\u00f3w odnowionej Polski. Dlatego w marcu zainicjowali\u015bmy nasz\u0105 akcj\u0119 i ruszyli\u015bmy w \u201eWyborczej\u201d z plebiscytem \u201eSuperMiasta&#8221;. Gdy planowali\u015bmy harmonogram, nikt nie m\u00f3g\u0142 przewidzie\u0107, \u017ce dominuj\u0105cym tematem w Europie stanie si\u0119 pandemia&#8230; Sprawdzi\u0142a si\u0119 jednak nasza redaktorska intuicja, kt\u00f3ra podpowiada\u0142a, \u017ce nawet gdy w aktualno\u015bciach b\u0119dzie dominowa\u0142 temat koronawirusa, nasi czytelnicy b\u0119d\u0105 potrzebowali oddechu, si\u0119gni\u0119cia tak\u017ce po bardziej optymistyczne tematy. A do takich bez w\u0105tpienia nale\u017c\u0105 teksty o miastach bior\u0105cych udzia\u0142 w plebiscycie. Otrzymali\u015bmy wiele zg\u0142osze\u0144, z kt\u00f3rych kolegia redakcji lokalnych wybra\u0142y kilka, kilkana\u015bcie najlepszych. Teraz czas na to, by w ka\u017cdym z miast &#8211; w drodze plebiscytu &#8211; wybra\u0107 ostatecznych zwyci\u0119zc\u00f3w. W przeciwie\u0144stwie do szykowanych wybor\u00f3w prezydenckich nasze g\u0142osowanie mo\u017cna zrealizowa\u0107 w pe\u0142ni bezpiecznie. Nie trzeba wychodzi\u0107 z domu &#8211; wystarczy wej\u015b\u0107 na stron\u0119 Wyborcza.pl\/supermiasta i znale\u017a\u0107 link prowadz\u0105cy do g\u0142osowania w swoim mie\u015bcie\u201d.<\/p>\n<p class=\"p1\"><b>Jacek Bo\u017cek, <\/b>za\u0142o\u017cyciel i prezes Klubu Gaja dodaje \u2013 \u201eSuper, \u017ce Klub Gaja znalaz\u0142 si\u0119 w plebiscycie \u201eSuperMiasta\u201d. To naprawd\u0119 ogromna niespodzianka dla ca\u0142ego zespo\u0142u naszej organizacji i dla mnie osobi\u015bcie. Zak\u0142adaj\u0105c w zasadzie konspiracyjnie w 1988 roku nasz\u0105 organizacj\u0119, nie przypuszcza\u0142em, \u017ce spotka nas kiedy\u015b takie wyr\u00f3\u017cnienie. Jeszcze raz z u\u015bmiechem mog\u0119 powiedzie\u0107, super by\u0107 w super mie\u015bcie\u201d.<\/p>\n<p class=\"p1\">\u017br\u00f3d\u0142o:wyborcza.pl<\/p>\n","protected":false},"excerpt":{"rendered":"<p>Do ko\u0144ca kwietnia trwa plebiscyt Gazety Wyborczej pod has\u0142em&nbsp; \u201eSuperMiasta&#8221;. Klub Gaja jest dumny z wyboru naszej organizacji jako symbolu 30-lecia samorz\u0105du miasta Bielska-Bia\u0142ej w tym plebiscycie.&nbsp; Jeste\u015bmy dumni z dostrze\u017cenia naszej pracy na rzecz ludzi, zwierz\u0105t i \u015brodowiska. Zach\u0119camy tych wszystkich dla kt\u00f3rych nasze programy, kampanie i akcje s\u0105 bliskie do oddania g\u0142osu na [&hellip;]<\/p>\n","protected":false},"author":3,"featured_media":12110,"comment_status":"closed","ping_status":"closed","sticky":false,"template":"","format":"standard","meta":{"ngg_post_thumbnail":0},"categories":[1],"tags":[],"_links":{"self":[{"href":"https:\/\/archiwum.swietodrzewa.pl\/index.php?rest_route=\/wp\/v2\/posts\/12108"}],"collection":[{"href":"https:\/\/archiwum.swietodrzewa.pl\/index.php?rest_route=\/wp\/v2\/posts"}],"about":[{"href":"https:\/\/archiwum.swietodrzewa.pl\/index.php?rest_route=\/wp\/v2\/types\/post"}],"author":[{"embeddable":true,"href":"https:\/\/archiwum.swietodrzewa.pl\/index.php?rest_route=\/wp\/v2\/users\/3"}],"replies":[{"embeddable":true,"href":"https:\/\/archiwum.swietodrzewa.pl\/index.php?rest_route=%2Fwp%2Fv2%2Fcomments&post=12108"}],"version-history":[{"count":7,"href":"https:\/\/archiwum.swietodrzewa.pl\/index.php?rest_route=\/wp\/v2\/posts\/12108\/revisions"}],"predecessor-version":[{"id":12117,"href":"https:\/\/archiwum.swietodrzewa.pl\/index.php?rest_route=\/wp\/v2\/posts\/12108\/revisions\/12117"}],"wp:featuredmedia":[{"embeddable":true,"href":"https:\/\/archiwum.swietodrzewa.pl\/index.php?rest_route=\/wp\/v2\/media\/12110"}],"wp:attachment":[{"href":"https:\/\/archiwum.swietodrzewa.pl\/index.php?rest_route=%2Fwp%2Fv2%2Fmedia&parent=12108"}],"wp:term":[{"taxonomy":"category","embeddable":true,"href":"https:\/\/archiwum.swietodrzewa.pl\/index.php?rest_route=%2Fwp%2Fv2%2Fcategories&post=12108"},{"taxonomy":"post_tag","embeddable":true,"href":"https:\/\/archiwum.swietodrzewa.pl\/index.php?rest_route=%2Fwp%2Fv2%2Ftags&post=12108"}],"curies":[{"name":"wp","href":"https:\/\/api.w.org\/{rel}","templated":true}]}}