{"id":12129,"date":"2020-04-19T20:13:28","date_gmt":"2020-04-19T18:13:28","guid":{"rendered":"http:\/\/swietodrzewa.pl\/?p=12129"},"modified":"2020-04-19T20:29:03","modified_gmt":"2020-04-19T18:29:03","slug":"dzien-ziemi-planeta-w-twoich-rekach","status":"publish","type":"post","link":"https:\/\/archiwum.swietodrzewa.pl\/?p=12129","title":{"rendered":"Dzie\u0144 Ziemi \u2013 planeta w Twoich r\u0119kach!"},"content":{"rendered":"<p class=\"lead\">Pi\u0119\u0107dziesi\u0105t lat temu w roku 1970 po raz pierwszy obchodzono Dzie\u0144 Ziemi. Wszystko zacz\u0119\u0142o si\u0119 w Stanach Zjednoczonych, gdzie rodzi\u0142 si\u0119 oddolny ruch ekologiczny. 22 kwietnia tysi\u0105ce szk\u00f3\u0142 i uniwersytet\u00f3w zorganizowa\u0142o masowe protesty przeciwko niszczeniu \u015brodowiska naturalnego. W roku 1990 ide\u0119 \u015bwi\u0119towania Dnia Ziemi podj\u0119to w ponad 140 krajach na \u015bwiecie, tak\u017ce w Polsce. Jeste\u015bmy bardzo dumni, \u017ce Klub Gaja od pocz\u0105tku, czyli od trzydziestu lat, organizuje i w\u0142\u0105cza si\u0119 w obchody tego mi\u0119dzynarodowego wydarzenia.<!--more--><\/p>\n<div class=\"body\">\n<p>\u201ePami\u0119tam jak w roku 1990, w pocz\u0105tkach Klubu Gaja, organizowa\u0142em Dzie\u0144 Ziemi w Bielsku-Bia\u0142ej, moim rodzinnym mie\u015bcie. Jednym z wydarze\u0144 jakie przeprowadzili\u015bmy w tym czasie by\u0142 koncert w Domu Muzyki, na kt\u00f3rym przebrany w symboliczny str\u00f3j wilka stara\u0142em si\u0119 m\u00f3wi\u0107 do zaproszonych go\u015bci w imieniu zwierz\u0105t i dzikiej przyrody. Nie przypuszcza\u0142em, \u017ce w roku 2020 nadal b\u0119dziemy musieli przypomina\u0107 sobie i innym, \u017ce jeste\u015bmy wsp\u00f3\u0142zale\u017cni i przyroda jest nam bardziej potrzebna ni\u017c kiedykolwiek wcze\u015bniej\u201d \u2013 powiedzia\u0142&nbsp;&nbsp;<strong>Jacek Bo\u017cek,<\/strong>&nbsp;za\u0142o\u017cyciel i lider Klubu Gaja.<img src=\"http:\/\/klubgaja.pl\/cms\/uploads\/AKTUALNO%C5%9ACI%202020\/Dzie%C5%84%20Ziemi\/fot-klub-gaja-dzien-ziemi-bck-bielsko-biala-1990.jpg\"\/><\/p>\n<p>Obchodz\u0105c&nbsp; 50-lecie Dnia Ziemi sp\u00f3jrzmy wstecz, jak rodzi\u0142 si\u0119 ruch ekologiczny. Lata 70. w USA&nbsp; to czas hipis\u00f3w i ruch\u00f3w antywojennych. Pomys\u0142odawc\u0105 utworzenia ruchu na rzecz ochrony \u015brodowiska by\u0142 senator Gaylord Nelson.&nbsp; Do wsp\u00f3\u0142pracy zaprosi\u0142 kongresmena Pete\u2019a McCloskeya i eko-dzia\u0142acza Denisa Hayesa. Powsta\u0142a grupa 85 os\u00f3b, kt\u00f3ra zaanga\u017cowa\u0142a si\u0119&nbsp; w organizacj\u0119 pierwszego Dnia Ziemi. 22 kwietnia 1970 roku na ulic\u0119 wysz\u0142o ponad 20 milion\u00f3w Amerykan\u00f3w by zaprotestowa\u0107 przeciwko niszczeniu&nbsp; \u015brodowiska naturalnego. Dzisiaj nadal potrzebujemy protest\u00f3w ale i natychmiastowych dzia\u0142a\u0144, by ochroni\u0107 nasz\u0105 planet\u0119 i nas samych.<\/p>\n<p>Tegoroczne obchody maj\u0105 bardzo dramatyczny wymiar. Dooko\u0142a nas rozprzestrzenia si\u0119 wirus , kt\u00f3ry b\u0119dzie mia\u0142 wp\u0142yw na nasze zachowania, kultur\u0119, polityk\u0119 i gospodark\u0119. Polsce grozi katastrofalna susza spowodowana zmianami klimatycznymi oraz przestarza\u0142\u0105 gospodark\u0105 wodn\u0105 rodem z radzieckich uniwersytet\u00f3w. Nadal oddychamy zatrutym powietrzem i chronimy w\u0119giel jako dobro narodowe. Nie mo\u017cemy ju\u017c d\u0142u\u017cej pozostawa\u0107 mentalnie i politycznie w dziewi\u0119tnastym wieku. Musimy zmienia\u0107 sposoby kszta\u0142cenia, produkcji i konsumpcji p\u00f3ki jeszcze katastrofa klimatyczna nie przybra\u0142a wymiaru mega pandemii.<\/p>\n<p>M\u00f3wi o tym nawet Papie\u017c Franciszek, podkre\u015blaj\u0105c&nbsp; zwi\u0105zki pandemii koronawirusa z katastrof\u0105 klimatyczn\u0105. W wywiadzie udzielonym magazynom &#8222;The Tablet&#8221; i &#8222;Commonwealth&#8221; Papie\u017c Franciszek m\u00f3wi, \u017ce trwaj\u0105ca na ca\u0142ym \u015bwiecie pandemia koronawirusa&nbsp; jest jedn\u0105 z reakcji natury na ignorowanie zmian klimatu.<a href=\"http:\/\/klubgaja.pl\/cms\/uploads\/AKTUALNO%C5%9ACI%202020\/Dzie%C5%84%20Ziemi\/fot-klub-gaja-artykul-gazeta-prowincjonalna-1990.jpg\" target=\"_blank\" rel=\"noopener\"><img src=\"http:\/\/klubgaja.pl\/cms\/uploads\/AKTUALNO%C5%9ACI%202020\/Dzie%C5%84%20Ziemi\/fot-klub-gaja-artykul-gazeta-prowincjonalna-1990.jpg\" alt=\"\"\/><\/a><\/p>\n<p>\u201eJe\u015bli dalej z cynizmem i arogancj\u0105 b\u0119dziemy traktowali ostrze\u017cenia naukowc\u00f3w dotycz\u0105ce przysz\u0142o\u015bci planety mo\u017cemy obudzi\u0107 si\u0119 w \u015bwiecie, gdzie wspomnienia o pandemii koronawirusa&nbsp; z roku 2020 b\u0119d\u0105 mi\u0142ym przerywnikiem pomi\u0119dzy susz\u0105, powodzi\u0105 i emigracj\u0105 klimatyczn\u0105. To nie b\u0119dzie si\u0119 dzia\u0142o kiedy\u015b. To dzieje si\u0119 teraz!\u201d \u2013 dodaje Jacek Bo\u017cek.<\/p>\n<p>Ka\u017cdy z nas w Dzie\u0144 Ziemi robi\u0105c nawet ma\u0142\u0105 rzecz, mo\u017ce przyczyni\u0107 si\u0119 do poprawy stanu naszej planety. O to kilka podpowiedzi &#8211; Kupujcie mniej i nie marnujcie \u017cywno\u015bci. Wybierajcie produkty lokalne. Ograniczcie spo\u017cycie mi\u0119sa lub przejd\u017acie na wegetarianizm\/weganizm. Oszcz\u0119dzajcie wod\u0119. Ograniczcie zu\u017cycie plastiku. Wybierajcie transport publiczny czy rower zamiast samochodu &#8230; i b\u0105d\u017amy mili dla siebie nawzajem.<\/p>\n<p>Wi\u0119cej informacji o Dniu Ziemi&nbsp;<a href=\"https:\/\/www.earthday.org\/\" target=\"_blank\" rel=\"noopener\">https:\/\/www.earthday.org<\/a><\/p>\n<p><strong>Wesprzyj Klub Gaja \u2013 przeka\u017c&nbsp;&nbsp;<a href=\"http:\/\/klubgaja.pl\/przekaz-1-procent-podatku\" target=\"_blank\" rel=\"noopener\">1 % podatku&nbsp;<\/a>(KRS: 0000120069); <a href=\"http:\/\/klubgaja.pl\/wesprzyj-nas\">przeka\u017c darowizn\u0119<\/a> (nr konta 90 2030 0045 1110 0000 0067 3120)<\/strong><\/p>\n<p>Fot. Klub Gaja\/ Dzie\u0144 Ziemi &#8211; artyku\u0142&nbsp; \u201eGazeta Prowincjonalna\u201d, 1990<br \/>\nFot. Klub Gaja \/ Dzie\u0144 Ziemi, Bielskie Centrum Kultury, 1990<\/p>\n<\/div>\n","protected":false},"excerpt":{"rendered":"<p>Pi\u0119\u0107dziesi\u0105t lat temu w roku 1970 po raz pierwszy obchodzono Dzie\u0144 Ziemi. Wszystko zacz\u0119\u0142o si\u0119 w Stanach Zjednoczonych, gdzie rodzi\u0142 si\u0119 oddolny ruch ekologiczny. 22 kwietnia tysi\u0105ce szk\u00f3\u0142 i uniwersytet\u00f3w zorganizowa\u0142o masowe protesty przeciwko niszczeniu \u015brodowiska naturalnego. W roku 1990 ide\u0119 \u015bwi\u0119towania Dnia Ziemi podj\u0119to w ponad 140 krajach na \u015bwiecie, tak\u017ce w Polsce. Jeste\u015bmy [&hellip;]<\/p>\n","protected":false},"author":3,"featured_media":12131,"comment_status":"closed","ping_status":"closed","sticky":false,"template":"","format":"standard","meta":{"ngg_post_thumbnail":0},"categories":[1],"tags":[],"_links":{"self":[{"href":"https:\/\/archiwum.swietodrzewa.pl\/index.php?rest_route=\/wp\/v2\/posts\/12129"}],"collection":[{"href":"https:\/\/archiwum.swietodrzewa.pl\/index.php?rest_route=\/wp\/v2\/posts"}],"about":[{"href":"https:\/\/archiwum.swietodrzewa.pl\/index.php?rest_route=\/wp\/v2\/types\/post"}],"author":[{"embeddable":true,"href":"https:\/\/archiwum.swietodrzewa.pl\/index.php?rest_route=\/wp\/v2\/users\/3"}],"replies":[{"embeddable":true,"href":"https:\/\/archiwum.swietodrzewa.pl\/index.php?rest_route=%2Fwp%2Fv2%2Fcomments&post=12129"}],"version-history":[{"count":5,"href":"https:\/\/archiwum.swietodrzewa.pl\/index.php?rest_route=\/wp\/v2\/posts\/12129\/revisions"}],"predecessor-version":[{"id":12135,"href":"https:\/\/archiwum.swietodrzewa.pl\/index.php?rest_route=\/wp\/v2\/posts\/12129\/revisions\/12135"}],"wp:featuredmedia":[{"embeddable":true,"href":"https:\/\/archiwum.swietodrzewa.pl\/index.php?rest_route=\/wp\/v2\/media\/12131"}],"wp:attachment":[{"href":"https:\/\/archiwum.swietodrzewa.pl\/index.php?rest_route=%2Fwp%2Fv2%2Fmedia&parent=12129"}],"wp:term":[{"taxonomy":"category","embeddable":true,"href":"https:\/\/archiwum.swietodrzewa.pl\/index.php?rest_route=%2Fwp%2Fv2%2Fcategories&post=12129"},{"taxonomy":"post_tag","embeddable":true,"href":"https:\/\/archiwum.swietodrzewa.pl\/index.php?rest_route=%2Fwp%2Fv2%2Ftags&post=12129"}],"curies":[{"name":"wp","href":"https:\/\/api.w.org\/{rel}","templated":true}]}}