{"id":12162,"date":"2020-06-01T10:00:30","date_gmt":"2020-06-01T08:00:30","guid":{"rendered":"http:\/\/swietodrzewa.pl\/?p=12162"},"modified":"2020-06-01T11:36:07","modified_gmt":"2020-06-01T09:36:07","slug":"zaglosuj-na-przyrode-i-wybierz-drzewo-roku-2020","status":"publish","type":"post","link":"https:\/\/archiwum.swietodrzewa.pl\/?p=12162","title":{"rendered":"Zag\u0142osuj na przyrod\u0119 i wybierz Drzewo Roku 2020"},"content":{"rendered":"<p><strong>Przez ca\u0142y czerwiec drzewa z ca\u0142ej Polski b\u0119d\u0105 rywalizowa\u0142y o tytu\u0142 Drzewa Roku w konkursie organizowanym po raz 10-ty przez Klub Gaja. Do tegorocznej edycji plebiscytu nap\u0142yn\u0119\u0142o blisko 80 zg\u0142osze\u0144. To znane i lubiane przez spo\u0142eczno\u015bci lokalne okazy przyrodnicze, a tak\u017ce wa\u017cne elementy naszej kultury i historii. Jury konkursowe wy\u0142oni\u0142o 16. finalist\u00f3w, kt\u00f3rych teraz ka\u017cdy z nas mo\u017ce bli\u017cej pozna\u0107 i wesprze\u0107 podczas plebiscytu na stronie <a href=\"http:\/\/drzeworoku.pl\">drzeworoku.pl<\/a>. Wygra to drzewo, kt\u00f3re zdob\u0119dzie najwi\u0119cej g\u0142os\u00f3w internaut\u00f3w. Zapraszamy do g\u0142osowania!<br \/>\n<\/strong><!--more--><br \/>\n16. finalist\u00f3w Drzewa Roku 2020 to 16. niezwyk\u0142ych historii drzew zg\u0142oszonych do konkursu zar\u00f3wno przez osoby prywatne jaki i plac\u00f3wki o\u015bwiatowe, samorz\u0105dy lokalne, nadle\u015bnictwa i stowarzyszenia. W finale konkursu znalaz\u0142o si\u0119 6 d\u0119b\u00f3w, kt\u00f3re jako drzewa d\u0142ugowieczne od pokole\u0144 s\u0105 \u015bwiadkami wielu historycznych wydarze\u0144 w naszym kraju. 300-letni <strong>D\u0105b w Ostrowcu \u015awi\u0119tokrzyskim<\/strong> jest jedynym ocala\u0142ym drzewem pami\u0119taj\u0105cym czasy powstania tu kirkutu. <strong>D\u0105b Wolno\u015bci w Radomiu (woj. mazowieckie)<\/strong>, posadzony 3 maja 1919 roku, symbolizuje zrastanie si\u0119 ojczyzny z 3 zabor\u00f3w. Z kolei 400-letni <strong>D\u0105b z Krz\u0119towa <\/strong>to najgrubsze drzewo tego gatunku w woj. \u0142\u00f3dzkim. <strong>D\u0105b Bolek w Lesznie (woj. wielkopolskie)<\/strong> swoje imi\u0119 zawdzi\u0119cza inicjatywie taks\u00f3wkarzy, kt\u00f3rzy w jego pobli\u017cu maj\u0105 sw\u00f3j post\u00f3j, a <strong>D\u0105b Dobrodziej z Krakowa<\/strong> patronuje poczynaniom ogrodnik\u00f3w ze Spo\u0142ecznego Ogrodu Macierzanki. Majestatyczny 300-letni <strong>D\u0105b Przewodnik<\/strong> <strong>we Wroc\u0142awiu<\/strong>, rosn\u0105cy samotnie w samym sercu miejskiej zabudowy, to symbol przemijaj\u0105cego pi\u0119kna, kt\u00f3re kiedy\u015b tworzy\u0142 tu wraz z innymi drzewami.<\/p>\n<p>Lipy, kt\u00f3re r\u00f3wnie\u017c bardzo cz\u0119sto sadzimy z okazji r\u00f3\u017cnych wydarze\u0144, reprezentuje w konkursie <strong>Lipa \u015bw. Nepomucena w Dulczy Wielkiej (woj. podkarpackie)<\/strong> &#8211; patronka powodzian oraz <strong>Lipa Wolno\u015bci w Wodzicznej (woj. wielkopolskie) <\/strong><strong>\u2013 <\/strong>patronka lokalnych imprez kulturalnych.<a href=\"http:\/\/swietodrzewa.pl\/wp-content\/uploads\/2019\/12\/Drzewo-roku-2020-RGB.jpg\"><img loading=\"lazy\" class=\"alignright size-medium wp-image-11929\" src=\"http:\/\/swietodrzewa.pl\/wp-content\/uploads\/2019\/12\/Drzewo-roku-2020-RGB-210x300.jpg\" alt=\"\" width=\"210\" height=\"300\" srcset=\"https:\/\/archiwum.swietodrzewa.pl\/wp-content\/uploads\/2019\/12\/Drzewo-roku-2020-RGB-210x300.jpg 210w, https:\/\/archiwum.swietodrzewa.pl\/wp-content\/uploads\/2019\/12\/Drzewo-roku-2020-RGB-768x1097.jpg 768w, https:\/\/archiwum.swietodrzewa.pl\/wp-content\/uploads\/2019\/12\/Drzewo-roku-2020-RGB-717x1024.jpg 717w\" sizes=\"(max-width: 210px) 100vw, 210px\" \/><\/a><\/p>\n<p>Kolejnymi finalistami s\u0105 dwie sosny, kt\u00f3re do tej pory rzadko by\u0142y reprezentowane. S<strong>osna Gruba Ka\u015bka z Nadle\u015bnictwa M\u0142ynary (woj. warmi\u0144sko-mazurskie)<\/strong> ma 300 lat i g\u00f3ruje nad ca\u0142ym drzewostanem, a <strong>Sosna Falenicka<\/strong> to naturalna rogatka Warszawy i wizyt\u00f3wka lokalnej przyrody, kt\u00f3ra zjednoczy\u0142a liczn\u0105 spo\u0142eczno\u015b\u0107, gdy grozi\u0142a jej wycinka.<\/p>\n<p>Mamy w finale r\u00f3wnie\u017c <strong>Klona Literata w Koninie(woj. wielkopolskie)<\/strong>, kt\u00f3ry daje cie\u0144 czytelnikom pobliskiej biblioteki, a tak\u017ce zabytkow\u0105 XIX-wieczn\u0105 <strong>Alej\u0119 klonow\u0105 w Z\u0142otym Potoku (woj. \u015bl\u0105skie)<\/strong>.<\/p>\n<p>Pozostali finali\u015bci to: <strong>Kasztanowiec Antek <\/strong><strong>\u2013 <\/strong>symbolem wsi Stradunia na Opolszczy\u017anie, <strong>Jod\u0142a El\u017cbieta w Bieszczadach (woj. podkarpackie) <\/strong><strong>\u2013<\/strong> trzecia pod wzgl\u0119dem grubo\u015bci jod\u0142a w polskich lasach, <strong>Mi\u0142orz\u0105b w Bydgoszczy (woj. kujawsko-pomorskie)<\/strong>, kt\u00f3ry od 155 lat patronuje pracownikom o\u015bwiaty oraz <strong>Smutni Bracia w Sosnowcu (woj. \u015bl\u0105skie)<\/strong> <strong>\u2013 <\/strong>dwa blisko 200-letnie buki rosn\u0105ce na Cmentarzu Wielowyznaniowym, b\u0119d\u0105ce swoistym symbolem zgody i kompromisu. Cz\u0119\u015b\u0107 z drzew nie by\u0142a dot\u0105d szerzej znana, ale teraz dzi\u0119ki swoim mi\u0142o\u015bnikom i opiekunom maj\u0105 szans\u0119 zaistnie\u0107 w naszej \u015bwiadomo\u015bci i by\u0107 dla nas przyk\u0142adem troski o przyrod\u0119, histori\u0119 i tradycj\u0119.&nbsp;<\/p>\n<p>\u201eOpowie\u015bci o drzewach czyta\u0142am z zapartym tchem, znalaz\u0142am w nich mi\u0142o\u015b\u0107, wzruszenie emocje. Ludzie pisali o nich tak, jak si\u0119 pisze o kim\u015b bliskim, o przyjacielu, s\u0105 gotowi w ka\u017cdej chwili stan\u0105\u0107 w ich obronie, je\u015bli tylko b\u0119dzie taka potrzeba. Najwa\u017cniejszym drzewem na \u015bwiecie mo\u017cna sta\u0107 si\u0119 dla cz\u0142owieka nie tylko imponuj\u0105cy d\u0105b, pomnik przyrody, ale te\u017c niepozorne na pierwszy rzut oka drzewo czy drzewko, jakiego\u015b pospolitego gatunku. I to jest pi\u0119kne.\u201d \u2013 opowiada dziennikarka <strong>Ewa Furtak<\/strong>, cz\u0142onkini jury konkursu Drzewo Roku.<\/p>\n<p>&#8221; Drzewa to nasi przyjaciele. Drzewa to nasi \u017cywiciele. Drzewa to nasi obro\u0144cy w czasie katastrofy klimatycznej. Drzewa, drzewa, drzewa. Chcia\u0142bym doczeka\u0107 czas\u00f3w, w kt\u00f3rych mi\u0142o\u015b\u0107 do drzew b\u0119dzie tak doceniana jak ich wykorzystywanie do cel\u00f3w komercyjnych. Konkurs Drzewo Roku ma przypomina\u0107 jak cenne s\u0105 dla nas drzewa i robi to doskonale dzi\u0119ki jego uczestnikom. Mam nadziej\u0119, \u017ce dopomo\u017ce tak\u017ce zrozumie\u0107 ludziom jak wa\u017cne w naszym \u017cyciu s\u0105 drzewa i jak pi\u0119kne s\u0105 ich losy.&#8221;- powiedzia\u0142 <strong>Jacek Bo\u017cek<\/strong> szef Klubu Gaja.<\/p>\n<p><strong>Jolanta Migda\u0142<\/strong>, koordynatorka konkursu Drzewo Roku dodaje <strong>\u2013<\/strong> \u201eObecna sytuacja epidemiologiczna pokaza\u0142a nam wyra\u017anie jak wielk\u0105 warto\u015b\u0107 maj\u0105 dla nas drzewa i jak trudno jest nam \u017cy\u0107 bez kontaktu z natur\u0105. Dlatego te\u017c zach\u0119cam wszystkich internaut\u00f3w do poznawania, ogl\u0105dania i oddawania g\u0142osu na najciekawsze drzewa w tegorocznym konkursie Drzewo Roku. Bior\u0105c udzia\u0142 w plebiscycie mo\u017cemy chocia\u017c w ten symboliczny spos\u00f3b zag\u0142osowa\u0107 na przyrod\u0119.\u201d<\/p>\n<p>Konkurs Drzewo Roku Klubu Gaja ma na celu promowanie postawy szacunku dla przyrody oraz wyszukanie przyk\u0142ad\u00f3w ciekawych i trwa\u0142ych zwi\u0105zk\u00f3w pomi\u0119dzy kultur\u0105 i histori\u0105 lokalnej spo\u0142eczno\u015bci, a drzewem, kt\u00f3re jest przez ni\u0105 szczeg\u00f3lnie doceniane. W konkursie nie szukamy drzew najstarszych, najwy\u017cszych, najgrubszych, najpi\u0119kniejszych ani najrzadszych. Szukamy drzewa najbardziej kochanego, drzewa z opowie\u015bci\u0105, drzewa, kt\u00f3re pobudza wyobra\u017ani\u0119 i jednoczy ludzi. Laureatem plebiscytu zostanie drzewo, kt\u00f3re zdob\u0119dzie najwi\u0119ksz\u0105 liczb\u0119 g\u0142os\u00f3w internaut\u00f3w. B\u0119dzie ono reprezentowa\u0142o nasz kraj w konkursie europejskim Tree of the Year w 2021 roku.<\/p>\n<p><a href=\"http:\/\/drzeworoku.pl\/\"><strong>ZAG\u0141OSUJ NA DRZEWO ROKU 2020 &gt;&gt;&gt;<\/strong><\/a><\/p>\n<p>Drzewa daj\u0105 tlen, przeciwdzia\u0142aj\u0105 zmianom klimatu, s\u0105 wa\u017cne dla ochrony r\u00f3\u017cnorodno\u015bci biologicznej oraz \u017cycia miliard\u00f3w ludzi i zwierz\u0105t na Ziemi. Drzewa s\u0105 cz\u0119\u015bci\u0105 naszego dziedzictwa narodowego, dlatego powinni\u015bmy je chroni\u0107 dla przysz\u0142ych pokole\u0144. Je\u015bli nie jest Ci oboj\u0119tny los drzew, pom\u00f3\u017c nam je sadzi\u0107, chroni\u0107 i opiekowa\u0107 si\u0119 nimi.<\/p>\n<p>Przeka\u017c darowizn\u0119 Klubowi Gaja \u2013 nr konta:&nbsp;<strong>90 2030 0045 1110 0000 0067 3120<\/strong><br \/>\nMo\u017cesz te\u017c przekaza\u0107 1% Swojego podatku Klubowi Gaja \u2013<strong>&nbsp;KRS 0000120069<\/strong><\/p>\n","protected":false},"excerpt":{"rendered":"<p>Przez ca\u0142y czerwiec drzewa z ca\u0142ej Polski b\u0119d\u0105 rywalizowa\u0142y o tytu\u0142 Drzewa Roku w konkursie organizowanym po raz 10-ty przez Klub Gaja. Do tegorocznej edycji plebiscytu nap\u0142yn\u0119\u0142o blisko 80 zg\u0142osze\u0144. To znane i lubiane przez spo\u0142eczno\u015bci lokalne okazy przyrodnicze, a tak\u017ce wa\u017cne elementy naszej kultury i historii. Jury konkursowe wy\u0142oni\u0142o 16. finalist\u00f3w, kt\u00f3rych teraz ka\u017cdy [&hellip;]<\/p>\n","protected":false},"author":3,"featured_media":11929,"comment_status":"closed","ping_status":"closed","sticky":false,"template":"","format":"standard","meta":{"ngg_post_thumbnail":0},"categories":[1],"tags":[],"_links":{"self":[{"href":"https:\/\/archiwum.swietodrzewa.pl\/index.php?rest_route=\/wp\/v2\/posts\/12162"}],"collection":[{"href":"https:\/\/archiwum.swietodrzewa.pl\/index.php?rest_route=\/wp\/v2\/posts"}],"about":[{"href":"https:\/\/archiwum.swietodrzewa.pl\/index.php?rest_route=\/wp\/v2\/types\/post"}],"author":[{"embeddable":true,"href":"https:\/\/archiwum.swietodrzewa.pl\/index.php?rest_route=\/wp\/v2\/users\/3"}],"replies":[{"embeddable":true,"href":"https:\/\/archiwum.swietodrzewa.pl\/index.php?rest_route=%2Fwp%2Fv2%2Fcomments&post=12162"}],"version-history":[{"count":4,"href":"https:\/\/archiwum.swietodrzewa.pl\/index.php?rest_route=\/wp\/v2\/posts\/12162\/revisions"}],"predecessor-version":[{"id":12166,"href":"https:\/\/archiwum.swietodrzewa.pl\/index.php?rest_route=\/wp\/v2\/posts\/12162\/revisions\/12166"}],"wp:featuredmedia":[{"embeddable":true,"href":"https:\/\/archiwum.swietodrzewa.pl\/index.php?rest_route=\/wp\/v2\/media\/11929"}],"wp:attachment":[{"href":"https:\/\/archiwum.swietodrzewa.pl\/index.php?rest_route=%2Fwp%2Fv2%2Fmedia&parent=12162"}],"wp:term":[{"taxonomy":"category","embeddable":true,"href":"https:\/\/archiwum.swietodrzewa.pl\/index.php?rest_route=%2Fwp%2Fv2%2Fcategories&post=12162"},{"taxonomy":"post_tag","embeddable":true,"href":"https:\/\/archiwum.swietodrzewa.pl\/index.php?rest_route=%2Fwp%2Fv2%2Ftags&post=12162"}],"curies":[{"name":"wp","href":"https:\/\/api.w.org\/{rel}","templated":true}]}}