{"id":12206,"date":"2020-06-04T12:03:30","date_gmt":"2020-06-04T10:03:30","guid":{"rendered":"http:\/\/swietodrzewa.pl\/?p=12206"},"modified":"2020-06-04T12:04:30","modified_gmt":"2020-06-04T10:04:30","slug":"derka-dla-staruszka","status":"publish","type":"post","link":"https:\/\/archiwum.swietodrzewa.pl\/?p=12206","title":{"rendered":"Derka dla staruszka"},"content":{"rendered":"<div class=\"reset-styles\">\n<p><strong>Chcemy ubra\u0107 nasze staruszki! Pogoda nas niestety nie rozpieszcza. Deszcze, gradobicia, ulewy, nawa\u0142nice. Dla ro\u015blin, wysuszonej ziemi to wspania\u0142e. Niestety nie dla przebywaj\u0105cych na padoku koni. Gdy lato jest ju\u017c w pe\u0142ni i insekty zaczynaj\u0105 nas wszystkich podjada\u0107, podopieczne konie Klubu Gaja w razie konieczno\u015bci przebywaj\u0105 na zewn\u0105trz w derkach i maskach siatkowych. By nie prowokowa\u0107 reakcji alergicznych na ugryzienia, kt\u00f3re ju\u017c wielokrotnie si\u0119 nam przydarza\u0142y.<\/strong><\/p>\n<\/div>\n<p><!--more--><\/p>\n<p>Jednak teraz zamiast \u017caru z nieba leje si\u0119 woda. Schorowane plecy staruszk\u00f3w potrzebuj\u0105 okrycia&#8230; Musimy zakupi\u0107 im przeciwdeszczowe derki, by mog\u0142y w spokoju i pe\u0142ni rado\u015bci sp\u0119dza\u0107 czas na padoku.<a href=\"http:\/\/swietodrzewa.pl\/wp-content\/uploads\/2020\/06\/content_f13f21b2-2a31-4019-bba1-6f37dfc30912.jpg\"><img loading=\"lazy\" class=\"alignright size-medium wp-image-12209\" src=\"http:\/\/swietodrzewa.pl\/wp-content\/uploads\/2020\/06\/content_f13f21b2-2a31-4019-bba1-6f37dfc30912-300x187.jpg\" alt=\"\" width=\"300\" height=\"187\" srcset=\"https:\/\/archiwum.swietodrzewa.pl\/wp-content\/uploads\/2020\/06\/content_f13f21b2-2a31-4019-bba1-6f37dfc30912-300x187.jpg 300w, https:\/\/archiwum.swietodrzewa.pl\/wp-content\/uploads\/2020\/06\/content_f13f21b2-2a31-4019-bba1-6f37dfc30912.jpg 655w\" sizes=\"(max-width: 300px) 100vw, 300px\" \/><\/a><\/p>\n<p>Derki przeciwdeszczowe to koszt du\u017co wi\u0119kszy ni\u017c zakup derek letnich, przeciw owadom, siatkowych. Czy pomo\u017cecie nam w zakupie derek, by\u015bmy wsp\u00f3lnymi si\u0142ami okryli ich spracowane \u017cyciem kr\u0119gos\u0142upy? Jedna derka to ok. 350 z\u0142, potrzebujemy takich co najmniej 2 sztuki.<\/p>\n<p><a href=\"http:\/\/swietodrzewa.pl\/wp-content\/uploads\/2020\/06\/content_0ad15972-9a36-4649-9d32-cc02981118ee.jpg\"><img loading=\"lazy\" class=\"alignleft size-medium wp-image-12207\" src=\"http:\/\/swietodrzewa.pl\/wp-content\/uploads\/2020\/06\/content_0ad15972-9a36-4649-9d32-cc02981118ee-300x187.jpg\" alt=\"\" width=\"300\" height=\"187\" srcset=\"https:\/\/archiwum.swietodrzewa.pl\/wp-content\/uploads\/2020\/06\/content_0ad15972-9a36-4649-9d32-cc02981118ee-300x187.jpg 300w, https:\/\/archiwum.swietodrzewa.pl\/wp-content\/uploads\/2020\/06\/content_0ad15972-9a36-4649-9d32-cc02981118ee.jpg 655w\" sizes=\"(max-width: 300px) 100vw, 300px\" \/><\/a>Uratowali\u015bmy 60 koni przeznaczonych na rze\u017a, chorych lub tych, kt\u00f3rymi w\u0142a\u015bciciele nie mogli si\u0119 d\u0142u\u017cej zajmowa\u0107. Niekt\u00f3re z nich ze wzgl\u0119du na wiek i przebyte choroby wymagaj\u0105 sta\u0142ej i specjalistycznej opieki. Prosimy o pomoc. Klub Gaja jest organizacj\u0105 po\u017cytku publicznego. Konie ratujemy tylko dzi\u0119ki hojno\u015bci Darczy\u0144c\u00f3w.<\/p>\n<p>Prosimy o pomoc, ka\u017cda wp\u0142ata si\u0119 liczy. Wierzymy, \u017ce uda nam si\u0119 w tym kryzysie dba\u0107 o nasze zwierz\u0119ta jak najlepiej. Tak jak dotychczas. Potrzebujemy jednak Waszej pomocy. Bez Was opieka nad nimi jest niemo\u017cliwa&#8230;<\/p>\n<p><a href=\"https:\/\/www.ratujemyzwierzaki.pl\/derka-dla-staruszka\">LINK DO ZBI\u00d3RKI &gt;&gt;&gt;<\/a><\/p>\n<p>&nbsp;<\/p>\n<p>&nbsp;<\/p>\n<p>&nbsp;<\/p>\n<p>&nbsp;<\/p>\n","protected":false},"excerpt":{"rendered":"<p>Chcemy ubra\u0107 nasze staruszki! Pogoda nas niestety nie rozpieszcza. Deszcze, gradobicia, ulewy, nawa\u0142nice. Dla ro\u015blin, wysuszonej ziemi to wspania\u0142e. Niestety nie dla przebywaj\u0105cych na padoku koni. Gdy lato jest ju\u017c w pe\u0142ni i insekty zaczynaj\u0105 nas wszystkich podjada\u0107, podopieczne konie Klubu Gaja w razie konieczno\u015bci przebywaj\u0105 na zewn\u0105trz w derkach i maskach siatkowych. By nie [&hellip;]<\/p>\n","protected":false},"author":3,"featured_media":12208,"comment_status":"closed","ping_status":"closed","sticky":false,"template":"","format":"standard","meta":{"ngg_post_thumbnail":0},"categories":[1],"tags":[],"_links":{"self":[{"href":"https:\/\/archiwum.swietodrzewa.pl\/index.php?rest_route=\/wp\/v2\/posts\/12206"}],"collection":[{"href":"https:\/\/archiwum.swietodrzewa.pl\/index.php?rest_route=\/wp\/v2\/posts"}],"about":[{"href":"https:\/\/archiwum.swietodrzewa.pl\/index.php?rest_route=\/wp\/v2\/types\/post"}],"author":[{"embeddable":true,"href":"https:\/\/archiwum.swietodrzewa.pl\/index.php?rest_route=\/wp\/v2\/users\/3"}],"replies":[{"embeddable":true,"href":"https:\/\/archiwum.swietodrzewa.pl\/index.php?rest_route=%2Fwp%2Fv2%2Fcomments&post=12206"}],"version-history":[{"count":2,"href":"https:\/\/archiwum.swietodrzewa.pl\/index.php?rest_route=\/wp\/v2\/posts\/12206\/revisions"}],"predecessor-version":[{"id":12211,"href":"https:\/\/archiwum.swietodrzewa.pl\/index.php?rest_route=\/wp\/v2\/posts\/12206\/revisions\/12211"}],"wp:featuredmedia":[{"embeddable":true,"href":"https:\/\/archiwum.swietodrzewa.pl\/index.php?rest_route=\/wp\/v2\/media\/12208"}],"wp:attachment":[{"href":"https:\/\/archiwum.swietodrzewa.pl\/index.php?rest_route=%2Fwp%2Fv2%2Fmedia&parent=12206"}],"wp:term":[{"taxonomy":"category","embeddable":true,"href":"https:\/\/archiwum.swietodrzewa.pl\/index.php?rest_route=%2Fwp%2Fv2%2Fcategories&post=12206"},{"taxonomy":"post_tag","embeddable":true,"href":"https:\/\/archiwum.swietodrzewa.pl\/index.php?rest_route=%2Fwp%2Fv2%2Ftags&post=12206"}],"curies":[{"name":"wp","href":"https:\/\/api.w.org\/{rel}","templated":true}]}}