{"id":12242,"date":"2020-06-19T07:47:34","date_gmt":"2020-06-19T05:47:34","guid":{"rendered":"http:\/\/swietodrzewa.pl\/?p=12242"},"modified":"2020-06-19T10:38:54","modified_gmt":"2020-06-19T08:38:54","slug":"drzewo-roku-2020-rywalizacja-trwa","status":"publish","type":"post","link":"https:\/\/archiwum.swietodrzewa.pl\/?p=12242","title":{"rendered":"Drzewo Roku 2020 &#8211; rywalizacja trwa!"},"content":{"rendered":"<p><strong>Pierwsza po\u0142owa g\u0142osowania na Drzewo Roku 2020 ju\u017c za nami. W konkursie bierze udzia\u0142 16. finalist\u00f3w z ca\u0142ej Polski. To drzewa szczeg\u00f3lnie znane i lubiane przez spo\u0142eczno\u015bci lokalne, a tak\u017ce wa\u017cne symbole naszej tradycji i historii. W plebiscycie, organizowanym ju\u017c od 10. lat przez Klub Gaja, sw\u00f3j g\u0142os mo\u017ce odda\u0107 ka\u017cdy na stronie&nbsp; <\/strong><a href=\"http:\/\/www.drzeworoku.pl\"><strong>www.drzeworoku.pl<\/strong><\/a><strong> . <\/strong><strong>Laureatem zostanie drzewo, kt\u00f3re zdob\u0119dzie najwi\u0119ksz\u0105 liczb\u0119 g\u0142os\u00f3w internaut\u00f3w. <\/strong><strong>Konkurs ko\u0144czy si\u0119 30 czerwca o p\u00f3\u0142nocy, a zwyci\u0119zc\u0119 poznamy ju\u017c 1 lipca o godz. 12.00. <\/strong><strong>B\u0119dzie on reprezentowa\u0142 nasz kraj w konkursie europejskim Tree of the Year w 2021 roku. <\/strong><strong>Zapraszamy do udzia\u0142u!<\/strong><!--more--><\/p>\n<p>W chwili obecnej w g\u0142osowaniu na czo\u0142o wysun\u0119\u0142y si\u0119 trzy drzewa. Prowadzi <strong>Lipa \u015bw. Jana Nepomucena z Dulczy Wielkiej <\/strong>w woj. podkarpackim, &nbsp;kt\u00f3ra zdoby\u0142a ju\u017c ponad 4,5 tysi\u0105ca g\u0142os\u00f3w. Ro\u015bnie samotnie na skraju rozleg\u0142ych p\u00f3l. W pobli\u017cu niej znajduje si\u0119 kapliczka \u015bw. Jana Nepomucena &#8211; patrona powodzian, od kt\u00f3rego lipa wzi\u0119\u0142a swoje imi\u0119. Drzewo jest natchnieniem dla artyst\u00f3w. Zjednoczy\u0142o tak\u017ce spo\u0142eczno\u015b\u0107 lokaln\u0105 w sprawie ustanowienia jej pomnikiem przyrody i poprawienia jej stanu zdrowotnego. Drugie miejsce zajmuje <strong>Sosna Falenicka z Warszawy<\/strong>, kt\u00f3ra zgromadzi\u0142a ju\u017c ponad 3,5 tysi\u0105ca g\u0142os\u00f3w internaut\u00f3w. Ro\u015bnie blisko kraw\u0119dzi drogi , a jej ga\u0142\u0119zie rozpo\u015bcieraj\u0105 si\u0119 nad ca\u0142\u0105 jej szeroko\u015bci\u0105, tworz\u0105c \u017cyw\u0105 bram\u0119. Gdy grozi\u0142a jej wycinka zwi\u0105zana z modernizacj\u0105 linii kolejowej, zjednoczy\u0142a wok\u00f3\u0142 siebie liczn\u0105 spo\u0142eczno\u015b\u0107, kt\u00f3ra wywalczy\u0142a jej przetrwanie. Na trzecim miejscu plasuj\u0105 si\u0119 <strong>Smutni Bracia z Sosnowca<\/strong> z blisko 2,5 tysi\u0105cem g\u0142os\u00f3w. To dwa buki zwyczajne, kt\u00f3rych historia zwi\u0105zana jest nierozerwalnie z Cmentarzem Wielowyznaniowym w Sosnowcu, b\u0119d\u0105ce dla mieszka\u0144c\u00f3w swoistym symbolem zgody i kompromisu.<\/p>\n<p><a href=\"http:\/\/swietodrzewa.pl\/wp-content\/uploads\/2020\/06\/baner-1.jpg\"><img loading=\"lazy\" class=\"aligncenter size-large wp-image-12243\" src=\"http:\/\/swietodrzewa.pl\/wp-content\/uploads\/2020\/06\/baner-1-1024x390.jpg\" alt=\"\" width=\"540\" height=\"206\" srcset=\"https:\/\/archiwum.swietodrzewa.pl\/wp-content\/uploads\/2020\/06\/baner-1-1024x390.jpg 1024w, https:\/\/archiwum.swietodrzewa.pl\/wp-content\/uploads\/2020\/06\/baner-1-300x114.jpg 300w, https:\/\/archiwum.swietodrzewa.pl\/wp-content\/uploads\/2020\/06\/baner-1-768x292.jpg 768w\" sizes=\"(max-width: 540px) 100vw, 540px\" \/><\/a><\/p>\n<p>Pozosta\u0142e drzewa, rywalizuj\u0105ce o tytu\u0142 Drzewa Roku 2020, kt\u00f3rych niezwyk\u0142e historie splataj\u0105 si\u0119 z losami ludzi w przesz\u0142o\u015bci i dzisiaj to:<\/p>\n<ul>\n<li><strong>D\u0105b w Ostrowcu \u015awi\u0119tokrzyskim<\/strong> (woj. \u015bwi\u0119tokrzyskie)<\/li>\n<li><strong>Klon Literat w Koninie <\/strong>(woj. wielkopolskie)<\/li>\n<li><strong>D\u0105b Wolno\u015bci w Radomiu <\/strong>(woj. mazowieckie)<\/li>\n<li><strong>Sosna<\/strong> <strong>Gruba Ka\u015bka w Kraskowie <\/strong>(woj. warmi\u0144sko-mazurskie)<\/li>\n<li><strong>D\u0105b z Krz\u0119towa<\/strong> (woj. \u0142\u00f3dzkie)<\/li>\n<li><strong>Jod\u0142a El\u017cbieta w Mucznem <\/strong>(woj. podkarpackie)<\/li>\n<li><strong>D\u0105b Bolek w Lesznie <\/strong>(woj. wielkopolskie)<\/li>\n<li><strong>Mi\u0142orz\u0105b w Bydgoszczy <\/strong>(woj. kujawsko-pomorskie)<\/li>\n<li><strong>Aleja Klon\u00f3w w Z\u0142otym Potoku <\/strong>(woj. \u015bl\u0105skie)<\/li>\n<li><strong>Lipa Wolno\u015bci w Wodzicznej <\/strong>(woj. wielkopolskie)<\/li>\n<li><strong>D\u0105b Dobrodziej w Krakowie <\/strong>(woj. ma\u0142opolskie)<\/li>\n<li><strong>Kasztanowiec Antek w Straduni <\/strong>(woj. opolskie)<\/li>\n<li><strong>D\u0105b Przewodnik we Wroc\u0142awiu <\/strong>(woj. dolno\u015bl\u0105skie)<\/li>\n<\/ul>\n<p>\u201ePoprzez konkurs Drzewo Roku Klub Gaja pragnie zwr\u00f3ci\u0107 uwag\u0119 na ciekawe, historyczne drzewa jako wa\u017cne elementy naszego dziedzictwa przyrodniczego i kulturowego, kt\u00f3re powinni\u015bmy chroni\u0107 i ceni\u0107. Pokazuj\u0105c historie drzew pokazujemy r\u00f3wnie\u017c historie ludzi, kt\u00f3rzy na co dzie\u0144 si\u0119 nimi opiekuj\u0105, sadz\u0105 je dla upami\u0119tnienia r\u00f3\u017cnych wydarze\u0144, a tak\u017ce cz\u0119sto broni\u0105 przed wycink\u0105. Mamy nadziej\u0119, \u017ce b\u0119d\u0105 one dla wszystkich inspiracj\u0105 do podejmowania dzia\u0142a\u0144 na rzecz ochrony drzew i poszanowania przyrody\u201d &#8211; m\u00f3wi <strong>Jolanta Migda\u0142 <\/strong>z Klubu Gaja, koordynatorka konkursu Drzewo Roku.<\/p>\n<p><a href=\"http:\/\/drzeworoku.pl\/\"><strong>ZAG\u0141OSUJ NA DRZEWO ROKU 2020 &gt;&gt;&gt;<\/strong><\/a><\/p>\n<p>Drzewa daj\u0105 tlen, przeciwdzia\u0142aj\u0105 zmianom klimatu, s\u0105 wa\u017cne dla ochrony r\u00f3\u017cnorodno\u015bci &nbsp;&nbsp;&nbsp;biologicznej oraz \u017cycia miliard\u00f3w ludzi i zwierz\u0105t na Ziemi. Drzewa s\u0105 cz\u0119\u015bci\u0105 naszego dziedzictwa narodowego, dlatego powinni\u015bmy je chroni\u0107 dla przysz\u0142ych pokole\u0144. Je\u015bli nie jest Ci oboj\u0119tny los drzew, pom\u00f3\u017c nam je sadzi\u0107, chroni\u0107 i opiekowa\u0107 si\u0119 nimi.<\/p>\n<p>Przeka\u017c darowizn\u0119 Klubowi Gaja \u2013 nr konta:&nbsp;<strong>90 2030 0045 1110 0000 0067 3120<\/strong><br \/>\nMo\u017cesz te\u017c przekaza\u0107 1% Swojego podatku Klubowi Gaja \u2013<strong>&nbsp;KRS 0000120069<\/strong><\/p>\n<p>&nbsp;<\/p>\n","protected":false},"excerpt":{"rendered":"<p>Pierwsza po\u0142owa g\u0142osowania na Drzewo Roku 2020 ju\u017c za nami. W konkursie bierze udzia\u0142 16. finalist\u00f3w z ca\u0142ej Polski. To drzewa szczeg\u00f3lnie znane i lubiane przez spo\u0142eczno\u015bci lokalne, a tak\u017ce wa\u017cne symbole naszej tradycji i historii. W plebiscycie, organizowanym ju\u017c od 10. lat przez Klub Gaja, sw\u00f3j g\u0142os mo\u017ce odda\u0107 ka\u017cdy na stronie&nbsp; www.drzeworoku.pl . [&hellip;]<\/p>\n","protected":false},"author":3,"featured_media":12244,"comment_status":"closed","ping_status":"closed","sticky":false,"template":"","format":"standard","meta":{"ngg_post_thumbnail":0},"categories":[1],"tags":[],"_links":{"self":[{"href":"https:\/\/archiwum.swietodrzewa.pl\/index.php?rest_route=\/wp\/v2\/posts\/12242"}],"collection":[{"href":"https:\/\/archiwum.swietodrzewa.pl\/index.php?rest_route=\/wp\/v2\/posts"}],"about":[{"href":"https:\/\/archiwum.swietodrzewa.pl\/index.php?rest_route=\/wp\/v2\/types\/post"}],"author":[{"embeddable":true,"href":"https:\/\/archiwum.swietodrzewa.pl\/index.php?rest_route=\/wp\/v2\/users\/3"}],"replies":[{"embeddable":true,"href":"https:\/\/archiwum.swietodrzewa.pl\/index.php?rest_route=%2Fwp%2Fv2%2Fcomments&post=12242"}],"version-history":[{"count":3,"href":"https:\/\/archiwum.swietodrzewa.pl\/index.php?rest_route=\/wp\/v2\/posts\/12242\/revisions"}],"predecessor-version":[{"id":12247,"href":"https:\/\/archiwum.swietodrzewa.pl\/index.php?rest_route=\/wp\/v2\/posts\/12242\/revisions\/12247"}],"wp:featuredmedia":[{"embeddable":true,"href":"https:\/\/archiwum.swietodrzewa.pl\/index.php?rest_route=\/wp\/v2\/media\/12244"}],"wp:attachment":[{"href":"https:\/\/archiwum.swietodrzewa.pl\/index.php?rest_route=%2Fwp%2Fv2%2Fmedia&parent=12242"}],"wp:term":[{"taxonomy":"category","embeddable":true,"href":"https:\/\/archiwum.swietodrzewa.pl\/index.php?rest_route=%2Fwp%2Fv2%2Fcategories&post=12242"},{"taxonomy":"post_tag","embeddable":true,"href":"https:\/\/archiwum.swietodrzewa.pl\/index.php?rest_route=%2Fwp%2Fv2%2Ftags&post=12242"}],"curies":[{"name":"wp","href":"https:\/\/api.w.org\/{rel}","templated":true}]}}