{"id":12248,"date":"2020-06-22T19:56:52","date_gmt":"2020-06-22T17:56:52","guid":{"rendered":"http:\/\/swietodrzewa.pl\/?p=12248"},"modified":"2020-06-22T19:56:52","modified_gmt":"2020-06-22T17:56:52","slug":"festiwal-ekodzielo-2020-w-bielsku-bialej","status":"publish","type":"post","link":"https:\/\/archiwum.swietodrzewa.pl\/?p=12248","title":{"rendered":"Festiwal Ekodzie\u0142o 2020 w Bielsku-Bia\u0142ej"},"content":{"rendered":"<p><strong>Tegoroczna 6. edycja Festiwalu Ekodzie\u0142o organizowana przez Klub Gaja b\u0119dzie inna. Wp\u0142yw na to ma pandemia, kt\u00f3ra sta\u0142a si\u0119 lustrem naszych obaw i iluzji. Trudno nam b\u0119dzie przeprowadzi\u0107 dzia\u0142ania edukacyjne nakierowane na bezpo\u015bredni udzia\u0142 m\u0142odych i starszych. Jeste\u015bmy jednak gotowi na prac\u0119 z przestrzeni\u0105 i opowie\u015bciami, kt\u00f3re trwaj\u0105 pomimo niepewno\u015bci i chaosu. Zapraszamy na wernisa\u017c wystawy \u201eObcy\u201d B\u0142a\u017ceja Soba\u0144skiego z Klubu Gaja w pi\u0105tek (26 czerwca 2020) o godz. 18.00. do Galerii Bielskiej BWA \u2013 Klubokawiarnia Aquarium oraz na opowie\u015b\u0107 o powstaj\u0105cym w mie\u015bcie ogrodzie japo\u0144skim w ramach festiwalu.<\/strong><!--more--><\/p>\n<p><strong>Jacek Bo\u017cek<\/strong> z Klubu Gaja m\u00f3wi \u2013 \u201eStare drzewa, pi\u0119kne meandruj\u0105ce rzeki, wspania\u0142e krajobrazy to nasze dziedzictwo przyrodnicze. Jednak nie tylko. To tak\u017ce nasze dziedzictwo kulturowe i historyczne. Przyroda to my i nasze o niej my\u015blenie. To nasze uczucia i emocje. To zbli\u017canie si\u0119 do niej nie tylko poprzez spacer w milczeniu, ale poprzez spektakl, ksi\u0105\u017ck\u0119 czy film. Dlatego te\u017c zawsze w Klubie Gaja \u0142\u0105czyli\u015bmy \u015bwiat przyrody ze \u015bwiatem cz\u0142owieka, wykorzystuj\u0105c sztuk\u0119 jako swoisty wehiku\u0142 lub most. Sztuka s\u0142u\u017cy\u0142a nam nie tylko do ekspresji i opowie\u015bci, ale tak\u017ce by\u0142a zawsze wspania\u0142ym narz\u0119dziem edukacji. Festiwal Ekodzie\u0142o, kt\u00f3ry w tym roku organizujemy po raz sz\u00f3sty \u0142\u0105czy w sobie te elementy, kt\u00f3re zawsze by\u0142y wa\u017cne w naszych dzia\u0142aniach, kampaniach czy akcjach\u201d.<\/p>\n<p><a href=\"http:\/\/swietodrzewa.pl\/wp-content\/uploads\/2020\/06\/fot-1.jpg\"><img loading=\"lazy\" class=\"alignleft size-large wp-image-12249\" src=\"http:\/\/swietodrzewa.pl\/wp-content\/uploads\/2020\/06\/fot-1-1024x724.jpg\" alt=\"\" width=\"540\" height=\"382\" srcset=\"https:\/\/archiwum.swietodrzewa.pl\/wp-content\/uploads\/2020\/06\/fot-1-1024x724.jpg 1024w, https:\/\/archiwum.swietodrzewa.pl\/wp-content\/uploads\/2020\/06\/fot-1-300x212.jpg 300w, https:\/\/archiwum.swietodrzewa.pl\/wp-content\/uploads\/2020\/06\/fot-1-768x543.jpg 768w, https:\/\/archiwum.swietodrzewa.pl\/wp-content\/uploads\/2020\/06\/fot-1.jpg 1920w\" sizes=\"(max-width: 540px) 100vw, 540px\" \/><\/a>Festiwal Ekodzie\u0142o w Bielsku-Bia\u0142ej rozpocznie si\u0119 wernisa\u017cem malarskich obraz\u00f3w nierealnych \u015bwiat\u00f3w zape\u0142nionych wizerunkami zwierz\u0105t znanych dobrze z ekosystem\u00f3w naszej planety. Wystawa trwa od 26 czerwca do 29 lipca 2020 roku. Znajduje si\u0119 w programie Festiwalu Ekodzie\u0142o 2020, organizowanego przez Klub Gaja. Przeczytaj wi\u0119cej o wystawie <a href=\"http:\/\/galeriabielska.pl\/wystawa\/blazej-sobanski-obcy-1\">http:\/\/galeriabielska.pl\/wystawa\/blazej-sobanski-obcy-1<\/a><\/p>\n<p><strong>B\u0142a\u017cej Soba\u0144ski<\/strong>, artysta zwi\u0105zany z Klubem Gaja, komentuje <em>\u2013 \u201eOd dawna interesuje mnie mnogo\u015b\u0107 rzeczywisto\u015bci, kt\u00f3re wok\u00f3\u0142 nas kr\u0105\u017c\u0105. Te, kt\u00f3re wyobra\u017camy sobie, \u017ce istniej\u0105, te z kt\u00f3rymi si\u0119 stykamy, kt\u00f3re sami kreujemy. To, jak te rzeczywisto\u015bci \u015bcieraj\u0105 si\u0119 i jak potrafi\u0105 by\u0107 odleg\u0142e od siebie. A co najwa\u017cniejsze \u2013 \u015bwiadomo\u015b\u0107, \u017ce w tym samym czasie \u017cyje tak wiele istnie\u0144 na poz\u00f3r tylko \u201eobcych\u201d, niezale\u017cnych od siebie\u201d.<\/em><\/p>\n<p><em>W tym roku w ramach Festiwalu w Bielsku-Bia\u0142ej Klub Gaja zainicjuje powstanie ogrodu japo\u0144skiego na terenie <\/em>Zesp\u00f3\u0142 Szk\u00f3\u0142 Centrum Kszta\u0142cenia Rolniczego im Stanis\u0142awa Szumca. Za\u0142o\u017cenia ogrodu powstan\u0105 we wsp\u00f3\u0142pracy z w\u0142adzami miasta<em>. Ogr\u00f3d ma s\u0142u\u017cy\u0107 szerokiej i aktywnej edukacji <\/em><em>oraz inspirowa\u0107 do dzia\u0142a\u0144 \u0142\u0105cz\u0105cych sztuk\u0119 i ekologi\u0119. Kontynuacja Festiwalu Ekodzie\u0142o 2020 w Gminie Wilkowice planowana jest na jesie\u0144 tego roku i nawi\u0105zywa\u0107 b\u0119dzie tak\u017ce do sztuki i kultury japo\u0144skiej.<\/p>\n<p><\/em>Festiwal Ekodzie\u0142o 2020 honorowym patronatem obj\u0119li Prezydent Bielska-Bia\u0142ej Jaros\u0142aw Klimaszewski oraz W\u00f3jt Gminy Wilkowice Janusz Zemanek.<\/p>\n<p>Dofinasowanie: Miasto Bielsko-Bia\u0142a i Gmina Wilkowice.<br \/>\nPartnerzy: Galeria Bielska BWA, Gminny O\u015brodek Kultury \u201ePromyk\u201d i Centrum Pulmonologii i Torakochirurgii w Bystrej w Bystrej<br \/>\nFestiwal wsparli: AQUA SA, WALA i Eko-Wt\u00f3r Jakubiec.<\/p>\n<p><em>Fot. Klub Gaja\/B\u0142a\u017cej Soba\u0144ski<\/em><\/p>\n","protected":false},"excerpt":{"rendered":"<p>Tegoroczna 6. edycja Festiwalu Ekodzie\u0142o organizowana przez Klub Gaja b\u0119dzie inna. Wp\u0142yw na to ma pandemia, kt\u00f3ra sta\u0142a si\u0119 lustrem naszych obaw i iluzji. Trudno nam b\u0119dzie przeprowadzi\u0107 dzia\u0142ania edukacyjne nakierowane na bezpo\u015bredni udzia\u0142 m\u0142odych i starszych. Jeste\u015bmy jednak gotowi na prac\u0119 z przestrzeni\u0105 i opowie\u015bciami, kt\u00f3re trwaj\u0105 pomimo niepewno\u015bci i chaosu. Zapraszamy na wernisa\u017c [&hellip;]<\/p>\n","protected":false},"author":3,"featured_media":12249,"comment_status":"closed","ping_status":"closed","sticky":false,"template":"","format":"standard","meta":{"ngg_post_thumbnail":0},"categories":[1],"tags":[],"_links":{"self":[{"href":"https:\/\/archiwum.swietodrzewa.pl\/index.php?rest_route=\/wp\/v2\/posts\/12248"}],"collection":[{"href":"https:\/\/archiwum.swietodrzewa.pl\/index.php?rest_route=\/wp\/v2\/posts"}],"about":[{"href":"https:\/\/archiwum.swietodrzewa.pl\/index.php?rest_route=\/wp\/v2\/types\/post"}],"author":[{"embeddable":true,"href":"https:\/\/archiwum.swietodrzewa.pl\/index.php?rest_route=\/wp\/v2\/users\/3"}],"replies":[{"embeddable":true,"href":"https:\/\/archiwum.swietodrzewa.pl\/index.php?rest_route=%2Fwp%2Fv2%2Fcomments&post=12248"}],"version-history":[{"count":1,"href":"https:\/\/archiwum.swietodrzewa.pl\/index.php?rest_route=\/wp\/v2\/posts\/12248\/revisions"}],"predecessor-version":[{"id":12250,"href":"https:\/\/archiwum.swietodrzewa.pl\/index.php?rest_route=\/wp\/v2\/posts\/12248\/revisions\/12250"}],"wp:featuredmedia":[{"embeddable":true,"href":"https:\/\/archiwum.swietodrzewa.pl\/index.php?rest_route=\/wp\/v2\/media\/12249"}],"wp:attachment":[{"href":"https:\/\/archiwum.swietodrzewa.pl\/index.php?rest_route=%2Fwp%2Fv2%2Fmedia&parent=12248"}],"wp:term":[{"taxonomy":"category","embeddable":true,"href":"https:\/\/archiwum.swietodrzewa.pl\/index.php?rest_route=%2Fwp%2Fv2%2Fcategories&post=12248"},{"taxonomy":"post_tag","embeddable":true,"href":"https:\/\/archiwum.swietodrzewa.pl\/index.php?rest_route=%2Fwp%2Fv2%2Ftags&post=12248"}],"curies":[{"name":"wp","href":"https:\/\/api.w.org\/{rel}","templated":true}]}}