{"id":12300,"date":"2020-08-10T22:27:04","date_gmt":"2020-08-10T20:27:04","guid":{"rendered":"http:\/\/swietodrzewa.pl\/?p=12300"},"modified":"2020-08-17T13:54:33","modified_gmt":"2020-08-17T11:54:33","slug":"owady-w-parku-dworu-milosza-w-krasnogrudzie","status":"publish","type":"post","link":"https:\/\/archiwum.swietodrzewa.pl\/?p=12300","title":{"rendered":"OWADY W PARKU DWORU MI\u0141OSZA W KRASNOGRUDZIE"},"content":{"rendered":"<p class=\"lead\"><strong>Klub Gaja dotar\u0142 a\u017c pod granice litewsk\u0105, by w dniach 6 -7 sierpnia wsp\u00f3lnie z Fundacj\u0105 Pogranicze za\u0142o\u017cy\u0107 zak\u0105tek dla owad\u00f3w zapylaj\u0105cych przy Dworze Mi\u0142osza w Krasnogrudzie. Jednym z dzia\u0142a\u0144 Fundacji Pogranicze jest budowanie niewidzialnych most\u00f3w pomi\u0119dzy narodami, kulturami i religiami. Stworzenie zak\u0105tka dla owad\u00f3w zapylaj\u0105cych przez Klub Gaja w Krasnogrudzie da, mamy nadziej\u0119, pocz\u0105tek tw\u00f3rczej mo\u017cliwo\u015bci poprowadzenia mostu pomi\u0119dzy cz\u0142owiekiem, a ca\u0142\u0105 niezliczon\u0105 liczb\u0105 nieludzkich istot zamieszkuj\u0105cych nasz\u0105 planet\u0119.<\/strong><!--more--><\/p>\n<div class=\"body\">\n<p>Do monta\u017cu drewnianych domk\u00f3w przy\u0142\u0105czy\u0142o si\u0119 kilka rodzin z okolicy \u2013 mamy razem z dzie\u0107mi, kt\u00f3re ucz\u0119szczaj\u0105 do Pracowni Gucia Zaczarowanego w Dworze.&nbsp; Maluchy dzielnie pracowa\u0142y pod opiek\u0105 swoich mam, cho\u0107 dla wielu skr\u0119canie drewnianych modu\u0142\u00f3w by\u0142o nie lada wyzwaniem. Schronienia dla motyli, pszcz\u00f3\u0142 murarek , biedronek&nbsp; i z\u0142otook\u00f3w zamontowano naprzeciw Pracowni Gucia Zaczarowanego, by najm\u0142odsi mogli si\u0119 nimi opiekowa\u0107 i obserwowa\u0107 owady.&nbsp;<\/p>\n<p><strong>Ola<\/strong>, jedna z mam,&nbsp; podsumowa\u0142a spotkanie&nbsp; \u2013 \u201eBardzo dzi\u0119kujemy za zaj\u0119cia. Uwa\u017camy , \u017ce powinny si\u0119 odbywa\u0107 w ca\u0142ej Polsce! Bo s\u0105 wa\u017cne i w bardzo fajny spos\u00f3b prowadzone.&nbsp; Dzieci na ca\u0142e \u017cycie zapami\u0119taj\u0105 co pszcz\u00f3\u0142kom i motylom jest potrzebne&nbsp; oraz dlaczego owady s\u0105 niezb\u0119dne\u201d.&nbsp;&nbsp;<strong>Zosia,<\/strong>&nbsp;mama Gustawa, doda\u0142a&nbsp; \u2013 \u201eTo by\u0142o bardzo ciekawe do\u015bwiadczenie. Dowiedzieli\u015bmy si\u0119 du\u017co o insektach!\u201d. Do wypowiedzi do\u0142\u0105czy\u0142 ma\u0142y&nbsp;<strong>Kosma&nbsp;<\/strong>&nbsp;\u2013 \u201e Najbardziej podoba\u0142o mi si\u0119 jak ci\u0105\u0142em trzcin\u0119 i ugniata\u0142em glin\u0119. Potem robi\u0142em ma\u0142y otworek \u015brubokr\u0119tem\u201d oraz&nbsp;<strong>Bartek<\/strong>, kt\u00f3ry doda\u0142&nbsp; \u2013 \u201eNajfajniej si\u0119 tu wierci\u0142o. Raz pomaga\u0142em tacie przy altance. Ju\u017c po raz trzeci pracowa\u0142em wiertark\u0105!\u201d.<\/p>\n<p>&#8222;Co za wspania\u0142a rzecz! Z chwil\u0105 w kt\u00f3rej za\u0142o\u017cyli\u015bmy ogr\u00f3d z kwitn\u0105cymi krzewami i domkami dla zapylaczy, na fuksjowych Budlejach Dawida pojawi\u0142y si\u0119 motyle, tak jakby tylko na to czeka\u0142y. Wspania\u0142a rzecz pod wieloma wzgl\u0119dami. Dla pracowni przyrody te nowe miejsce w parku krasnogrudzkim da pocz\u0105tek cyklowi zaj\u0119\u0107 o zapylaczach i owadach w og\u00f3le. To \u015bwiat, na kt\u00f3ry najmniej zwracamy uwag\u0119 w \u017cyciu codziennym, a jak\u017ce wa\u017cny, bogaty i pe\u0142en tajemnic. Opr\u00f3cz wiedzy o owadach i ich niezwykle wa\u017cnej roli w ekosystemie, istotnym wymiarem za\u0142o\u017cenia ogrodu jest mo\u017cliwo\u015b\u0107 codziennej piel\u0119gnacji ro\u015blin (podlewanie, pielenie, przycinanie) i obserwacji ich wzrostu i rozwoju. \u015awiadomo\u015bci, \u017ce ka\u017cdy z nas mo\u017ce si\u0119 przyczyni\u0107 do ochrony i piel\u0119gnacji \u015brodowiska jest warto\u015bci\u0105 bezcenn\u0105&#8221; &#8211; podsumowa\u0142a <strong>Ksenija Konopek<\/strong> z Fundacji Pogranicze, prowadz\u0105ca Pracowni\u0119 Przyrody.<\/p>\n<p>\n<div class=\"ngg-galleryoverview ngg-slideshow\"\n\tid=\"ngg-slideshow-0f63029f20532e441f25d70688efdaad-2324167140\"\n\tdata-gallery-id=\"0f63029f20532e441f25d70688efdaad\"\n\tstyle=\"max-width: 600px;\n\t\t\tmax-height: 450px;\n\t\t\tdisplay: none;\">\n\n\t\n\t\t<a href=\"https:\/\/archiwum.swietodrzewa.pl\/wp-content\/gallery\/krasnogruda\/1.JPG\"\n\t\t\ttitle=\"\"\n\t\t\tdata-src=\"https:\/\/archiwum.swietodrzewa.pl\/wp-content\/gallery\/krasnogruda\/1.JPG\"\n\t\t\tdata-thumbnail=\"https:\/\/archiwum.swietodrzewa.pl\/wp-content\/gallery\/krasnogruda\/thumbs\/thumbs_1.JPG\"\n\t\t\tdata-image-id=\"1797\"\n\t\t\tdata-title=\"1\"\n\t\t\tdata-description=\"\"\n\t\t\tclass=\"shutterset_0f63029f20532e441f25d70688efdaad\">\n\n\t\t\t<img data-image-id='1797'\n\t\t\t\ttitle=\"\"\n\t\t\t\talt=\"1\"\n\t\t\t\tsrc=\"https:\/\/archiwum.swietodrzewa.pl\/wp-content\/gallery\/krasnogruda\/1.JPG\"\n\t\t\t\tstyle=\"max-height: 430px;\"\/>\n\t\t<\/a>\n\n\t\t\n\t\t<a href=\"https:\/\/archiwum.swietodrzewa.pl\/wp-content\/gallery\/krasnogruda\/2.jpg\"\n\t\t\ttitle=\"\"\n\t\t\tdata-src=\"https:\/\/archiwum.swietodrzewa.pl\/wp-content\/gallery\/krasnogruda\/2.jpg\"\n\t\t\tdata-thumbnail=\"https:\/\/archiwum.swietodrzewa.pl\/wp-content\/gallery\/krasnogruda\/thumbs\/thumbs_2.jpg\"\n\t\t\tdata-image-id=\"1798\"\n\t\t\tdata-title=\"2\"\n\t\t\tdata-description=\"\"\n\t\t\tclass=\"shutterset_0f63029f20532e441f25d70688efdaad\">\n\n\t\t\t<img data-image-id='1798'\n\t\t\t\ttitle=\"\"\n\t\t\t\talt=\"2\"\n\t\t\t\tsrc=\"https:\/\/archiwum.swietodrzewa.pl\/wp-content\/gallery\/krasnogruda\/2.jpg\"\n\t\t\t\tstyle=\"max-height: 430px;\"\/>\n\t\t<\/a>\n\n\t\t\n\t\t<a href=\"https:\/\/archiwum.swietodrzewa.pl\/wp-content\/gallery\/krasnogruda\/3.jpg\"\n\t\t\ttitle=\"\"\n\t\t\tdata-src=\"https:\/\/archiwum.swietodrzewa.pl\/wp-content\/gallery\/krasnogruda\/3.jpg\"\n\t\t\tdata-thumbnail=\"https:\/\/archiwum.swietodrzewa.pl\/wp-content\/gallery\/krasnogruda\/thumbs\/thumbs_3.jpg\"\n\t\t\tdata-image-id=\"1799\"\n\t\t\tdata-title=\"3\"\n\t\t\tdata-description=\"\"\n\t\t\tclass=\"shutterset_0f63029f20532e441f25d70688efdaad\">\n\n\t\t\t<img data-image-id='1799'\n\t\t\t\ttitle=\"\"\n\t\t\t\talt=\"3\"\n\t\t\t\tsrc=\"https:\/\/archiwum.swietodrzewa.pl\/wp-content\/gallery\/krasnogruda\/3.jpg\"\n\t\t\t\tstyle=\"max-height: 430px;\"\/>\n\t\t<\/a>\n\n\t\t\n\t\t<a href=\"https:\/\/archiwum.swietodrzewa.pl\/wp-content\/gallery\/krasnogruda\/4.jpg\"\n\t\t\ttitle=\"\"\n\t\t\tdata-src=\"https:\/\/archiwum.swietodrzewa.pl\/wp-content\/gallery\/krasnogruda\/4.jpg\"\n\t\t\tdata-thumbnail=\"https:\/\/archiwum.swietodrzewa.pl\/wp-content\/gallery\/krasnogruda\/thumbs\/thumbs_4.jpg\"\n\t\t\tdata-image-id=\"1800\"\n\t\t\tdata-title=\"4\"\n\t\t\tdata-description=\"\"\n\t\t\tclass=\"shutterset_0f63029f20532e441f25d70688efdaad\">\n\n\t\t\t<img data-image-id='1800'\n\t\t\t\ttitle=\"\"\n\t\t\t\talt=\"4\"\n\t\t\t\tsrc=\"https:\/\/archiwum.swietodrzewa.pl\/wp-content\/gallery\/krasnogruda\/4.jpg\"\n\t\t\t\tstyle=\"max-height: 430px;\"\/>\n\t\t<\/a>\n\n\t\t\n\t\t<a href=\"https:\/\/archiwum.swietodrzewa.pl\/wp-content\/gallery\/krasnogruda\/5.jpg\"\n\t\t\ttitle=\"\"\n\t\t\tdata-src=\"https:\/\/archiwum.swietodrzewa.pl\/wp-content\/gallery\/krasnogruda\/5.jpg\"\n\t\t\tdata-thumbnail=\"https:\/\/archiwum.swietodrzewa.pl\/wp-content\/gallery\/krasnogruda\/thumbs\/thumbs_5.jpg\"\n\t\t\tdata-image-id=\"1801\"\n\t\t\tdata-title=\"5\"\n\t\t\tdata-description=\"\"\n\t\t\tclass=\"shutterset_0f63029f20532e441f25d70688efdaad\">\n\n\t\t\t<img data-image-id='1801'\n\t\t\t\ttitle=\"\"\n\t\t\t\talt=\"5\"\n\t\t\t\tsrc=\"https:\/\/archiwum.swietodrzewa.pl\/wp-content\/gallery\/krasnogruda\/5.jpg\"\n\t\t\t\tstyle=\"max-height: 430px;\"\/>\n\t\t<\/a>\n\n\t\t\n\t\t<a href=\"https:\/\/archiwum.swietodrzewa.pl\/wp-content\/gallery\/krasnogruda\/6.jpg\"\n\t\t\ttitle=\"\"\n\t\t\tdata-src=\"https:\/\/archiwum.swietodrzewa.pl\/wp-content\/gallery\/krasnogruda\/6.jpg\"\n\t\t\tdata-thumbnail=\"https:\/\/archiwum.swietodrzewa.pl\/wp-content\/gallery\/krasnogruda\/thumbs\/thumbs_6.jpg\"\n\t\t\tdata-image-id=\"1802\"\n\t\t\tdata-title=\"6\"\n\t\t\tdata-description=\"\"\n\t\t\tclass=\"shutterset_0f63029f20532e441f25d70688efdaad\">\n\n\t\t\t<img data-image-id='1802'\n\t\t\t\ttitle=\"\"\n\t\t\t\talt=\"6\"\n\t\t\t\tsrc=\"https:\/\/archiwum.swietodrzewa.pl\/wp-content\/gallery\/krasnogruda\/6.jpg\"\n\t\t\t\tstyle=\"max-height: 430px;\"\/>\n\t\t<\/a>\n\n\t\t\n\t\t<a href=\"https:\/\/archiwum.swietodrzewa.pl\/wp-content\/gallery\/krasnogruda\/7.jpg\"\n\t\t\ttitle=\"\"\n\t\t\tdata-src=\"https:\/\/archiwum.swietodrzewa.pl\/wp-content\/gallery\/krasnogruda\/7.jpg\"\n\t\t\tdata-thumbnail=\"https:\/\/archiwum.swietodrzewa.pl\/wp-content\/gallery\/krasnogruda\/thumbs\/thumbs_7.jpg\"\n\t\t\tdata-image-id=\"1803\"\n\t\t\tdata-title=\"7\"\n\t\t\tdata-description=\"\"\n\t\t\tclass=\"shutterset_0f63029f20532e441f25d70688efdaad\">\n\n\t\t\t<img data-image-id='1803'\n\t\t\t\ttitle=\"\"\n\t\t\t\talt=\"7\"\n\t\t\t\tsrc=\"https:\/\/archiwum.swietodrzewa.pl\/wp-content\/gallery\/krasnogruda\/7.jpg\"\n\t\t\t\tstyle=\"max-height: 430px;\"\/>\n\t\t<\/a>\n\n\t\t\n\t\t<a href=\"https:\/\/archiwum.swietodrzewa.pl\/wp-content\/gallery\/krasnogruda\/8.jpg\"\n\t\t\ttitle=\"\"\n\t\t\tdata-src=\"https:\/\/archiwum.swietodrzewa.pl\/wp-content\/gallery\/krasnogruda\/8.jpg\"\n\t\t\tdata-thumbnail=\"https:\/\/archiwum.swietodrzewa.pl\/wp-content\/gallery\/krasnogruda\/thumbs\/thumbs_8.jpg\"\n\t\t\tdata-image-id=\"1804\"\n\t\t\tdata-title=\"8\"\n\t\t\tdata-description=\"\"\n\t\t\tclass=\"shutterset_0f63029f20532e441f25d70688efdaad\">\n\n\t\t\t<img data-image-id='1804'\n\t\t\t\ttitle=\"\"\n\t\t\t\talt=\"8\"\n\t\t\t\tsrc=\"https:\/\/archiwum.swietodrzewa.pl\/wp-content\/gallery\/krasnogruda\/8.jpg\"\n\t\t\t\tstyle=\"max-height: 430px;\"\/>\n\t\t<\/a>\n\n\t\t\n\t\t<a href=\"https:\/\/archiwum.swietodrzewa.pl\/wp-content\/gallery\/krasnogruda\/9.jpg\"\n\t\t\ttitle=\"\"\n\t\t\tdata-src=\"https:\/\/archiwum.swietodrzewa.pl\/wp-content\/gallery\/krasnogruda\/9.jpg\"\n\t\t\tdata-thumbnail=\"https:\/\/archiwum.swietodrzewa.pl\/wp-content\/gallery\/krasnogruda\/thumbs\/thumbs_9.jpg\"\n\t\t\tdata-image-id=\"1805\"\n\t\t\tdata-title=\"9\"\n\t\t\tdata-description=\"\"\n\t\t\tclass=\"shutterset_0f63029f20532e441f25d70688efdaad\">\n\n\t\t\t<img data-image-id='1805'\n\t\t\t\ttitle=\"\"\n\t\t\t\talt=\"9\"\n\t\t\t\tsrc=\"https:\/\/archiwum.swietodrzewa.pl\/wp-content\/gallery\/krasnogruda\/9.jpg\"\n\t\t\t\tstyle=\"max-height: 430px;\"\/>\n\t\t<\/a>\n\n\t\t\n\t\t<a href=\"https:\/\/archiwum.swietodrzewa.pl\/wp-content\/gallery\/krasnogruda\/10.jpg\"\n\t\t\ttitle=\"\"\n\t\t\tdata-src=\"https:\/\/archiwum.swietodrzewa.pl\/wp-content\/gallery\/krasnogruda\/10.jpg\"\n\t\t\tdata-thumbnail=\"https:\/\/archiwum.swietodrzewa.pl\/wp-content\/gallery\/krasnogruda\/thumbs\/thumbs_10.jpg\"\n\t\t\tdata-image-id=\"1806\"\n\t\t\tdata-title=\"10\"\n\t\t\tdata-description=\"\"\n\t\t\tclass=\"shutterset_0f63029f20532e441f25d70688efdaad\">\n\n\t\t\t<img data-image-id='1806'\n\t\t\t\ttitle=\"\"\n\t\t\t\talt=\"10\"\n\t\t\t\tsrc=\"https:\/\/archiwum.swietodrzewa.pl\/wp-content\/gallery\/krasnogruda\/10.jpg\"\n\t\t\t\tstyle=\"max-height: 430px;\"\/>\n\t\t<\/a>\n\n\t\t\n\t\t<a href=\"https:\/\/archiwum.swietodrzewa.pl\/wp-content\/gallery\/krasnogruda\/11.jpg\"\n\t\t\ttitle=\"\"\n\t\t\tdata-src=\"https:\/\/archiwum.swietodrzewa.pl\/wp-content\/gallery\/krasnogruda\/11.jpg\"\n\t\t\tdata-thumbnail=\"https:\/\/archiwum.swietodrzewa.pl\/wp-content\/gallery\/krasnogruda\/thumbs\/thumbs_11.jpg\"\n\t\t\tdata-image-id=\"1807\"\n\t\t\tdata-title=\"11\"\n\t\t\tdata-description=\"\"\n\t\t\tclass=\"shutterset_0f63029f20532e441f25d70688efdaad\">\n\n\t\t\t<img data-image-id='1807'\n\t\t\t\ttitle=\"\"\n\t\t\t\talt=\"11\"\n\t\t\t\tsrc=\"https:\/\/archiwum.swietodrzewa.pl\/wp-content\/gallery\/krasnogruda\/11.jpg\"\n\t\t\t\tstyle=\"max-height: 430px;\"\/>\n\t\t<\/a>\n\n\t\t<\/div>\n\n\nNa nast\u0119pny dzie\u0144 edukatorzy Klubu Gaja osadzili zak\u0105tek kwitn\u0105cymi krzewami, a na domkach dla owad\u00f3w zawiesili tabliczki edukacyjne.&nbsp; Miejsce pos\u0142u\u017cy edukacji nie tylko dzieci ale tak\u017ce go\u015bci odwiedzaj\u0105cy Dw\u00f3r, by mogli dowiedzie\u0107 si\u0119 dlaczego trzeba chroni\u0107 i wspiera\u0107 te po\u017cyteczne zwierz\u0119ta. Ju\u017c nast\u0119pnego wieczora mieszka\u0144cy i tury\u015bci, kt\u00f3rzy przyszli do parku Dworu Mi\u0142osza na koncert Miko\u0142aja Trzaski i Orkiestry Klezmerskiej Teatru Sejne\u0144skiego mogli ogl\u0105da\u0107 za\u0142o\u017cony zak\u0105tek.<\/p>\n<p>Akcji Klubu Gaja w Krasnogrudzie towarzyszy\u0142 pokaz filmu z performensu Jacka Bo\u017cka \u015acie\u017cki Opowie\u015bci na 30-lecie Klubu Gaja oraz dyskusja o kondycji naszej planety i wyborach konsumenckich.<\/p>\n<p>\u201eDzi\u0119kuj\u0119 bardzo ludziom Pogranicza za umo\u017cliwienie nam, ludziom Ziemi, zaprezentowanie tego, co robimy od lat dla naszych braci mniejszych i cz\u0142owieka. By\u0142a konkretna praca i warsztaty rodzinne. By\u0142a te\u017c prezentacja performensu \u015acie\u017cek Opowie\u015bci z g\u0142osem Czes\u0142awa Mi\u0142osza w wierszu&nbsp; O anio\u0142ach, kt\u00f3ry wybrzmia\u0142 w Dworze krasnogrudzkim zupe\u0142nie wyj\u0105tkowo. \u0141\u0105czenie sztuki z bezpo\u015brednim dzia\u0142aniem dla Ziemi staje si\u0119 jedn\u0105 z najskuteczniejszych mo\u017cliwo\u015bci edukowania ekologicznego obywateli i obywatelek w czasie klimatycznej katastrofy\u201d \u2013 powiedzia\u0142&nbsp;<strong>Jacek Bo\u017cek<\/strong>&nbsp;tw\u00f3rca i lider Klubu Gaja.&nbsp;<\/p>\n<p>Akcja realizowana by\u0142a we wsp\u00f3\u0142pracy z Fundacj\u0105 Pogranicze. Partnerem akcji jest C&amp;A Foundation.<\/p>\n<p><a href=\"https:\/\/www.facebook.com\/Klub.Gaja\/photos\/ms.c.eJxFkdsNREEIQjvaqPjsv7HNaPT~_ngDCDAzuRlkgFg~;5YUBpeRSABSQPqNgAzYgHzGiBp0NdxM~_CsegCGUAHgHc2JM8SY6EFZi~_UUJeRXawOqDXIr3r2Fsc19S7Gd8WkQ~;Us3j28ThE8YMcV67NwHpBo4LEAbUmcwqPH1a5lsg61fSBmdqhV4oC3Qm2BaAPEgtdVrfRCwW~_~_1L169FlP3R45PeKzWGdYnUJHsVco~_7Oh9gd4zm5y.bps.a.3536648403012921\/3536650893012672\/\" target=\"_blank\" rel=\"noopener\">ZOBACZ FOTO RELACJ\u0118 &gt;&gt;&gt;<\/a><\/p>\n<\/div>\n","protected":false},"excerpt":{"rendered":"<p>Klub Gaja dotar\u0142 a\u017c pod granice litewsk\u0105, by w dniach 6 -7 sierpnia wsp\u00f3lnie z Fundacj\u0105 Pogranicze za\u0142o\u017cy\u0107 zak\u0105tek dla owad\u00f3w zapylaj\u0105cych przy Dworze Mi\u0142osza w Krasnogrudzie. Jednym z dzia\u0142a\u0144 Fundacji Pogranicze jest budowanie niewidzialnych most\u00f3w pomi\u0119dzy narodami, kulturami i religiami. Stworzenie zak\u0105tka dla owad\u00f3w zapylaj\u0105cych przez Klub Gaja w Krasnogrudzie da, mamy nadziej\u0119, pocz\u0105tek [&hellip;]<\/p>\n","protected":false},"author":3,"featured_media":12310,"comment_status":"closed","ping_status":"closed","sticky":false,"template":"","format":"standard","meta":{"ngg_post_thumbnail":0},"categories":[1],"tags":[],"_links":{"self":[{"href":"https:\/\/archiwum.swietodrzewa.pl\/index.php?rest_route=\/wp\/v2\/posts\/12300"}],"collection":[{"href":"https:\/\/archiwum.swietodrzewa.pl\/index.php?rest_route=\/wp\/v2\/posts"}],"about":[{"href":"https:\/\/archiwum.swietodrzewa.pl\/index.php?rest_route=\/wp\/v2\/types\/post"}],"author":[{"embeddable":true,"href":"https:\/\/archiwum.swietodrzewa.pl\/index.php?rest_route=\/wp\/v2\/users\/3"}],"replies":[{"embeddable":true,"href":"https:\/\/archiwum.swietodrzewa.pl\/index.php?rest_route=%2Fwp%2Fv2%2Fcomments&post=12300"}],"version-history":[{"count":3,"href":"https:\/\/archiwum.swietodrzewa.pl\/index.php?rest_route=\/wp\/v2\/posts\/12300\/revisions"}],"predecessor-version":[{"id":12326,"href":"https:\/\/archiwum.swietodrzewa.pl\/index.php?rest_route=\/wp\/v2\/posts\/12300\/revisions\/12326"}],"wp:featuredmedia":[{"embeddable":true,"href":"https:\/\/archiwum.swietodrzewa.pl\/index.php?rest_route=\/wp\/v2\/media\/12310"}],"wp:attachment":[{"href":"https:\/\/archiwum.swietodrzewa.pl\/index.php?rest_route=%2Fwp%2Fv2%2Fmedia&parent=12300"}],"wp:term":[{"taxonomy":"category","embeddable":true,"href":"https:\/\/archiwum.swietodrzewa.pl\/index.php?rest_route=%2Fwp%2Fv2%2Fcategories&post=12300"},{"taxonomy":"post_tag","embeddable":true,"href":"https:\/\/archiwum.swietodrzewa.pl\/index.php?rest_route=%2Fwp%2Fv2%2Ftags&post=12300"}],"curies":[{"name":"wp","href":"https:\/\/api.w.org\/{rel}","templated":true}]}}