{"id":12381,"date":"2020-09-09T14:41:11","date_gmt":"2020-09-09T12:41:11","guid":{"rendered":"http:\/\/swietodrzewa.pl\/?p=12381"},"modified":"2020-09-09T14:45:17","modified_gmt":"2020-09-09T12:45:17","slug":"rusza-4-edycja-akcji-warszawskie-swieto-drzewa-milion-drzew-dla-warszawy","status":"publish","type":"post","link":"https:\/\/archiwum.swietodrzewa.pl\/?p=12381","title":{"rendered":"Rusza 4 edycja akcji Warszawskie \u015awi\u0119to Drzewa \u2013 Milion Drzew dla Warszawy!"},"content":{"rendered":"<p><strong>Zarz\u0105d Zieleni m.st. Warszawy oraz Klub Gaja serdecznie zapraszaj\u0105 plac\u00f3wki o\u015bwiatowe i wychowawcze z terenu m. st. Warszawy do udzia\u0142u w&nbsp;4 edycji akcji \u201eWarszawskie \u015awi\u0119to Drzewa &#8211; Milion drzew dla Warszawy\u201d. Z powodu sytuacji zwi\u0105zanej z COVID-19 proponujemy Pa\u0144stwu podj\u0119cie dzia\u0142a\u0144 w trybie stacjonarnym lub w wersji alternatywnej \u2013 online. <\/strong><!--more--><\/p>\n<p><strong><a href=\"http:\/\/swietodrzewa.pl\/wp-content\/uploads\/2020\/09\/1.jpg\"><img loading=\"lazy\" class=\"alignright size-medium wp-image-12382\" src=\"http:\/\/swietodrzewa.pl\/wp-content\/uploads\/2020\/09\/1-300x197.jpg\" alt=\"\" width=\"300\" height=\"197\" srcset=\"https:\/\/archiwum.swietodrzewa.pl\/wp-content\/uploads\/2020\/09\/1-300x197.jpg 300w, https:\/\/archiwum.swietodrzewa.pl\/wp-content\/uploads\/2020\/09\/1-768x506.jpg 768w, https:\/\/archiwum.swietodrzewa.pl\/wp-content\/uploads\/2020\/09\/1.jpg 1024w\" sizes=\"(max-width: 300px) 100vw, 300px\" \/><\/a>Jak wzi\u0105\u0107 udzia\u0142 w akcji<\/strong><strong> \u201eWarszawskie \u015awi\u0119to Drzewa \u2013 Milion Drzew dla Warszawy\u201d? <\/strong><\/p>\n<p>Mo\u017cna to zrobi\u0107 wysy\u0142aj\u0105c <strong>ZG\u0141OSZENIE<\/strong> <strong>DO AKCJI<\/strong>&nbsp; <strong>na adres e-mail: warszawskieswietodrzewa@gmail.com.<\/strong> Dzia\u0142ania mo\u017cna dostosowa\u0107 do otaczaj\u0105cego \u015brodowiska przyrodniczego i&nbsp;spo\u0142ecznego, akcja nie ma \u017cadnych ogranicze\u0144 wiekowych. Akcja&nbsp; \u201eWarszawskie \u015awi\u0119to Drzewa \u2013 Milion drzew dla Warszawy\u201d realizowana jest w&nbsp;ramach wsparcia programu \u201eMilion drzew dla Warszawy\u201d.<\/p>\n<p>Plac\u00f3wki o\u015bwiatowe i wychowawcze, kt\u00f3re <strong>ode\u015bl\u0105 ZG\u0141OSZENIE DO AKCJI do dnia 30 wrze\u015bnia 2020 r. <\/strong>otrzymaj\u0105 drog\u0105 elektroniczn\u0105 <strong>materia\u0142y edukacyjne (<\/strong>plakaty, film, s\u0142uchowisko dla dzieci) oraz sadzonki drzewek ( ilo\u015b\u0107 sadzonek jest ograniczona). <strong>W&nbsp;ramach akcji WYR\u00d3\u017bNIMY NAJLEPSZE INICJATYWY! Na sprawozdania czekamy do 30 listopada 2020 r<\/strong><strong>. <\/strong><\/p>\n<p><a href=\"http:\/\/swietodrzewa.pl\/wp-content\/uploads\/2020\/09\/sadzenie-drzew-SP_357.jpg\"><img loading=\"lazy\" class=\"alignleft size-medium wp-image-12385\" src=\"http:\/\/swietodrzewa.pl\/wp-content\/uploads\/2020\/09\/sadzenie-drzew-SP_357-300x224.jpg\" alt=\"\" width=\"300\" height=\"224\" srcset=\"https:\/\/archiwum.swietodrzewa.pl\/wp-content\/uploads\/2020\/09\/sadzenie-drzew-SP_357-300x224.jpg 300w, https:\/\/archiwum.swietodrzewa.pl\/wp-content\/uploads\/2020\/09\/sadzenie-drzew-SP_357-768x574.jpg 768w, https:\/\/archiwum.swietodrzewa.pl\/wp-content\/uploads\/2020\/09\/sadzenie-drzew-SP_357.jpg 1024w\" sizes=\"(max-width: 300px) 100vw, 300px\" \/><\/a>Zach\u0119camy Pa\u0144stwa do w\u0142\u0105czenia si\u0119 w akcj\u0119 \u201eWarszawskie \u015awi\u0119to Drzewa \u2013 Milion Drzew dla Warszawy\u201d poprzez:<\/p>\n<ul>\n<li><strong>organizacj\u0119 akcji sadzenia drzew i krzew\u00f3w<\/strong> \u2013 <strong>stacjonarnie: <\/strong>z udzia\u0142em uczni\u00f3w, rodzic\u00f3w i zaproszonych go\u015bci m.in. w ogrodach przy plac\u00f3wkach, w\u0142\u0105czanie rodzic\u00f3w do sadzenia drzew w swoich ogrodach czy dzia\u0142kach pod has\u0142em \u201eMamo, tato, posad\u017a ze mn\u0105 drzewo!\u201d; <strong>alternatywnie: <\/strong>posadzenie przekazanych sadzonek drzew bez udzia\u0142u uczni\u00f3w i go\u015bci, przekazanie sadzonek rodzicom. W pakiecie otrzymaj\u0105 Pa\u0144stwo plakat z instrukcj\u0105 jak posadzi\u0107 drzewo.<\/li>\n<\/ul>\n<p><strong>WA\u017bNE: <\/strong>W Zg\u0142oszeniu do akcji mo\u017cecie zaznaczy\u0107 zapotrzebowanie na ilo\u015b\u0107 sadzonek drzew, kt\u00f3re nieodp\u0142atnie, w miar\u0119 mo\u017cliwo\u015bci Pa\u0144stwu przeka\u017cemy. Ilo\u015b\u0107 sadzonek drzew jest ograniczona.<\/p>\n<p><strong>Po odbi\u00f3r sadzonek zapraszamy Pa\u0144stwa do S\u0142u\u017cewskiego Domu Kultury, w dniu 9 pa\u017adziernika (pi\u0105tek) 2020 r., w godz.11.00-12.00.<a href=\"http:\/\/swietodrzewa.pl\/wp-content\/uploads\/2020\/09\/Przedszkole-115.jpg\"><img loading=\"lazy\" class=\"alignright size-medium wp-image-12384\" src=\"http:\/\/swietodrzewa.pl\/wp-content\/uploads\/2020\/09\/Przedszkole-115-300x225.jpg\" alt=\"\" width=\"300\" height=\"225\" srcset=\"https:\/\/archiwum.swietodrzewa.pl\/wp-content\/uploads\/2020\/09\/Przedszkole-115-300x225.jpg 300w, https:\/\/archiwum.swietodrzewa.pl\/wp-content\/uploads\/2020\/09\/Przedszkole-115-768x576.jpg 768w, https:\/\/archiwum.swietodrzewa.pl\/wp-content\/uploads\/2020\/09\/Przedszkole-115.jpg 1024w\" sizes=\"(max-width: 300px) 100vw, 300px\" \/><\/a><\/strong><\/p>\n<ul>\n<li><strong>zaj\u0119cia w terenie i zorganizowanie gry terenowej \u2013 stacjonarnie: <\/strong>wyj\u015bcie w teren z uczniami i poznawanie drzew rosn\u0105cych w mie\u015bcie, uczenie si\u0119 rozpoznawania gatunk\u00f3w, dowiadywanie si\u0119 o korzy\u015bciach jakie przynosz\u0105 mieszka\u0144com i przyrodzie; a<strong>lternatywnie: <\/strong>zaproponowanie gry terenowej jako zadania on-line w nauce zdalnej, kt\u00f3re uczniowie b\u0119d\u0105 mogli wykona\u0107 samodzielnie lub przy wsparciu rodzic\u00f3w. <strong><\/strong><strong>Karty do gry terenowej otrzymaj\u0105 Pa\u0144stwo w pakiecie.\n<p><\/strong><\/li>\n<li><strong>r\u00f3\u017cnorodne dzia\u0142ania wok\u00f3\u0142 drzew i dla drzew <\/strong>\u2013 <strong>stacjonarnie<\/strong>: zorganizowanie kreatywnych zaj\u0119\u0107 i zabaw o drzewach na r\u00f3\u017cnych zaj\u0119ciach i przedmiotach, organizacj\u0119 konkurs\u00f3w np. plastycznych, literackich, fotograficznych, kt\u00f3re odnosz\u0105 si\u0119 do drzew; <strong>alternatywnie <\/strong>\u2013 przeprowadzenie przez nauczycieli konkurs\u00f3w online w nauce zdalnej, udost\u0119pnianie online <strong>s\u0142uchowiska na temat drzew i filmu o sadzeniu drzew, kt\u00f3re otrzymaj\u0105 Pa\u0144stwo w pakiecie.<\/strong><\/li>\n<\/ul>\n<p><a href=\"http:\/\/klubgaja.pl\/cms\/uploads\/AKTUALNO%C5%9ACI%202020\/WARSZAWSKIE\/karta-zgloszenia.docx\"><strong>POBIERZ ZG\u0141OSZENIE DO AKCJI &gt;&gt;&gt;<\/strong><\/a><\/p>\n<p><a href=\"http:\/\/klubgaja.pl\/cms\/uploads\/AKTUALNO%C5%9ACI%202020\/WARSZAWSKIE\/regulamin.pdf\"><strong>POBIERZ REGULAMIN AKCJI &gt;&gt;&gt;<\/strong><\/a><\/p>\n<p><a href=\"http:\/\/www.zzw.waw.pl\">www.zzw.waw.pl<\/a><\/p>\n<p>Na zdj\u0119ciach: Warszawskie \u015awi\u0119to Drzewa 2019 &#8211; rozdawanie sadzonek przed S\u0142u\u017cewskim Domem Kultury, sadzenie drzew w Przedszkolu nr 115 i w Szkole Podstawowej nr 375. Fot. Klub Gaja<\/p>\n","protected":false},"excerpt":{"rendered":"<p>Zarz\u0105d Zieleni m.st. Warszawy oraz Klub Gaja serdecznie zapraszaj\u0105 plac\u00f3wki o\u015bwiatowe i wychowawcze z terenu m. st. Warszawy do udzia\u0142u w&nbsp;4 edycji akcji \u201eWarszawskie \u015awi\u0119to Drzewa &#8211; Milion drzew dla Warszawy\u201d. Z powodu sytuacji zwi\u0105zanej z COVID-19 proponujemy Pa\u0144stwu podj\u0119cie dzia\u0142a\u0144 w trybie stacjonarnym lub w wersji alternatywnej \u2013 online.<\/p>\n","protected":false},"author":3,"featured_media":12383,"comment_status":"closed","ping_status":"closed","sticky":false,"template":"","format":"standard","meta":{"ngg_post_thumbnail":0},"categories":[1],"tags":[],"_links":{"self":[{"href":"https:\/\/archiwum.swietodrzewa.pl\/index.php?rest_route=\/wp\/v2\/posts\/12381"}],"collection":[{"href":"https:\/\/archiwum.swietodrzewa.pl\/index.php?rest_route=\/wp\/v2\/posts"}],"about":[{"href":"https:\/\/archiwum.swietodrzewa.pl\/index.php?rest_route=\/wp\/v2\/types\/post"}],"author":[{"embeddable":true,"href":"https:\/\/archiwum.swietodrzewa.pl\/index.php?rest_route=\/wp\/v2\/users\/3"}],"replies":[{"embeddable":true,"href":"https:\/\/archiwum.swietodrzewa.pl\/index.php?rest_route=%2Fwp%2Fv2%2Fcomments&post=12381"}],"version-history":[{"count":4,"href":"https:\/\/archiwum.swietodrzewa.pl\/index.php?rest_route=\/wp\/v2\/posts\/12381\/revisions"}],"predecessor-version":[{"id":12390,"href":"https:\/\/archiwum.swietodrzewa.pl\/index.php?rest_route=\/wp\/v2\/posts\/12381\/revisions\/12390"}],"wp:featuredmedia":[{"embeddable":true,"href":"https:\/\/archiwum.swietodrzewa.pl\/index.php?rest_route=\/wp\/v2\/media\/12383"}],"wp:attachment":[{"href":"https:\/\/archiwum.swietodrzewa.pl\/index.php?rest_route=%2Fwp%2Fv2%2Fmedia&parent=12381"}],"wp:term":[{"taxonomy":"category","embeddable":true,"href":"https:\/\/archiwum.swietodrzewa.pl\/index.php?rest_route=%2Fwp%2Fv2%2Fcategories&post=12381"},{"taxonomy":"post_tag","embeddable":true,"href":"https:\/\/archiwum.swietodrzewa.pl\/index.php?rest_route=%2Fwp%2Fv2%2Ftags&post=12381"}],"curies":[{"name":"wp","href":"https:\/\/api.w.org\/{rel}","templated":true}]}}