{"id":1240,"date":"2012-02-22T10:35:44","date_gmt":"2012-02-22T09:35:44","guid":{"rendered":"http:\/\/swietodrzewa.pl\/?p=1240"},"modified":"2012-02-22T12:28:45","modified_gmt":"2012-02-22T11:28:45","slug":"oddaj-glos-na-drzewo-w-polsce","status":"publish","type":"post","link":"https:\/\/archiwum.swietodrzewa.pl\/?p=1240","title":{"rendered":"Oddaj g\u0142os na drzewo w Polsce!"},"content":{"rendered":"<p align=\"justify\">Polski d\u0105b bierze udzia\u0142 w konkursie o tytu\u0142 Europejskiego Drzewa Roku. Jest jednym z siedmiu, obok drzew z Francji, S\u0142owacji, W\u0119gier, Rumunii, Czech i Bu\u0142garii, kt\u00f3re teraz walcz\u0105 o zwyci\u0119stwo. Polskie drzewo czeka na Pa\u0144stwa poparcie. Klub Gaja gor\u0105co zach\u0119ca do g\u0142osowania. Bardzo szybko sw\u00f3j g\u0142os mo\u017cna odda\u0107 na stronie internetowej konkursu: <a href=\"http:\/\/www.treeoftheyear.org\/\">http:\/\/www.treeoftheyear.org\/<\/a> Termin mija ju\u017c 29 lutego!<!--more--><\/p>\n<p align=\"justify\">\u00a0O tytu\u0142 walczy d\u0105b Grot z D\u0119blina, kt\u00f3ry wygra\u0142 w konkursie na Drzewo Roku zorganizowanym przez Klub Gaja. To przepi\u0119kne drzewo przetrwa\u0142o dwie wojny \u015bwiatowe, cho\u0107 dzia\u0142ania wojenne rozgrywa\u0142y si\u0119 tu\u017c obok niego. Jest ogromne i pe\u0142ne \u017cycia, mimo, \u017ce jeden z jego mi\u0142o\u015bnik\u00f3w powiedzia\u0142 znamienne s\u0142owa: <em>Trudno jest drzewu pozosta\u0107 pomnikiem w\u015br\u00f3d ludzi. <\/em><\/p>\n<p align=\"justify\">\u00a0Pom\u00f3\u017cmy dzieciom z Gimnazjum nr 2 w D\u0119blinie, kt\u00f3re zg\u0142osi\u0142y drzewo do konkursu krajowego, a teraz mocno kibicuj\u0105 mu w konkursie europejskim!<\/p>\n<p align=\"justify\">\u00a0Konkurs krajowy, w kt\u00f3rym wygra\u0142 Grot, zosta\u0142 zorganizowany w ramach programu Klubu Gaja \u2013 \u015awi\u0119to Drzewa. Dzi\u0119ki niemu w ubieg\u0142ym roku Polacy posadzili 126 tys. drzew. Drzewa s\u0105 jednym z najwa\u017cniejszych czynnik\u00f3w wp\u0142ywaj\u0105cych na r\u00f3wnowag\u0119 ekologiczn\u0105 w \u015brodowisku cz\u0142owieka, dlatego warto je piel\u0119gnowa\u0107, a szczeg\u00f3lnie pi\u0119kne okazy pokazywa\u0107 innym. D\u0105b Grot w D\u0119blinie mo\u017ce zdoby\u0107 rozg\u0142os w Europie. G\u0142osujmy!.<\/p>\n<p align=\"justify\">\u00a0W ostatnim tygodniu g\u0142osowania organizatorzy celowo nie ujawniaj\u0105 jego bie\u017c\u0105cych wynik\u00f3w, aby ostateczne rozstrzygni\u0119cie &#8211; 29 lutego &#8211; by\u0142o prawdziw\u0105 niespodziank\u0105. Jednak g\u0142osy s\u0105 ca\u0142y czas przyjmowane i podliczane.<\/p>\n<p align=\"justify\">Konkurs Europejskie Drzewo Roku prowadzi Czeska Fundacja \u201ePartnerstwo dla \u015arodowiska\u201d.<\/p>\n<p align=\"justify\">\u00a0<em>Konkurs Drzewo Roku w Polsce jest cz\u0119\u015bci\u0105 projektu \u015awi\u0119to Drzewa,\u00a0 kt\u00f3ry zosta\u0142 dofinansowany przez Narodowy Fundusz\u00a0 Ochrony \u015arodowiska i Gospodarki Wodnej i Wojew\u00f3dzki Fundusz Ochrony \u015arodowiska i Gospodarki Wodnej w Katowicach.<\/em><\/p>\n<p align=\"justify\">\n<p align=\"justify\"><em><br \/>\n<\/em><\/p>\n<p align=\"justify\">\n<p>&nbsp;<\/p>\n","protected":false},"excerpt":{"rendered":"<p>Polski d\u0105b bierze udzia\u0142 w konkursie o tytu\u0142 Europejskiego Drzewa Roku. Jest jednym z siedmiu, obok drzew z Francji, S\u0142owacji, W\u0119gier, Rumunii, Czech i Bu\u0142garii, kt\u00f3re teraz walcz\u0105 o zwyci\u0119stwo. Polskie drzewo czeka na Pa\u0144stwa poparcie. Klub Gaja gor\u0105co zach\u0119ca do g\u0142osowania. Bardzo szybko sw\u00f3j g\u0142os mo\u017cna odda\u0107 na stronie internetowej konkursu: http:\/\/www.treeoftheyear.org\/ Termin mija [&hellip;]<\/p>\n","protected":false},"author":3,"featured_media":1209,"comment_status":"closed","ping_status":"closed","sticky":false,"template":"","format":"standard","meta":{"ngg_post_thumbnail":0},"categories":[24],"tags":[],"_links":{"self":[{"href":"https:\/\/archiwum.swietodrzewa.pl\/index.php?rest_route=\/wp\/v2\/posts\/1240"}],"collection":[{"href":"https:\/\/archiwum.swietodrzewa.pl\/index.php?rest_route=\/wp\/v2\/posts"}],"about":[{"href":"https:\/\/archiwum.swietodrzewa.pl\/index.php?rest_route=\/wp\/v2\/types\/post"}],"author":[{"embeddable":true,"href":"https:\/\/archiwum.swietodrzewa.pl\/index.php?rest_route=\/wp\/v2\/users\/3"}],"replies":[{"embeddable":true,"href":"https:\/\/archiwum.swietodrzewa.pl\/index.php?rest_route=%2Fwp%2Fv2%2Fcomments&post=1240"}],"version-history":[{"count":2,"href":"https:\/\/archiwum.swietodrzewa.pl\/index.php?rest_route=\/wp\/v2\/posts\/1240\/revisions"}],"predecessor-version":[{"id":1242,"href":"https:\/\/archiwum.swietodrzewa.pl\/index.php?rest_route=\/wp\/v2\/posts\/1240\/revisions\/1242"}],"wp:featuredmedia":[{"embeddable":true,"href":"https:\/\/archiwum.swietodrzewa.pl\/index.php?rest_route=\/wp\/v2\/media\/1209"}],"wp:attachment":[{"href":"https:\/\/archiwum.swietodrzewa.pl\/index.php?rest_route=%2Fwp%2Fv2%2Fmedia&parent=1240"}],"wp:term":[{"taxonomy":"category","embeddable":true,"href":"https:\/\/archiwum.swietodrzewa.pl\/index.php?rest_route=%2Fwp%2Fv2%2Fcategories&post=1240"},{"taxonomy":"post_tag","embeddable":true,"href":"https:\/\/archiwum.swietodrzewa.pl\/index.php?rest_route=%2Fwp%2Fv2%2Ftags&post=1240"}],"curies":[{"name":"wp","href":"https:\/\/api.w.org\/{rel}","templated":true}]}}