{"id":12414,"date":"2020-09-20T15:17:51","date_gmt":"2020-09-20T13:17:51","guid":{"rendered":"http:\/\/swietodrzewa.pl\/?p=12414"},"modified":"2020-10-04T19:31:49","modified_gmt":"2020-10-04T17:31:49","slug":"swieto-drzewa-dla-zwierzat","status":"publish","type":"post","link":"https:\/\/archiwum.swietodrzewa.pl\/?p=12414","title":{"rendered":"\u015awi\u0119to Drzewa dla zwierz\u0105t!"},"content":{"rendered":"<p><strong>Klubu Gaja zaprasza do udzia\u0142u w 18. edycji programu \u015awi\u0119to Drzewa pod has\u0142em \u201e\u015awi\u0119to Drzewa dla zwierz\u0105t!\u201d. Ka\u017cdy z nas mo\u017ce posadzi\u0107, piel\u0119gnowa\u0107 i chroni\u0107 drzewa oraz krzewy pami\u0119taj\u0105c o zwierz\u0119tach, dla kt\u00f3rych cz\u0119sto to jedyny dom na Ziemi.<\/strong> <strong>Zaanga\u017cuj si\u0119 i do\u0142\u0105cz do \u015awi\u0119ta Drzewa. Zorganizuj go u siebie! W programie mog\u0105 wzi\u0105\u0107 udzia\u0142 osoby indywidualne, plac\u00f3wki o\u015bwiatowe, samorz\u0105dy, instytucje, organizacje spo\u0142eczne, wsp\u00f3lnoty mieszka\u0144c\u00f3w oraz firmy. Wsp\u00f3lnie uda\u0142o si\u0119 posadzi\u0107 ju\u017c blisko 930 tysi\u0119cy drzew! Og\u00f3lnopolska inauguracja \u015awi\u0119ta Drzewa<\/strong> <strong>odb\u0119dzie si\u0119<\/strong><br \/>\n<strong>9 pa\u017adziernika<\/strong> <strong>2020 roku<\/strong> <strong>w Warszawie. Zapraszamy!<\/strong><!--more--><\/p>\n<p><a href=\"http:\/\/swietodrzewa.pl\/wp-content\/uploads\/2020\/09\/plakat_sd.jpg\"><img loading=\"lazy\" class=\"alignleft size-large wp-image-12415\" src=\"http:\/\/swietodrzewa.pl\/wp-content\/uploads\/2020\/09\/plakat_sd-717x1024.jpg\" alt=\"\" width=\"540\" height=\"771\" srcset=\"https:\/\/archiwum.swietodrzewa.pl\/wp-content\/uploads\/2020\/09\/plakat_sd.jpg 717w, https:\/\/archiwum.swietodrzewa.pl\/wp-content\/uploads\/2020\/09\/plakat_sd-210x300.jpg 210w\" sizes=\"(max-width: 540px) 100vw, 540px\" \/><\/a>\u015awi\u0119ta Drzewa to dobra okazja by posadzi\u0107 drzewa i krzewy, i dopisa\u0107 je do <strong>licznika drzew<\/strong> na stronie <a href=\"http:\/\/swietodrzewa.pl\/licznik\/\">http:\/\/swietodrzewa.pl\/licznik\/<\/a>. Pami\u0119tajmy tak\u017ce, by otoczy\u0107 opiek\u0105 drzewa ju\u017c rosn\u0105ce. I nie zapomnijmy o zwierz\u0119tach! A\u017c trudno zgadn\u0105\u0107 ile wi\u0119kszych i mniejszych zwierz\u0105t korzysta z zadrzewie\u0144 podczas ca\u0142ego swojego \u017cycia lub cho\u0107by tylko w czasie chwilowego odpoczynku. To tutaj ptaki, owady, wiewi\u00f3rki, nietoperze czy inne zwierz\u0119ta znajduj\u0105 pokarm, wij\u0105 swoje gniazda, wychowuj\u0105 m\u0142ode, tworz\u0105 spi\u017carnie i szukaj\u0105 kryj\u00f3wek. To ich dom! W naszych ogrodach i parkach mo\u017cemy stworzy\u0107 dla nich przyjazne zak\u0105tki, sadz\u0105c gatunki miododajne i owocowe. Pomy\u015blmy te\u017c o przygotowaniu dla naszych dzikich przyjaci\u00f3\u0142 odpowiednich schronie\u0144, budek l\u0119gowych i poide\u0142ek. Zapro\u015bmy innych do wsp\u00f3lnej pracy i \u015bwi\u0119towania. Niech drzewa b\u0119d\u0105 dla nas \u017ar\u00f3d\u0142em inspiracji jak \u017cy\u0107 w zgodzie z przyrod\u0105. Partnerem strategicznym programu s\u0105 Lasy Pa\u0144stwowe, kt\u00f3re s\u0142u\u017c\u0105 pomoc\u0105 le\u015bnik\u00f3w i przekazuj\u0105 w miar\u0119 mo\u017cliwo\u015bci sadzonki drzew uczestnikom \u015awi\u0119ta Drzewa. <a href=\"http:\/\/www.swietodrzewa.pl\/zgloszenie2019\/\">Zg\u0142o\u015b sw\u00f3j udzia\u0142 w 18. \u015awi\u0119cie Drzewa!<\/a><\/p>\n<p>\u201eW tegorocznej edycji \u015awi\u0119ta Drzewa chcemy podkre\u015bli\u0107 szczeg\u00f3lne znaczenie zadrzewie\u0144 dla \u015bwiata zwierz\u0105t. Drzewa i krzewy to swoiste oazy bior\u00f3\u017cnorodno\u015bci. Mo\u017cemy spotka\u0107 tu wiele gatunk\u00f3w ptak\u00f3w \u2013 dzi\u0119cio\u0142y, sowy, kowaliki, sikory, a tak\u017ce ssak\u00f3w jak popielice czy nietoperze oraz owad\u00f3w, w tym cz\u0119sto chronionych lub niespotykanych w innych siedliskach, np. wyst\u0119puj\u0105cego tylko na starych d\u0119bach chrz\u0105szcza kozioroga d\u0119bosza. Zniszczenie, wyci\u0119cie czy choroba nawet jednego drzewa to zarazem zagro\u017cenie \u017cycia dla wielu innych gatunk\u00f3w. Dlatego zach\u0119camy wszystkich do organizacji zaj\u0119\u0107 i warsztat\u00f3w edukacyjnych po\u015bwi\u0119conych drzewom i zamieszkuj\u0105cym je zwierz\u0119tom, wyj\u015bcia w teren i obserwacji drzew w r\u00f3\u017cnych porach roku oraz poznawania &nbsp;jej mieszka\u0144c\u00f3w\u201d\u2013 m\u00f3wi <strong>Jolanta Migda\u0142<\/strong> z Klubu Gaja, koordynatorka programu \u015awi\u0119to Drzewa.<\/p>\n<p><strong>Jacek Bo\u017cek,<\/strong> za\u0142o\u017cyciel i szef Klubu Gaja, dodaje \u2013 \u201e\u015awiat wok\u00f3\u0142 nas zmienia si\u0119 gwa\u0142townie i nieoczekiwanie. To, co dotychczas wydawa\u0142o si\u0119 trwa\u0142e i niezmienne, ulega rozpadowi na naszych oczach. Nie jeste\u015bmy w stanie przewidzie\u0107 dok\u0105d doprowadz\u0105 nas nowoczesne technologie, medyczne eksperymenty czy katastrofa klimatyczna. Mo\u017cemy jednak dzia\u0142a\u0107. Przyczynia\u0107 si\u0119 do zmniejszenia \u015bladu w\u0119glowego czy wspomaga\u0107 zwierz\u0119ta. To mo\u017cemy robi\u0107 ju\u017c, natychmiast! Sadzenie drzew i krzew\u00f3w oraz dbanie o te zasadzone jest mo\u017cliwe do przeprowadzenia teraz. Nie odk\u0142adajmy zaanga\u017cowania na jutro. Zapraszamy do udzia\u0142u w \u015awi\u0119cie Drzewa przez ca\u0142y rok, jest wiele rzeczy, kt\u00f3re mo\u017cna zrobi\u0107 w naszej okolicy. A 18. inauguracj\u0119 wykorzystajmy na konkretne dzia\u0142anie i dobr\u0105 zabaw\u0119. Po\u015bwi\u0119tujmy wsp\u00f3lnie z drzewami i zwierz\u0119tami. Na ile jest to mo\u017cliwe\u201d.<\/p>\n<p><strong>W tym roku og\u00f3lnopolska inauguracja \u015awi\u0119ta Drzewa<\/strong> <strong>odb\u0119dzie si\u0119<\/strong> <strong>9 pa\u017adziernika<\/strong> <strong>w Warszawie.<\/strong> Klub Gaja razem z laureatami konkurs\u00f3w \u015awi\u0119ta Drzewa, partnerami i go\u015b\u0107mi zasadzi symbolicznie kilka drzew owocowych przy S\u0142u\u017cewskim Domu Kultury. Podczas wydarzenia odb\u0119dzie si\u0119 gala wr\u0119czenia certyfikat\u00f3w i nagr\u00f3d dla najciekawszych inicjatyw realizowanych w ramach programu \u015awi\u0119to Drzewa. Wydarzenie w stolicy zosta\u0142o obj\u0119te <strong>Patronatem Honorowym Prezydenta Miasta Sto\u0142ecznego Warszawy. <\/strong>R\u00f3wnocze\u015bnie w ca\u0142ym kraju odb\u0119d\u0105 si\u0119 lokalne obchody \u015awi\u0119ta Drzewa organizowane przez uczestnik\u00f3w programu po\u0142\u0105czone z sadzeniem drzew i krzew\u00f3w oraz organizacj\u0105 r\u00f3\u017cnorodnych zaj\u0119\u0107 edukacyjnych, piknik\u00f3w rodzinnych, konkurs\u00f3w, happening\u00f3w. Zapraszamy do wsp\u00f3lnego dzia\u0142ania!<\/p>\n<p><strong>Pami\u0119taj! Zg\u0142o\u015b sw\u00f3j udzia\u0142 w 18. \u015awi\u0119cie Drzewa \u2013<\/strong><a href=\"http:\/\/www.swietodrzewa.pl\/zgloszenie2019\/\"><strong> Formularz zg\u0142oszeniowy<\/strong><\/a><\/p>\n<p><strong>Pobierz plakat \u015awi\u0119to Drzewa 2020:&nbsp; <\/strong><a href=\"http:\/\/klubgaja.pl\/cms\/uploads\/AKTUALNO%C5%9ACI%202020\/%C5%9Awi%C4%99to%20Drzewa\/plakat.jpg\"><strong>JPG &gt;&gt;&gt; <\/strong><\/a><strong>&nbsp;&nbsp;<\/strong><a href=\"http:\/\/klubgaja.pl\/cms\/uploads\/AKTUALNO%C5%9ACI%202020\/%C5%9Awi%C4%99to%20Drzewa\/plakat.pdf\"><strong>PDF &gt;&gt;&gt;<\/strong><\/a><\/p>\n<p><a href=\"http:\/\/www.klubgaja.pl\/_pliki\/dobre_praktyki_swieto_drzewa.pdf\"><strong>Zobacz dobre praktyki \u015awi\u0119ta Drzewa &gt;&gt;&gt;<\/strong><\/a><\/p>\n<p><strong>Poznaj fascynuj\u0105cy \u015bwiat drzew z aplikacj\u0105 <\/strong><a href=\"http:\/\/swietodrzewa.pl\/drzewo\/\"><strong>WEJD\u0179 NA DRZEWO &gt;&gt;&gt;<\/strong><\/a><\/p>\n<p><strong>We\u017a udzia\u0142 w konkursach i akcjach! <\/strong><\/p>\n<p><a href=\"http:\/\/swietodrzewa.pl\/?page_id=231\"><strong>Czarodziejskie Drzewo&nbsp;<\/strong><\/a>\u2013 nagradzamy za najwi\u0119ksz\u0105 ilo\u015b\u0107 posadzonych drzew, wsp\u00f3\u0142prac\u0119 oraz kreatywno\u015b\u0107 dzia\u0142a\u0144. Na sprawozdania z dzia\u0142a\u0144 czekamy do <strong>30 listopada 2020. <\/strong><a href=\"http:\/\/swietodrzewa.pl\/wp-content\/uploads\/2020\/08\/formularz_konkurs_czarodziejskie_drzewo_2020.doc\"><strong>Formularz zg\u0142oszeniowy do konkursu &gt;&gt;&gt;<\/strong><\/a><strong><br \/>\n<u><br \/>\n<\/u><\/strong><a href=\"http:\/\/swietodrzewa.pl\/?page_id=1673\"><strong>Drzewo Roku&nbsp;<\/strong><\/a>\u2013 poszukujemy drzewa z najciekawsz\u0105 histori\u0105. Na zg\u0142oszenia czekamy do<strong><br \/>\n30 listopada 2020. <\/strong><a href=\"http:\/\/swietodrzewa.pl\/wp-content\/uploads\/2020\/08\/formularz_konkurs_drzewo_roku_2021.doc\"><strong>Zg\u0142o\u015b drzewo do konkursu &gt;&gt;&gt;<\/strong><\/a><\/p>\n<p><strong>Akcja \u201eZbieraj makulatur\u0119, ratuj konie\u201d<\/strong> &#8211; wszyscy, kt\u00f3rzy zg\u0142osz\u0105 sw\u00f3j udzia\u0142 otrzymaj\u0105 plakaty i ulotki. <a href=\"http:\/\/www.swietodrzewa.pl\/makulatura2019\/\"><strong>Formularz zg\u0142oszeniowy &gt;&gt;&gt;<\/strong><\/a><\/p>\n<p><strong>Wi\u0119cej informacji na <\/strong><a href=\"http:\/\/www.swietodrzewa.pl\/\"><strong>www.swietodrzewa.pl<\/strong><\/a><\/p>\n<p><strong><br \/>\n\u015awi\u0119to Drzewa 2020<\/strong><br \/>\n<strong>Patronat Honorowy Prezydenta Miasta Sto\u0142ecznego Warszawy<br \/>\nPartnerzy strategiczni:<\/strong>&nbsp;Lasy Pa\u0144stwowe, Billion Tree Campaign, ALDI, Davines<br \/>\n<strong>Partnerzy:<\/strong>&nbsp;C&amp;A Foundation,&nbsp; Environmental Partnership Association, Europejskie Drzewo Roku, Kawa\u0142ek Lasu<br \/>\n<strong>Wsp\u00f3\u0142praca:<\/strong>&nbsp;Partnerstwo dla Klimatu, S\u0142u\u017cewski Dom Kultury, Miasto Bielsko-Bia\u0142a, Galeria Bielska BWA, Fundusz Partnerstwa, Clean Advantage, LeasePlan<\/p>\n<p><a href=\"http:\/\/swietodrzewa.pl\/wp-content\/uploads\/2020\/09\/logotypy-1.jpg\"><img loading=\"lazy\" class=\"alignleft wp-image-12423\" src=\"http:\/\/swietodrzewa.pl\/wp-content\/uploads\/2020\/09\/logotypy-1-1024x536.jpg\" alt=\"\" width=\"699\" height=\"366\" srcset=\"https:\/\/archiwum.swietodrzewa.pl\/wp-content\/uploads\/2020\/09\/logotypy-1-1024x536.jpg 1024w, https:\/\/archiwum.swietodrzewa.pl\/wp-content\/uploads\/2020\/09\/logotypy-1-300x157.jpg 300w, https:\/\/archiwum.swietodrzewa.pl\/wp-content\/uploads\/2020\/09\/logotypy-1-768x402.jpg 768w\" sizes=\"(max-width: 699px) 100vw, 699px\" \/><\/a><\/p>\n<p>&nbsp;<\/p>\n","protected":false},"excerpt":{"rendered":"<p>Klubu Gaja zaprasza do udzia\u0142u w 18. edycji programu \u015awi\u0119to Drzewa pod has\u0142em \u201e\u015awi\u0119to Drzewa dla zwierz\u0105t!\u201d. Ka\u017cdy z nas mo\u017ce posadzi\u0107, piel\u0119gnowa\u0107 i chroni\u0107 drzewa oraz krzewy pami\u0119taj\u0105c o zwierz\u0119tach, dla kt\u00f3rych cz\u0119sto to jedyny dom na Ziemi. Zaanga\u017cuj si\u0119 i do\u0142\u0105cz do \u015awi\u0119ta Drzewa. Zorganizuj go u siebie! W programie mog\u0105 wzi\u0105\u0107 udzia\u0142 [&hellip;]<\/p>\n","protected":false},"author":3,"featured_media":12415,"comment_status":"closed","ping_status":"closed","sticky":false,"template":"","format":"standard","meta":{"ngg_post_thumbnail":0},"categories":[17],"tags":[],"_links":{"self":[{"href":"https:\/\/archiwum.swietodrzewa.pl\/index.php?rest_route=\/wp\/v2\/posts\/12414"}],"collection":[{"href":"https:\/\/archiwum.swietodrzewa.pl\/index.php?rest_route=\/wp\/v2\/posts"}],"about":[{"href":"https:\/\/archiwum.swietodrzewa.pl\/index.php?rest_route=\/wp\/v2\/types\/post"}],"author":[{"embeddable":true,"href":"https:\/\/archiwum.swietodrzewa.pl\/index.php?rest_route=\/wp\/v2\/users\/3"}],"replies":[{"embeddable":true,"href":"https:\/\/archiwum.swietodrzewa.pl\/index.php?rest_route=%2Fwp%2Fv2%2Fcomments&post=12414"}],"version-history":[{"count":5,"href":"https:\/\/archiwum.swietodrzewa.pl\/index.php?rest_route=\/wp\/v2\/posts\/12414\/revisions"}],"predecessor-version":[{"id":12424,"href":"https:\/\/archiwum.swietodrzewa.pl\/index.php?rest_route=\/wp\/v2\/posts\/12414\/revisions\/12424"}],"wp:featuredmedia":[{"embeddable":true,"href":"https:\/\/archiwum.swietodrzewa.pl\/index.php?rest_route=\/wp\/v2\/media\/12415"}],"wp:attachment":[{"href":"https:\/\/archiwum.swietodrzewa.pl\/index.php?rest_route=%2Fwp%2Fv2%2Fmedia&parent=12414"}],"wp:term":[{"taxonomy":"category","embeddable":true,"href":"https:\/\/archiwum.swietodrzewa.pl\/index.php?rest_route=%2Fwp%2Fv2%2Fcategories&post=12414"},{"taxonomy":"post_tag","embeddable":true,"href":"https:\/\/archiwum.swietodrzewa.pl\/index.php?rest_route=%2Fwp%2Fv2%2Ftags&post=12414"}],"curies":[{"name":"wp","href":"https:\/\/api.w.org\/{rel}","templated":true}]}}