{"id":12429,"date":"2020-10-04T19:22:46","date_gmt":"2020-10-04T17:22:46","guid":{"rendered":"http:\/\/swietodrzewa.pl\/?p=12429"},"modified":"2020-10-13T12:03:11","modified_gmt":"2020-10-13T10:03:11","slug":"swieto-drzewa-dla-zwierzat-2","status":"publish","type":"post","link":"https:\/\/archiwum.swietodrzewa.pl\/?p=12429","title":{"rendered":"\u015awi\u0119to Drzewa dla zwierz\u0105t!"},"content":{"rendered":"<p><strong>Ju\u017c 9 pa\u017adziernika o godz. 11.30 w S\u0142u\u017cewskim Domu Kultury w Warszawie odb\u0119dzie si\u0119 og\u00f3lnopolska inauguracja 18. edycji \u015awi\u0119ta Drzewa Klubu Gaja. Wsp\u00f3lnie z zaproszonymi go\u015b\u0107mi, partnerami oraz ambasadorami programu \u2013 aktorami Magdalen\u0105 Pop\u0142awsk\u0105, Dagmar\u0105 B\u0105k i Bart\u0142omiejem Top\u0105 zasadzimy drzewa. Wydarzenie rozpocznie si\u0119 konferencj\u0105 prasow\u0105, a zako\u0144czy gal\u0105 rozdania nagr\u00f3d laureatom konkurs\u00f3w \u015awi\u0119ta Drzewa. <\/strong><strong>R\u00f3wnocze\u015bnie w ca\u0142ym kraju odb\u0119d\u0105 si\u0119 lokalne akcje sadzenia drzew i krzew\u00f3w, zaj\u0119cia edukacyjne, konkursy i pikniki po\u015bwi\u0119cone drzewom. Dotychczas w programie dzi\u0119ki zaanga\u017cowaniu blisko 700 tysi\u0119cy os\u00f3b posadzono ponad 930 tysi\u0119cy drzew!<\/strong><!--more--><\/p>\n<p>18. edycja programu \u015awi\u0119to Drzewa odb\u0119dzie si\u0119 pod has\u0142em \u201e\u015awi\u0119to Drzewa dla zwierz\u0105t!\u201d. W tym roku Klub Gaja zach\u0119ca wszystkich&nbsp;do podejmowania lokalnych dzia\u0142a\u0144 na rzecz sadzenia i ochrony drzew z my\u015bl\u0105 o zwierz\u0119tach, dla kt\u00f3rych zadrzewienia to cz\u0119sto jedyny dom na Ziemi. W naszych ogrodach i parkach mo\u017cemy stworzy\u0107 dla nich przyjazne zak\u0105tki, sadz\u0105c gatunki miododajne i owocowe. Pomy\u015blmy te\u017c o przygotowaniu dla naszych dzikich przyjaci\u00f3\u0142 odpowiednich schronie\u0144, budek l\u0119gowych i poide\u0142ek.<a href=\"http:\/\/swietodrzewa.pl\/wp-content\/uploads\/2020\/10\/fot.jpg\"><img loading=\"lazy\" class=\"alignleft size-medium wp-image-12430\" src=\"http:\/\/swietodrzewa.pl\/wp-content\/uploads\/2020\/10\/fot-300x200.jpg\" alt=\"\" width=\"300\" height=\"200\" srcset=\"https:\/\/archiwum.swietodrzewa.pl\/wp-content\/uploads\/2020\/10\/fot-300x200.jpg 300w, https:\/\/archiwum.swietodrzewa.pl\/wp-content\/uploads\/2020\/10\/fot-768x513.jpg 768w, https:\/\/archiwum.swietodrzewa.pl\/wp-content\/uploads\/2020\/10\/fot-1024x684.jpg 1024w, https:\/\/archiwum.swietodrzewa.pl\/wp-content\/uploads\/2020\/10\/fot.jpg 2048w\" sizes=\"(max-width: 300px) 100vw, 300px\" \/><\/a><\/p>\n<p>&nbsp;\u201eNie jeste\u015bmy jedynymi mieszka\u0144cami naszej b\u0142\u0119kitnej planety. Wraz z nami, cz\u0119sto tu\u017c obok, \u017cyje ca\u0142a niezliczona ilo\u015b\u0107 ma\u0142ych i du\u017cych zwierz\u0105t. Katastrofa klimatyczna, nasza drapie\u017cno\u015b\u0107 i arogancja, odbieraj\u0105 im mo\u017cliwo\u015bci \u017cycia zgodnie z ich natur\u0105. Zr\u00f3bmy wszystko co mo\u017cliwe, aby pom\u00f3c naszym braciom mniejszym w tym trudnym, a cz\u0119sto tragicznym dla nich czasie. Przysz\u0142o\u015b\u0107 Ziemi i los jej mieszka\u0144c\u00f3w nadal jest w naszych r\u0119kach. Nie zwlekajmy w dzia\u0142aniu i podejmujmy decyzje kieruj\u0105c si\u0119 wiedz\u0105, rozs\u0105dkiem, a nie tylko ch\u0119ci\u0105 materialnych zysk\u00f3w\u201d \u2013 powiedzia\u0142 <strong>Jacek Bo\u017cek,<\/strong> za\u0142o\u017cyciel i lider Klubu Gaja.<\/p>\n<p>\u201eW programie \u015awi\u0119to Drzewa mog\u0105 wzi\u0105\u0107 udzia\u0142 wszyscy, zar\u00f3wno osoby indywidualne jak i plac\u00f3wki o\u015bwiatowe, samorz\u0105dy, instytucje, organizacje spo\u0142eczne, wsp\u00f3lnoty mieszka\u0144c\u00f3w oraz firmy. Ka\u017cdy mo\u017ce posadzi\u0107 drzewo i wpisa\u0107 je do licznika posadzonych drzew na stronie <a href=\"http:\/\/swietodrzewa.pl\/\">swietodrzewa.pl<\/a>.&nbsp; Opiekujmy si\u0119 drzewami ju\u017c posadzonymi. Wyjd\u017amy w teren i poznajmy niezwyk\u0142y \u015bwiat drzewa oraz ich mieszka\u0144c\u00f3w. Zapro\u015bmy innych do wsp\u00f3lnej pracy i \u015bwi\u0119towania. Niech drzewa b\u0119d\u0105 dla nas \u017ar\u00f3d\u0142em inspiracji jak \u017cy\u0107 w zgodzie z przyrod\u0105\u201d \u2013 zach\u0119ca <strong>Jolanta Migda\u0142,<\/strong> koordynatorka programu \u015awi\u0119to Drzewa.<\/p>\n<p><strong>9 pa\u017adziernika o godz.11.30 w S\u0142u\u017cewskim Domu Kultury w Warszawie <\/strong>podczas inauguracji 18. edycji \u015awi\u0119ta Drzewa Klub Gaja wsp\u00f3lnie z ambasadorami programu, partnerami i go\u015b\u0107mi zasadzi drzewa. Podczas wydarzenia wr\u0119czone zostan\u0105 tak\u017ce nagrody dla najaktywniejszych uczestnik\u00f3w \u015awi\u0119ta Drzewa \u2013 laureat\u00f3w konkursu Czarodziejskiego Drzewa, Drzewa Roku i akcji \u201eZbieraj makulatur\u0119, ratuj konie\u201d. Inauguracja odb\u0119dzie si\u0119 we wsp\u00f3\u0142pracy z m.st. Warszawa i Lasami Pa\u0144stwowymi, kt\u00f3re od 18 lat wspieraj\u0105 lokalne spo\u0142eczno\u015bci w organizacji \u015awi\u0119ta Drzewa ca\u0142ym kraju. Patronat Honorowy nad wydarzeniem obj\u0105\u0142 Prezydenta Miasta Sto\u0142ecznego Warszawy.<a href=\"http:\/\/swietodrzewa.pl\/wp-content\/uploads\/2020\/09\/plakat_sd.jpg\"><img loading=\"lazy\" class=\"alignright size-medium wp-image-12415\" src=\"http:\/\/swietodrzewa.pl\/wp-content\/uploads\/2020\/09\/plakat_sd-210x300.jpg\" alt=\"\" width=\"210\" height=\"300\" srcset=\"https:\/\/archiwum.swietodrzewa.pl\/wp-content\/uploads\/2020\/09\/plakat_sd-210x300.jpg 210w, https:\/\/archiwum.swietodrzewa.pl\/wp-content\/uploads\/2020\/09\/plakat_sd.jpg 717w\" sizes=\"(max-width: 210px) 100vw, 210px\" \/><\/a><\/p>\n<p>\u015awi\u0119to Drzewa to nie tylko akcje sadzenia drzew, ale wiele r\u00f3\u017cnorodnych dzia\u0142a\u0144 wok\u00f3\u0142 drzew i dla drzew. Zach\u0119camy do otaczania ich opiek\u0105, szukania drzew \u2013 \u015bwiadk\u00f3w historii, zg\u0142aszania drzew niezwyk\u0142ych do konkursu Drzewo Roku, organizowania lekcji tematycznych, warsztat\u00f3w, konkurs\u00f3w i happening\u00f3w na temat roli drzew w przeciwdzia\u0142aniu zmianom klimatu oraz wsp\u00f3lnego \u015bwi\u0119towania. <a href=\"http:\/\/www.swietodrzewa.pl\/zgloszenie2019\/\">Zg\u0142o\u015b sw\u00f3j udzia\u0142 w 18. \u015awi\u0119cie Drzewa<\/a><\/p>\n<p><strong>\u015awi\u0119to Drzewa 2020<\/strong><br \/>\n<strong>Patronat Honorowy Prezydenta Miasta Sto\u0142ecznego Warszawy<\/strong><strong><br \/>\nPartnerzy strategiczni:<\/strong>&nbsp;Lasy Pa\u0144stwowe, Billion Tree Campaign, ALDI, Davines<br \/>\n<strong>Partnerzy:<\/strong>&nbsp;C&amp;A Foundation,&nbsp;Environmental Partnership Association, Europejskie Drzewo Roku, Kawa\u0142ek Lasu<br \/>\n<strong>Wsp\u00f3\u0142praca:<\/strong>&nbsp;Partnerstwo dla Klimatu, S\u0142u\u017cewski Dom Kultury, Miasto Bielsko-Bia\u0142a, Galeria Bielska BWA, Fundusz Partnerstwa, Clean Advantage, LeasePlan<\/p>\n<p style=\"text-align: center;\">***<\/p>\n<p>\u015awi\u0119to Drzewa to program edukacji ekologicznej Klubu Gaja na rzecz ochrony \u015brodowiska i klimatu poparty realnym dzia\u0142aniem \u2013 sadzeniem i ochron\u0105 drzew.<\/p>\n<p>Klubu Gaja realizuje \u015awi\u0119to Drzewa od 2003 roku. Co roku, 10 pa\u017adziernika, odbywa si\u0119 og\u00f3lnopolska inauguracja \u015awi\u0119ta Drzewa, kt\u00f3rej towarzyszy akcja sadzenia drzew. Od 2007 roku program bierze udzia\u0142 w Kampanii Miliard Drzew dla Planety &#8211; og\u00f3lno\u015bwiatowej inicjatywie sadzenia drzew, a by sprosta\u0107 wyzwaniom jakie nios\u0105 zmiany klimatyczne, wspieranej przez ONZ. \u015awi\u0119to Drzewa integruje spo\u0142eczno\u015bci wok\u00f3\u0142 inicjatyw lokalnych m.in. sadzenia drzew,&nbsp;zak\u0142adania ogrod\u00f3w i park\u00f3w, otaczania opiek\u0105 starych drzew, szukania drzew z niezwyk\u0142\u0105 histori\u0105 \u0142\u0105cz\u0105c\u0105 ludzi (konkurs Drzewo Roku), organizowania piknik\u00f3w i festyn\u00f3w, wycieczek, konkurs\u00f3w i zbi\u00f3rek makulatury.<\/p>\n<p>Przez 17 lat \u015awi\u0119ta Drzewa dzi\u0119ki zaanga\u017cowaniu blisko 700 000 os\u00f3b posadzono ponad 930 000 drzew i zebrano ponad 5050 ton makulatury.<\/p>\n<p>Program \u015awi\u0119to Drzewa by\u0142 rekomendowany przez Ministerstwo \u015arodowiska jako dobra praktyka edukacji dla rozwoju zr\u00f3wnowa\u017conego na konferencji klimatycznej COP14 w Poznaniu i COP19 w Warszawie, a tak\u017ce przez Instytut Spraw Obywatelskich w \u201eInspiratorze obywatelskim\u201d jako przyk\u0142ad dobrych praktyk w dziedzinie nieformalnej edukacji obywatelskiej.<\/p>\n<p>Na zdj\u0119ciu: Inauguracja \u015awi\u0119ta Drzewa w Warszawie w 2019 roku. Fot. Archiwum Klubu Gaja.<\/p>\n<p><a href=\"http:\/\/swietodrzewa.pl\/wp-content\/uploads\/2020\/09\/logotypy-1.jpg\"><img loading=\"lazy\" class=\"alignleft  wp-image-12423\" src=\"http:\/\/swietodrzewa.pl\/wp-content\/uploads\/2020\/09\/logotypy-1-300x157.jpg\" alt=\"\" width=\"571\" height=\"299\" srcset=\"https:\/\/archiwum.swietodrzewa.pl\/wp-content\/uploads\/2020\/09\/logotypy-1-300x157.jpg 300w, https:\/\/archiwum.swietodrzewa.pl\/wp-content\/uploads\/2020\/09\/logotypy-1-768x402.jpg 768w, https:\/\/archiwum.swietodrzewa.pl\/wp-content\/uploads\/2020\/09\/logotypy-1-1024x536.jpg 1024w\" sizes=\"(max-width: 571px) 100vw, 571px\" \/><\/a><\/p>\n","protected":false},"excerpt":{"rendered":"<p>Ju\u017c 9 pa\u017adziernika o godz. 11.30 w S\u0142u\u017cewskim Domu Kultury w Warszawie odb\u0119dzie si\u0119 og\u00f3lnopolska inauguracja 18. edycji \u015awi\u0119ta Drzewa Klubu Gaja. Wsp\u00f3lnie z zaproszonymi go\u015b\u0107mi, partnerami oraz ambasadorami programu \u2013 aktorami Magdalen\u0105 Pop\u0142awsk\u0105, Dagmar\u0105 B\u0105k i Bart\u0142omiejem Top\u0105 zasadzimy drzewa. Wydarzenie rozpocznie si\u0119 konferencj\u0105 prasow\u0105, a zako\u0144czy gal\u0105 rozdania nagr\u00f3d laureatom konkurs\u00f3w \u015awi\u0119ta Drzewa. [&hellip;]<\/p>\n","protected":false},"author":3,"featured_media":12415,"comment_status":"closed","ping_status":"closed","sticky":false,"template":"","format":"standard","meta":{"ngg_post_thumbnail":0},"categories":[17],"tags":[],"_links":{"self":[{"href":"https:\/\/archiwum.swietodrzewa.pl\/index.php?rest_route=\/wp\/v2\/posts\/12429"}],"collection":[{"href":"https:\/\/archiwum.swietodrzewa.pl\/index.php?rest_route=\/wp\/v2\/posts"}],"about":[{"href":"https:\/\/archiwum.swietodrzewa.pl\/index.php?rest_route=\/wp\/v2\/types\/post"}],"author":[{"embeddable":true,"href":"https:\/\/archiwum.swietodrzewa.pl\/index.php?rest_route=\/wp\/v2\/users\/3"}],"replies":[{"embeddable":true,"href":"https:\/\/archiwum.swietodrzewa.pl\/index.php?rest_route=%2Fwp%2Fv2%2Fcomments&post=12429"}],"version-history":[{"count":8,"href":"https:\/\/archiwum.swietodrzewa.pl\/index.php?rest_route=\/wp\/v2\/posts\/12429\/revisions"}],"predecessor-version":[{"id":12542,"href":"https:\/\/archiwum.swietodrzewa.pl\/index.php?rest_route=\/wp\/v2\/posts\/12429\/revisions\/12542"}],"wp:featuredmedia":[{"embeddable":true,"href":"https:\/\/archiwum.swietodrzewa.pl\/index.php?rest_route=\/wp\/v2\/media\/12415"}],"wp:attachment":[{"href":"https:\/\/archiwum.swietodrzewa.pl\/index.php?rest_route=%2Fwp%2Fv2%2Fmedia&parent=12429"}],"wp:term":[{"taxonomy":"category","embeddable":true,"href":"https:\/\/archiwum.swietodrzewa.pl\/index.php?rest_route=%2Fwp%2Fv2%2Fcategories&post=12429"},{"taxonomy":"post_tag","embeddable":true,"href":"https:\/\/archiwum.swietodrzewa.pl\/index.php?rest_route=%2Fwp%2Fv2%2Ftags&post=12429"}],"curies":[{"name":"wp","href":"https:\/\/api.w.org\/{rel}","templated":true}]}}