{"id":12437,"date":"2020-09-30T20:03:26","date_gmt":"2020-09-30T18:03:26","guid":{"rendered":"http:\/\/swietodrzewa.pl\/?p=12437"},"modified":"2020-10-04T20:04:49","modified_gmt":"2020-10-04T18:04:49","slug":"mlody-las-zasadzony-z-fryzjerami-davines","status":"publish","type":"post","link":"https:\/\/archiwum.swietodrzewa.pl\/?p=12437","title":{"rendered":"M\u0141ODY LAS ZASADZONY Z FRYZJERAMI DAVINES"},"content":{"rendered":"<p class=\"lead\"><strong>Klub Gaja wsp\u00f3lnie z fryzjerami zaprzyja\u017anionymi z mark\u0105 Davines oraz le\u015bnikami z Nadle\u015bnictwa Woziwoda posadzi\u0142 3250 drzew w Borach Tucholskich. M\u0142ody las b\u0119dzie r\u00f3s\u0142 na terenach zniszczonych przez huragan w 2017 roku. Akcja odby\u0142a si\u0119 27 wrze\u015bnia w ramach 18. edycji \u015awi\u0119ta Drzewa i prowadzonej przez Davines kampnii Dzie\u0144 Zr\u00f3wnowa\u017conego Pi\u0119kna. Dzi\u0119kujemy le\u015bnikom i wszystkim fryzjerom, kt\u00f3rzy zjechali si\u0119 z ca\u0142ej Polski i pomimo deszczowej pogody (dobrej dla drzew) byli z nami!<\/strong><!--more--><\/p>\n<div class=\"body\">\n<p>Dzikie grusze, buki, sosny pochodne, jawory, brzozy, klony pospolite \u2013 3 250 m\u0142odych drzewek w niedziel\u0119 27 wrze\u015bnia znalaz\u0142o sw\u00f3j nowy dom w Borach Tucholskich. Klub Gaja i fryzjerzy wsp\u00f3\u0142pracuj\u0105cy z Davines, w\u0142oskim producentem profesjonalnych kosmetyk\u00f3w do w\u0142os\u00f3w, ponownie odwiedzili tereny dotkni\u0119te nawa\u0142nic\u0105 latem 2017 roku. Wichura w 30 minut zniszczy\u0142a drzewostan na powierzchni 620 hektar\u00f3w, rujnuj\u0105c siedlisko zwierz\u0105t, r\u00f3wnie\u017c chronionych. W tym roku spo\u0142eczno\u015b\u0107 skupiona wok\u00f3\u0142 marki o gatunki ro\u015blin rodzimych i zagro\u017conych wygini\u0119ciem wzbogaci\u0142a Nadle\u015bnictwo Woziwoda. Wielkie sadzenie drzew stanowi\u0142o fina\u0142 5. edycji kampanii Dzie\u0144 Zr\u00f3wnowa\u017conego Pi\u0119kna, autorskiej inicjatywy Davines, kt\u00f3rej partnerem w Polsce jest Klub Gaja organizator programu \u015awi\u0119to Drzewa. Akcja organizowana jest ka\u017cdego roku w kilkunastu krajach i zrodzi\u0142a si\u0119 z potrzeby rekompensacji emisji dwutlenku w\u0119gla generowanej podczas produkcji kosmetyk\u00f3w. Do eko-przedsi\u0119wzi\u0119cia producent anga\u017cuje partnerskie salony fryzjerskie i ich klient\u00f3w.<br \/>\n&nbsp;<\/p>\n<p><strong>Jacek Bo\u017cek<\/strong>, prezes Klubu Gaja, m\u00f3wi \u2013 \u201e W dobie kryzysu klimatycznego powinni\u015bmy wszyscy wsp\u00f3\u0142pracowa\u0107 dla ratowania planety i zachowania jej zasob\u00f3w dla przysz\u0142ych pokole\u0144. Dlatego nasze wsp\u00f3lne sadzenie z przedsi\u0119biorcami jakimi s\u0105 przedstawiciele salon\u00f3w fryzjerskich i le\u015bnikami wpisuje si\u0119 w strategi\u0119 edukacji czynnej, zako\u0144czonej konkretnym dzia\u0142aniem. Dzi\u0119kuje wszystkim, kt\u00f3rzy przyczynili si\u0119 do niew\u0105tpliwego sukcesu tej inicjatywy\u201d.<br \/>\n&nbsp;<\/p>\n<p><strong>Tomasz Ga\u0142ka,<\/strong>&nbsp;prezes Sustainable Beauty, dystrybutora marki Davines w Polsce, otwieraj\u0105c wydarzenie powiedzia\u0142 \u2013 \u201eChcia\u0142bym podzi\u0119kowa\u0107 wszystkim za wra\u017cliwo\u015b\u0107, \u017ce w tak trudnych czasach chcia\u0142o si\u0119 Wam dzia\u0142a\u0107&nbsp; i zebra\u0107 fundusze&nbsp; na taki szczytny cel. Z przyrod\u0105 jest \u017ale! O tym opowie wam Jacek Bo\u017cek z Klubu Gaja. Pami\u0119tam jak spotkali\u015bmy si\u0119 5 lat temu i Jacek opowiada\u0142 mi, \u017ce Polska b\u0119dzie pustynnie\u0107 z powodu suszy.&nbsp; Wtedy wydawa\u0142o mi si\u0119 to nie mo\u017cliwe. A w tym roku ponad 300 powiat\u00f3w cierpia\u0142o na brak wody. Dzi\u0119kuj\u0119, \u017ce jeste\u015bcie z nami i anga\u017cujecie si\u0119 w Dzie\u0144 Zr\u00f3wnowa\u017conego Pi\u0119kna i ochron\u0105 \u015brodowiska i klimatu\u201d.<br \/>\n&nbsp;<\/p>\n<p>W tegorocznej zbi\u00f3rce funduszy na akcj\u0119 sadzenia drzew udzia\u0142 wzi\u0119\u0142o 219 salon\u00f3w z ca\u0142ej Polski, w kt\u00f3rych przez dwa miesi\u0105ce dost\u0119pna by\u0142a specjalna oferta produkt\u00f3w Davines. Corocznie powi\u0119kszaj\u0105ce si\u0119 grono przyjaci\u00f3\u0142 zielonej akcji \u015bwiadczy o tym, \u017ce coraz wi\u0119cej fryzjer\u00f3w \u015bwiadomie podchodzi do prowadzenia swojego biznesu. Do \u015bwiadczenia us\u0142ug w salonie wybieraj\u0105 kosmetyki wyprodukowane w spos\u00f3b zr\u00f3wnowa\u017cony, podpowiadaj\u0105 klientom, jak odpowiedzialnie wzgl\u0119dem przyrody dba\u0107 o w\u0142osy w domu, jak i anga\u017cuj\u0105 si\u0119 w projekty pro\u015brodowiskowe. Doch\u00f3d ze sprzeda\u017cy kosmetyk\u00f3w Davines producent przeznacza na wsparcie \u015awi\u0119ta Drzewa \u2013 programu, w ramach kt\u00f3rego Klub Gaja organizuje akcje sadzenia drzew, zak\u0142ada ogrody i parki, otacza opiek\u0105 stare drzewa i prowadzi szerok\u0105 dzia\u0142alno\u015b\u0107 edukacyjn\u0105. Do organizacji fina\u0142u kampanii w tym roku zaanga\u017cowali si\u0119 r\u00f3wnie\u017c le\u015bnicy z Nadle\u015bnictwa Woziwoda.<br \/>\n&nbsp;<\/p>\n<p><strong>Stefan Konczal<\/strong>, Nadle\u015bniczy Nadle\u015bnictwa Woziwoda, witaj\u0105c fryzjer\u00f3w wyja\u015bnia\u0142 \u2013 \u201eDzisiaj \u015bwi\u0119tujemy \u015awi\u0119to Drzewa i b\u0119dziemy sadzi\u0107 gatunki biocenotyczne oraz sosn\u0119 pochodn\u0105. To rodzimy gatunek sosny, kt\u00f3rej nasiona pochodz\u0105 z oddzia\u0142u 140 w Rezerwacie Przyrody niedaleko miejsca sadzenia. Sadzonki sosny pochodnej pochodz\u0105 z wyselekcjonowanych szyszek sosen zbieranych przez wspinaczy z dorodnych koron drzew w tym rezerwacie\u201d.<\/p>\n<p>Davines promuj\u0105c warto\u015bci zr\u00f3wnowa\u017conego rozwoju poprzez realizacj\u0119 m.in. Dnia Zr\u00f3wnowa\u017conego Pi\u0119kna, udowadnia, \u017ce ka\u017cdy z nas mo\u017ce ratowa\u0107 ekosystem. Dbaj\u0105c o w\u0142osy, jednocze\u015bnie dba\u0107 o planet\u0119.<br \/>\n&nbsp;<\/p>\n<p><a href=\"https:\/\/www.facebook.com\/Klub.Gaja\/photos\/?tab=album&amp;album_id=3691722954172131&amp;ref=page_internal\" target=\"_blank\" rel=\"noopener\">ZOBACZ FOTO RELACJ\u0118 Z AKCJI W BORACH TUCHOLSKICH&nbsp; &gt;&gt;&gt;<\/a><\/p>\n<p>&nbsp;<\/p>\n<p><a href=\"http:\/\/klubgaja.pl\/cms\/uploads\/AKTUALNO%C5%9ACI%202020\/DAVINES\/1.jpg\" target=\"_blank\" rel=\"noopener\"><img src=\"http:\/\/klubgaja.pl\/cms\/uploads\/AKTUALNO%C5%9ACI%202020\/DAVINES\/1.jpg\" alt=\"\"\/><\/a><a href=\"http:\/\/klubgaja.pl\/cms\/uploads\/AKTUALNO%C5%9ACI%202020\/DAVINES\/2.jpg\" target=\"_blank\" rel=\"noopener\"><img src=\"http:\/\/klubgaja.pl\/cms\/uploads\/AKTUALNO%C5%9ACI%202020\/DAVINES\/2.jpg\" alt=\"\"\/><\/a><a href=\"http:\/\/klubgaja.pl\/cms\/uploads\/AKTUALNO%C5%9ACI%202020\/DAVINES\/3.jpg\" target=\"_blank\" rel=\"noopener\"><img src=\"http:\/\/klubgaja.pl\/cms\/uploads\/AKTUALNO%C5%9ACI%202020\/DAVINES\/3.jpg\" alt=\"\"\/><\/a><a href=\"http:\/\/klubgaja.pl\/cms\/uploads\/AKTUALNO%C5%9ACI%202020\/DAVINES\/4.jpg\" target=\"_blank\" rel=\"noopener\"><img src=\"http:\/\/klubgaja.pl\/cms\/uploads\/AKTUALNO%C5%9ACI%202020\/DAVINES\/4.jpg\" alt=\"\"\/><\/a><\/p>\n<\/div>\n","protected":false},"excerpt":{"rendered":"<p>Klub Gaja wsp\u00f3lnie z fryzjerami zaprzyja\u017anionymi z mark\u0105 Davines oraz le\u015bnikami z Nadle\u015bnictwa Woziwoda posadzi\u0142 3250 drzew w Borach Tucholskich. M\u0142ody las b\u0119dzie r\u00f3s\u0142 na terenach zniszczonych przez huragan w 2017 roku. Akcja odby\u0142a si\u0119 27 wrze\u015bnia w ramach 18. edycji \u015awi\u0119ta Drzewa i prowadzonej przez Davines kampnii Dzie\u0144 Zr\u00f3wnowa\u017conego Pi\u0119kna. Dzi\u0119kujemy le\u015bnikom i wszystkim [&hellip;]<\/p>\n","protected":false},"author":3,"featured_media":12438,"comment_status":"closed","ping_status":"closed","sticky":false,"template":"","format":"standard","meta":{"ngg_post_thumbnail":0},"categories":[1],"tags":[],"_links":{"self":[{"href":"https:\/\/archiwum.swietodrzewa.pl\/index.php?rest_route=\/wp\/v2\/posts\/12437"}],"collection":[{"href":"https:\/\/archiwum.swietodrzewa.pl\/index.php?rest_route=\/wp\/v2\/posts"}],"about":[{"href":"https:\/\/archiwum.swietodrzewa.pl\/index.php?rest_route=\/wp\/v2\/types\/post"}],"author":[{"embeddable":true,"href":"https:\/\/archiwum.swietodrzewa.pl\/index.php?rest_route=\/wp\/v2\/users\/3"}],"replies":[{"embeddable":true,"href":"https:\/\/archiwum.swietodrzewa.pl\/index.php?rest_route=%2Fwp%2Fv2%2Fcomments&post=12437"}],"version-history":[{"count":1,"href":"https:\/\/archiwum.swietodrzewa.pl\/index.php?rest_route=\/wp\/v2\/posts\/12437\/revisions"}],"predecessor-version":[{"id":12439,"href":"https:\/\/archiwum.swietodrzewa.pl\/index.php?rest_route=\/wp\/v2\/posts\/12437\/revisions\/12439"}],"wp:featuredmedia":[{"embeddable":true,"href":"https:\/\/archiwum.swietodrzewa.pl\/index.php?rest_route=\/wp\/v2\/media\/12438"}],"wp:attachment":[{"href":"https:\/\/archiwum.swietodrzewa.pl\/index.php?rest_route=%2Fwp%2Fv2%2Fmedia&parent=12437"}],"wp:term":[{"taxonomy":"category","embeddable":true,"href":"https:\/\/archiwum.swietodrzewa.pl\/index.php?rest_route=%2Fwp%2Fv2%2Fcategories&post=12437"},{"taxonomy":"post_tag","embeddable":true,"href":"https:\/\/archiwum.swietodrzewa.pl\/index.php?rest_route=%2Fwp%2Fv2%2Ftags&post=12437"}],"curies":[{"name":"wp","href":"https:\/\/api.w.org\/{rel}","templated":true}]}}