{"id":12475,"date":"2020-10-08T10:00:46","date_gmt":"2020-10-08T08:00:46","guid":{"rendered":"http:\/\/swietodrzewa.pl\/?p=12475"},"modified":"2020-10-08T13:37:04","modified_gmt":"2020-10-08T11:37:04","slug":"mural-swieto-drzewa-dla-czystego-powietrza","status":"publish","type":"post","link":"https:\/\/archiwum.swietodrzewa.pl\/?p=12475","title":{"rendered":"Mural \u015awi\u0119to Drzewa &#8211; dla czystego powietrza!"},"content":{"rendered":"<p><strong>W Bielsku-Bia\u0142ej przy ul. Adama Mickiewicza 9 powstanie ekologiczny mural, kt\u00f3ry co najmniej <\/strong><strong>przez dekad\u0119 b\u0119dzie zmniejsza\u0142 zanieczyszczenie powietrza tak, jak by to zrobi\u0142 las o powierzchni ponad 100 m kw. Klub Gaja i Galeria Bielska BWA do wsp\u00f3\u0142pracy zaprosili artystk\u0119 Ew\u0119 Ciepielewsk\u0105 z Grupy LUXUS, kt\u00f3ra namaluje sw\u00f3j projekt na ponad 100 m kw. \u015bciany. Praca powstanie w ramach programu \u015awi\u0119to Drzewa<\/strong>,<strong> kt\u00f3rego Partnerem Strategicznym jest ALDI. Podczas ods\u0142oni\u0119cia muralu, kt\u00f3re odb\u0119dzie si\u0119 12 pa\u017adziernika 2020 roku o godz. 12.00, wsp\u00f3lnie z prezydentem miasta Jaros\u0142awem Klimaszewskim i zaproszonymi go\u015b\u0107mi, zostanie posadzony platan. Wydarzeniu towarzyszy\u0107 b\u0119dzie akcja sadzenia drzew i krzew\u00f3w przyjaznych dla zwierz\u0105t oraz warsztaty budowy budek l\u0119gowych w Szkole Podstawowej nr 27, m.in. dla wiewi\u00f3rek i nietoperzy.<\/strong><!--more--><\/p>\n<p>Program \u015awi\u0119to Drzewa Klubu Gaja to edukacja w dziedzinie ochrony \u015brodowiska i klimatu poparta realnym dzia\u0142aniem \u2013 sadzeniem i ochron\u0105 drzew. 18 edycja \u015awi\u0119ta Drzewa w Bielsku-Bia\u0142ej to nie tylko akcje sadzenia drzew i krzew\u00f3w, ale tak\u017ce niezwyk\u0142e wydarzenie artystyczne. Mural Ewy Ciepielewskiej przedstawiaj\u0105cy fragment lasu zostanie wykonany farbami w\u0142oskiej firmy Airlite. Farby dzia\u0142aj\u0105 na zasadzie por\u00f3wnywalnej do procesu fotosyntezy u ro\u015blin, u kt\u00f3rych chlorofil katalizuje reakcj\u0119 produkcji energii. W podobny spos\u00f3b Airlite wykorzystuje w\u0142a\u015bciwo\u015b\u0107 dwutlenku tytanu do wytwarzania reaktywnych cz\u0105steczek, kt\u00f3re neutralizuj\u0105 zanieczyszczenia powietrza w oboj\u0119tne zwi\u0105zki. Namalowany las na ponad 100 m kw. \u015bciany zmniejszy zanieczyszczenie powietrza w taki sam spos\u00f3b, jak zrobi\u0142by to posadzony las o tej samej powierzchni.<\/p>\n<p>\u201eAktywi\u015bci ekologiczni powinni g\u0142o\u015bno m\u00f3wi\u0107 o potrzebie ratowania planety i wspiera\u0107 ka\u017cde dzia\u0142anie na rzecz powstrzymania katastrofy klimatycznej. Mog\u0105 to robi\u0107 na r\u00f3\u017cne sposoby, wykorzystuj\u0105c na przyk\u0142ad sztuk\u0119. To wspaniale, \u017ce mural \u015awi\u0119to Drzewa powstaje w\u0142a\u015bnie w Bielsku-Bia\u0142ej na ulicy Adama Mickiewicza, tu\u017c obok pierwszego biura Klubu Gaja. To symboliczne miejsce dla dzia\u0142a\u0144 ekologicznych, ale i przypomnienie, \u017ce bez wsp\u00f3lnych wysi\u0142k\u00f3w ratuj\u0105cych Ziemi\u0119, nasze \u017cycie mo\u017ce si\u0119 dramatycznie zmieni\u0107. Sad\u017amy, malujmy, edukujmy i dzia\u0142ajmy. Teraz!\u201d \u2013 m\u00f3wi <strong>Jacek Bo\u017cek<\/strong>, <strong>za\u0142o\u017cyciel i prezes Klubu Gaja. <\/strong><\/p>\n<p>Ewa Ciepielewska, autorka muralu \u201e\u015awi\u0119to Drzewa\u201d, jest artystk\u0105 od lat zajmuj\u0105c\u0105 si\u0119 tematyk\u0105 ekologii, zar\u00f3wno w swoim malarstwie, jak i dzia\u0142aniach przyrodniczych i spo\u0142ecznie zaanga\u017cowanych \u2013 w przestrzeniach miast lub na rzekach. Od wielu lat swoj\u0105 praktyk\u0119 artystyczn\u0105 wi\u0105\u017ce z rzek\u0105 Wis\u0142\u0105 i drewnianym galarem (tradycyjn\u0105 p\u0142askodenn\u0105 \u0142odzi\u0105), na kt\u00f3ry zaprasza innych artyst\u00f3w na rezydencje w bezpo\u015brednim kontakcie z natur\u0105. Artystka wsp\u00f3\u0142tworzy Grup\u0119 LUXUS, s\u0142ynn\u0105 wroc\u0142awsk\u0105 grup\u0119 artystyczn\u0105, dzia\u0142aj\u0105c\u0105 od ko\u0144ca lat 80. XX wieku, jedyn\u0105 formacj\u0119 z tamtych czas\u00f3w, kt\u00f3ra przetrwa\u0142a do dzi\u015b. Grupa LUXUS zorganizowa\u0142a dziesi\u0105tki wystaw, prezentuj\u0105c zar\u00f3wno malarstwo, jak i obiekty, a prace cz\u0142onk\u00f3w grupy znajduj\u0105 si\u0119 w najwa\u017cniejszych muzeach i galeriach w kraju, a tak\u017ce w kolekcjach publicznych i prywatnych za granic\u0105. Tematyka ich prac dotyczy aktualnej rzeczywisto\u015bci, a rys krytyczny zawsze zr\u00f3wnowa\u017cony jest humorem. Grupa organizuje tak\u017ce liczne happeningi i akcje artystyczne, ciesz\u0105ce si\u0119 ogromnym powodzeniem w\u015br\u00f3d publiczno\u015bci i dobrymi recenzjami krytyk\u00f3w sztuki.<\/p>\n<p>\n<div class=\"ngg-galleryoverview ngg-slideshow\"\n\tid=\"ngg-slideshow-d895259da7e669bc03c91f7f0924eeab-13136463940\"\n\tdata-gallery-id=\"d895259da7e669bc03c91f7f0924eeab\"\n\tstyle=\"max-width: 600px;\n\t\t\tmax-height: 450px;\n\t\t\tdisplay: none;\">\n\n\t\n\t\t<a href=\"https:\/\/archiwum.swietodrzewa.pl\/wp-content\/gallery\/mural\/DSC08673.JPG\"\n\t\t\ttitle=\"\"\n\t\t\tdata-src=\"https:\/\/archiwum.swietodrzewa.pl\/wp-content\/gallery\/mural\/DSC08673.JPG\"\n\t\t\tdata-thumbnail=\"https:\/\/archiwum.swietodrzewa.pl\/wp-content\/gallery\/mural\/thumbs\/thumbs_DSC08673.JPG\"\n\t\t\tdata-image-id=\"1808\"\n\t\t\tdata-title=\"DSC08673\"\n\t\t\tdata-description=\"\"\n\t\t\tclass=\"shutterset_d895259da7e669bc03c91f7f0924eeab\">\n\n\t\t\t<img data-image-id='1808'\n\t\t\t\ttitle=\"\"\n\t\t\t\talt=\"DSC08673\"\n\t\t\t\tsrc=\"https:\/\/archiwum.swietodrzewa.pl\/wp-content\/gallery\/mural\/DSC08673.JPG\"\n\t\t\t\tstyle=\"max-height: 430px;\"\/>\n\t\t<\/a>\n\n\t\t\n\t\t<a href=\"https:\/\/archiwum.swietodrzewa.pl\/wp-content\/gallery\/mural\/DSC08748.JPG\"\n\t\t\ttitle=\"\"\n\t\t\tdata-src=\"https:\/\/archiwum.swietodrzewa.pl\/wp-content\/gallery\/mural\/DSC08748.JPG\"\n\t\t\tdata-thumbnail=\"https:\/\/archiwum.swietodrzewa.pl\/wp-content\/gallery\/mural\/thumbs\/thumbs_DSC08748.JPG\"\n\t\t\tdata-image-id=\"1809\"\n\t\t\tdata-title=\"DSC08748\"\n\t\t\tdata-description=\"\"\n\t\t\tclass=\"shutterset_d895259da7e669bc03c91f7f0924eeab\">\n\n\t\t\t<img data-image-id='1809'\n\t\t\t\ttitle=\"\"\n\t\t\t\talt=\"DSC08748\"\n\t\t\t\tsrc=\"https:\/\/archiwum.swietodrzewa.pl\/wp-content\/gallery\/mural\/DSC08748.JPG\"\n\t\t\t\tstyle=\"max-height: 430px;\"\/>\n\t\t<\/a>\n\n\t\t\n\t\t<a href=\"https:\/\/archiwum.swietodrzewa.pl\/wp-content\/gallery\/mural\/DSC08979.JPG\"\n\t\t\ttitle=\"\"\n\t\t\tdata-src=\"https:\/\/archiwum.swietodrzewa.pl\/wp-content\/gallery\/mural\/DSC08979.JPG\"\n\t\t\tdata-thumbnail=\"https:\/\/archiwum.swietodrzewa.pl\/wp-content\/gallery\/mural\/thumbs\/thumbs_DSC08979.JPG\"\n\t\t\tdata-image-id=\"1810\"\n\t\t\tdata-title=\"DSC08979\"\n\t\t\tdata-description=\"\"\n\t\t\tclass=\"shutterset_d895259da7e669bc03c91f7f0924eeab\">\n\n\t\t\t<img data-image-id='1810'\n\t\t\t\ttitle=\"\"\n\t\t\t\talt=\"DSC08979\"\n\t\t\t\tsrc=\"https:\/\/archiwum.swietodrzewa.pl\/wp-content\/gallery\/mural\/DSC08979.JPG\"\n\t\t\t\tstyle=\"max-height: 430px;\"\/>\n\t\t<\/a>\n\n\t\t\n\t\t<a href=\"https:\/\/archiwum.swietodrzewa.pl\/wp-content\/gallery\/mural\/DSC08995.JPG\"\n\t\t\ttitle=\"\"\n\t\t\tdata-src=\"https:\/\/archiwum.swietodrzewa.pl\/wp-content\/gallery\/mural\/DSC08995.JPG\"\n\t\t\tdata-thumbnail=\"https:\/\/archiwum.swietodrzewa.pl\/wp-content\/gallery\/mural\/thumbs\/thumbs_DSC08995.JPG\"\n\t\t\tdata-image-id=\"1811\"\n\t\t\tdata-title=\"DSC08995\"\n\t\t\tdata-description=\"\"\n\t\t\tclass=\"shutterset_d895259da7e669bc03c91f7f0924eeab\">\n\n\t\t\t<img data-image-id='1811'\n\t\t\t\ttitle=\"\"\n\t\t\t\talt=\"DSC08995\"\n\t\t\t\tsrc=\"https:\/\/archiwum.swietodrzewa.pl\/wp-content\/gallery\/mural\/DSC08995.JPG\"\n\t\t\t\tstyle=\"max-height: 430px;\"\/>\n\t\t<\/a>\n\n\t\t\n\t\t<a href=\"https:\/\/archiwum.swietodrzewa.pl\/wp-content\/gallery\/mural\/DSC09042.JPG\"\n\t\t\ttitle=\"\"\n\t\t\tdata-src=\"https:\/\/archiwum.swietodrzewa.pl\/wp-content\/gallery\/mural\/DSC09042.JPG\"\n\t\t\tdata-thumbnail=\"https:\/\/archiwum.swietodrzewa.pl\/wp-content\/gallery\/mural\/thumbs\/thumbs_DSC09042.JPG\"\n\t\t\tdata-image-id=\"1812\"\n\t\t\tdata-title=\"DSC09042\"\n\t\t\tdata-description=\"\"\n\t\t\tclass=\"shutterset_d895259da7e669bc03c91f7f0924eeab\">\n\n\t\t\t<img data-image-id='1812'\n\t\t\t\ttitle=\"\"\n\t\t\t\talt=\"DSC09042\"\n\t\t\t\tsrc=\"https:\/\/archiwum.swietodrzewa.pl\/wp-content\/gallery\/mural\/DSC09042.JPG\"\n\t\t\t\tstyle=\"max-height: 430px;\"\/>\n\t\t<\/a>\n\n\t\t\n\t\t<a href=\"https:\/\/archiwum.swietodrzewa.pl\/wp-content\/gallery\/mural\/DSC09119.JPG\"\n\t\t\ttitle=\"\"\n\t\t\tdata-src=\"https:\/\/archiwum.swietodrzewa.pl\/wp-content\/gallery\/mural\/DSC09119.JPG\"\n\t\t\tdata-thumbnail=\"https:\/\/archiwum.swietodrzewa.pl\/wp-content\/gallery\/mural\/thumbs\/thumbs_DSC09119.JPG\"\n\t\t\tdata-image-id=\"1813\"\n\t\t\tdata-title=\"DSC09119\"\n\t\t\tdata-description=\"\"\n\t\t\tclass=\"shutterset_d895259da7e669bc03c91f7f0924eeab\">\n\n\t\t\t<img data-image-id='1813'\n\t\t\t\ttitle=\"\"\n\t\t\t\talt=\"DSC09119\"\n\t\t\t\tsrc=\"https:\/\/archiwum.swietodrzewa.pl\/wp-content\/gallery\/mural\/DSC09119.JPG\"\n\t\t\t\tstyle=\"max-height: 430px;\"\/>\n\t\t<\/a>\n\n\t\t\n\t\t<a href=\"https:\/\/archiwum.swietodrzewa.pl\/wp-content\/gallery\/mural\/DSC09144.JPG\"\n\t\t\ttitle=\"\"\n\t\t\tdata-src=\"https:\/\/archiwum.swietodrzewa.pl\/wp-content\/gallery\/mural\/DSC09144.JPG\"\n\t\t\tdata-thumbnail=\"https:\/\/archiwum.swietodrzewa.pl\/wp-content\/gallery\/mural\/thumbs\/thumbs_DSC09144.JPG\"\n\t\t\tdata-image-id=\"1814\"\n\t\t\tdata-title=\"DSC09144\"\n\t\t\tdata-description=\"\"\n\t\t\tclass=\"shutterset_d895259da7e669bc03c91f7f0924eeab\">\n\n\t\t\t<img data-image-id='1814'\n\t\t\t\ttitle=\"\"\n\t\t\t\talt=\"DSC09144\"\n\t\t\t\tsrc=\"https:\/\/archiwum.swietodrzewa.pl\/wp-content\/gallery\/mural\/DSC09144.JPG\"\n\t\t\t\tstyle=\"max-height: 430px;\"\/>\n\t\t<\/a>\n\n\t\t\n\t\t<a href=\"https:\/\/archiwum.swietodrzewa.pl\/wp-content\/gallery\/mural\/DSC09181.JPG\"\n\t\t\ttitle=\"\"\n\t\t\tdata-src=\"https:\/\/archiwum.swietodrzewa.pl\/wp-content\/gallery\/mural\/DSC09181.JPG\"\n\t\t\tdata-thumbnail=\"https:\/\/archiwum.swietodrzewa.pl\/wp-content\/gallery\/mural\/thumbs\/thumbs_DSC09181.JPG\"\n\t\t\tdata-image-id=\"1815\"\n\t\t\tdata-title=\"DSC09181\"\n\t\t\tdata-description=\"\"\n\t\t\tclass=\"shutterset_d895259da7e669bc03c91f7f0924eeab\">\n\n\t\t\t<img data-image-id='1815'\n\t\t\t\ttitle=\"\"\n\t\t\t\talt=\"DSC09181\"\n\t\t\t\tsrc=\"https:\/\/archiwum.swietodrzewa.pl\/wp-content\/gallery\/mural\/DSC09181.JPG\"\n\t\t\t\tstyle=\"max-height: 430px;\"\/>\n\t\t<\/a>\n\n\t\t\n\t\t<a href=\"https:\/\/archiwum.swietodrzewa.pl\/wp-content\/gallery\/mural\/FOt-K-Morcinek-1.jpg\"\n\t\t\ttitle=\"\"\n\t\t\tdata-src=\"https:\/\/archiwum.swietodrzewa.pl\/wp-content\/gallery\/mural\/FOt-K-Morcinek-1.jpg\"\n\t\t\tdata-thumbnail=\"https:\/\/archiwum.swietodrzewa.pl\/wp-content\/gallery\/mural\/thumbs\/thumbs_FOt-K-Morcinek-1.jpg\"\n\t\t\tdata-image-id=\"1816\"\n\t\t\tdata-title=\"FOt-K-Morcinek-1\"\n\t\t\tdata-description=\"\"\n\t\t\tclass=\"shutterset_d895259da7e669bc03c91f7f0924eeab\">\n\n\t\t\t<img data-image-id='1816'\n\t\t\t\ttitle=\"\"\n\t\t\t\talt=\"FOt-K-Morcinek-1\"\n\t\t\t\tsrc=\"https:\/\/archiwum.swietodrzewa.pl\/wp-content\/gallery\/mural\/FOt-K-Morcinek-1.jpg\"\n\t\t\t\tstyle=\"max-height: 430px;\"\/>\n\t\t<\/a>\n\n\t\t\n\t\t<a href=\"https:\/\/archiwum.swietodrzewa.pl\/wp-content\/gallery\/mural\/Fot-K-Morcinek-2.jpg\"\n\t\t\ttitle=\"\"\n\t\t\tdata-src=\"https:\/\/archiwum.swietodrzewa.pl\/wp-content\/gallery\/mural\/Fot-K-Morcinek-2.jpg\"\n\t\t\tdata-thumbnail=\"https:\/\/archiwum.swietodrzewa.pl\/wp-content\/gallery\/mural\/thumbs\/thumbs_Fot-K-Morcinek-2.jpg\"\n\t\t\tdata-image-id=\"1817\"\n\t\t\tdata-title=\"Fot-K-Morcinek-2\"\n\t\t\tdata-description=\"\"\n\t\t\tclass=\"shutterset_d895259da7e669bc03c91f7f0924eeab\">\n\n\t\t\t<img data-image-id='1817'\n\t\t\t\ttitle=\"\"\n\t\t\t\talt=\"Fot-K-Morcinek-2\"\n\t\t\t\tsrc=\"https:\/\/archiwum.swietodrzewa.pl\/wp-content\/gallery\/mural\/Fot-K-Morcinek-2.jpg\"\n\t\t\t\tstyle=\"max-height: 430px;\"\/>\n\t\t<\/a>\n\n\t\t\n\t\t<a href=\"https:\/\/archiwum.swietodrzewa.pl\/wp-content\/gallery\/mural\/Fot-K-Morcinek-3.jpg\"\n\t\t\ttitle=\"\"\n\t\t\tdata-src=\"https:\/\/archiwum.swietodrzewa.pl\/wp-content\/gallery\/mural\/Fot-K-Morcinek-3.jpg\"\n\t\t\tdata-thumbnail=\"https:\/\/archiwum.swietodrzewa.pl\/wp-content\/gallery\/mural\/thumbs\/thumbs_Fot-K-Morcinek-3.jpg\"\n\t\t\tdata-image-id=\"1818\"\n\t\t\tdata-title=\"Fot-K-Morcinek-3\"\n\t\t\tdata-description=\"\"\n\t\t\tclass=\"shutterset_d895259da7e669bc03c91f7f0924eeab\">\n\n\t\t\t<img data-image-id='1818'\n\t\t\t\ttitle=\"\"\n\t\t\t\talt=\"Fot-K-Morcinek-3\"\n\t\t\t\tsrc=\"https:\/\/archiwum.swietodrzewa.pl\/wp-content\/gallery\/mural\/Fot-K-Morcinek-3.jpg\"\n\t\t\t\tstyle=\"max-height: 430px;\"\/>\n\t\t<\/a>\n\n\t\t\n\t\t<a href=\"https:\/\/archiwum.swietodrzewa.pl\/wp-content\/gallery\/mural\/Fot-K-Morcinek-4.jpg\"\n\t\t\ttitle=\"\"\n\t\t\tdata-src=\"https:\/\/archiwum.swietodrzewa.pl\/wp-content\/gallery\/mural\/Fot-K-Morcinek-4.jpg\"\n\t\t\tdata-thumbnail=\"https:\/\/archiwum.swietodrzewa.pl\/wp-content\/gallery\/mural\/thumbs\/thumbs_Fot-K-Morcinek-4.jpg\"\n\t\t\tdata-image-id=\"1819\"\n\t\t\tdata-title=\"Fot-K-Morcinek-4\"\n\t\t\tdata-description=\"\"\n\t\t\tclass=\"shutterset_d895259da7e669bc03c91f7f0924eeab\">\n\n\t\t\t<img data-image-id='1819'\n\t\t\t\ttitle=\"\"\n\t\t\t\talt=\"Fot-K-Morcinek-4\"\n\t\t\t\tsrc=\"https:\/\/archiwum.swietodrzewa.pl\/wp-content\/gallery\/mural\/Fot-K-Morcinek-4.jpg\"\n\t\t\t\tstyle=\"max-height: 430px;\"\/>\n\t\t<\/a>\n\n\t\t\n\t\t<a href=\"https:\/\/archiwum.swietodrzewa.pl\/wp-content\/gallery\/mural\/Fot-K-Morcinek-5.jpg\"\n\t\t\ttitle=\"\"\n\t\t\tdata-src=\"https:\/\/archiwum.swietodrzewa.pl\/wp-content\/gallery\/mural\/Fot-K-Morcinek-5.jpg\"\n\t\t\tdata-thumbnail=\"https:\/\/archiwum.swietodrzewa.pl\/wp-content\/gallery\/mural\/thumbs\/thumbs_Fot-K-Morcinek-5.jpg\"\n\t\t\tdata-image-id=\"1820\"\n\t\t\tdata-title=\"Fot-K-Morcinek-5\"\n\t\t\tdata-description=\"\"\n\t\t\tclass=\"shutterset_d895259da7e669bc03c91f7f0924eeab\">\n\n\t\t\t<img data-image-id='1820'\n\t\t\t\ttitle=\"\"\n\t\t\t\talt=\"Fot-K-Morcinek-5\"\n\t\t\t\tsrc=\"https:\/\/archiwum.swietodrzewa.pl\/wp-content\/gallery\/mural\/Fot-K-Morcinek-5.jpg\"\n\t\t\t\tstyle=\"max-height: 430px;\"\/>\n\t\t<\/a>\n\n\t\t\n\t\t<a href=\"https:\/\/archiwum.swietodrzewa.pl\/wp-content\/gallery\/mural\/Fot-K-Morcinek-6.jpg\"\n\t\t\ttitle=\"\"\n\t\t\tdata-src=\"https:\/\/archiwum.swietodrzewa.pl\/wp-content\/gallery\/mural\/Fot-K-Morcinek-6.jpg\"\n\t\t\tdata-thumbnail=\"https:\/\/archiwum.swietodrzewa.pl\/wp-content\/gallery\/mural\/thumbs\/thumbs_Fot-K-Morcinek-6.jpg\"\n\t\t\tdata-image-id=\"1821\"\n\t\t\tdata-title=\"Fot-K-Morcinek-6\"\n\t\t\tdata-description=\"\"\n\t\t\tclass=\"shutterset_d895259da7e669bc03c91f7f0924eeab\">\n\n\t\t\t<img data-image-id='1821'\n\t\t\t\ttitle=\"\"\n\t\t\t\talt=\"Fot-K-Morcinek-6\"\n\t\t\t\tsrc=\"https:\/\/archiwum.swietodrzewa.pl\/wp-content\/gallery\/mural\/Fot-K-Morcinek-6.jpg\"\n\t\t\t\tstyle=\"max-height: 430px;\"\/>\n\t\t<\/a>\n\n\t\t\n\t\t<a href=\"https:\/\/archiwum.swietodrzewa.pl\/wp-content\/gallery\/mural\/Fot-Klub-Gaja-_-B_Tarnawa_1.JPG\"\n\t\t\ttitle=\"\"\n\t\t\tdata-src=\"https:\/\/archiwum.swietodrzewa.pl\/wp-content\/gallery\/mural\/Fot-Klub-Gaja-_-B_Tarnawa_1.JPG\"\n\t\t\tdata-thumbnail=\"https:\/\/archiwum.swietodrzewa.pl\/wp-content\/gallery\/mural\/thumbs\/thumbs_Fot-Klub-Gaja-_-B_Tarnawa_1.JPG\"\n\t\t\tdata-image-id=\"1822\"\n\t\t\tdata-title=\"Fot-Klub-Gaja-_-B_Tarnawa_1\"\n\t\t\tdata-description=\"\"\n\t\t\tclass=\"shutterset_d895259da7e669bc03c91f7f0924eeab\">\n\n\t\t\t<img data-image-id='1822'\n\t\t\t\ttitle=\"\"\n\t\t\t\talt=\"Fot-Klub-Gaja-_-B_Tarnawa_1\"\n\t\t\t\tsrc=\"https:\/\/archiwum.swietodrzewa.pl\/wp-content\/gallery\/mural\/Fot-Klub-Gaja-_-B_Tarnawa_1.JPG\"\n\t\t\t\tstyle=\"max-height: 430px;\"\/>\n\t\t<\/a>\n\n\t\t\n\t\t<a href=\"https:\/\/archiwum.swietodrzewa.pl\/wp-content\/gallery\/mural\/Fot-Klub-Gaja-_-B_Tarnawa.JPG\"\n\t\t\ttitle=\"\"\n\t\t\tdata-src=\"https:\/\/archiwum.swietodrzewa.pl\/wp-content\/gallery\/mural\/Fot-Klub-Gaja-_-B_Tarnawa.JPG\"\n\t\t\tdata-thumbnail=\"https:\/\/archiwum.swietodrzewa.pl\/wp-content\/gallery\/mural\/thumbs\/thumbs_Fot-Klub-Gaja-_-B_Tarnawa.JPG\"\n\t\t\tdata-image-id=\"1823\"\n\t\t\tdata-title=\"Fot-Klub-Gaja-_-B_Tarnawa\"\n\t\t\tdata-description=\"\"\n\t\t\tclass=\"shutterset_d895259da7e669bc03c91f7f0924eeab\">\n\n\t\t\t<img data-image-id='1823'\n\t\t\t\ttitle=\"\"\n\t\t\t\talt=\"Fot-Klub-Gaja-_-B_Tarnawa\"\n\t\t\t\tsrc=\"https:\/\/archiwum.swietodrzewa.pl\/wp-content\/gallery\/mural\/Fot-Klub-Gaja-_-B_Tarnawa.JPG\"\n\t\t\t\tstyle=\"max-height: 430px;\"\/>\n\t\t<\/a>\n\n\t\t\n\t\t<a href=\"https:\/\/archiwum.swietodrzewa.pl\/wp-content\/gallery\/mural\/Fot-Klub-Gaja_-B_-Tarnawa.JPG\"\n\t\t\ttitle=\"\"\n\t\t\tdata-src=\"https:\/\/archiwum.swietodrzewa.pl\/wp-content\/gallery\/mural\/Fot-Klub-Gaja_-B_-Tarnawa.JPG\"\n\t\t\tdata-thumbnail=\"https:\/\/archiwum.swietodrzewa.pl\/wp-content\/gallery\/mural\/thumbs\/thumbs_Fot-Klub-Gaja_-B_-Tarnawa.JPG\"\n\t\t\tdata-image-id=\"1824\"\n\t\t\tdata-title=\"Fot-Klub-Gaja_-B_-Tarnawa\"\n\t\t\tdata-description=\"\"\n\t\t\tclass=\"shutterset_d895259da7e669bc03c91f7f0924eeab\">\n\n\t\t\t<img data-image-id='1824'\n\t\t\t\ttitle=\"\"\n\t\t\t\talt=\"Fot-Klub-Gaja_-B_-Tarnawa\"\n\t\t\t\tsrc=\"https:\/\/archiwum.swietodrzewa.pl\/wp-content\/gallery\/mural\/Fot-Klub-Gaja_-B_-Tarnawa.JPG\"\n\t\t\t\tstyle=\"max-height: 430px;\"\/>\n\t\t<\/a>\n\n\t\t<\/div>\n\n\n<strong>Agata Smalcerz,<\/strong> <strong>dyrektorka Galerii Bielskiej BWA<\/strong>, dodaje \u2013 \u201eProgram \u015awi\u0119to Drzewa nawi\u0105zuje do malarstwa Ewy Ciepielewskiej, w kt\u00f3rym drzewa stanowi\u0105 jeden z wa\u017cniejszych temat\u00f3w. Przedstawia fragment lasu prze\u015bwietlonego wiosennym czy letnim s\u0142o\u0144cem, w kt\u00f3rym jasna ziele\u0144 kontrastuje z br\u0105zowymi pniami drzew, a z\u0142ote refleksy harmonizuj\u0105 z b\u0142\u0119kitem nieba prze\u015bwituj\u0105cym w oddali. Ewa Ciepielewska od dawna wsp\u00f3\u0142pracuje z Klubem Gaja w dzia\u0142aniach artystyczno-ekologicznych, a tak\u017ce z Galeri\u0105 Bielsk\u0105 BWA, gdzie mia\u0142a kilka wystaw. Stworzenie ogromnego muralu na szczytowej \u015bcianie kamienicy przy ulicy Adama Mickiewicza 9 w Bielsku-Bia\u0142ej jest niezwyk\u0142ym wydarzeniem, dzi\u0119ki kt\u00f3remu jej dzie\u0142o zaistnieje na sta\u0142e w przestrzeni miasta\u201d.&nbsp;<\/p>\n<p>\u201eDba\u0142o\u015b\u0107 o \u015brodowisko i spo\u0142eczna odpowiedzialno\u015b\u0107 biznesu s\u0105 wpisane w DNA marki ALDI.&nbsp; Wierzymy, \u017ce wcielaj\u0105c je w \u017cycie przyczyniamy si\u0119 do kszta\u0142towania postaw i przyjaznego otoczenia dla przysz\u0142ych pokole\u0144. W\u0142a\u015bnie dlatego, naturalnym by\u0142o dla nas zaanga\u017cowanie si\u0119 po raz kolejny w inicjatyw\u0119 \u015awi\u0119ta Drzewa w roli Partnera Strategicznego. W ten spos\u00f3b wspieramy edukacj\u0119 ekologiczn\u0105 i mo\u017cemy sta\u0107 si\u0119 cz\u0119\u015bci\u0105 zielonego \u015al\u0105ska. Tegoroczna wsp\u00f3\u0142praca cieszy nas tym bardziej, \u017ce opr\u00f3cz wsp\u00f3lnego sadzenia drzew, uda\u0142o nam si\u0119 stworzy\u0107 proekologiczny mural, kt\u00f3ry w przestrzeni miasta przypomina o tym, jak wa\u017cna jest dba\u0142o\u015b\u0107 o \u015brodowisko\u201d \u2013 m\u00f3wi <strong>Agata Biernacka, Kierownik Dzia\u0142u Komunikacji i PR ALDI Polska.&nbsp; <\/strong><\/p>\n<p>\u015awi\u0119to Drzewa, w tym roku obchodzone pod has\u0142em \u201e\u015awi\u0119to Drzewa dla zwierz\u0105t!\u201d, odb\u0119dzie si\u0119 tak\u017ce w Szkole Podstawowej nr 27. Klub Gaja wsp\u00f3lnie z uczniami i zaproszonymi go\u015b\u0107mi posadzi m.in. g\u0142ogi, leszczyny, aronie i byliny oraz poprowadzi warsztaty budowy budek l\u0119gowych dla wiewi\u00f3rek, ptak\u00f3w, nietoperzy, trzmieli, motyli i pszcz\u00f3\u0142 samotnic. Schronienia dla zwierz\u0105t zostan\u0105 zamontowane w ogrodzie szkolnym i pos\u0142u\u017c\u0105 edukacji dzieci i m\u0142odzie\u017cy.<\/p>\n<p>\u015awi\u0119to Drzewa w Bielsku-Bia\u0142ej organizowane jest przez&nbsp; Klubu Gaja wsp\u00f3lnie z Galeri\u0105 Bielsk\u0105 BWA, Miastem Bielsko-Bia\u0142a oraz firm\u0105 ALDI \u2013 Partnerem Strategicznym \u015awi\u0119ta Drzewa. Dofinansowanie ze \u015brodk\u00f3w Miasta Bielska-Bia\u0142ej. Partnerem w wykonaniu muralu jest firma Movincar Sp. z z.o.o. W realizacji murali Ewie Ciepielewskiej pomagali m\u0142odzi arty\u015bci: Anna Brzozowska i J\u00f3zef Siemi\u0144ski.&nbsp;<\/p>\n<p>Fot. Klub Gaja\/ B.Tarnawa, K. Morcinek<\/p>\n<p>&nbsp;<\/p>\n","protected":false},"excerpt":{"rendered":"<p>W Bielsku-Bia\u0142ej przy ul. Adama Mickiewicza 9 powstanie ekologiczny mural, kt\u00f3ry co najmniej przez dekad\u0119 b\u0119dzie zmniejsza\u0142 zanieczyszczenie powietrza tak, jak by to zrobi\u0142 las o powierzchni ponad 100 m kw. Klub Gaja i Galeria Bielska BWA do wsp\u00f3\u0142pracy zaprosili artystk\u0119 Ew\u0119 Ciepielewsk\u0105 z Grupy LUXUS, kt\u00f3ra namaluje sw\u00f3j projekt na ponad 100 m kw. [&hellip;]<\/p>\n","protected":false},"author":3,"featured_media":12477,"comment_status":"closed","ping_status":"closed","sticky":false,"template":"","format":"standard","meta":{"ngg_post_thumbnail":0},"categories":[1],"tags":[],"_links":{"self":[{"href":"https:\/\/archiwum.swietodrzewa.pl\/index.php?rest_route=\/wp\/v2\/posts\/12475"}],"collection":[{"href":"https:\/\/archiwum.swietodrzewa.pl\/index.php?rest_route=\/wp\/v2\/posts"}],"about":[{"href":"https:\/\/archiwum.swietodrzewa.pl\/index.php?rest_route=\/wp\/v2\/types\/post"}],"author":[{"embeddable":true,"href":"https:\/\/archiwum.swietodrzewa.pl\/index.php?rest_route=\/wp\/v2\/users\/3"}],"replies":[{"embeddable":true,"href":"https:\/\/archiwum.swietodrzewa.pl\/index.php?rest_route=%2Fwp%2Fv2%2Fcomments&post=12475"}],"version-history":[{"count":5,"href":"https:\/\/archiwum.swietodrzewa.pl\/index.php?rest_route=\/wp\/v2\/posts\/12475\/revisions"}],"predecessor-version":[{"id":12522,"href":"https:\/\/archiwum.swietodrzewa.pl\/index.php?rest_route=\/wp\/v2\/posts\/12475\/revisions\/12522"}],"wp:featuredmedia":[{"embeddable":true,"href":"https:\/\/archiwum.swietodrzewa.pl\/index.php?rest_route=\/wp\/v2\/media\/12477"}],"wp:attachment":[{"href":"https:\/\/archiwum.swietodrzewa.pl\/index.php?rest_route=%2Fwp%2Fv2%2Fmedia&parent=12475"}],"wp:term":[{"taxonomy":"category","embeddable":true,"href":"https:\/\/archiwum.swietodrzewa.pl\/index.php?rest_route=%2Fwp%2Fv2%2Fcategories&post=12475"},{"taxonomy":"post_tag","embeddable":true,"href":"https:\/\/archiwum.swietodrzewa.pl\/index.php?rest_route=%2Fwp%2Fv2%2Ftags&post=12475"}],"curies":[{"name":"wp","href":"https:\/\/api.w.org\/{rel}","templated":true}]}}