{"id":1252,"date":"2012-02-24T09:38:57","date_gmt":"2012-02-24T08:38:57","guid":{"rendered":"http:\/\/swietodrzewa.pl\/?p=1252"},"modified":"2012-02-24T09:38:57","modified_gmt":"2012-02-24T08:38:57","slug":"o-drzewie-roku-w-serwisie-naukowym-polskiej-agencji-prasowej","status":"publish","type":"post","link":"https:\/\/archiwum.swietodrzewa.pl\/?p=1252","title":{"rendered":"O Drzewie Roku w serwisie naukowym Polskiej Agencji Prasowej"},"content":{"rendered":"<p align=\"justify\">W konkursie na najpi\u0119kniejsze drzewa w Europie mo\u017cna g\u0142osowa\u0107 na d\u0105b z D\u0119blina \u2013 przypomina Polska Agencja Prasowa. Polski d\u0105b Grot z D\u0119blina \u2013 wy\u0142oniony w konkursie og\u00f3lnopolskim zorganizowanym przez Klub Gaja &#8211; znalaz\u0142 si\u0119 w finale konkursu o tytu\u0142 Europejskiego Drzewa Roku. Walczy o zwyci\u0119stwo obok drzew z Francji, S\u0142owacji, W\u0119gier, Rumunii, Czech i Bu\u0142garii. G\u0142osowanie internaut\u00f3w trwa tylko do 29 lutego.<!--more--><\/p>\n<p align=\"left\">Sw\u00f3j g\u0142os mo\u017cna odda\u0107 na stronie internetowej konkursu: <a href=\"http:\/\/www.treeoftheyear.org\/\">http:\/\/www.treeoftheyear.org\/<\/a><\/p>\n<p align=\"left\">Zobacz ca\u0142\u0105 informacj\u0119 PAP na: <a href=\"http:\/\/www.naukawpolsce.pap.pl\/palio\/html.run_Instance=cms_naukapl.pap.pl&amp;_PageID=1&amp;s=szablon.depesza&amp;dz=szablon.depesza&amp;dep=388252&amp;data=&amp;lang=PL&amp;_CheckSum=1475646005\">http:\/\/www.naukawpolsce.pap.pl\/palio\/html.run_Instance=cms_naukapl.pap.pl&amp;_PageID=1&amp;s=szablon.depesza&amp;dz=szablon.depesza&amp;dep=388252&amp;data=&amp;lang=PL&amp;_CheckSum=1475646005<\/a><\/p>\n<p align=\"left\">\n<p>&nbsp;<\/p>\n","protected":false},"excerpt":{"rendered":"<p>W konkursie na najpi\u0119kniejsze drzewa w Europie mo\u017cna g\u0142osowa\u0107 na d\u0105b z D\u0119blina \u2013 przypomina Polska Agencja Prasowa. Polski d\u0105b Grot z D\u0119blina \u2013 wy\u0142oniony w konkursie og\u00f3lnopolskim zorganizowanym przez Klub Gaja &#8211; znalaz\u0142 si\u0119 w finale konkursu o tytu\u0142 Europejskiego Drzewa Roku. Walczy o zwyci\u0119stwo obok drzew z Francji, S\u0142owacji, W\u0119gier, Rumunii, Czech i [&hellip;]<\/p>\n","protected":false},"author":3,"featured_media":1207,"comment_status":"closed","ping_status":"closed","sticky":false,"template":"","format":"standard","meta":{"ngg_post_thumbnail":0},"categories":[24],"tags":[],"_links":{"self":[{"href":"https:\/\/archiwum.swietodrzewa.pl\/index.php?rest_route=\/wp\/v2\/posts\/1252"}],"collection":[{"href":"https:\/\/archiwum.swietodrzewa.pl\/index.php?rest_route=\/wp\/v2\/posts"}],"about":[{"href":"https:\/\/archiwum.swietodrzewa.pl\/index.php?rest_route=\/wp\/v2\/types\/post"}],"author":[{"embeddable":true,"href":"https:\/\/archiwum.swietodrzewa.pl\/index.php?rest_route=\/wp\/v2\/users\/3"}],"replies":[{"embeddable":true,"href":"https:\/\/archiwum.swietodrzewa.pl\/index.php?rest_route=%2Fwp%2Fv2%2Fcomments&post=1252"}],"version-history":[{"count":1,"href":"https:\/\/archiwum.swietodrzewa.pl\/index.php?rest_route=\/wp\/v2\/posts\/1252\/revisions"}],"predecessor-version":[{"id":1253,"href":"https:\/\/archiwum.swietodrzewa.pl\/index.php?rest_route=\/wp\/v2\/posts\/1252\/revisions\/1253"}],"wp:featuredmedia":[{"embeddable":true,"href":"https:\/\/archiwum.swietodrzewa.pl\/index.php?rest_route=\/wp\/v2\/media\/1207"}],"wp:attachment":[{"href":"https:\/\/archiwum.swietodrzewa.pl\/index.php?rest_route=%2Fwp%2Fv2%2Fmedia&parent=1252"}],"wp:term":[{"taxonomy":"category","embeddable":true,"href":"https:\/\/archiwum.swietodrzewa.pl\/index.php?rest_route=%2Fwp%2Fv2%2Fcategories&post=1252"},{"taxonomy":"post_tag","embeddable":true,"href":"https:\/\/archiwum.swietodrzewa.pl\/index.php?rest_route=%2Fwp%2Fv2%2Ftags&post=1252"}],"curies":[{"name":"wp","href":"https:\/\/api.w.org\/{rel}","templated":true}]}}