{"id":12568,"date":"2020-10-18T13:08:57","date_gmt":"2020-10-18T11:08:57","guid":{"rendered":"http:\/\/swietodrzewa.pl\/?p=12568"},"modified":"2020-10-27T14:28:26","modified_gmt":"2020-10-27T13:28:26","slug":"swieto-drzewa-i-niezwykly-mural-w-bielsku-bialej","status":"publish","type":"post","link":"https:\/\/archiwum.swietodrzewa.pl\/?p=12568","title":{"rendered":"\u015awi\u0119to Drzewa i niezwyk\u0142y mural w Bielsku-Bia\u0142ej"},"content":{"rendered":"<p class=\"lead\"><strong>W tym roku Klub Gaja zainaugurowa\u0142 \u015awi\u0119to Drzewa w Bielsku-Bia\u0142ej ods\u0142oni\u0119ciem muralu, kt\u00f3ry zmniejsza zanieczyszczenie powietrza. Dzie\u0142o artystki Ewy Ciepielewskiej o powierzchni ponad 100 m kw. b\u0119dzie dzia\u0142a\u0142o tak efektywnie jak ponad 100 m kw. posadzonego lasu. Podczas uroczysto\u015bci wsp\u00f3lnie z parterami i zaproszonymi go\u015b\u0107mi posadzono du\u017cego platana tu\u017c obok muralu. W ramach \u015awi\u0119ta Drzewa odby\u0142a si\u0119 tak\u017ce akcja sadzenia drzew i krzew\u00f3w oraz warsztaty budowy budek l\u0119gowych dla dzikich zwierz\u0105t w ogrodzie edukacyjnym w Szkole Podstawowej nr 27.<\/strong><!--more--><\/p>\n<div class=\"body\">\n<p>Ods\u0142oni\u0119cie muralu \u201e\u015awi\u0119to Drzewa\u201d Ewy Ciepielewskiej odby\u0142o si\u0119 12 pa\u017adziernika 2020 roku o godz. 12.00 przy ul. Adama Mickiewicza w samym centrum miasta. Klub Gaja zorganizowa\u0142 wydarzenie wsp\u00f3lnie z Galeri\u0105 Bielsk\u0105 BWA, Miastem Bielsko-Bia\u0142a i firm\u0105 ALDI, kt\u00f3ra jest Partnerem Strategicznym \u015awi\u0119ta Drzewa. Pomimo trudnych warunk\u00f3w pogodowych zaproszeni go\u015bcie i dziennikarze dopisali, a przechodnie z zaciekawieniem dopytywali o to, jak dzia\u0142a mural.<\/p>\n<p><strong>Jacek Bo\u017cek, szef Klubu Gaja<\/strong>, witaj\u0105c go\u015bci i mieszka\u0144c\u00f3w, m\u00f3wi\u0142&nbsp; \u2013 \u201eTa inauguracja jest szczeg\u00f3lna, nie tylko ze wzgl\u0119du na pandemi\u0119. Zostaje nam coraz mniej czasu na zatrzymanie katastrofy klimatycznej i ocalenie gin\u0105cych gatunk\u00f3w zwierz\u0105t. Ka\u017cdy z nas mo\u017ce i powinien w\u0142\u0105czy\u0107 si\u0119 w dzia\u0142ania na rzecz przyrody i jej zasob\u00f3w. Dlatego niech nasza wsp\u00f3\u0142praca i jej efekty stan\u0105 si\u0119 dobrym przyk\u0142adem jak mo\u017cemy dzia\u0142a\u0107 konkretnie i tw\u00f3rczo. Dzi\u0119kuj\u0119 wszystkim tym, kt\u00f3rzy doprowadzili do powstania tego dzie\u0142a, kt\u00f3re zostanie z nami na lata\u201d.<\/p>\n<p>\u201eChcia\u0142bym podzi\u0119kowa\u0107 wszystkim, kt\u00f3rzy przyczynili si\u0119 do powstania tego pi\u0119knego muralu z przes\u0142aniem ekologicznym. Mural zosta\u0142 namalowany przez wybitn\u0105 artystk\u0119 i \u0142\u0105czy trzy aspekty \u2013 artystyczny, ekologiczny i edukacyjny. To bardzo dobrze, je\u015bli kilka rzeczy na raz spina si\u0119 w jedno. Zw\u0142aszcza teraz, w czasach, kiedy zagro\u017cenie dla planety jest namacalne. Na szcz\u0119\u015bcie coraz wi\u0119cej os\u00f3b i instytucji zdaje sobie z tego spraw\u0119, a Bielsko-Bia\u0142a na pewno. Mamy szereg dzia\u0142a\u0144, kt\u00f3re maj\u0105 przypomina\u0107 o ekologii oraz zmienia\u0107 postawy \u017cyciowe. Tak si\u0119 z\u0142o\u017cy\u0142o, \u017ce w trakcie pracy, pani Ewa mia\u0142a urodziny. Z tej okazji chcia\u0142em wr\u0119czy\u0107 laureatce skromny bukiet i li\u015bcik pami\u0105tkowy, zmoczony bielskim deszczem! \u2013 podkre\u015bli\u0142 <strong>prezydent miasta Jaros\u0142aw Klimaszewski<\/strong>.<\/p>\n<p>\n<div class=\"ngg-galleryoverview ngg-slideshow\"\n\tid=\"ngg-slideshow-a7694c07d519db78ff9a8f722ec29c58-6227953250\"\n\tdata-gallery-id=\"a7694c07d519db78ff9a8f722ec29c58\"\n\tstyle=\"max-width: 600px;\n\t\t\tmax-height: 450px;\n\t\t\tdisplay: none;\">\n\n\t\n\t\t<a href=\"https:\/\/archiwum.swietodrzewa.pl\/wp-content\/gallery\/mural-1\/121476424_3738251532852606_8178579074949836299_o.jpg\"\n\t\t\ttitle=\"\"\n\t\t\tdata-src=\"https:\/\/archiwum.swietodrzewa.pl\/wp-content\/gallery\/mural-1\/121476424_3738251532852606_8178579074949836299_o.jpg\"\n\t\t\tdata-thumbnail=\"https:\/\/archiwum.swietodrzewa.pl\/wp-content\/gallery\/mural-1\/thumbs\/thumbs_121476424_3738251532852606_8178579074949836299_o.jpg\"\n\t\t\tdata-image-id=\"1855\"\n\t\t\tdata-title=\"121476424_3738251532852606_8178579074949836299_o\"\n\t\t\tdata-description=\"\"\n\t\t\tclass=\"shutterset_a7694c07d519db78ff9a8f722ec29c58\">\n\n\t\t\t<img data-image-id='1855'\n\t\t\t\ttitle=\"\"\n\t\t\t\talt=\"121476424_3738251532852606_8178579074949836299_o\"\n\t\t\t\tsrc=\"https:\/\/archiwum.swietodrzewa.pl\/wp-content\/gallery\/mural-1\/121476424_3738251532852606_8178579074949836299_o.jpg\"\n\t\t\t\tstyle=\"max-height: 430px;\"\/>\n\t\t<\/a>\n\n\t\t\n\t\t<a href=\"https:\/\/archiwum.swietodrzewa.pl\/wp-content\/gallery\/mural-1\/121584598_3743113479033078_4466117335092539921_o.jpg\"\n\t\t\ttitle=\"\"\n\t\t\tdata-src=\"https:\/\/archiwum.swietodrzewa.pl\/wp-content\/gallery\/mural-1\/121584598_3743113479033078_4466117335092539921_o.jpg\"\n\t\t\tdata-thumbnail=\"https:\/\/archiwum.swietodrzewa.pl\/wp-content\/gallery\/mural-1\/thumbs\/thumbs_121584598_3743113479033078_4466117335092539921_o.jpg\"\n\t\t\tdata-image-id=\"1856\"\n\t\t\tdata-title=\"121584598_3743113479033078_4466117335092539921_o\"\n\t\t\tdata-description=\"\"\n\t\t\tclass=\"shutterset_a7694c07d519db78ff9a8f722ec29c58\">\n\n\t\t\t<img data-image-id='1856'\n\t\t\t\ttitle=\"\"\n\t\t\t\talt=\"121584598_3743113479033078_4466117335092539921_o\"\n\t\t\t\tsrc=\"https:\/\/archiwum.swietodrzewa.pl\/wp-content\/gallery\/mural-1\/121584598_3743113479033078_4466117335092539921_o.jpg\"\n\t\t\t\tstyle=\"max-height: 430px;\"\/>\n\t\t<\/a>\n\n\t\t\n\t\t<a href=\"https:\/\/archiwum.swietodrzewa.pl\/wp-content\/gallery\/mural-1\/121591713_3743112595699833_4170966081018208751_o.jpg\"\n\t\t\ttitle=\"\"\n\t\t\tdata-src=\"https:\/\/archiwum.swietodrzewa.pl\/wp-content\/gallery\/mural-1\/121591713_3743112595699833_4170966081018208751_o.jpg\"\n\t\t\tdata-thumbnail=\"https:\/\/archiwum.swietodrzewa.pl\/wp-content\/gallery\/mural-1\/thumbs\/thumbs_121591713_3743112595699833_4170966081018208751_o.jpg\"\n\t\t\tdata-image-id=\"1857\"\n\t\t\tdata-title=\"121591713_3743112595699833_4170966081018208751_o\"\n\t\t\tdata-description=\"\"\n\t\t\tclass=\"shutterset_a7694c07d519db78ff9a8f722ec29c58\">\n\n\t\t\t<img data-image-id='1857'\n\t\t\t\ttitle=\"\"\n\t\t\t\talt=\"121591713_3743112595699833_4170966081018208751_o\"\n\t\t\t\tsrc=\"https:\/\/archiwum.swietodrzewa.pl\/wp-content\/gallery\/mural-1\/121591713_3743112595699833_4170966081018208751_o.jpg\"\n\t\t\t\tstyle=\"max-height: 430px;\"\/>\n\t\t<\/a>\n\n\t\t\n\t\t<a href=\"https:\/\/archiwum.swietodrzewa.pl\/wp-content\/gallery\/mural-1\/121608990_3743114142366345_4038192736980007648_o.jpg\"\n\t\t\ttitle=\"\"\n\t\t\tdata-src=\"https:\/\/archiwum.swietodrzewa.pl\/wp-content\/gallery\/mural-1\/121608990_3743114142366345_4038192736980007648_o.jpg\"\n\t\t\tdata-thumbnail=\"https:\/\/archiwum.swietodrzewa.pl\/wp-content\/gallery\/mural-1\/thumbs\/thumbs_121608990_3743114142366345_4038192736980007648_o.jpg\"\n\t\t\tdata-image-id=\"1858\"\n\t\t\tdata-title=\"121608990_3743114142366345_4038192736980007648_o\"\n\t\t\tdata-description=\"\"\n\t\t\tclass=\"shutterset_a7694c07d519db78ff9a8f722ec29c58\">\n\n\t\t\t<img data-image-id='1858'\n\t\t\t\ttitle=\"\"\n\t\t\t\talt=\"121608990_3743114142366345_4038192736980007648_o\"\n\t\t\t\tsrc=\"https:\/\/archiwum.swietodrzewa.pl\/wp-content\/gallery\/mural-1\/121608990_3743114142366345_4038192736980007648_o.jpg\"\n\t\t\t\tstyle=\"max-height: 430px;\"\/>\n\t\t<\/a>\n\n\t\t\n\t\t<a href=\"https:\/\/archiwum.swietodrzewa.pl\/wp-content\/gallery\/mural-1\/121617350_3743112602366499_7767780536190059981_o.jpg\"\n\t\t\ttitle=\"\"\n\t\t\tdata-src=\"https:\/\/archiwum.swietodrzewa.pl\/wp-content\/gallery\/mural-1\/121617350_3743112602366499_7767780536190059981_o.jpg\"\n\t\t\tdata-thumbnail=\"https:\/\/archiwum.swietodrzewa.pl\/wp-content\/gallery\/mural-1\/thumbs\/thumbs_121617350_3743112602366499_7767780536190059981_o.jpg\"\n\t\t\tdata-image-id=\"1859\"\n\t\t\tdata-title=\"121617350_3743112602366499_7767780536190059981_o\"\n\t\t\tdata-description=\"\"\n\t\t\tclass=\"shutterset_a7694c07d519db78ff9a8f722ec29c58\">\n\n\t\t\t<img data-image-id='1859'\n\t\t\t\ttitle=\"\"\n\t\t\t\talt=\"121617350_3743112602366499_7767780536190059981_o\"\n\t\t\t\tsrc=\"https:\/\/archiwum.swietodrzewa.pl\/wp-content\/gallery\/mural-1\/121617350_3743112602366499_7767780536190059981_o.jpg\"\n\t\t\t\tstyle=\"max-height: 430px;\"\/>\n\t\t<\/a>\n\n\t\t\n\t\t<a href=\"https:\/\/archiwum.swietodrzewa.pl\/wp-content\/gallery\/mural-1\/121634482_3743113115699781_8204464963460673935_o.jpg\"\n\t\t\ttitle=\"\"\n\t\t\tdata-src=\"https:\/\/archiwum.swietodrzewa.pl\/wp-content\/gallery\/mural-1\/121634482_3743113115699781_8204464963460673935_o.jpg\"\n\t\t\tdata-thumbnail=\"https:\/\/archiwum.swietodrzewa.pl\/wp-content\/gallery\/mural-1\/thumbs\/thumbs_121634482_3743113115699781_8204464963460673935_o.jpg\"\n\t\t\tdata-image-id=\"1860\"\n\t\t\tdata-title=\"121634482_3743113115699781_8204464963460673935_o\"\n\t\t\tdata-description=\"\"\n\t\t\tclass=\"shutterset_a7694c07d519db78ff9a8f722ec29c58\">\n\n\t\t\t<img data-image-id='1860'\n\t\t\t\ttitle=\"\"\n\t\t\t\talt=\"121634482_3743113115699781_8204464963460673935_o\"\n\t\t\t\tsrc=\"https:\/\/archiwum.swietodrzewa.pl\/wp-content\/gallery\/mural-1\/121634482_3743113115699781_8204464963460673935_o.jpg\"\n\t\t\t\tstyle=\"max-height: 430px;\"\/>\n\t\t<\/a>\n\n\t\t\n\t\t<a href=\"https:\/\/archiwum.swietodrzewa.pl\/wp-content\/gallery\/mural-1\/121649017_3743113795699713_139621089452508122_o.jpg\"\n\t\t\ttitle=\"\"\n\t\t\tdata-src=\"https:\/\/archiwum.swietodrzewa.pl\/wp-content\/gallery\/mural-1\/121649017_3743113795699713_139621089452508122_o.jpg\"\n\t\t\tdata-thumbnail=\"https:\/\/archiwum.swietodrzewa.pl\/wp-content\/gallery\/mural-1\/thumbs\/thumbs_121649017_3743113795699713_139621089452508122_o.jpg\"\n\t\t\tdata-image-id=\"1861\"\n\t\t\tdata-title=\"121649017_3743113795699713_139621089452508122_o\"\n\t\t\tdata-description=\"\"\n\t\t\tclass=\"shutterset_a7694c07d519db78ff9a8f722ec29c58\">\n\n\t\t\t<img data-image-id='1861'\n\t\t\t\ttitle=\"\"\n\t\t\t\talt=\"121649017_3743113795699713_139621089452508122_o\"\n\t\t\t\tsrc=\"https:\/\/archiwum.swietodrzewa.pl\/wp-content\/gallery\/mural-1\/121649017_3743113795699713_139621089452508122_o.jpg\"\n\t\t\t\tstyle=\"max-height: 430px;\"\/>\n\t\t<\/a>\n\n\t\t\n\t\t<a href=\"https:\/\/archiwum.swietodrzewa.pl\/wp-content\/gallery\/mural-1\/121674043_3743114575699635_6666142365011563979_o.jpg\"\n\t\t\ttitle=\"\"\n\t\t\tdata-src=\"https:\/\/archiwum.swietodrzewa.pl\/wp-content\/gallery\/mural-1\/121674043_3743114575699635_6666142365011563979_o.jpg\"\n\t\t\tdata-thumbnail=\"https:\/\/archiwum.swietodrzewa.pl\/wp-content\/gallery\/mural-1\/thumbs\/thumbs_121674043_3743114575699635_6666142365011563979_o.jpg\"\n\t\t\tdata-image-id=\"1862\"\n\t\t\tdata-title=\"121674043_3743114575699635_6666142365011563979_o\"\n\t\t\tdata-description=\"\"\n\t\t\tclass=\"shutterset_a7694c07d519db78ff9a8f722ec29c58\">\n\n\t\t\t<img data-image-id='1862'\n\t\t\t\ttitle=\"\"\n\t\t\t\talt=\"121674043_3743114575699635_6666142365011563979_o\"\n\t\t\t\tsrc=\"https:\/\/archiwum.swietodrzewa.pl\/wp-content\/gallery\/mural-1\/121674043_3743114575699635_6666142365011563979_o.jpg\"\n\t\t\t\tstyle=\"max-height: 430px;\"\/>\n\t\t<\/a>\n\n\t\t<\/div>\n\n\n<br \/>\n<strong>Ewa Ciepielewska, artystka i autorka muralu<\/strong>, doda\u0142a&nbsp; \u2013 \u201eJa te\u017c chcia\u0142am podzi\u0119kowa\u0107 za zaproszenie do Bielska-Bia\u0142ej, by namalowa\u0107 ten obraz. Okaza\u0142o si\u0119 to trudnym wyzwaniem. Musia\u0142am zmierzy\u0107 si\u0119 z wysoko\u015bci\u0105 i trudn\u0105 pogod\u0105. Pierwsze wjazdy na ponad 20 m. wzwy\u017c by\u0142y wymagaj\u0105ce. Kolejnym wyzwaniem by\u0142o spotkanie z farbami Airlite, kt\u00f3re sk\u0142adaj\u0105 si\u0119 z trzech sk\u0142adnik\u00f3w i do nich dolewa si\u0119 wody. Trzeba stosowa\u0107 je bardzo oszcz\u0119dnie, bo szybko wysychaj\u0105. Technologia farb oparta jest na dwutlenku tytanu, kt\u00f3ry dzia\u0142a jak katalizator. Wchodzi w reakcj\u0119 ze \u015bwiat\u0142em s\u0142onecznym i wod\u0105. Na tej zasadzie mo\u017ce dokonywa\u0107 rozk\u0142adu m.in. dwutlenku w\u0119gla. Mam nadziej\u0119, \u017ce opr\u00f3cz malowania murali i elewacji budynk\u00f3w ekologicznymi farbami b\u0119dziemy przede wszystkim sadzi\u0107 du\u017co drzew i piel\u0119gnowa\u0107&nbsp; te rosn\u0105ce. Bo mural nam ich nie zast\u0105pi! Niech \u017cyje natura!\u201d.<\/p>\n<p>\u201eMural \u201e\u015awi\u0119to Drzewa\u201d to wyj\u0105tkowe dzie\u0142o, kt\u00f3re do\u0142\u0105czy\u0142o do poka\u017anej ju\u017c galerii murali w przestrzeni Bielska-Bia\u0142ej. Wyj\u0105tkowe nie tylko ze wzgl\u0119du na jego autork\u0119, b\u0119d\u0105c\u0105 do\u015bwiadczon\u0105 artystk\u0105, kt\u00f3ra potraktowa\u0142a \u015bcian\u0119 niczym ogromnych rozmiar\u00f3w p\u0142\u00f3tno. Wyj\u0105tkowe r\u00f3wnie\u017c za spraw\u0105 wykorzystanych farb, kt\u00f3rych ekologiczne w\u0142a\u015bciwo\u015bci pokazuj\u0105, \u017ce sztuka mo\u017ce pe\u0142ni\u0107 nie tylko funkcje estetyczne, ale&nbsp; przyczynia\u0107 si\u0119 do poprawy jako\u015bci powietrza i zwi\u0119kszenia naszej \u015bwiadomo\u015bci o nim. W ko\u0144cu te\u017c wyj\u0105tkowe dzie\u0142o, poniewa\u017c powsta\u0142o w wyj\u0105tkowym czasie. Czas pandemii dotkliwie da\u0142 si\u0119 pozna\u0107 i sprowadzi\u0142 kryzys w wielu aspektach \u017cycia cz\u0142owieka \u2013 r\u00f3wnie\u017c w sferze kulturalnej. Powstaj\u0105ce jednak teraz murale tym mocniej wybrzmiewaj\u0105 ze swoim przes\u0142aniem, \u017ce niekoniecznie musimy si\u0119 wybiera\u0107 do zamkni\u0119tych przestrzeni galerii, \u017ceby obcowa\u0107 ze sztuk\u0105. Wystarczy wyj\u015b\u0107 na ulic\u0119 w\u0142asnego miasta i pospacerowa\u0107 szlakiem murali, przy okazji odkrywaj\u0105c tak wyj\u0105tkowy przyk\u0142ad tego typu dzie\u0142, jaki wykona\u0142a Ewa Ciepielewska\u201d \u2013 komentowa\u0142a <strong>Justyna Weronika \u0141ab\u0105d\u017a z Galerii Bielskiej BWA.<\/strong><\/p>\n<p><strong>Agata Biernacka, Kierownik Dzia\u0142u Komunikacji i PR ALDI Polska<\/strong>, podsumowuj\u0105c realizacj\u0119 muralu&nbsp; powiedzia\u0142a&nbsp; \u2013 \u201eMamy przyjemno\u015b\u0107&nbsp; by\u0107 kolejny raz Partnerem Strategicznym \u015awi\u0119ta Drzewa Klubu Gaja. Posadzili\u015bmy ju\u017c wsp\u00f3lnie 6000 tysi\u0119cy drzew, dok\u0142adaj\u0105c cegie\u0142k\u0119 na rzecz tego programu. Nasz pomys\u0142 ekologicznego muralu entuzjastycznie zosta\u0142 przyj\u0119ty przez Klub Gaja, Galeri\u0119 Bielsk\u0105 BWA, Miasto Bielsko-Bia\u0142a i artystk\u0119. Znale\u017ali\u015bmy w tym dziele wsp\u00f3lny j\u0119zyk m\u00f3wi\u0105c o wa\u017cnych sprawach i ekologii w pi\u0119kny spos\u00f3b\u201d.<\/p>\n<p>Na zako\u0144czenie&nbsp; Jacek Bo\u017cek dzi\u0119kuj\u0105c \u201ewszystkim anio\u0142om\u201d przeczyta\u0142 wiersz Czes\u0142awa Mi\u0142osza \u201eO Anio\u0142ach\u201d ko\u0144cz\u0105c go okrzykiem i transparentem&nbsp; \u201eZARAZ DZIE\u0143, JESZCZE JEDEN, ZR\u00d3B CO MO\u017bESZ\u201d.<\/p>\n<p>Po oficjalnym ods\u0142oni\u0119ciu muralu, Klub Gaja razem z prezydentem miasta Jaros\u0142awem Klimaszewskim, artystk\u0105 Ew\u0105 Ciepielewsk\u0105, Agat\u0105 Biernack\u0105 z ALDI,&nbsp; Justyn\u0105 Weronik\u0105 \u0141ab\u0105d\u017a z Galerii Bielskiej BWA oraz zaproszonymi go\u015b\u0107mi posadzili du\u017cego platana tu\u017c obok muralu. Partnerem w wykonaniu muralu by\u0142a firma Movincar. Artystce Ewie Ciepielewskiej w wykonaniu muralu pomagali m\u0142odzi arty\u015bci: Anna Brzozowska i J\u00f3zef Siemi\u0144ski.<\/p>\n<p>Tegorocznym has\u0142em programu \u015awi\u0119to Drzewa Klubu Gaja jest \u201e\u015awi\u0119to Drzewa dla zwierz\u0105t!\u201d . Dlatego te\u017c rano, przed ods\u0142oni\u0119ciem muralu, odby\u0142a si\u0119 akcja sadzenia drzew, krzew\u00f3w i bylin przyjaznych dla zwierz\u0105t w Szkole Podstawowej nr 27 w Bielsku-Bia\u0142ej.&nbsp; G\u0142ogi, leszczyny, aronie, \u015bwido\u015bliwy, budleje Davida, barbule klando\u0144skie oraz miododajne byliny sadzili nie tylko uczniowie z kalsy 6a, nauczyciele i dyrekcja szko\u0142y, ale te\u017c zaproszeni go\u015bcie m.in. wiceprezydent miasta Adam Ru\u015bniak, dyrektor Miejskiego Zarz\u0105du O\u015bwiaty Janusz Kaps oraz przedstawiciele firmy ALDI. Edukatorzy Klubu Gaja zaprosili tak\u017ce uczni\u00f3w na warsztaty budowy budek l\u0119gowych m.in. dla wiewi\u00f3rek, ptak\u00f3w, nietoperzy, trzmieli, motyli i dzikich pszcz\u00f3\u0142. Wykonane przez sz\u00f3stoklasist\u00f3w schronienia dla dzikich zwierz\u0105t pos\u0142u\u017c\u0105 edukacji spo\u0142eczno\u015bci szkolnej i mieszka\u0144c\u00f3w odwiedzaj\u0105cy ogr\u00f3d szkolny. \u015awi\u0119to Drzewa w Bielsku-Bia\u0142ej dofinansowano ze \u015brodk\u00f3w Miasta Bielska-Bia\u0142ej.<\/p>\n<p><a href=\"https:\/\/www.facebook.com\/Klub.Gaja\/photos\/pcb.3743124162365343\/3743114439032982\/\" target=\"_blank\" rel=\"noopener\">ZOBACZ FOTORELACJ\u0118 &gt;&gt;&gt;<\/a><\/p>\n<p><a href=\"https:\/\/www.youtube.com\/watch?v=ZONKnRFa-KI&amp;feature=youtu.be&amp;fbclid=IwAR3epHWBjWdjsBU0XAEtrxKUC-K5jXlxlQbRZZdQ3ZXz7lc3ZEJ--jNE4F4\" target=\"_blank\" rel=\"noopener\">ZOBACZ KR\u00d3TKI FILM &gt;&gt;&gt;<\/a><\/p>\n<p><a href=\"http:\/\/swietodrzewa.pl\/?p=12589\">ZOBACZ RELACJ\u0118 Z&nbsp; WYDARZENIA W SP NR 27 &gt;&gt;<\/a>&gt;<\/p>\n<p>Fot. Klub Gaja&nbsp; \/ B. Tarnawa i K. Morcinek<\/p>\n<p>MEDIA O WYDARZENIU<\/p>\n<p><a href=\"http:\/\/https:\/\/fakty.tvn24.pl\/ogladaj-online,60\/bielsko-biala-antysmogowy-mural-ma-pochlaniac-zanieczyszczenia,1034249.html\" target=\"_blank\" rel=\"noopener\">https:\/\/fakty.tvn24.pl\/ogladaj-online,60\/bielsko-biala-antysmogowy-mural-ma-pochlaniac-zanieczyszczenia,1034249.html<\/a><br \/>\n<a href=\"https:\/\/katowice.tvp.pl\/50222539\/w-bielskubialej-powstaje-ekologiczny-mural-dedykowany-drzewom\" target=\"_blank\" rel=\"noopener\">https:\/\/katowice.tvp.pl\/50222539\/w-bielskubialej-powstaje-ekologiczny-mural-dedykowany-drzewom<\/a><br \/>\n<a href=\"https:\/\/teleexpress.tvp.pl\/50242385\/mural-antysmogowy\" target=\"_blank\" rel=\"noopener\">https:\/\/teleexpress.tvp.pl\/50242385\/mural-antysmogowy<\/a><br \/>\n<a href=\"https:\/\/dziennikzachodni.pl\/mural-pochlaniajacy-zanieczyszczone-powietrze-powstal-w-bielskubialej-zobacz-galerie-najpiekniejszych-bielskich-murali\/ar\/c1-15230080\" target=\"_blank\" rel=\"noopener\">https:\/\/dziennikzachodni.pl\/mural-pochlaniajacy-zanieczyszczone-powietrze-powstal-w-bielskubialej-zobacz-galerie-najpiekniejszych-bielskich-murali\/ar\/c1-15230080<\/a><br \/>\n<a href=\"https:\/\/katowice.wyborcza.pl\/katowice\/7,35018,26379253,w-bielsku-bialej-powstaje-mural-ktory-zmniejszy-zanieczyszczenie.html\" target=\"_blank\" rel=\"noopener\">https:\/\/katowice.wyborcza.pl\/katowice\/7,35018,26379253,w-bielsku-bialej-powstaje-mural-ktory-zmniejszy-zanieczyszczenie.html<\/a><br \/>\n<a href=\"https:\/\/bielskobiala.wyborcza.pl\/bielskobiala\/5,88025,26396987.html\" target=\"_blank\" rel=\"noopener\">https:\/\/bielskobiala.wyborcza.pl\/bielskobiala\/5,88025,26396987.html<\/a><br \/>\n<a href=\"https:\/\/www.bielsko.info\/wiadomosci\/24981-przy-ul-mickiewicza-powstal-mural-oczyszczajacy-powietrze-bielsko-biala\" target=\"_blank\" rel=\"noopener\">https:\/\/www.bielsko.info\/wiadomosci\/24981-przy-ul-mickiewicza-powstal-mural-oczyszczajacy-powietrze-bielsko-biala<\/a><br \/>\n<a href=\"https:\/\/www.bielsko.info\/najnowsze\/24981-swieto-drzewa-powstaje-ekologiczny-mural-przy-mickiewicza-bielsko-biala\" target=\"_blank\" rel=\"noopener\">https:\/\/www.bielsko.info\/najnowsze\/24981-swieto-drzewa-powstaje-ekologiczny-mural-przy-mickiewicza-bielsko-biala<\/a><br \/>\n<a href=\"https:\/\/www.radiobielsko.pl\/wiadomosci\/mural-zmniejszy-zanieczyszczenie\/46215\" target=\"_blank\" rel=\"noopener\">https:\/\/www.radiobielsko.pl\/wiadomosci\/mural-zmniejszy-zanieczyszczenie\/46215<\/a><\/p>\n<p><a href=\"https:\/\/admonkey.pl\/antysmogowy-mural-w-bielsku-bialej\/\" target=\"_blank\" rel=\"noopener\">https:\/\/admonkey.pl\/antysmogowy-mural-w-bielsku-bialej\/<\/a><br \/>\n<a href=\"https:\/\/www.radiopiekary.pl\/2020\/10\/12\/eko-mural-jak-gesty-las\/\" target=\"_blank\" rel=\"noopener\">https:\/\/www.radiopiekary.pl\/2020\/10\/12\/eko-mural-jak-gesty-las\/<\/a><br \/>\n<a href=\"https:\/\/inzynieria.com\/energetyka\/smog\/wiadomosci\/59618,w-bielsku-bialej-mural-pochlania-zanieczyszczenia-powietrza\" target=\"_blank\" rel=\"noopener\">https:\/\/inzynieria.com\/energetyka\/smog\/wiadomosci\/59618,w-bielsku-bialej-mural-pochlania-zanieczyszczenia-powietrza<\/a><br \/>\n<a href=\"https:\/\/nowymarketing.pl\/a\/28725,oto-smartcart-samoobslugowy-wozek-sklepowy-z-modulem-ai\" target=\"_blank\" rel=\"noopener\">https:\/\/nowymarketing.pl\/a\/28725,oto-smartcart-samoobslugowy-wozek-sklepowy-z-modulem-ai<\/a><br \/>\n<a href=\"https:\/\/bielskobiala.naszemiasto.pl\/mural-pochlaniajacy-zanieczyszczone-powietrze-powstal-w\/ar\/c1-7942077\" target=\"_blank\" rel=\"noopener\">https:\/\/bielskobiala.naszemiasto.pl\/mural-pochlaniajacy-zanieczyszczone-powietrze-powstal-w\/ar\/c1-7942077<\/a><\/p>\n<p><a href=\"https:\/\/www.onet.pl\/informacje\/radiobielsko\/bielsko-biala-mural-zmniejszy-zanieczyszczenie\/ytnsskx,30bc1058\" target=\"_blank\" rel=\"noopener\">https:\/\/www.onet.pl\/informacje\/radiobielsko\/bielsko-biala-mural-zmniejszy-zanieczyszczenie\/ytnsskx,30bc1058<\/a><\/p>\n<p><a href=\"https:\/\/silesia24.pl\/stopsmog\/szczegoly\/mural-z-farby-ktora-oczyszcza-powietrze-wlasnie-taki-powstaje-w-bielsku-bialej-19027\" target=\"_blank\" rel=\"noopener\">https:\/\/silesia24.pl\/stopsmog\/szczegoly\/mural-z-farby-ktora-oczyszcza-powietrze-wlasnie-taki-powstaje-w-bielsku-bialej-19027<\/a><\/p>\n<p><a href=\"https:\/\/bbfan.pl\/artykul\/w-bielsku-bialej-powstal\/1089288\" target=\"_blank\" rel=\"noopener\">https:\/\/bbfan.pl\/artykul\/w-bielsku-bialej-powstal\/1089288<\/a><\/p>\n<p><a href=\"https:\/\/interaktywnie.com\/biznes\/newsy\/biznes\/ekologiczny-mural-aldi-bedzie-oczyszczal-powietrze-260546\" target=\"_blank\" rel=\"noopener\">https:<\/a><a href=\"http:\/\/interaktywnie.com\/biznes\/newsy\/biznes\/ekologiczny-mural-aldi-bedzie-oczyszczal-powietrze-260546\" target=\"_blank\" rel=\"noopener\">\/\/interaktywnie.com\/biznes\/newsy\/biznes\/ekologiczny-mural-aldi-bedzie-oczyszczal-powietrze-260546<\/a><\/p>\n<p><a href=\"https:\/\/publicystyka.ngo.pl\/mural-swieto-drzewa-dla-czystego-powietrza\" target=\"_blank\" rel=\"noopener\">https:\/\/publicystyka.ngo.pl\/mural-swieto-drzewa-dla-czystego-powietrza<\/a><\/p>\n<p><a href=\"https:\/\/beskidzka24.pl\/bielsko-bialaw-centrum-miasta-powstaje-niezwykly-mural\/\" target=\"_blank\" rel=\"noopener\">h<\/a><a href=\"http:\/\/ttps:\/\/beskidzka24.pl\/bielsko-bialaw-centrum-miasta-powstaje-niezwykly-mural\/\" target=\"_blank\" rel=\"noopener\">ttps:\/\/beskidzka24.pl\/bielsko-bialaw-centrum-miasta-powstaje-niezwykly-mural\/<\/a><\/p>\n<p><a href=\"http:\/\/www.ppr.pl\/wiadomosci\/mural-swieto-drzewa-dla-czystego-powietrza\" target=\"_blank\" rel=\"noopener\">http:\/\/www.ppr.pl\/wiadomosci\/mural-swieto-drzewa-dla-czystego-powietrza<\/a><br \/>\n<a href=\"http:\/\/w.106www.radioccm.com.pl\/informacje\/mural-ktory-chlonie-smog-na-kamienicy-przy-mickiewicza-w-bielsku\" target=\"_blank\" rel=\"noopener\">http:\/\/w.106www.radioccm.com.pl\/informacje\/mural-ktory-chlonie-smog-na-kamienicy-przy-mickiewicza-w-bielsku<\/a><\/p>\n<\/div>\n","protected":false},"excerpt":{"rendered":"<p>W tym roku Klub Gaja zainaugurowa\u0142 \u015awi\u0119to Drzewa w Bielsku-Bia\u0142ej ods\u0142oni\u0119ciem muralu, kt\u00f3ry zmniejsza zanieczyszczenie powietrza. Dzie\u0142o artystki Ewy Ciepielewskiej o powierzchni ponad 100 m kw. b\u0119dzie dzia\u0142a\u0142o tak efektywnie jak ponad 100 m kw. posadzonego lasu. Podczas uroczysto\u015bci wsp\u00f3lnie z parterami i zaproszonymi go\u015b\u0107mi posadzono du\u017cego platana tu\u017c obok muralu. W ramach \u015awi\u0119ta Drzewa [&hellip;]<\/p>\n","protected":false},"author":3,"featured_media":12576,"comment_status":"closed","ping_status":"closed","sticky":false,"template":"","format":"standard","meta":{"ngg_post_thumbnail":0},"categories":[17],"tags":[],"_links":{"self":[{"href":"https:\/\/archiwum.swietodrzewa.pl\/index.php?rest_route=\/wp\/v2\/posts\/12568"}],"collection":[{"href":"https:\/\/archiwum.swietodrzewa.pl\/index.php?rest_route=\/wp\/v2\/posts"}],"about":[{"href":"https:\/\/archiwum.swietodrzewa.pl\/index.php?rest_route=\/wp\/v2\/types\/post"}],"author":[{"embeddable":true,"href":"https:\/\/archiwum.swietodrzewa.pl\/index.php?rest_route=\/wp\/v2\/users\/3"}],"replies":[{"embeddable":true,"href":"https:\/\/archiwum.swietodrzewa.pl\/index.php?rest_route=%2Fwp%2Fv2%2Fcomments&post=12568"}],"version-history":[{"count":5,"href":"https:\/\/archiwum.swietodrzewa.pl\/index.php?rest_route=\/wp\/v2\/posts\/12568\/revisions"}],"predecessor-version":[{"id":12613,"href":"https:\/\/archiwum.swietodrzewa.pl\/index.php?rest_route=\/wp\/v2\/posts\/12568\/revisions\/12613"}],"wp:featuredmedia":[{"embeddable":true,"href":"https:\/\/archiwum.swietodrzewa.pl\/index.php?rest_route=\/wp\/v2\/media\/12576"}],"wp:attachment":[{"href":"https:\/\/archiwum.swietodrzewa.pl\/index.php?rest_route=%2Fwp%2Fv2%2Fmedia&parent=12568"}],"wp:term":[{"taxonomy":"category","embeddable":true,"href":"https:\/\/archiwum.swietodrzewa.pl\/index.php?rest_route=%2Fwp%2Fv2%2Fcategories&post=12568"},{"taxonomy":"post_tag","embeddable":true,"href":"https:\/\/archiwum.swietodrzewa.pl\/index.php?rest_route=%2Fwp%2Fv2%2Ftags&post=12568"}],"curies":[{"name":"wp","href":"https:\/\/api.w.org\/{rel}","templated":true}]}}