{"id":12621,"date":"2020-10-30T13:04:35","date_gmt":"2020-10-30T12:04:35","guid":{"rendered":"http:\/\/swietodrzewa.pl\/?p=12621"},"modified":"2020-11-06T16:00:12","modified_gmt":"2020-11-06T15:00:12","slug":"sztuka-japonska-w-gminie-wilkowice","status":"publish","type":"post","link":"https:\/\/archiwum.swietodrzewa.pl\/?p=12621","title":{"rendered":"Sztuka japo\u0144ska w Gminie Wilkowice"},"content":{"rendered":"<p class=\"lead\"><strong>Tradycyjnie Festiwal Ekodzie\u0142o odby\u0142 si\u0119 w Gminie Wilkowice. W tym roku inspiracj\u0105 festiwalu by\u0142a kultura japo\u0144ska \u2013 sztuka ogrod\u00f3w, taniec Butoh, kr\u00f3tka forma poetycka haiku oraz teatrzyk Kamishibai. Niestety z powodu pandemii wydarzenia festiwalowe odby\u0142y si\u0119 bez udzia\u0142u mieszka\u0144c\u00f3w, a relacje filmowe z sadzenia sakur &#8211; wi\u015bni japo\u0144skich, performansu \u201eDrzewa wschodu\u201d oraz teatrzyku \u201eO samotnym d\u0119bie\u201d mo\u017cna zobaczy\u0107 w Internecie.<\/strong><!--more--><\/p>\n<div class=\"body\">\n<p>G\u0142\u00f3wnym wydarzeniem festiwalowym by\u0142o posadzenie 21 wi\u015bni japo\u0144skich przy Centrum Pulmonologii i Torakochirurgii, kt\u00f3re odby\u0142o si\u0119 30 wrze\u015bnia br. Na terenie zabytkowego parku otaczaj\u0105cego szpital powsta\u0142o wiele r\u00f3\u017cnych ogrod\u00f3w tematycznych, kt\u00f3re odwiedzaj\u0105 mieszka\u0144cy i tury\u015bci. Jednym z nich jest ma\u0142y ogr\u00f3d japo\u0144ski. Posadzone ramach Festiwalu Ekodzie\u0142o drzewa wi\u015bni odmian: Kiku-shidare, Amanogawa, Kanzan wzbogaci\u0142y jego teren. Razem z Klubem Gaja drzewa sadzili m.in. dyrektorka szpitala Urszula Kuc, w\u00f3jt Gminy Wilkowice Janusz Zemanek oraz dyrektorka Gminnego O\u015brodka Kultury \u201ePromyk&#8221; Agnieszka Sech.<\/p>\n<p>Co ciekawe, tu\u017c obok parku, w kt\u00f3rym posadzono wi\u015bnie, mieszka\u0142 malarz Julian Fa\u0142at, jeden z najwybitniejszych polskich akwarelist\u00f3w, kt\u00f3ry by\u0142 wielbicielem sztuki japo\u0144skiej. Bystra s\u0142yn\u0119\u0142a z pi\u0119knych krajobraz\u00f3w oraz czystego powietrza i dlatego Julian Fa\u0142at tutaj zamieszka\u0142. To niezwyk\u0142e, \u017ce niedaleko jego domu i pracowni, po wielu latach zainicjowano w Bystrej ogr\u00f3d japo\u0144ski.<\/p>\n<p><strong>Jacek Bo\u017cek, szef Klubu Gaja<\/strong>, rozpoczynaj\u0105c wydarzenie, powiedzia\u0142 \u2013 \u201eBardzo serdecznie wszystkich witam. Pomimo du\u017cych trudno\u015bci uda\u0142o si\u0119 nam wsp\u00f3lnie zrealizowa\u0107 6 edycje Festiwalu. To miejsce, w kt\u00f3rym jeste\u015bmy jest niezwyk\u0142e. To tutaj leczy\u0142 si\u0119 pierwszy premier niepodleg\u0142ej Polski Ignacy Daszy\u0144ski. Tu\u017c obok mieszka\u0142 Julian Fa\u0142at, kt\u00f3ry kocha\u0142 sztuk\u0119 japo\u0144sk\u0105. W parku podziwia\u0107 mo\u017cemy niezwyk\u0142e okazy drzew i krzew\u00f3w, kt\u00f3re sprowadzano z dalekich kraj\u00f3w. Chcemy podtrzymywa\u0107 tradycje \u0142\u0105cz\u0105ce pi\u0119kno przyrody ze sztuk\u0105, a Festiwal Ekodzie\u0142o doskonale si\u0119 w t\u0105 ide\u0119 wpisuje. Wszystko i wszyscy nam w tym pomagaj\u0105, dlatego te\u017c jeszcze raz bardzo dzi\u0119kuj\u0119\u201d.<\/p>\n<p><strong>Urszula Kuc, dyrektorka Centrum Pulmonologii i Torakochirurgii<\/strong>&nbsp; w Bystrej, m\u00f3wi\u0142a \u2013 \u201eCo roku z zaprzyja\u017anionym Klubu Gaja robimy jakie\u015b dzia\u0142ania w naszym parku. Posadzone dzisiaj wi\u015bnie japo\u0144skie sprawi\u0105, \u017ce nasz ogr\u00f3d b\u0119dzie kolorowy i pi\u0119kny. Zapraszamy na wiosn\u0119, kiedy drzewa zakwitn\u0105\u201d.<\/p>\n<p>\u201eJestem rodowitym bystrzanianem. Dzi\u0119kuj\u0119 za serce i prace w\u0142o\u017cone w ten park. Pami\u0119tam go z lat wcze\u015bniejszych. To miejsce bardzo si\u0119 zmieni\u0142o, dzi\u0119ki zas\u0142udze Pani dyrektor, kt\u00f3ra zbudowa\u0142a go, ceg\u0142a po cegle. Teraz jest wyj\u0105tkowe i magiczne. Sta\u0142o si\u0119 wizyt\u00f3wk\u0105 naszej Gminy. Dzi\u0119kuj\u0119 te\u017c Klubowi Gaja, kt\u00f3ry co roku, dosadza w tym miejscu drzewa i krzewy. Mam nadziej\u0119, na dobr\u0105 wsp\u00f3\u0142prac\u0119 na nast\u0119pne lata. Powstanie tu tak\u017ce t\u0119\u017cnia, a nieopodal centrum edukacji ekologicznej\u201d \u2013 podsumowa\u0142 <strong>Janusz Zemanek, w\u00f3jt Gminy Wilkowice.<\/strong><\/p>\n<p>Akcji sadzenia sakur w parku przy Centrum Pulmonologii i Torakochirurgii towarzyszy\u0142 performans Krzysztofa Jerzaka \u201eDrzewa wschodu\u201d. Zebrani go\u015bcie mogli zobaczy\u0107 w\u015br\u00f3d drzew etiud\u0119 japo\u0144skiego ta\u0144ca Butoh, kt\u00f3rego inspiracj\u0105 by\u0142o haiku japo\u0144skiego poety Kyoshi Takahama:<br \/>\n&#8222;Wiatry, co wiej\u0105<br \/>\nZapytaj je, kt\u00f3ry li\u015b\u0107<br \/>\nB\u0119dzie nast\u0119pny&#8221;<\/p>\n<p>\n<div class=\"ngg-galleryoverview ngg-slideshow\"\n\tid=\"ngg-slideshow-28f851df535bd71fd40ace2ce3992aac-16086809930\"\n\tdata-gallery-id=\"28f851df535bd71fd40ace2ce3992aac\"\n\tstyle=\"max-width: 600px;\n\t\t\tmax-height: 450px;\n\t\t\tdisplay: none;\">\n\n\t\n\t\t<a href=\"https:\/\/archiwum.swietodrzewa.pl\/wp-content\/gallery\/ekodzielo-wilkowice-2020\/120352067_3698501873494239_2602891663716625139_o.jpg\"\n\t\t\ttitle=\"\"\n\t\t\tdata-src=\"https:\/\/archiwum.swietodrzewa.pl\/wp-content\/gallery\/ekodzielo-wilkowice-2020\/120352067_3698501873494239_2602891663716625139_o.jpg\"\n\t\t\tdata-thumbnail=\"https:\/\/archiwum.swietodrzewa.pl\/wp-content\/gallery\/ekodzielo-wilkowice-2020\/thumbs\/thumbs_120352067_3698501873494239_2602891663716625139_o.jpg\"\n\t\t\tdata-image-id=\"1872\"\n\t\t\tdata-title=\"120352067_3698501873494239_2602891663716625139_o\"\n\t\t\tdata-description=\"\"\n\t\t\tclass=\"shutterset_28f851df535bd71fd40ace2ce3992aac\">\n\n\t\t\t<img data-image-id='1872'\n\t\t\t\ttitle=\"\"\n\t\t\t\talt=\"120352067_3698501873494239_2602891663716625139_o\"\n\t\t\t\tsrc=\"https:\/\/archiwum.swietodrzewa.pl\/wp-content\/gallery\/ekodzielo-wilkowice-2020\/120352067_3698501873494239_2602891663716625139_o.jpg\"\n\t\t\t\tstyle=\"max-height: 430px;\"\/>\n\t\t<\/a>\n\n\t\t\n\t\t<a href=\"https:\/\/archiwum.swietodrzewa.pl\/wp-content\/gallery\/ekodzielo-wilkowice-2020\/120411377_3698502050160888_2078252369471558533_o.jpg\"\n\t\t\ttitle=\"\"\n\t\t\tdata-src=\"https:\/\/archiwum.swietodrzewa.pl\/wp-content\/gallery\/ekodzielo-wilkowice-2020\/120411377_3698502050160888_2078252369471558533_o.jpg\"\n\t\t\tdata-thumbnail=\"https:\/\/archiwum.swietodrzewa.pl\/wp-content\/gallery\/ekodzielo-wilkowice-2020\/thumbs\/thumbs_120411377_3698502050160888_2078252369471558533_o.jpg\"\n\t\t\tdata-image-id=\"1873\"\n\t\t\tdata-title=\"120411377_3698502050160888_2078252369471558533_o\"\n\t\t\tdata-description=\"\"\n\t\t\tclass=\"shutterset_28f851df535bd71fd40ace2ce3992aac\">\n\n\t\t\t<img data-image-id='1873'\n\t\t\t\ttitle=\"\"\n\t\t\t\talt=\"120411377_3698502050160888_2078252369471558533_o\"\n\t\t\t\tsrc=\"https:\/\/archiwum.swietodrzewa.pl\/wp-content\/gallery\/ekodzielo-wilkowice-2020\/120411377_3698502050160888_2078252369471558533_o.jpg\"\n\t\t\t\tstyle=\"max-height: 430px;\"\/>\n\t\t<\/a>\n\n\t\t\n\t\t<a href=\"https:\/\/archiwum.swietodrzewa.pl\/wp-content\/gallery\/ekodzielo-wilkowice-2020\/120456665_3698501833494243_8923790310989238643_o.jpg\"\n\t\t\ttitle=\"\"\n\t\t\tdata-src=\"https:\/\/archiwum.swietodrzewa.pl\/wp-content\/gallery\/ekodzielo-wilkowice-2020\/120456665_3698501833494243_8923790310989238643_o.jpg\"\n\t\t\tdata-thumbnail=\"https:\/\/archiwum.swietodrzewa.pl\/wp-content\/gallery\/ekodzielo-wilkowice-2020\/thumbs\/thumbs_120456665_3698501833494243_8923790310989238643_o.jpg\"\n\t\t\tdata-image-id=\"1874\"\n\t\t\tdata-title=\"120456665_3698501833494243_8923790310989238643_o\"\n\t\t\tdata-description=\"\"\n\t\t\tclass=\"shutterset_28f851df535bd71fd40ace2ce3992aac\">\n\n\t\t\t<img data-image-id='1874'\n\t\t\t\ttitle=\"\"\n\t\t\t\talt=\"120456665_3698501833494243_8923790310989238643_o\"\n\t\t\t\tsrc=\"https:\/\/archiwum.swietodrzewa.pl\/wp-content\/gallery\/ekodzielo-wilkowice-2020\/120456665_3698501833494243_8923790310989238643_o.jpg\"\n\t\t\t\tstyle=\"max-height: 430px;\"\/>\n\t\t<\/a>\n\n\t\t\n\t\t<a href=\"https:\/\/archiwum.swietodrzewa.pl\/wp-content\/gallery\/ekodzielo-wilkowice-2020\/120530350_3698501786827581_7010870512195931005_o.jpg\"\n\t\t\ttitle=\"\"\n\t\t\tdata-src=\"https:\/\/archiwum.swietodrzewa.pl\/wp-content\/gallery\/ekodzielo-wilkowice-2020\/120530350_3698501786827581_7010870512195931005_o.jpg\"\n\t\t\tdata-thumbnail=\"https:\/\/archiwum.swietodrzewa.pl\/wp-content\/gallery\/ekodzielo-wilkowice-2020\/thumbs\/thumbs_120530350_3698501786827581_7010870512195931005_o.jpg\"\n\t\t\tdata-image-id=\"1875\"\n\t\t\tdata-title=\"120530350_3698501786827581_7010870512195931005_o\"\n\t\t\tdata-description=\"\"\n\t\t\tclass=\"shutterset_28f851df535bd71fd40ace2ce3992aac\">\n\n\t\t\t<img data-image-id='1875'\n\t\t\t\ttitle=\"\"\n\t\t\t\talt=\"120530350_3698501786827581_7010870512195931005_o\"\n\t\t\t\tsrc=\"https:\/\/archiwum.swietodrzewa.pl\/wp-content\/gallery\/ekodzielo-wilkowice-2020\/120530350_3698501786827581_7010870512195931005_o.jpg\"\n\t\t\t\tstyle=\"max-height: 430px;\"\/>\n\t\t<\/a>\n\n\t\t\n\t\t<a href=\"https:\/\/archiwum.swietodrzewa.pl\/wp-content\/gallery\/ekodzielo-wilkowice-2020\/120539987_3698502806827479_1772959065594964670_o.jpg\"\n\t\t\ttitle=\"\"\n\t\t\tdata-src=\"https:\/\/archiwum.swietodrzewa.pl\/wp-content\/gallery\/ekodzielo-wilkowice-2020\/120539987_3698502806827479_1772959065594964670_o.jpg\"\n\t\t\tdata-thumbnail=\"https:\/\/archiwum.swietodrzewa.pl\/wp-content\/gallery\/ekodzielo-wilkowice-2020\/thumbs\/thumbs_120539987_3698502806827479_1772959065594964670_o.jpg\"\n\t\t\tdata-image-id=\"1876\"\n\t\t\tdata-title=\"120539987_3698502806827479_1772959065594964670_o\"\n\t\t\tdata-description=\"\"\n\t\t\tclass=\"shutterset_28f851df535bd71fd40ace2ce3992aac\">\n\n\t\t\t<img data-image-id='1876'\n\t\t\t\ttitle=\"\"\n\t\t\t\talt=\"120539987_3698502806827479_1772959065594964670_o\"\n\t\t\t\tsrc=\"https:\/\/archiwum.swietodrzewa.pl\/wp-content\/gallery\/ekodzielo-wilkowice-2020\/120539987_3698502806827479_1772959065594964670_o.jpg\"\n\t\t\t\tstyle=\"max-height: 430px;\"\/>\n\t\t<\/a>\n\n\t\t\n\t\t<a href=\"https:\/\/archiwum.swietodrzewa.pl\/wp-content\/gallery\/ekodzielo-wilkowice-2020\/120556857_3698502586827501_8370152011806464287_o.jpg\"\n\t\t\ttitle=\"\"\n\t\t\tdata-src=\"https:\/\/archiwum.swietodrzewa.pl\/wp-content\/gallery\/ekodzielo-wilkowice-2020\/120556857_3698502586827501_8370152011806464287_o.jpg\"\n\t\t\tdata-thumbnail=\"https:\/\/archiwum.swietodrzewa.pl\/wp-content\/gallery\/ekodzielo-wilkowice-2020\/thumbs\/thumbs_120556857_3698502586827501_8370152011806464287_o.jpg\"\n\t\t\tdata-image-id=\"1877\"\n\t\t\tdata-title=\"120556857_3698502586827501_8370152011806464287_o\"\n\t\t\tdata-description=\"\"\n\t\t\tclass=\"shutterset_28f851df535bd71fd40ace2ce3992aac\">\n\n\t\t\t<img data-image-id='1877'\n\t\t\t\ttitle=\"\"\n\t\t\t\talt=\"120556857_3698502586827501_8370152011806464287_o\"\n\t\t\t\tsrc=\"https:\/\/archiwum.swietodrzewa.pl\/wp-content\/gallery\/ekodzielo-wilkowice-2020\/120556857_3698502586827501_8370152011806464287_o.jpg\"\n\t\t\t\tstyle=\"max-height: 430px;\"\/>\n\t\t<\/a>\n\n\t\t\n\t\t<a href=\"https:\/\/archiwum.swietodrzewa.pl\/wp-content\/gallery\/ekodzielo-wilkowice-2020\/120560824_3698501546827605_480892817932075810_o.jpg\"\n\t\t\ttitle=\"\"\n\t\t\tdata-src=\"https:\/\/archiwum.swietodrzewa.pl\/wp-content\/gallery\/ekodzielo-wilkowice-2020\/120560824_3698501546827605_480892817932075810_o.jpg\"\n\t\t\tdata-thumbnail=\"https:\/\/archiwum.swietodrzewa.pl\/wp-content\/gallery\/ekodzielo-wilkowice-2020\/thumbs\/thumbs_120560824_3698501546827605_480892817932075810_o.jpg\"\n\t\t\tdata-image-id=\"1878\"\n\t\t\tdata-title=\"120560824_3698501546827605_480892817932075810_o\"\n\t\t\tdata-description=\"\"\n\t\t\tclass=\"shutterset_28f851df535bd71fd40ace2ce3992aac\">\n\n\t\t\t<img data-image-id='1878'\n\t\t\t\ttitle=\"\"\n\t\t\t\talt=\"120560824_3698501546827605_480892817932075810_o\"\n\t\t\t\tsrc=\"https:\/\/archiwum.swietodrzewa.pl\/wp-content\/gallery\/ekodzielo-wilkowice-2020\/120560824_3698501546827605_480892817932075810_o.jpg\"\n\t\t\t\tstyle=\"max-height: 430px;\"\/>\n\t\t<\/a>\n\n\t\t\n\t\t<a href=\"https:\/\/archiwum.swietodrzewa.pl\/wp-content\/gallery\/ekodzielo-wilkowice-2020\/120563890_3698501350160958_2634855249346535281_o.jpg\"\n\t\t\ttitle=\"\"\n\t\t\tdata-src=\"https:\/\/archiwum.swietodrzewa.pl\/wp-content\/gallery\/ekodzielo-wilkowice-2020\/120563890_3698501350160958_2634855249346535281_o.jpg\"\n\t\t\tdata-thumbnail=\"https:\/\/archiwum.swietodrzewa.pl\/wp-content\/gallery\/ekodzielo-wilkowice-2020\/thumbs\/thumbs_120563890_3698501350160958_2634855249346535281_o.jpg\"\n\t\t\tdata-image-id=\"1879\"\n\t\t\tdata-title=\"120563890_3698501350160958_2634855249346535281_o\"\n\t\t\tdata-description=\"\"\n\t\t\tclass=\"shutterset_28f851df535bd71fd40ace2ce3992aac\">\n\n\t\t\t<img data-image-id='1879'\n\t\t\t\ttitle=\"\"\n\t\t\t\talt=\"120563890_3698501350160958_2634855249346535281_o\"\n\t\t\t\tsrc=\"https:\/\/archiwum.swietodrzewa.pl\/wp-content\/gallery\/ekodzielo-wilkowice-2020\/120563890_3698501350160958_2634855249346535281_o.jpg\"\n\t\t\t\tstyle=\"max-height: 430px;\"\/>\n\t\t<\/a>\n\n\t\t\n\t\t<a href=\"https:\/\/archiwum.swietodrzewa.pl\/wp-content\/gallery\/ekodzielo-wilkowice-2020\/120572689_3698502743494152_3136293650909647428_o.jpg\"\n\t\t\ttitle=\"\"\n\t\t\tdata-src=\"https:\/\/archiwum.swietodrzewa.pl\/wp-content\/gallery\/ekodzielo-wilkowice-2020\/120572689_3698502743494152_3136293650909647428_o.jpg\"\n\t\t\tdata-thumbnail=\"https:\/\/archiwum.swietodrzewa.pl\/wp-content\/gallery\/ekodzielo-wilkowice-2020\/thumbs\/thumbs_120572689_3698502743494152_3136293650909647428_o.jpg\"\n\t\t\tdata-image-id=\"1880\"\n\t\t\tdata-title=\"120572689_3698502743494152_3136293650909647428_o\"\n\t\t\tdata-description=\"\"\n\t\t\tclass=\"shutterset_28f851df535bd71fd40ace2ce3992aac\">\n\n\t\t\t<img data-image-id='1880'\n\t\t\t\ttitle=\"\"\n\t\t\t\talt=\"120572689_3698502743494152_3136293650909647428_o\"\n\t\t\t\tsrc=\"https:\/\/archiwum.swietodrzewa.pl\/wp-content\/gallery\/ekodzielo-wilkowice-2020\/120572689_3698502743494152_3136293650909647428_o.jpg\"\n\t\t\t\tstyle=\"max-height: 430px;\"\/>\n\t\t<\/a>\n\n\t\t\n\t\t<a href=\"https:\/\/archiwum.swietodrzewa.pl\/wp-content\/gallery\/ekodzielo-wilkowice-2020\/120658396_3698503273494099_8041621648066736225_o.jpg\"\n\t\t\ttitle=\"\"\n\t\t\tdata-src=\"https:\/\/archiwum.swietodrzewa.pl\/wp-content\/gallery\/ekodzielo-wilkowice-2020\/120658396_3698503273494099_8041621648066736225_o.jpg\"\n\t\t\tdata-thumbnail=\"https:\/\/archiwum.swietodrzewa.pl\/wp-content\/gallery\/ekodzielo-wilkowice-2020\/thumbs\/thumbs_120658396_3698503273494099_8041621648066736225_o.jpg\"\n\t\t\tdata-image-id=\"1881\"\n\t\t\tdata-title=\"120658396_3698503273494099_8041621648066736225_o\"\n\t\t\tdata-description=\"\"\n\t\t\tclass=\"shutterset_28f851df535bd71fd40ace2ce3992aac\">\n\n\t\t\t<img data-image-id='1881'\n\t\t\t\ttitle=\"\"\n\t\t\t\talt=\"120658396_3698503273494099_8041621648066736225_o\"\n\t\t\t\tsrc=\"https:\/\/archiwum.swietodrzewa.pl\/wp-content\/gallery\/ekodzielo-wilkowice-2020\/120658396_3698503273494099_8041621648066736225_o.jpg\"\n\t\t\t\tstyle=\"max-height: 430px;\"\/>\n\t\t<\/a>\n\n\t\t<\/div>\n\n\nDla najm\u0142odszych mieszka\u0144c\u00f3w Gminy Klub Gaja przygotowa\u0142 przedstawienie tradycyjnego japo\u0144skiego teatrzyku Kamishibai \u2013 Papierowego Teatru. Opowie\u015b\u0107 \u201eO samotnym d\u0119bie\u201d Izabeli Michty w ilustracji Mi\u0142os\u0142awy Bo\u017cek zosta\u0142 udost\u0119pniony na stronach internetowyc Klubu Gaja. Kamishibai to technika opowiadania z wykorzystaniem planszy z obrazkami i tekstem oraz drewnianej lub kartonowej skrzynki (butai), w kt\u00f3rej przedstawiane s\u0105 kolejne fragmenty opowie\u015bci. Bajka dla najm\u0142odszym, na kt\u00f3r\u0105 zaprosi\u0142 Klub Gaja w ramach Festiwalu Ekodzie\u0142o, opowiada o przyja\u017ani samotnego drzewa z bartnikiem i pszczo\u0142ami.<\/p>\n<p><strong>Agnieszka Sech, dyrektorka Gminnego O\u015brodka \u201ePromyk\u201d<\/strong> w Bystrej, powiedzia\u0142a \u2013 \u201ePo raz sz\u00f3sty jeste\u015bmy partnerem Festwialu Ekodzie\u0142o. Nasza wsp\u00f3\u0142praca jest owocna. Trzeba pami\u0119ta\u0107, \u017ce Klub Gaja ma fantastyczny zesp\u00f3\u0142 i edukator\u00f3w, a my jeste\u015bmy otwarci na r\u00f3\u017cne dzia\u0142ania. \u201ePromyk\u201d jest ma\u0142ym o\u015brodkiem ale z wielkimi aspiracjami! Jutro odb\u0119d\u0105 si\u0119 u nas warsztaty, w innej formie ni\u017c zwykle. W innej formie zobaczymy te\u017c teatrzyk Kamishibai. Kr\u00f3tki filmik z czytania opowie\u015b\u0107 \u201eO samotnym d\u0119bie\u201d zostanie udost\u0119pniony na naszym Facebooku\u201d.<\/p>\n<p>Na nast\u0119pny dzie\u0144, GOK \u201ePromyk\u201d odby\u0142y si\u0119 warsztaty budowy schronie\u0144 dla trzmieli i pszcz\u00f3\u0142 samotnic. Wykonane budki l\u0119gowe przez edukator\u00f3w Klubu Gaja zostan\u0105 zamontowane na skwerze przed o\u015brodkiem gdzie rok temu m\u0142odzie\u017c ze szk\u00f3\u0142 z Gminy Wilkowice wykona\u0142a domki dla motyli.<\/p>\n<p><a href=\"https:\/\/youtu.be\/L69pJHTGXHc\" target=\"_blank\" rel=\"noopener\">ZOBACZ FILM Z WYDARZENIA &gt;&gt;&gt;<\/a><\/p>\n<p><a href=\"https:\/\/pl-pl.facebook.com\/pg\/Klub.Gaja\/photos\/?tab=album&amp;album_id=3698501060160987&amp;ref=page_internal\" target=\"_blank\" rel=\"noopener\">ZOABCZ FOTO RELACJ\u0118 FESTIWAL EKODZIE\u0141O GMINA WILKOWICE &gt;&gt;&gt;<\/a><\/p>\n<p><a href=\"https:\/\/www.youtube.com\/watch?v=LRwRh4xk0sM\">ZOBACZ TEATRZYK KAMISHIBAI \u201eO SAMOTNYM D\u0118BIE\u201d &gt;&gt;&gt;<\/a><br \/>\n<a href=\"http:\/\/klubgaja.pl\/cms\/uploads\/AKTUALNO\u015aCI 2020\/EkODZIELO\/wilkowice\/samonty-dab-ksiazeczka-a3-01.jpg\" target=\"_blank\" rel=\"noopener\"><img loading=\"lazy\" class=\"alignleft\" src=\"http:\/\/klubgaja.pl\/cms\/uploads\/AKTUALNO%C5%9ACI%202020\/EkODZIELO\/wilkowice\/samonty-dab-ksiazeczka-a3-01.jpg\" alt=\"\" width=\"116\" height=\"82\"\/><\/a><\/p>\n<p><a href=\"http:\/\/klubgaja.pl\/cms\/uploads\/AKTUALNO%C5%9ACI%202020\/EkODZIELO\/wilkowice\/samonty-dab-ksiazeczka-a3-1.pdf\" target=\"_blank\" rel=\"noopener\">Tablice do teatrzyku KAMISHIBAI&nbsp; \u201eSamotny d\u0105b\u201d &#8211; Izabela Michta \/ Mi\u0142os\u0142awa Bo\u017cek &gt;&gt;&gt;<\/a><\/p>\n<p>&nbsp;<\/p>\n<p><strong>FESTIWAL EKODZIE\u0141O 2020<\/strong><br \/>\nFestwial Ekodzie\u0142o 2020 honorowym patronatem obj\u0119li Prezydent Bielska-Bia\u0142ej Jaros\u0142aw Klimaszewski oraz W\u00f3jt Gminy Wilkowice Janusz Zemanek<\/p>\n<p>Dofinasowanie: Miasto Bielsko-Bia\u0142a i Gmina Wilkowice<br \/>\nPartnerzy: Galeria Bielska BWA, Gminny O\u015brodek Kultury \u201ePromyk\u201d i Centrum Pulmonologii i Torakochirurgii w Bystrej w Bystrej, C&amp;A Foundation, Fundusz Partnerstwa, Clean Advantage, AQUA SA, WALA i Eko-Wt\u00f3r Jakubiec<\/p>\n<\/div>\n","protected":false},"excerpt":{"rendered":"<p>Tradycyjnie Festiwal Ekodzie\u0142o odby\u0142 si\u0119 w Gminie Wilkowice. W tym roku inspiracj\u0105 festiwalu by\u0142a kultura japo\u0144ska \u2013 sztuka ogrod\u00f3w, taniec Butoh, kr\u00f3tka forma poetycka haiku oraz teatrzyk Kamishibai. Niestety z powodu pandemii wydarzenia festiwalowe odby\u0142y si\u0119 bez udzia\u0142u mieszka\u0144c\u00f3w, a relacje filmowe z sadzenia sakur &#8211; wi\u015bni japo\u0144skich, performansu \u201eDrzewa wschodu\u201d oraz teatrzyku \u201eO samotnym [&hellip;]<\/p>\n","protected":false},"author":3,"featured_media":12622,"comment_status":"closed","ping_status":"closed","sticky":false,"template":"","format":"standard","meta":{"ngg_post_thumbnail":0},"categories":[1],"tags":[],"_links":{"self":[{"href":"https:\/\/archiwum.swietodrzewa.pl\/index.php?rest_route=\/wp\/v2\/posts\/12621"}],"collection":[{"href":"https:\/\/archiwum.swietodrzewa.pl\/index.php?rest_route=\/wp\/v2\/posts"}],"about":[{"href":"https:\/\/archiwum.swietodrzewa.pl\/index.php?rest_route=\/wp\/v2\/types\/post"}],"author":[{"embeddable":true,"href":"https:\/\/archiwum.swietodrzewa.pl\/index.php?rest_route=\/wp\/v2\/users\/3"}],"replies":[{"embeddable":true,"href":"https:\/\/archiwum.swietodrzewa.pl\/index.php?rest_route=%2Fwp%2Fv2%2Fcomments&post=12621"}],"version-history":[{"count":4,"href":"https:\/\/archiwum.swietodrzewa.pl\/index.php?rest_route=\/wp\/v2\/posts\/12621\/revisions"}],"predecessor-version":[{"id":12642,"href":"https:\/\/archiwum.swietodrzewa.pl\/index.php?rest_route=\/wp\/v2\/posts\/12621\/revisions\/12642"}],"wp:featuredmedia":[{"embeddable":true,"href":"https:\/\/archiwum.swietodrzewa.pl\/index.php?rest_route=\/wp\/v2\/media\/12622"}],"wp:attachment":[{"href":"https:\/\/archiwum.swietodrzewa.pl\/index.php?rest_route=%2Fwp%2Fv2%2Fmedia&parent=12621"}],"wp:term":[{"taxonomy":"category","embeddable":true,"href":"https:\/\/archiwum.swietodrzewa.pl\/index.php?rest_route=%2Fwp%2Fv2%2Fcategories&post=12621"},{"taxonomy":"post_tag","embeddable":true,"href":"https:\/\/archiwum.swietodrzewa.pl\/index.php?rest_route=%2Fwp%2Fv2%2Ftags&post=12621"}],"curies":[{"name":"wp","href":"https:\/\/api.w.org\/{rel}","templated":true}]}}