{"id":12638,"date":"2020-11-03T20:31:18","date_gmt":"2020-11-03T19:31:18","guid":{"rendered":"http:\/\/swietodrzewa.pl\/?p=12638"},"modified":"2020-11-04T11:51:58","modified_gmt":"2020-11-04T10:51:58","slug":"konkurs-drzewo-roku-2021-czekamy-na-zgloszenia","status":"publish","type":"post","link":"https:\/\/archiwum.swietodrzewa.pl\/?p=12638","title":{"rendered":"Konkurs Drzewo Roku 2021 \u2013 czekamy na zg\u0142oszenia!"},"content":{"rendered":"<p><strong>Je\u017celi w Twojej okolicy znajduje si\u0119 drzewo, z kt\u00f3rym wi\u0105\u017ce si\u0119 jaka\u015b ciekawa historia lub legenda, albo <\/strong><strong>z jakich\u015b powod\u00f3w jest ono wa\u017cne dla lokalnej spo\u0142eczno\u015bci lub dla Ciebie, to teraz jest doskona\u0142a okazja, aby je wypromowa\u0107 i zg\u0142osi\u0107 do konkursu Drzewo Roku Klubu Gaja. Ka\u017cdy mo\u017ce zg\u0142osi\u0107 swoje ukochane drzewo! Z nades\u0142anych zg\u0142osze\u0144 zostanie wy\u0142onionych 16 drzew &#8211; finalist\u00f3w, kt\u00f3re zawalcz\u0105 o tytu\u0142 Drzewa Roku 2021. Zwyci\u0119zca b\u0119dzie polskim reprezentantem w konkursie europejskim Tree of the Year 2022. Na zg\u0142oszenia czekamy do 30 listopada 2020 r.! <\/strong><!--more--><\/p>\n<p>Ju\u017c po raz 11. Klub Gaja szuka niezwyk\u0142ych drzew, kt\u00f3re \u0142\u0105cz\u0105 ludzi i przyrod\u0119. Dotychczas w fina\u0142ach konkursu Drzewo Roku znalaz\u0142o si\u0119 ponad 150 drzew z ca\u0142ej Polski. W\u015br\u00f3d nich s\u0105 te najstarsze, cenne przyrodniczo i historycznie, zachwycaj\u0105co pi\u0119kne, ale tak\u017ce te, wydawa\u0142oby si\u0119 niepozorne, z kt\u00f3rymi wi\u0105za\u0142y si\u0119 wzruszaj\u0105ce historie rodzin i pojedynczych ludzi. Cz\u0119sto do konkursu zg\u0142aszano drzewa, o kt\u00f3re mieszka\u0144cy toczyli nieustaj\u0105c\u0105 walk\u0119, by nie zosta\u0142y wyci\u0119te! Rozpropagowanie ich historii by\u0142o ostatni\u0105 szans\u0105 na ich ocalenie.<\/p>\n<p><strong><a href=\"http:\/\/swietodrzewa.pl\/wp-content\/uploads\/2020\/10\/Drzewo-Roku-2021.jpg\"><img loading=\"lazy\" class=\"alignleft wp-image-12614 size-medium\" src=\"http:\/\/swietodrzewa.pl\/wp-content\/uploads\/2020\/10\/Drzewo-Roku-2021-210x300.jpg\" alt=\"\" width=\"210\" height=\"300\" srcset=\"https:\/\/archiwum.swietodrzewa.pl\/wp-content\/uploads\/2020\/10\/Drzewo-Roku-2021-210x300.jpg 210w, https:\/\/archiwum.swietodrzewa.pl\/wp-content\/uploads\/2020\/10\/Drzewo-Roku-2021-768x1097.jpg 768w, https:\/\/archiwum.swietodrzewa.pl\/wp-content\/uploads\/2020\/10\/Drzewo-Roku-2021-717x1024.jpg 717w\" sizes=\"(max-width: 210px) 100vw, 210px\" \/><\/a>Jacek Bo\u017cek, za\u0142o\u017cyciel i szef Klubu Gaja<\/strong>, dodaje \u2013 \u201eW konkursie Drzewo Roku odkrywamy drzewa najbardziej kochane, drzewa z opowie\u015bci\u0105, kt\u00f3re pobudzaj\u0105 wyobra\u017ani\u0119 i jednocz\u0105 ludzi. Drzewa zakorzenione w historii i tradycji, a tak\u017ce we wsp\u00f3\u0142czesno\u015bci. To tak\u017ce doskona\u0142a okazja do promocji swojej miejscowo\u015bci, pi\u0119kna przyrody oraz integracji lokalnej spo\u0142eczno\u015bci. Drzewa s\u0105 naszymi przyjaci\u00f3\u0142mi. Warto je kocha\u0107 i szanowa\u0107\u201d.<\/p>\n<p><strong>Jak zg\u0142osi\u0107 drzewo do konkursu?<br \/>\n<\/strong>Wystarczy opisa\u0107 histori\u0119 drzewa w <strong><u><a href=\"http:\/\/swietodrzewa.pl\/wp-content\/uploads\/2020\/08\/formularz_konkurs_drzewo_roku_2021.doc\">formularzu zg\u0142oszeniowym<\/a><\/u> <\/strong>i wraz ze zdj\u0119ciem przes\u0142a\u0107 go na adres e-mailowy: <a href=\"http:\/\/swietodrzewa@klubgaja.pl\"><strong>swietodrzewa@klubgaja.pl&nbsp;<\/strong><\/a><\/p>\n<p><strong>Terminy<br \/>\n<\/strong>Na zg\u0142oszenia czekamy do 30 listopada 2020 r. Jury konkursu do ko\u0144ca lutego 2021 r. wy\u0142oni 16 finalist\u00f3w, kt\u00f3rzy b\u0119d\u0105 walczy\u0107 o tytu\u0142 Drzewa Roku 2021. Laureatem zostanie drzewo, kt\u00f3re zdob\u0119dzie najwi\u0119ksz\u0105 liczb\u0119 g\u0142os\u00f3w internaut\u00f3w podczas g\u0142osowania w czerwcu 2021 r. Zwyci\u0119skie drzewo b\u0119dzie reprezentowa\u0142o Polsk\u0119 w europejskim konkursie Tree of the Year 2022.<\/p>\n<p><strong>Kto mo\u017ce zg\u0142osi\u0107 kandydata?<\/strong><br \/>\nKa\u017cdy, dla kogo zg\u0142aszane drzewo jest wa\u017cne &#8211; osoby indywidualne, lokalne wsp\u00f3lnoty mieszka\u0144c\u00f3w, grupy nieformalne i s\u0105siedzkie, organizacje pozarz\u0105dowe, le\u015bnicy, plac\u00f3wki o\u015bwiatowe, urz\u0119dy miast i gmin, urz\u0119dy marsza\u0142kowskie i wojew\u00f3dzkie, instytucje czy firmy.<\/p>\n<p>\u201eW poprzednich edycjach konkursu polskie drzewa trzykrotnie stawa\u0142y na europejskim podium. W 2017 roku D\u0105b J\u00f3zef z Wi\u015bniowej w woj. podkarpackim zdoby\u0142 tytu\u0142 Europejskiego Drzewa Roku, z kolei w 2013 roku platan z K\u00f3z w woj. \u015bl\u0105skim zdoby\u0142 2. miejsce, a w 2014 roku na 3. miejscu uplasowa\u0142 si\u0119 D\u0105b Wybickiego z B\u0119domina w woj. pomorskim. Mamy nadziej\u0119, \u017ce kolejne polskie drzewa do\u0142\u0105cz\u0105 do tego zaszczytnego grona i b\u0119d\u0105 znane w ca\u0142ej Europie\u201d \u2013 m\u00f3wi<strong> Jolanta Migda\u0142 <\/strong><strong>z Klubu Gaja, koordynatorka konkursu Drzewo Roku.<\/strong><\/p>\n<p>Wi\u0119cej informacji na: &nbsp;<a href=\"http:\/\/www.drzeworoku.pl\">www.drzeworoku.pl<\/a> i <a href=\"http:\/\/www.swietodrzewa.pl\">www.swietodrzewa.pl<\/a> i <a href=\"http:\/\/www.treeoftheyear.org\">www.treeoftheyear.org<\/a>&nbsp;<\/p>\n<p><strong><u><a href=\"http:\/\/swietodrzewa.pl\/wp-content\/uploads\/2020\/08\/regulamin_konkursu_drzewo_roku_2021-skonwertowany.pdf\">Regulamin konkursu &gt;&gt;&gt;<\/a><\/u><\/strong><br \/>\n<strong><u><a href=\"http:\/\/swietodrzewa.pl\/wp-content\/uploads\/2020\/08\/formularz_konkurs_drzewo_roku_2021.doc\">Formularz zg\u0142oszeniowy &gt;&gt;&gt;<\/a><\/u><\/strong><br \/>\n<a href=\"http:\/\/swietodrzewa.pl\/wp-content\/uploads\/2020\/10\/Drzewo-Roku-2021_CMYK.pdf\"><strong>Plakat Drzewo Roku 2021 &gt;&gt;&gt;<\/strong><\/a><\/p>\n<p style=\"text-align: center;\"><strong>***<\/strong><\/p>\n<p><strong>Drzewo Roku <\/strong>to og\u00f3lnopolski konkurs organizowany przez Klub Gaja od 2011 roku. Plebiscyt propaguje postawy szacunku dla przyrody i konieczno\u015b\u0107 ochrony jej obiekt\u00f3w, jakimi s\u0105 drzewa. Zwraca uwag\u0119 na silne zwi\u0105zki pomi\u0119dzy kultur\u0105 i histori\u0105 danej spo\u0142eczno\u015bci, a drzewem, do kt\u00f3rego przywi\u0105zuje ona szczeg\u00f3lne znaczenie. Wy\u0142ania najwa\u017cniejsze i najbardziej kochane przez spo\u0142eczno\u015bci lokalne drzewa w naszym kraju. Zwyci\u0119zca krajowego plebiscytu reprezentuje w nast\u0119pnym roku nasz kraj w mi\u0119dzynarodowym konkursie <a href=\"https:\/\/pl.wikipedia.org\/wiki\/Europejskie_Drzewo_Roku_(konkurs)\">Europejskie Drzewo Roku (Tree of the Year).<\/a><\/p>\n<p><strong>Zwyci\u0119zcy poprzednich edycji Drzewa Roku:<a href=\"http:\/\/swietodrzewa.pl\/wp-content\/uploads\/2020\/07\/fot.jpg\"><img loading=\"lazy\" class=\"alignright wp-image-12264 size-medium\" src=\"http:\/\/swietodrzewa.pl\/wp-content\/uploads\/2020\/07\/fot-300x225.jpg\" alt=\"\" width=\"300\" height=\"225\" srcset=\"https:\/\/archiwum.swietodrzewa.pl\/wp-content\/uploads\/2020\/07\/fot-300x225.jpg 300w, https:\/\/archiwum.swietodrzewa.pl\/wp-content\/uploads\/2020\/07\/fot-768x576.jpg 768w, https:\/\/archiwum.swietodrzewa.pl\/wp-content\/uploads\/2020\/07\/fot-1024x768.jpg 1024w\" sizes=\"(max-width: 300px) 100vw, 300px\" \/><\/a><\/strong><\/p>\n<p>2020 \u2013 Lipa \u015bw. Jana Nepomucena w Dulczy Wielkiej (woj. podkarpackie)<\/p>\n<p>2019 \u2013 Bez czarny w Rzeszowie (woj. podkarpackie)<\/p>\n<p>2018 \u2013 Kl\u0119cz\u0105ce drzewo w Krasnymstawie (woj. lubelskie)<\/p>\n<p>2017 \u2013 Topola Helena w Helu (woj. pomorskie)<\/p>\n<p>2016 \u2013 D\u0105b J\u00f3zef w Wi\u015bniowej (woj. podkarpackie) \u2013 1 miejsce w konkursie Europejskie Drzewo Roku 2017<\/p>\n<p>2015 \u2013 D\u0105b Bolko w Hniszowie (woj. lubelskie)<\/p>\n<p>2014 \u2013 D\u0105b S\u0142owianin w D\u0119binie (woj. dolno\u015bl\u0105skie)<\/p>\n<p>2013 \u2013 D\u0105b Wybickiego w B\u0119dominie (woj. pomorskie) \u2013 3 miejsce w konkursie Europejskie Drzewo Roku 2014<\/p>\n<p>2012 \u2013 Platan w Kozach (woj. \u015bl\u0105skie) \u2013 2 miejsce konkursie Europejskie Drzewo Roku 2013<\/p>\n<p>2011 \u2013 D\u0105b Grot w D\u0119blinie (woj. lubelskie)&nbsp;<\/p>\n<h3>Drzewa mog\u0105 m\u00f3wi\u0107, s\u0105 cz\u0119\u015bci\u0105 naszego dziedzictwa narodowego i przyrodniczego. Pom\u00f3\u017c nam je sadzi\u0107, chroni\u0107 i opiekowa\u0107 si\u0119 nimi. Wsp\u00f3lnie posadzili\u015bmy ju\u017c ponad 930 tysi\u0119cy drzew!<\/h3>\n<p>Przeka\u017c darowizn\u0119 Klubowi Gaja \u2013 nr konta:&nbsp;<strong>90 2030 0045 1110 0000 0067 3120<\/strong><strong><br \/>\n<\/strong>Mo\u017cesz te\u017c przekaza\u0107 1% Swojego podatku Klubowi Gaja \u2013&nbsp;<strong>KRS 0000120069<\/strong><\/p>\n<p>Na zdj\u0119ciu: Lipa \u015bw. Jana Nepomucena w Dulczy Wielkiej- Drzewo Roku 2020<\/p>\n","protected":false},"excerpt":{"rendered":"<p>Je\u017celi w Twojej okolicy znajduje si\u0119 drzewo, z kt\u00f3rym wi\u0105\u017ce si\u0119 jaka\u015b ciekawa historia lub legenda, albo z jakich\u015b powod\u00f3w jest ono wa\u017cne dla lokalnej spo\u0142eczno\u015bci lub dla Ciebie, to teraz jest doskona\u0142a okazja, aby je wypromowa\u0107 i zg\u0142osi\u0107 do konkursu Drzewo Roku Klubu Gaja. Ka\u017cdy mo\u017ce zg\u0142osi\u0107 swoje ukochane drzewo! Z nades\u0142anych zg\u0142osze\u0144 zostanie [&hellip;]<\/p>\n","protected":false},"author":3,"featured_media":12614,"comment_status":"closed","ping_status":"closed","sticky":false,"template":"","format":"standard","meta":{"ngg_post_thumbnail":0},"categories":[24],"tags":[],"_links":{"self":[{"href":"https:\/\/archiwum.swietodrzewa.pl\/index.php?rest_route=\/wp\/v2\/posts\/12638"}],"collection":[{"href":"https:\/\/archiwum.swietodrzewa.pl\/index.php?rest_route=\/wp\/v2\/posts"}],"about":[{"href":"https:\/\/archiwum.swietodrzewa.pl\/index.php?rest_route=\/wp\/v2\/types\/post"}],"author":[{"embeddable":true,"href":"https:\/\/archiwum.swietodrzewa.pl\/index.php?rest_route=\/wp\/v2\/users\/3"}],"replies":[{"embeddable":true,"href":"https:\/\/archiwum.swietodrzewa.pl\/index.php?rest_route=%2Fwp%2Fv2%2Fcomments&post=12638"}],"version-history":[{"count":3,"href":"https:\/\/archiwum.swietodrzewa.pl\/index.php?rest_route=\/wp\/v2\/posts\/12638\/revisions"}],"predecessor-version":[{"id":12641,"href":"https:\/\/archiwum.swietodrzewa.pl\/index.php?rest_route=\/wp\/v2\/posts\/12638\/revisions\/12641"}],"wp:featuredmedia":[{"embeddable":true,"href":"https:\/\/archiwum.swietodrzewa.pl\/index.php?rest_route=\/wp\/v2\/media\/12614"}],"wp:attachment":[{"href":"https:\/\/archiwum.swietodrzewa.pl\/index.php?rest_route=%2Fwp%2Fv2%2Fmedia&parent=12638"}],"wp:term":[{"taxonomy":"category","embeddable":true,"href":"https:\/\/archiwum.swietodrzewa.pl\/index.php?rest_route=%2Fwp%2Fv2%2Fcategories&post=12638"},{"taxonomy":"post_tag","embeddable":true,"href":"https:\/\/archiwum.swietodrzewa.pl\/index.php?rest_route=%2Fwp%2Fv2%2Ftags&post=12638"}],"curies":[{"name":"wp","href":"https:\/\/api.w.org\/{rel}","templated":true}]}}