{"id":12644,"date":"2020-11-12T10:37:37","date_gmt":"2020-11-12T09:37:37","guid":{"rendered":"http:\/\/swietodrzewa.pl\/?p=12644"},"modified":"2020-11-12T10:43:39","modified_gmt":"2020-11-12T09:43:39","slug":"zielone-plewiska-sadzimy","status":"publish","type":"post","link":"https:\/\/archiwum.swietodrzewa.pl\/?p=12644","title":{"rendered":"Zielone Plewiska &#8211; sadzimy!"},"content":{"rendered":"<p class=\"lead\"><strong>W pi\u0105tek i sobot\u0119 (6-7 listopad) w ramach \u015awi\u0119ta Drzewa i akcji Zielone-Plewiska odby\u0142o si\u0119 kolejne wsp\u00f3lne sadzenie drzew w miejscowo\u015bci Plewiska pod Poznaniem. W tym roku mieszka\u0144cy posadzili 13 klon\u00f3w przy Szkole Podstawowej numer 2.<\/strong><!--more--><\/p>\n<div class=\"body\">\n<p>W ramach uzupe\u0142nie\u0144 drzewek mieszka\u0144cy posadzili r\u00f3wnie\u017c:<\/p>\n<p>&#8211; 8 jarz\u0119bin na ul. Skrytej<\/p>\n<p>&#8211; 2 klony na ul. Stawnej<\/p>\n<p>&#8211; 3 brzozy na ul. T\u0119czowej<\/p>\n<p>&#8211; 4 jarz\u0119biny otrzyma\u0142o te\u017c przedszkole T\u0119czowe Kredki<\/p>\n<p>\n<div class=\"ngg-galleryoverview ngg-slideshow\"\n\tid=\"ngg-slideshow-60bdc29341e3dfa513a977da4b621b65-18846703860\"\n\tdata-gallery-id=\"60bdc29341e3dfa513a977da4b621b65\"\n\tstyle=\"max-width: 600px;\n\t\t\tmax-height: 450px;\n\t\t\tdisplay: none;\">\n\n\t\n\t\t<a href=\"https:\/\/archiwum.swietodrzewa.pl\/wp-content\/gallery\/zielone-plewiska-2020\/124163138_3535276813224947_5647244979185630838_n.jpg\"\n\t\t\ttitle=\"\"\n\t\t\tdata-src=\"https:\/\/archiwum.swietodrzewa.pl\/wp-content\/gallery\/zielone-plewiska-2020\/124163138_3535276813224947_5647244979185630838_n.jpg\"\n\t\t\tdata-thumbnail=\"https:\/\/archiwum.swietodrzewa.pl\/wp-content\/gallery\/zielone-plewiska-2020\/thumbs\/thumbs_124163138_3535276813224947_5647244979185630838_n.jpg\"\n\t\t\tdata-image-id=\"1882\"\n\t\t\tdata-title=\"124163138_3535276813224947_5647244979185630838_n\"\n\t\t\tdata-description=\"\"\n\t\t\tclass=\"shutterset_60bdc29341e3dfa513a977da4b621b65\">\n\n\t\t\t<img data-image-id='1882'\n\t\t\t\ttitle=\"\"\n\t\t\t\talt=\"124163138_3535276813224947_5647244979185630838_n\"\n\t\t\t\tsrc=\"https:\/\/archiwum.swietodrzewa.pl\/wp-content\/gallery\/zielone-plewiska-2020\/124163138_3535276813224947_5647244979185630838_n.jpg\"\n\t\t\t\tstyle=\"max-height: 430px;\"\/>\n\t\t<\/a>\n\n\t\t\n\t\t<a href=\"https:\/\/archiwum.swietodrzewa.pl\/wp-content\/gallery\/zielone-plewiska-2020\/124170800_3535276656558296_7706028008914959858_n.jpg\"\n\t\t\ttitle=\"\"\n\t\t\tdata-src=\"https:\/\/archiwum.swietodrzewa.pl\/wp-content\/gallery\/zielone-plewiska-2020\/124170800_3535276656558296_7706028008914959858_n.jpg\"\n\t\t\tdata-thumbnail=\"https:\/\/archiwum.swietodrzewa.pl\/wp-content\/gallery\/zielone-plewiska-2020\/thumbs\/thumbs_124170800_3535276656558296_7706028008914959858_n.jpg\"\n\t\t\tdata-image-id=\"1883\"\n\t\t\tdata-title=\"124170800_3535276656558296_7706028008914959858_n\"\n\t\t\tdata-description=\"\"\n\t\t\tclass=\"shutterset_60bdc29341e3dfa513a977da4b621b65\">\n\n\t\t\t<img data-image-id='1883'\n\t\t\t\ttitle=\"\"\n\t\t\t\talt=\"124170800_3535276656558296_7706028008914959858_n\"\n\t\t\t\tsrc=\"https:\/\/archiwum.swietodrzewa.pl\/wp-content\/gallery\/zielone-plewiska-2020\/124170800_3535276656558296_7706028008914959858_n.jpg\"\n\t\t\t\tstyle=\"max-height: 430px;\"\/>\n\t\t<\/a>\n\n\t\t\n\t\t<a href=\"https:\/\/archiwum.swietodrzewa.pl\/wp-content\/gallery\/zielone-plewiska-2020\/124188073_3535276366558325_6270275962377664154_n.jpg\"\n\t\t\ttitle=\"\"\n\t\t\tdata-src=\"https:\/\/archiwum.swietodrzewa.pl\/wp-content\/gallery\/zielone-plewiska-2020\/124188073_3535276366558325_6270275962377664154_n.jpg\"\n\t\t\tdata-thumbnail=\"https:\/\/archiwum.swietodrzewa.pl\/wp-content\/gallery\/zielone-plewiska-2020\/thumbs\/thumbs_124188073_3535276366558325_6270275962377664154_n.jpg\"\n\t\t\tdata-image-id=\"1884\"\n\t\t\tdata-title=\"124188073_3535276366558325_6270275962377664154_n\"\n\t\t\tdata-description=\"\"\n\t\t\tclass=\"shutterset_60bdc29341e3dfa513a977da4b621b65\">\n\n\t\t\t<img data-image-id='1884'\n\t\t\t\ttitle=\"\"\n\t\t\t\talt=\"124188073_3535276366558325_6270275962377664154_n\"\n\t\t\t\tsrc=\"https:\/\/archiwum.swietodrzewa.pl\/wp-content\/gallery\/zielone-plewiska-2020\/124188073_3535276366558325_6270275962377664154_n.jpg\"\n\t\t\t\tstyle=\"max-height: 430px;\"\/>\n\t\t<\/a>\n\n\t\t\n\t\t<a href=\"https:\/\/archiwum.swietodrzewa.pl\/wp-content\/gallery\/zielone-plewiska-2020\/IMG_9250.JPG\"\n\t\t\ttitle=\"\"\n\t\t\tdata-src=\"https:\/\/archiwum.swietodrzewa.pl\/wp-content\/gallery\/zielone-plewiska-2020\/IMG_9250.JPG\"\n\t\t\tdata-thumbnail=\"https:\/\/archiwum.swietodrzewa.pl\/wp-content\/gallery\/zielone-plewiska-2020\/thumbs\/thumbs_IMG_9250.JPG\"\n\t\t\tdata-image-id=\"1885\"\n\t\t\tdata-title=\"IMG_9250\"\n\t\t\tdata-description=\"\"\n\t\t\tclass=\"shutterset_60bdc29341e3dfa513a977da4b621b65\">\n\n\t\t\t<img data-image-id='1885'\n\t\t\t\ttitle=\"\"\n\t\t\t\talt=\"IMG_9250\"\n\t\t\t\tsrc=\"https:\/\/archiwum.swietodrzewa.pl\/wp-content\/gallery\/zielone-plewiska-2020\/IMG_9250.JPG\"\n\t\t\t\tstyle=\"max-height: 430px;\"\/>\n\t\t<\/a>\n\n\t\t\n\t\t<a href=\"https:\/\/archiwum.swietodrzewa.pl\/wp-content\/gallery\/zielone-plewiska-2020\/IMG_9258.JPG\"\n\t\t\ttitle=\"\"\n\t\t\tdata-src=\"https:\/\/archiwum.swietodrzewa.pl\/wp-content\/gallery\/zielone-plewiska-2020\/IMG_9258.JPG\"\n\t\t\tdata-thumbnail=\"https:\/\/archiwum.swietodrzewa.pl\/wp-content\/gallery\/zielone-plewiska-2020\/thumbs\/thumbs_IMG_9258.JPG\"\n\t\t\tdata-image-id=\"1886\"\n\t\t\tdata-title=\"IMG_9258\"\n\t\t\tdata-description=\"\"\n\t\t\tclass=\"shutterset_60bdc29341e3dfa513a977da4b621b65\">\n\n\t\t\t<img data-image-id='1886'\n\t\t\t\ttitle=\"\"\n\t\t\t\talt=\"IMG_9258\"\n\t\t\t\tsrc=\"https:\/\/archiwum.swietodrzewa.pl\/wp-content\/gallery\/zielone-plewiska-2020\/IMG_9258.JPG\"\n\t\t\t\tstyle=\"max-height: 430px;\"\/>\n\t\t<\/a>\n\n\t\t<\/div>\n\n\nW sumie 30 drzew dla Plewisk ufundowa\u0142a firma GASA Group Poland, kt\u00f3ra aktywnie wspiera lokalne inicjatywy na rzecz ochrony \u015brodowiska. Dzi\u0119kujemy!<\/p>\n<p>&nbsp;<\/p>\n<p>&nbsp;<\/p>\n<\/div>\n","protected":false},"excerpt":{"rendered":"<p>W pi\u0105tek i sobot\u0119 (6-7 listopad) w ramach \u015awi\u0119ta Drzewa i akcji Zielone-Plewiska odby\u0142o si\u0119 kolejne wsp\u00f3lne sadzenie drzew w miejscowo\u015bci Plewiska pod Poznaniem. W tym roku mieszka\u0144cy posadzili 13 klon\u00f3w przy Szkole Podstawowej numer 2.<\/p>\n","protected":false},"author":3,"featured_media":12645,"comment_status":"closed","ping_status":"closed","sticky":false,"template":"","format":"standard","meta":{"ngg_post_thumbnail":0},"categories":[17],"tags":[],"_links":{"self":[{"href":"https:\/\/archiwum.swietodrzewa.pl\/index.php?rest_route=\/wp\/v2\/posts\/12644"}],"collection":[{"href":"https:\/\/archiwum.swietodrzewa.pl\/index.php?rest_route=\/wp\/v2\/posts"}],"about":[{"href":"https:\/\/archiwum.swietodrzewa.pl\/index.php?rest_route=\/wp\/v2\/types\/post"}],"author":[{"embeddable":true,"href":"https:\/\/archiwum.swietodrzewa.pl\/index.php?rest_route=\/wp\/v2\/users\/3"}],"replies":[{"embeddable":true,"href":"https:\/\/archiwum.swietodrzewa.pl\/index.php?rest_route=%2Fwp%2Fv2%2Fcomments&post=12644"}],"version-history":[{"count":5,"href":"https:\/\/archiwum.swietodrzewa.pl\/index.php?rest_route=\/wp\/v2\/posts\/12644\/revisions"}],"predecessor-version":[{"id":12656,"href":"https:\/\/archiwum.swietodrzewa.pl\/index.php?rest_route=\/wp\/v2\/posts\/12644\/revisions\/12656"}],"wp:featuredmedia":[{"embeddable":true,"href":"https:\/\/archiwum.swietodrzewa.pl\/index.php?rest_route=\/wp\/v2\/media\/12645"}],"wp:attachment":[{"href":"https:\/\/archiwum.swietodrzewa.pl\/index.php?rest_route=%2Fwp%2Fv2%2Fmedia&parent=12644"}],"wp:term":[{"taxonomy":"category","embeddable":true,"href":"https:\/\/archiwum.swietodrzewa.pl\/index.php?rest_route=%2Fwp%2Fv2%2Fcategories&post=12644"},{"taxonomy":"post_tag","embeddable":true,"href":"https:\/\/archiwum.swietodrzewa.pl\/index.php?rest_route=%2Fwp%2Fv2%2Ftags&post=12644"}],"curies":[{"name":"wp","href":"https:\/\/api.w.org\/{rel}","templated":true}]}}