{"id":12661,"date":"2020-11-28T19:37:57","date_gmt":"2020-11-28T18:37:57","guid":{"rendered":"http:\/\/swietodrzewa.pl\/?p=12661"},"modified":"2020-11-28T19:42:17","modified_gmt":"2020-11-28T18:42:17","slug":"swieto-drzewa-w-katowicach-4","status":"publish","type":"post","link":"https:\/\/archiwum.swietodrzewa.pl\/?p=12661","title":{"rendered":"\u015awi\u0119to Drzewa w Katowicach"},"content":{"rendered":"<p class=\"lead\"><strong>Jesie\u0144 to idealna pora na dokonanie zmian w ogrodzie z my\u015bl\u0105 o przyrodzie i zwierz\u0119tach. W tym roku, w ramach 18 edycji \u015awi\u0119ta Drzewa, Klub Gaja wsp\u00f3lnie z Miastem Katowice zorganizowa\u0142 17 listopada akcj\u0119 sadzenia drzew i krzew\u00f3w owocowych oraz warsztaty budowy budek l\u0119gowych dla ptak\u00f3w w ogrodzie II Liceum Og\u00f3lnokszta\u0142c\u0105cego w Katowicach. Niestety z powodu pandemii wydarzenie odby\u0142o si\u0119 bez udzia\u0142u licealist\u00f3w, ale specjalnie dla nich nakr\u0119cono kr\u00f3tki film z akcji tworzenia przyjaznego ogrodu dla zwierz\u0105t. Znajdziecie w nim podpowiedzi, jak zrobi\u0107 budk\u0119 l\u0119gow\u0105 i jak prawid\u0142owo zawiesi\u0107 j\u0105 na drzewie.<\/strong><!--more--><\/p>\n<div class=\"body\">\n<p>Je\u015bli chcemy zaprosi\u0107 skrzydlatych przyjaci\u00f3\u0142 do swojego ogrodu powinni\u015bmy zapewniaj\u0105c im bezpieczne schronienie i pokarm. Wpisuj\u0105c si\u0119 w tegoroczne has\u0142o \u201e\u015awi\u0119to Drzewa \u2013 dla zwierz\u0105t!\u201d edukatorzy Klubu Gaja z my\u015bl\u0105 o ptakach posadzili w ogrodzie przyszkolnym g\u0142ogi, porzeczki, \u015bwido\u015bliwy i aronie. Nasadzeniom drzew i krzew\u00f3w towarzyszy\u0142y warsztaty budowy budek l\u0119gowych dla ptak\u00f3w. Budki typu A, do kt\u00f3rej wlot nawiercamy na \u015brednic\u0119 ok. 3 cm mo\u017ce zasiedli\u0107 m.in. sikora bogatka, mazurek, wr\u00f3bel, sikora modra, pleszka, kowalik, mucho\u0142\u00f3wka. Natomiast budk\u0119 typu B, kt\u00f3rej wlot ma ok. 4,5 cm mo\u017ce zasiedli\u0107 tak\u017ce szpak czy jerzyk.<\/p>\n<p><strong>Danuta Nabia\u0142kowska,<\/strong>&nbsp;nauczycielka z II LO w Katowicach, powiedzia\u0142a \u2013 \u201eProjekt nasadzenia krzew\u00f3w owocowych na terenie naszej szko\u0142y stanowi du\u017c\u0105 atrakcj\u0119 dla wszystkich mi\u0142o\u015bnik\u00f3w przyrody ucz\u0119szczaj\u0105cych do naszego liceum. R\u00f3\u017cnorodne krzewy owocowe s\u0105 cennym obiektem dydaktycznym, umo\u017cliwiaj\u0105cym m\u0142odzie\u017cy poznanie charakterystycznych cech poszczeg\u00f3lnych gatunk\u00f3w. M\u0142odzie\u017c b\u0119dzie mog\u0142a na \u017cywo obserwowa\u0107 zmiany zachodz\u0105ce na poszczeg\u00f3lnych krzewach w zale\u017cno\u015bci od pory roku, ich wzrost, kwitnienie i owocowanie. Zainstalowanie dodatkowo w s\u0105siedztwie krzew\u00f3w budek l\u0119gowych dla ptak\u00f3w, pozwoli na zasiedlenie ich przez ciekawe gatunki ptak\u00f3w, a dzi\u0119ki temu poka\u017ce r\u00f3wnie\u017c zale\u017cno\u015bci mi\u0119dzy poszczeg\u00f3lnymi gatunkami fauny i flory. Jednym z zada\u0144 m\u0142odzie\u017cy b\u0119dzie opieka nad krzewami i regularne czyszczenie budek l\u0119gowych. W ten spos\u00f3b zostanie osi\u0105gni\u0119ty r\u00f3wnocze\u015bnie cel edukacyjny i wychowawczy w naszej szkole\u201d.<\/p>\n<p>Budki l\u0119gowe dla ptak\u00f3w mo\u017cna wiesza\u0107 od jesieni do wczesnej wiosny. W okresie jesienno-zimowym mog\u0105 by\u0107 wykorzystane jako miejsce noclegu dla ptak\u00f3w, a wiosn\u0105 do budowy gniazda i wychowu piskl\u0105t. Najlepiej zawiesi\u0107 je w drzewostanach, zar\u00f3wno li\u015bciastych, jak i iglastych, gdzie brakuje naturalnych dziupli. Podpowied\u017a, jak prawid\u0142owo zawiesi\u0107 budk\u0119 l\u0119gow\u0105 znajdziecie w kr\u00f3tkim filmie, kt\u00f3ry zosta\u0142 nakr\u0119cony z realizacji warsztat\u00f3w.<\/p>\n<p>\n<div class=\"ngg-galleryoverview ngg-slideshow\"\n\tid=\"ngg-slideshow-3458cea66fbb7cbd75888b097163346f-912029900\"\n\tdata-gallery-id=\"3458cea66fbb7cbd75888b097163346f\"\n\tstyle=\"max-width: 600px;\n\t\t\tmax-height: 450px;\n\t\t\tdisplay: none;\">\n\n\t\n\t\t<a href=\"https:\/\/archiwum.swietodrzewa.pl\/wp-content\/gallery\/swieto-drzewa-w-katowicach-1\/127108399_3868110983199993_450639241772978271_o.jpg\"\n\t\t\ttitle=\"\"\n\t\t\tdata-src=\"https:\/\/archiwum.swietodrzewa.pl\/wp-content\/gallery\/swieto-drzewa-w-katowicach-1\/127108399_3868110983199993_450639241772978271_o.jpg\"\n\t\t\tdata-thumbnail=\"https:\/\/archiwum.swietodrzewa.pl\/wp-content\/gallery\/swieto-drzewa-w-katowicach-1\/thumbs\/thumbs_127108399_3868110983199993_450639241772978271_o.jpg\"\n\t\t\tdata-image-id=\"1887\"\n\t\t\tdata-title=\"127108399_3868110983199993_450639241772978271_o\"\n\t\t\tdata-description=\"\"\n\t\t\tclass=\"shutterset_3458cea66fbb7cbd75888b097163346f\">\n\n\t\t\t<img data-image-id='1887'\n\t\t\t\ttitle=\"\"\n\t\t\t\talt=\"127108399_3868110983199993_450639241772978271_o\"\n\t\t\t\tsrc=\"https:\/\/archiwum.swietodrzewa.pl\/wp-content\/gallery\/swieto-drzewa-w-katowicach-1\/127108399_3868110983199993_450639241772978271_o.jpg\"\n\t\t\t\tstyle=\"max-height: 430px;\"\/>\n\t\t<\/a>\n\n\t\t\n\t\t<a href=\"https:\/\/archiwum.swietodrzewa.pl\/wp-content\/gallery\/swieto-drzewa-w-katowicach-1\/127959847_3868109326533492_4421324752331474228_o.jpg\"\n\t\t\ttitle=\"\"\n\t\t\tdata-src=\"https:\/\/archiwum.swietodrzewa.pl\/wp-content\/gallery\/swieto-drzewa-w-katowicach-1\/127959847_3868109326533492_4421324752331474228_o.jpg\"\n\t\t\tdata-thumbnail=\"https:\/\/archiwum.swietodrzewa.pl\/wp-content\/gallery\/swieto-drzewa-w-katowicach-1\/thumbs\/thumbs_127959847_3868109326533492_4421324752331474228_o.jpg\"\n\t\t\tdata-image-id=\"1888\"\n\t\t\tdata-title=\"127959847_3868109326533492_4421324752331474228_o\"\n\t\t\tdata-description=\"\"\n\t\t\tclass=\"shutterset_3458cea66fbb7cbd75888b097163346f\">\n\n\t\t\t<img data-image-id='1888'\n\t\t\t\ttitle=\"\"\n\t\t\t\talt=\"127959847_3868109326533492_4421324752331474228_o\"\n\t\t\t\tsrc=\"https:\/\/archiwum.swietodrzewa.pl\/wp-content\/gallery\/swieto-drzewa-w-katowicach-1\/127959847_3868109326533492_4421324752331474228_o.jpg\"\n\t\t\t\tstyle=\"max-height: 430px;\"\/>\n\t\t<\/a>\n\n\t\t\n\t\t<a href=\"https:\/\/archiwum.swietodrzewa.pl\/wp-content\/gallery\/swieto-drzewa-w-katowicach-1\/128203962_3868110256533399_1027197191137424807_o.jpg\"\n\t\t\ttitle=\"\"\n\t\t\tdata-src=\"https:\/\/archiwum.swietodrzewa.pl\/wp-content\/gallery\/swieto-drzewa-w-katowicach-1\/128203962_3868110256533399_1027197191137424807_o.jpg\"\n\t\t\tdata-thumbnail=\"https:\/\/archiwum.swietodrzewa.pl\/wp-content\/gallery\/swieto-drzewa-w-katowicach-1\/thumbs\/thumbs_128203962_3868110256533399_1027197191137424807_o.jpg\"\n\t\t\tdata-image-id=\"1889\"\n\t\t\tdata-title=\"128203962_3868110256533399_1027197191137424807_o\"\n\t\t\tdata-description=\"\"\n\t\t\tclass=\"shutterset_3458cea66fbb7cbd75888b097163346f\">\n\n\t\t\t<img data-image-id='1889'\n\t\t\t\ttitle=\"\"\n\t\t\t\talt=\"128203962_3868110256533399_1027197191137424807_o\"\n\t\t\t\tsrc=\"https:\/\/archiwum.swietodrzewa.pl\/wp-content\/gallery\/swieto-drzewa-w-katowicach-1\/128203962_3868110256533399_1027197191137424807_o.jpg\"\n\t\t\t\tstyle=\"max-height: 430px;\"\/>\n\t\t<\/a>\n\n\t\t\n\t\t<a href=\"https:\/\/archiwum.swietodrzewa.pl\/wp-content\/gallery\/swieto-drzewa-w-katowicach-1\/128277766_3868109726533452_6003224796093092731_o.jpg\"\n\t\t\ttitle=\"\"\n\t\t\tdata-src=\"https:\/\/archiwum.swietodrzewa.pl\/wp-content\/gallery\/swieto-drzewa-w-katowicach-1\/128277766_3868109726533452_6003224796093092731_o.jpg\"\n\t\t\tdata-thumbnail=\"https:\/\/archiwum.swietodrzewa.pl\/wp-content\/gallery\/swieto-drzewa-w-katowicach-1\/thumbs\/thumbs_128277766_3868109726533452_6003224796093092731_o.jpg\"\n\t\t\tdata-image-id=\"1890\"\n\t\t\tdata-title=\"128277766_3868109726533452_6003224796093092731_o\"\n\t\t\tdata-description=\"\"\n\t\t\tclass=\"shutterset_3458cea66fbb7cbd75888b097163346f\">\n\n\t\t\t<img data-image-id='1890'\n\t\t\t\ttitle=\"\"\n\t\t\t\talt=\"128277766_3868109726533452_6003224796093092731_o\"\n\t\t\t\tsrc=\"https:\/\/archiwum.swietodrzewa.pl\/wp-content\/gallery\/swieto-drzewa-w-katowicach-1\/128277766_3868109726533452_6003224796093092731_o.jpg\"\n\t\t\t\tstyle=\"max-height: 430px;\"\/>\n\t\t<\/a>\n\n\t\t\n\t\t<a href=\"https:\/\/archiwum.swietodrzewa.pl\/wp-content\/gallery\/swieto-drzewa-w-katowicach-1\/128388426_3868111196533305_696130245188964939_o.jpg\"\n\t\t\ttitle=\"\"\n\t\t\tdata-src=\"https:\/\/archiwum.swietodrzewa.pl\/wp-content\/gallery\/swieto-drzewa-w-katowicach-1\/128388426_3868111196533305_696130245188964939_o.jpg\"\n\t\t\tdata-thumbnail=\"https:\/\/archiwum.swietodrzewa.pl\/wp-content\/gallery\/swieto-drzewa-w-katowicach-1\/thumbs\/thumbs_128388426_3868111196533305_696130245188964939_o.jpg\"\n\t\t\tdata-image-id=\"1891\"\n\t\t\tdata-title=\"128388426_3868111196533305_696130245188964939_o\"\n\t\t\tdata-description=\"\"\n\t\t\tclass=\"shutterset_3458cea66fbb7cbd75888b097163346f\">\n\n\t\t\t<img data-image-id='1891'\n\t\t\t\ttitle=\"\"\n\t\t\t\talt=\"128388426_3868111196533305_696130245188964939_o\"\n\t\t\t\tsrc=\"https:\/\/archiwum.swietodrzewa.pl\/wp-content\/gallery\/swieto-drzewa-w-katowicach-1\/128388426_3868111196533305_696130245188964939_o.jpg\"\n\t\t\t\tstyle=\"max-height: 430px;\"\/>\n\t\t<\/a>\n\n\t\t\n\t\t<a href=\"https:\/\/archiwum.swietodrzewa.pl\/wp-content\/gallery\/swieto-drzewa-w-katowicach-1\/128393813_3868110429866715_2052781445579132638_o.jpg\"\n\t\t\ttitle=\"\"\n\t\t\tdata-src=\"https:\/\/archiwum.swietodrzewa.pl\/wp-content\/gallery\/swieto-drzewa-w-katowicach-1\/128393813_3868110429866715_2052781445579132638_o.jpg\"\n\t\t\tdata-thumbnail=\"https:\/\/archiwum.swietodrzewa.pl\/wp-content\/gallery\/swieto-drzewa-w-katowicach-1\/thumbs\/thumbs_128393813_3868110429866715_2052781445579132638_o.jpg\"\n\t\t\tdata-image-id=\"1892\"\n\t\t\tdata-title=\"128393813_3868110429866715_2052781445579132638_o\"\n\t\t\tdata-description=\"\"\n\t\t\tclass=\"shutterset_3458cea66fbb7cbd75888b097163346f\">\n\n\t\t\t<img data-image-id='1892'\n\t\t\t\ttitle=\"\"\n\t\t\t\talt=\"128393813_3868110429866715_2052781445579132638_o\"\n\t\t\t\tsrc=\"https:\/\/archiwum.swietodrzewa.pl\/wp-content\/gallery\/swieto-drzewa-w-katowicach-1\/128393813_3868110429866715_2052781445579132638_o.jpg\"\n\t\t\t\tstyle=\"max-height: 430px;\"\/>\n\t\t<\/a>\n\n\t\t\n\t\t<a href=\"https:\/\/archiwum.swietodrzewa.pl\/wp-content\/gallery\/swieto-drzewa-w-katowicach-1\/128406300_3868111289866629_7469548884090075964_o.jpg\"\n\t\t\ttitle=\"\"\n\t\t\tdata-src=\"https:\/\/archiwum.swietodrzewa.pl\/wp-content\/gallery\/swieto-drzewa-w-katowicach-1\/128406300_3868111289866629_7469548884090075964_o.jpg\"\n\t\t\tdata-thumbnail=\"https:\/\/archiwum.swietodrzewa.pl\/wp-content\/gallery\/swieto-drzewa-w-katowicach-1\/thumbs\/thumbs_128406300_3868111289866629_7469548884090075964_o.jpg\"\n\t\t\tdata-image-id=\"1893\"\n\t\t\tdata-title=\"128406300_3868111289866629_7469548884090075964_o\"\n\t\t\tdata-description=\"\"\n\t\t\tclass=\"shutterset_3458cea66fbb7cbd75888b097163346f\">\n\n\t\t\t<img data-image-id='1893'\n\t\t\t\ttitle=\"\"\n\t\t\t\talt=\"128406300_3868111289866629_7469548884090075964_o\"\n\t\t\t\tsrc=\"https:\/\/archiwum.swietodrzewa.pl\/wp-content\/gallery\/swieto-drzewa-w-katowicach-1\/128406300_3868111289866629_7469548884090075964_o.jpg\"\n\t\t\t\tstyle=\"max-height: 430px;\"\/>\n\t\t<\/a>\n\n\t\t<\/div>\n\n\n<strong>Jaros\u0142aw Kasprzyk<\/strong>, edukator Klubu Gaja, wyja\u015bnia \u2013 \u201eAby prawid\u0142owo powiesi\u0107 budk\u0119 l\u0119gow\u0105 nale\u017cy zwr\u00f3ci\u0107 uwag\u0119 na kilka rzeczy. Wylot budki powinien by\u0107 skierowany na p\u00f3\u0142noc lub p\u00f3\u0142nocny wsch\u00f3d co zabezpieczy j\u0105 przed zacinaj\u0105cym deszczem, poniewa\u017c w Polsce wi\u0119kszo\u015b\u0107 opad\u00f3w przychodzi z zachodu. Budk\u0119 wieszamy jak najbardziej pionowo na wysoko\u015bci 2 \u2013 4 m. To wysoko\u015b\u0107 preferowana przez wiele gatunk\u00f3w ptak\u00f3w. Dobrze, gdy budka jest ocieniona, jednak ga\u0142\u0119zie nie powinny zas\u0142ania\u0107 wlotu do niej. Do zawieszenia budki najlepiej u\u017cy\u0107 ocynkowanych gwo\u017adzi, kt\u00f3re nie b\u0119d\u0105 rdzewie\u0107, dzi\u0119ki czemu budka b\u0119dzie d\u0142u\u017cej wisia\u0142a i nie zaszkodzi to drzewu\u201d.&nbsp;&nbsp;&nbsp;<\/p>\n<p><strong>Jacek Bo\u017cek,<\/strong>&nbsp;szef i za\u0142o\u017cyciel Klubu Gaja, podsumowuj\u0105c akcj\u0119 powiedzia\u0142&nbsp; \u2013 \u201eNie mo\u017cemy pomimo przeszk\u00f3d wstrzyma\u0107 naszej pracy dla dobra zwierz\u0105t i planety. Zmiany klimatu i zanik r\u00f3\u017cnorodno\u015bci biologicznej nie b\u0119dzie czeka\u0142 a\u017c pandemia si\u0119 zako\u0144czy. Jest to tym bardziej wa\u017cne, \u017ce problemy spowodowane np. susz\u0105 mog\u0105 doprowadzi\u0107 do ogromnych strat gospodarczych. Dlatego ka\u017cde dzia\u0142anie ma znaczenie. Dzi\u0119kuj\u0119 szkole i Miastu Katowice, \u017ce nie ustaj\u0105 w wysi\u0142kach na rzecz ludzi i zwierz\u0105t\u201d.&nbsp;<\/p>\n<p><a href=\"https:\/\/youtu.be\/qQ6cfKdCQ7M\" target=\"_blank\" rel=\"noopener\">ZOBACZ FILM Z AKCJI&nbsp; \u201e\u015aWI\u0118TO DRZEWA W KATOWICACH\u201d &gt;&gt;&gt;<\/a><\/p>\n<p><a href=\"https:\/\/www.facebook.com\/media\/set\/?set=a.3868112213199870&amp;type=3&amp;__tn__=-UC-R\" target=\"_blank\" rel=\"noopener\">ZOBACZ FOTORELACJ\u0118 &gt;&gt;&gt;<\/a><\/p>\n<p><a href=\"http:\/\/swietodrzewa.pl\/wp-content\/uploads\/2020\/07\/Katowice-Logo-pion-kolor.jpg\"><img loading=\"lazy\" class=\"alignleft wp-image-12331\" src=\"http:\/\/swietodrzewa.pl\/wp-content\/uploads\/2020\/07\/Katowice-Logo-pion-kolor-300x300.jpg\" alt=\"\" width=\"145\" height=\"145\" srcset=\"https:\/\/archiwum.swietodrzewa.pl\/wp-content\/uploads\/2020\/07\/Katowice-Logo-pion-kolor-300x300.jpg 300w, https:\/\/archiwum.swietodrzewa.pl\/wp-content\/uploads\/2020\/07\/Katowice-Logo-pion-kolor-100x100.jpg 100w, https:\/\/archiwum.swietodrzewa.pl\/wp-content\/uploads\/2020\/07\/Katowice-Logo-pion-kolor-768x768.jpg 768w, https:\/\/archiwum.swietodrzewa.pl\/wp-content\/uploads\/2020\/07\/Katowice-Logo-pion-kolor-1024x1024.jpg 1024w, https:\/\/archiwum.swietodrzewa.pl\/wp-content\/uploads\/2020\/07\/Katowice-Logo-pion-kolor.jpg 1754w\" sizes=\"(max-width: 145px) 100vw, 145px\" \/><\/a>&nbsp;<\/p>\n<\/div>\n","protected":false},"excerpt":{"rendered":"<p>Jesie\u0144 to idealna pora na dokonanie zmian w ogrodzie z my\u015bl\u0105 o przyrodzie i zwierz\u0119tach. W tym roku, w ramach 18 edycji \u015awi\u0119ta Drzewa, Klub Gaja wsp\u00f3lnie z Miastem Katowice zorganizowa\u0142 17 listopada akcj\u0119 sadzenia drzew i krzew\u00f3w owocowych oraz warsztaty budowy budek l\u0119gowych dla ptak\u00f3w w ogrodzie II Liceum Og\u00f3lnokszta\u0142c\u0105cego w Katowicach. Niestety z [&hellip;]<\/p>\n","protected":false},"author":3,"featured_media":12672,"comment_status":"closed","ping_status":"closed","sticky":false,"template":"","format":"standard","meta":{"ngg_post_thumbnail":0},"categories":[17],"tags":[],"_links":{"self":[{"href":"https:\/\/archiwum.swietodrzewa.pl\/index.php?rest_route=\/wp\/v2\/posts\/12661"}],"collection":[{"href":"https:\/\/archiwum.swietodrzewa.pl\/index.php?rest_route=\/wp\/v2\/posts"}],"about":[{"href":"https:\/\/archiwum.swietodrzewa.pl\/index.php?rest_route=\/wp\/v2\/types\/post"}],"author":[{"embeddable":true,"href":"https:\/\/archiwum.swietodrzewa.pl\/index.php?rest_route=\/wp\/v2\/users\/3"}],"replies":[{"embeddable":true,"href":"https:\/\/archiwum.swietodrzewa.pl\/index.php?rest_route=%2Fwp%2Fv2%2Fcomments&post=12661"}],"version-history":[{"count":3,"href":"https:\/\/archiwum.swietodrzewa.pl\/index.php?rest_route=\/wp\/v2\/posts\/12661\/revisions"}],"predecessor-version":[{"id":12673,"href":"https:\/\/archiwum.swietodrzewa.pl\/index.php?rest_route=\/wp\/v2\/posts\/12661\/revisions\/12673"}],"wp:featuredmedia":[{"embeddable":true,"href":"https:\/\/archiwum.swietodrzewa.pl\/index.php?rest_route=\/wp\/v2\/media\/12672"}],"wp:attachment":[{"href":"https:\/\/archiwum.swietodrzewa.pl\/index.php?rest_route=%2Fwp%2Fv2%2Fmedia&parent=12661"}],"wp:term":[{"taxonomy":"category","embeddable":true,"href":"https:\/\/archiwum.swietodrzewa.pl\/index.php?rest_route=%2Fwp%2Fv2%2Fcategories&post=12661"},{"taxonomy":"post_tag","embeddable":true,"href":"https:\/\/archiwum.swietodrzewa.pl\/index.php?rest_route=%2Fwp%2Fv2%2Ftags&post=12661"}],"curies":[{"name":"wp","href":"https:\/\/api.w.org\/{rel}","templated":true}]}}