{"id":12676,"date":"2020-12-15T10:45:34","date_gmt":"2020-12-15T09:45:34","guid":{"rendered":"http:\/\/swietodrzewa.pl\/?p=12676"},"modified":"2020-12-15T11:32:56","modified_gmt":"2020-12-15T10:32:56","slug":"poznalismy-laureatow-warszawskiego-swieta-drzewa-uczestnicy-posadzili-ponad-2300-drzew","status":"publish","type":"post","link":"https:\/\/archiwum.swietodrzewa.pl\/?p=12676","title":{"rendered":"Poznali\u015bmy laureat\u00f3w \u201eWarszawskiego \u015awi\u0119ta Drzewa\u201d. Uczestnicy posadzili ponad 2300 drzew!"},"content":{"rendered":"<p><strong>Po raz czwarty <\/strong><strong>warszawskie plac\u00f3wki o\u015bwiatowe i wychowawcze do\u0142\u0105czy\u0142y do akcji \u201eWarszawskie \u015awi\u0119to Drzewa \u2013 Milion drzew dla Warszawy\u201d.<\/strong> <strong>Dzi\u0119ki zaanga\u017cowaniu blisko 150 przedszkoli i szk\u00f3\u0142 posadzono ponad 2300 drzew m.in. jarz\u0119b\u00f3w, lip, jab\u0142oni i klon\u00f3w. Z nades\u0142anych sprawozda\u0144 z podj\u0119tych r\u00f3\u017cnorodnych dzia\u0142a\u0144 dla drzew i wok\u00f3\u0142 drzew wy\u0142oniono najlepsze inicjatywy. Miasto Sto\u0142eczne Warszawa, Zarz\u0105d Zieleni m.st. Warszawy i Klub Gaja serdecznie dzi\u0119kuj\u0105 wszystkim uczestnikom,<\/strong><strong> dyrektorom, nauczycielom i wychowawcom za w\u0142\u0105czenie si\u0119 w zazielenianie Warszawy. <\/strong><!--more--><\/p>\n<p>Akcja \u201eWarszawskie \u015awi\u0119to Drzewa \u2013 Milion drzew dla Warszawy\u201d realizowana jest przez Zarz\u0105d Zieleni m.st. Warszawy przy wsp\u00f3\u0142pracy Klubu Gaja. Szko\u0142y i przedszkola otrzyma\u0142y ponad 2300 drzew i krzew\u00f3w. Akcja spotka\u0142a si\u0119 z bardzo du\u017cym zainteresowaniem i okaza\u0142a \u015bwietn\u0105 okazj\u0105 do aktywnej edukacji dzieci i m\u0142odzie\u017cy. Uczestnicy akcji sadzili drzewa i otaczali je opiek\u0105, organizowali gry terenowe, zabawy dydaktyczne i ruchowe, zaj\u0119cia plastyczne, czytali tak\u017ce literatur\u0119, s\u0142uchali s\u0142uchowisk, prowadzili obserwacje przyrodnicze, tworzyli zielniki i atlasy drzew, odwiedzali skwery, parki i lasy miejskie, by poznawa\u0107 drzewa w swojej okolicy.<\/p>\n<p>&nbsp;\u201eTegoroczna edycja akcji \u201dWarszawskie \u015awi\u0119to Drzewa \u2013 Milion drzew dla Warszawy\u201d jest wyj\u0105tkowa pod ka\u017cdym wzgl\u0119dem. Niestety, nie mogli\u015bmy spotka\u0107 si\u0119 ze spo\u0142eczno\u015bci\u0105 warszawskich plac\u00f3wek o\u015bwiatowych i wychowawczych na warsztatach, zaj\u0119ciach edukacyjnych i wsp\u00f3lnych akcjach sadzenia drzew. Aby zach\u0119ci\u0107 plac\u00f3wki do udzia\u0142u, przygotowali\u015bmy w tym roku r\u00f3\u017cnego rodzaju materia\u0142y edukacyjne takie jak scenariusz gry terenowej, film edukacyjny dotycz\u0105cy sadzenia drzew i monta\u017cu zbiornika na deszcz\u00f3wk\u0119 oraz s\u0142uchowiska o drzewach dla najm\u0142odszych, kt\u00f3re nauczyciele i wychowawcy mogli wykorzysta\u0107 podczas pracy zdalnej lub pracy domowej. Pomimo tych trudno\u015bci tegoroczna edycja okaza\u0142a si\u0119 rekordowa zar\u00f3wno pod wzgl\u0119dem liczby zg\u0142osze\u0144, posadzonych drzew i krzew\u00f3w oraz otrzymanych przez nas sprawozda\u0144 ze zrealizowanych inicjatyw\u201d \u2013 m\u00f3wi <strong>Justyna Glusman<\/strong>, Dyrektor Koordynator ds. zr\u00f3wnowa\u017conego rozwoju i zieleni m.st. Warszawy.<\/p>\n<p>\n<div class=\"ngg-galleryoverview ngg-slideshow\"\n\tid=\"ngg-slideshow-0dcdf8e9a1cb1317903c9b782ee63d13-20453376210\"\n\tdata-gallery-id=\"0dcdf8e9a1cb1317903c9b782ee63d13\"\n\tstyle=\"max-width: 600px;\n\t\t\tmax-height: 450px;\n\t\t\tdisplay: none;\">\n\n\t\n\t\t<a href=\"https:\/\/archiwum.swietodrzewa.pl\/wp-content\/gallery\/warszawskie-2020\/DSC09202.JPG\"\n\t\t\ttitle=\"\"\n\t\t\tdata-src=\"https:\/\/archiwum.swietodrzewa.pl\/wp-content\/gallery\/warszawskie-2020\/DSC09202.JPG\"\n\t\t\tdata-thumbnail=\"https:\/\/archiwum.swietodrzewa.pl\/wp-content\/gallery\/warszawskie-2020\/thumbs\/thumbs_DSC09202.JPG\"\n\t\t\tdata-image-id=\"1894\"\n\t\t\tdata-title=\"DSC09202\"\n\t\t\tdata-description=\"\"\n\t\t\tclass=\"shutterset_0dcdf8e9a1cb1317903c9b782ee63d13\">\n\n\t\t\t<img data-image-id='1894'\n\t\t\t\ttitle=\"\"\n\t\t\t\talt=\"DSC09202\"\n\t\t\t\tsrc=\"https:\/\/archiwum.swietodrzewa.pl\/wp-content\/gallery\/warszawskie-2020\/DSC09202.JPG\"\n\t\t\t\tstyle=\"max-height: 430px;\"\/>\n\t\t<\/a>\n\n\t\t\n\t\t<a href=\"https:\/\/archiwum.swietodrzewa.pl\/wp-content\/gallery\/warszawskie-2020\/DSC09237.JPG\"\n\t\t\ttitle=\"\"\n\t\t\tdata-src=\"https:\/\/archiwum.swietodrzewa.pl\/wp-content\/gallery\/warszawskie-2020\/DSC09237.JPG\"\n\t\t\tdata-thumbnail=\"https:\/\/archiwum.swietodrzewa.pl\/wp-content\/gallery\/warszawskie-2020\/thumbs\/thumbs_DSC09237.JPG\"\n\t\t\tdata-image-id=\"1895\"\n\t\t\tdata-title=\"DSC09237\"\n\t\t\tdata-description=\"\"\n\t\t\tclass=\"shutterset_0dcdf8e9a1cb1317903c9b782ee63d13\">\n\n\t\t\t<img data-image-id='1895'\n\t\t\t\ttitle=\"\"\n\t\t\t\talt=\"DSC09237\"\n\t\t\t\tsrc=\"https:\/\/archiwum.swietodrzewa.pl\/wp-content\/gallery\/warszawskie-2020\/DSC09237.JPG\"\n\t\t\t\tstyle=\"max-height: 430px;\"\/>\n\t\t<\/a>\n\n\t\t\n\t\t<a href=\"https:\/\/archiwum.swietodrzewa.pl\/wp-content\/gallery\/warszawskie-2020\/DSC09249.JPG\"\n\t\t\ttitle=\"\"\n\t\t\tdata-src=\"https:\/\/archiwum.swietodrzewa.pl\/wp-content\/gallery\/warszawskie-2020\/DSC09249.JPG\"\n\t\t\tdata-thumbnail=\"https:\/\/archiwum.swietodrzewa.pl\/wp-content\/gallery\/warszawskie-2020\/thumbs\/thumbs_DSC09249.JPG\"\n\t\t\tdata-image-id=\"1896\"\n\t\t\tdata-title=\"DSC09249\"\n\t\t\tdata-description=\"\"\n\t\t\tclass=\"shutterset_0dcdf8e9a1cb1317903c9b782ee63d13\">\n\n\t\t\t<img data-image-id='1896'\n\t\t\t\ttitle=\"\"\n\t\t\t\talt=\"DSC09249\"\n\t\t\t\tsrc=\"https:\/\/archiwum.swietodrzewa.pl\/wp-content\/gallery\/warszawskie-2020\/DSC09249.JPG\"\n\t\t\t\tstyle=\"max-height: 430px;\"\/>\n\t\t<\/a>\n\n\t\t\n\t\t<a href=\"https:\/\/archiwum.swietodrzewa.pl\/wp-content\/gallery\/warszawskie-2020\/DSC09259.JPG\"\n\t\t\ttitle=\"\"\n\t\t\tdata-src=\"https:\/\/archiwum.swietodrzewa.pl\/wp-content\/gallery\/warszawskie-2020\/DSC09259.JPG\"\n\t\t\tdata-thumbnail=\"https:\/\/archiwum.swietodrzewa.pl\/wp-content\/gallery\/warszawskie-2020\/thumbs\/thumbs_DSC09259.JPG\"\n\t\t\tdata-image-id=\"1897\"\n\t\t\tdata-title=\"DSC09259\"\n\t\t\tdata-description=\"\"\n\t\t\tclass=\"shutterset_0dcdf8e9a1cb1317903c9b782ee63d13\">\n\n\t\t\t<img data-image-id='1897'\n\t\t\t\ttitle=\"\"\n\t\t\t\talt=\"DSC09259\"\n\t\t\t\tsrc=\"https:\/\/archiwum.swietodrzewa.pl\/wp-content\/gallery\/warszawskie-2020\/DSC09259.JPG\"\n\t\t\t\tstyle=\"max-height: 430px;\"\/>\n\t\t<\/a>\n\n\t\t\n\t\t<a href=\"https:\/\/archiwum.swietodrzewa.pl\/wp-content\/gallery\/warszawskie-2020\/DSC09351.JPG\"\n\t\t\ttitle=\"\"\n\t\t\tdata-src=\"https:\/\/archiwum.swietodrzewa.pl\/wp-content\/gallery\/warszawskie-2020\/DSC09351.JPG\"\n\t\t\tdata-thumbnail=\"https:\/\/archiwum.swietodrzewa.pl\/wp-content\/gallery\/warszawskie-2020\/thumbs\/thumbs_DSC09351.JPG\"\n\t\t\tdata-image-id=\"1898\"\n\t\t\tdata-title=\"DSC09351\"\n\t\t\tdata-description=\"\"\n\t\t\tclass=\"shutterset_0dcdf8e9a1cb1317903c9b782ee63d13\">\n\n\t\t\t<img data-image-id='1898'\n\t\t\t\ttitle=\"\"\n\t\t\t\talt=\"DSC09351\"\n\t\t\t\tsrc=\"https:\/\/archiwum.swietodrzewa.pl\/wp-content\/gallery\/warszawskie-2020\/DSC09351.JPG\"\n\t\t\t\tstyle=\"max-height: 430px;\"\/>\n\t\t<\/a>\n\n\t\t\n\t\t<a href=\"https:\/\/archiwum.swietodrzewa.pl\/wp-content\/gallery\/warszawskie-2020\/DSC09433.JPG\"\n\t\t\ttitle=\"\"\n\t\t\tdata-src=\"https:\/\/archiwum.swietodrzewa.pl\/wp-content\/gallery\/warszawskie-2020\/DSC09433.JPG\"\n\t\t\tdata-thumbnail=\"https:\/\/archiwum.swietodrzewa.pl\/wp-content\/gallery\/warszawskie-2020\/thumbs\/thumbs_DSC09433.JPG\"\n\t\t\tdata-image-id=\"1899\"\n\t\t\tdata-title=\"DSC09433\"\n\t\t\tdata-description=\"\"\n\t\t\tclass=\"shutterset_0dcdf8e9a1cb1317903c9b782ee63d13\">\n\n\t\t\t<img data-image-id='1899'\n\t\t\t\ttitle=\"\"\n\t\t\t\talt=\"DSC09433\"\n\t\t\t\tsrc=\"https:\/\/archiwum.swietodrzewa.pl\/wp-content\/gallery\/warszawskie-2020\/DSC09433.JPG\"\n\t\t\t\tstyle=\"max-height: 430px;\"\/>\n\t\t<\/a>\n\n\t\t\n\t\t<a href=\"https:\/\/archiwum.swietodrzewa.pl\/wp-content\/gallery\/warszawskie-2020\/DSC09444.JPG\"\n\t\t\ttitle=\"\"\n\t\t\tdata-src=\"https:\/\/archiwum.swietodrzewa.pl\/wp-content\/gallery\/warszawskie-2020\/DSC09444.JPG\"\n\t\t\tdata-thumbnail=\"https:\/\/archiwum.swietodrzewa.pl\/wp-content\/gallery\/warszawskie-2020\/thumbs\/thumbs_DSC09444.JPG\"\n\t\t\tdata-image-id=\"1900\"\n\t\t\tdata-title=\"DSC09444\"\n\t\t\tdata-description=\"\"\n\t\t\tclass=\"shutterset_0dcdf8e9a1cb1317903c9b782ee63d13\">\n\n\t\t\t<img data-image-id='1900'\n\t\t\t\ttitle=\"\"\n\t\t\t\talt=\"DSC09444\"\n\t\t\t\tsrc=\"https:\/\/archiwum.swietodrzewa.pl\/wp-content\/gallery\/warszawskie-2020\/DSC09444.JPG\"\n\t\t\t\tstyle=\"max-height: 430px;\"\/>\n\t\t<\/a>\n\n\t\t\n\t\t<a href=\"https:\/\/archiwum.swietodrzewa.pl\/wp-content\/gallery\/warszawskie-2020\/DSC09516.JPG\"\n\t\t\ttitle=\"\"\n\t\t\tdata-src=\"https:\/\/archiwum.swietodrzewa.pl\/wp-content\/gallery\/warszawskie-2020\/DSC09516.JPG\"\n\t\t\tdata-thumbnail=\"https:\/\/archiwum.swietodrzewa.pl\/wp-content\/gallery\/warszawskie-2020\/thumbs\/thumbs_DSC09516.JPG\"\n\t\t\tdata-image-id=\"1901\"\n\t\t\tdata-title=\"DSC09516\"\n\t\t\tdata-description=\"\"\n\t\t\tclass=\"shutterset_0dcdf8e9a1cb1317903c9b782ee63d13\">\n\n\t\t\t<img data-image-id='1901'\n\t\t\t\ttitle=\"\"\n\t\t\t\talt=\"DSC09516\"\n\t\t\t\tsrc=\"https:\/\/archiwum.swietodrzewa.pl\/wp-content\/gallery\/warszawskie-2020\/DSC09516.JPG\"\n\t\t\t\tstyle=\"max-height: 430px;\"\/>\n\t\t<\/a>\n\n\t\t\n\t\t<a href=\"https:\/\/archiwum.swietodrzewa.pl\/wp-content\/gallery\/warszawskie-2020\/fot_1.jpg\"\n\t\t\ttitle=\"\"\n\t\t\tdata-src=\"https:\/\/archiwum.swietodrzewa.pl\/wp-content\/gallery\/warszawskie-2020\/fot_1.jpg\"\n\t\t\tdata-thumbnail=\"https:\/\/archiwum.swietodrzewa.pl\/wp-content\/gallery\/warszawskie-2020\/thumbs\/thumbs_fot_1.jpg\"\n\t\t\tdata-image-id=\"1904\"\n\t\t\tdata-title=\"fot_1\"\n\t\t\tdata-description=\"\"\n\t\t\tclass=\"shutterset_0dcdf8e9a1cb1317903c9b782ee63d13\">\n\n\t\t\t<img data-image-id='1904'\n\t\t\t\ttitle=\"\"\n\t\t\t\talt=\"fot_1\"\n\t\t\t\tsrc=\"https:\/\/archiwum.swietodrzewa.pl\/wp-content\/gallery\/warszawskie-2020\/fot_1.jpg\"\n\t\t\t\tstyle=\"max-height: 430px;\"\/>\n\t\t<\/a>\n\n\t\t\n\t\t<a href=\"https:\/\/archiwum.swietodrzewa.pl\/wp-content\/gallery\/warszawskie-2020\/fot_2.jpg\"\n\t\t\ttitle=\"\"\n\t\t\tdata-src=\"https:\/\/archiwum.swietodrzewa.pl\/wp-content\/gallery\/warszawskie-2020\/fot_2.jpg\"\n\t\t\tdata-thumbnail=\"https:\/\/archiwum.swietodrzewa.pl\/wp-content\/gallery\/warszawskie-2020\/thumbs\/thumbs_fot_2.jpg\"\n\t\t\tdata-image-id=\"1905\"\n\t\t\tdata-title=\"fot_2\"\n\t\t\tdata-description=\"\"\n\t\t\tclass=\"shutterset_0dcdf8e9a1cb1317903c9b782ee63d13\">\n\n\t\t\t<img data-image-id='1905'\n\t\t\t\ttitle=\"\"\n\t\t\t\talt=\"fot_2\"\n\t\t\t\tsrc=\"https:\/\/archiwum.swietodrzewa.pl\/wp-content\/gallery\/warszawskie-2020\/fot_2.jpg\"\n\t\t\t\tstyle=\"max-height: 430px;\"\/>\n\t\t<\/a>\n\n\t\t\n\t\t<a href=\"https:\/\/archiwum.swietodrzewa.pl\/wp-content\/gallery\/warszawskie-2020\/DSC09534.JPG\"\n\t\t\ttitle=\"\"\n\t\t\tdata-src=\"https:\/\/archiwum.swietodrzewa.pl\/wp-content\/gallery\/warszawskie-2020\/DSC09534.JPG\"\n\t\t\tdata-thumbnail=\"https:\/\/archiwum.swietodrzewa.pl\/wp-content\/gallery\/warszawskie-2020\/thumbs\/thumbs_DSC09534.JPG\"\n\t\t\tdata-image-id=\"1902\"\n\t\t\tdata-title=\"DSC09534\"\n\t\t\tdata-description=\"\"\n\t\t\tclass=\"shutterset_0dcdf8e9a1cb1317903c9b782ee63d13\">\n\n\t\t\t<img data-image-id='1902'\n\t\t\t\ttitle=\"\"\n\t\t\t\talt=\"DSC09534\"\n\t\t\t\tsrc=\"https:\/\/archiwum.swietodrzewa.pl\/wp-content\/gallery\/warszawskie-2020\/DSC09534.JPG\"\n\t\t\t\tstyle=\"max-height: 430px;\"\/>\n\t\t<\/a>\n\n\t\t\n\t\t<a href=\"https:\/\/archiwum.swietodrzewa.pl\/wp-content\/gallery\/warszawskie-2020\/Fot.-Klub-Gaja_sadzenie-drzew-i-krzewow_SP157_Warszawa_2.JPG\"\n\t\t\ttitle=\"\"\n\t\t\tdata-src=\"https:\/\/archiwum.swietodrzewa.pl\/wp-content\/gallery\/warszawskie-2020\/Fot.-Klub-Gaja_sadzenie-drzew-i-krzewow_SP157_Warszawa_2.JPG\"\n\t\t\tdata-thumbnail=\"https:\/\/archiwum.swietodrzewa.pl\/wp-content\/gallery\/warszawskie-2020\/thumbs\/thumbs_Fot.-Klub-Gaja_sadzenie-drzew-i-krzewow_SP157_Warszawa_2.JPG\"\n\t\t\tdata-image-id=\"1903\"\n\t\t\tdata-title=\"Fot.-Klub-Gaja_sadzenie-drzew-i-krzewow_SP157_Warszawa_2\"\n\t\t\tdata-description=\"\"\n\t\t\tclass=\"shutterset_0dcdf8e9a1cb1317903c9b782ee63d13\">\n\n\t\t\t<img data-image-id='1903'\n\t\t\t\ttitle=\"\"\n\t\t\t\talt=\"Fot.-Klub-Gaja_sadzenie-drzew-i-krzewow_SP157_Warszawa_2\"\n\t\t\t\tsrc=\"https:\/\/archiwum.swietodrzewa.pl\/wp-content\/gallery\/warszawskie-2020\/Fot.-Klub-Gaja_sadzenie-drzew-i-krzewow_SP157_Warszawa_2.JPG\"\n\t\t\t\tstyle=\"max-height: 430px;\"\/>\n\t\t<\/a>\n\n\t\t<\/div>\n\n\nW tym roku, powodu pandemii, do wsp\u00f3lnych dzia\u0142a\u0144 w\u0142\u0105czyli si\u0119 przede wszystkim rodzice, odpowiadaj\u0105c na zaproszenie \u201eTato, mamo posad\u017a ze mn\u0105 drzewo\u201d. Dzieci wsp\u00f3lnie z rodzicami, a cz\u0119sto r\u00f3wnie\u017c z dziadkami sadzi\u0142y drzewka w swoich ogrodach i na dzia\u0142kach. Okaza\u0142o si\u0119, \u017ce drzewa maj\u0105 niezwyk\u0142\u0105 si\u0142\u0119 \u0142\u0105czenia ludzi i pomimo trudno\u015bci, nawet w niewielkim gronie, do akcji sadzenia drzew do\u0142\u0105czyli te\u017c mieszka\u0144cy.<\/p>\n<p>\u201eSerdecznie gratuluj\u0119 wszystkim laureatom oraz uczestnikom. Spo\u0142eczno\u015b\u0107 warszawskich plac\u00f3wek po raz kolejny pokaza\u0142a swoje ogromne zaanga\u017cowanie w tematyk\u0119 zieleni. Wyb\u00f3r jury by\u0142 jak co roku niezwykle trudny, poniewa\u017c ka\u017cda inicjatywa i aktywno\u015b\u0107 opisana w sprawozdaniu by\u0142a wyj\u0105tkowa. Mam nadziej\u0119, \u017ce tak\u017ce po zako\u0144czeniu akcji b\u0119dziecie aktywnie w\u0142\u0105cza\u0107 si\u0119 w dbanie o ziele\u0144 w Waszej okolicy\u201d \u2013 m\u00f3wi <strong>Renata Kury\u0142owicz<\/strong>, Dyrektor Zarz\u0105du Zieleni m.st. Warszawy.<\/p>\n<p><strong>Jacek Bo\u017cek<\/strong> z Klubu Gaja, podsumowuje \u2013 \u201eTo ju\u017c kolejny rok wsp\u00f3\u0142pracy Klubu Gaja, m.st. Warszawy, Zarz\u0105du Zieleni m.st. Warszawy, warszawskich szk\u00f3\u0142 i przedszkoli. Kiedy czytam sprawozdania z podj\u0119tych dzia\u0142a\u0144 w ramach akcji jestem pod ogromnym wra\u017ceniem zaanga\u017cowania i innowacyjno\u015bci uczestnik\u00f3w. Trzeba wspomnie\u0107, \u017ce wszystko to dzieje si\u0119 w trudnych pandemicznych warunkach. Tym bardziej trzeba podzi\u0119kowa\u0107 nauczycielom, wychowawcom i m\u0142odym uczestnikom, a tak\u017ce rodzicom, \u017ce w bardzo tw\u00f3rczy spos\u00f3b podeszli do dzia\u0142ania. Wasza praca jest tak\u017ce nieustaj\u0105c\u0105 inspiracj\u0105 dla mnie i ca\u0142ego zespo\u0142u Klub Gaja. Wielkie dzi\u0119ki!\u201d<\/p>\n<p>Z nades\u0142anych sprawozda\u0144 wy\u0142oniono laureat\u00f3w tytu\u0142u \u201eNajlepsza inicjatywa akcji Warszawskie \u015awi\u0119to Drzewa \u2013 Milion drzewa dla Warszawy 2020\u201d. Tytu\u0142 otrzymali:<\/p>\n<ul>\n<li><strong>Szko\u0142a Podstawowa nr 30<\/strong> \u2013 za r\u00f3\u017cnorodne dzia\u0142ania m.in. akcj\u0119 posadzenia drzew ograniczaj\u0105c\u0105 dziki parking samochod\u00f3w we wsp\u00f3\u0142pracy z mieszka\u0144cami, w\u0142azami dzielnicy i organizacjami<\/li>\n<li><strong>Przedszkole nr 60 <\/strong>\u2013 za posadzenie 123 drzew z rodzicami oraz dzia\u0142ania na rzecz ochrony alei kasztanowc\u00f3w m.in. list otwarty do w\u0142adz dzielnicy oraz kampani\u0119 reklamow\u0105<\/li>\n<li><strong>XLVI Liceum Og\u00f3lnokszta\u0142c\u0105ce z Oddzia\u0142ami Dwuj\u0119zycznymi im. Stefana Czarneckiego<\/strong> \u2013 za r\u00f3\u017cnorodne dzia\u0142ania m.in. debat\u0119 szkoln\u0105 o drzewach oraz mierzenie poziomu zanieczyszczenia powietrza za pomoc\u0105 skali porostowej<\/li>\n<li><strong>Akademia Przedszkolaka Tarchomin<\/strong> \u2013 za r\u00f3\u017cnorodne dzia\u0142ania m.in. model warstw lasu oraz wycieczk\u0119 \u015bladami bia\u0142o\u0142\u0119ckich pomnik\u00f3w przyrody<\/li>\n<li><strong>Przedszkole nr 226<\/strong> \u2013 za r\u00f3\u017cnorodne dzia\u0142ania m.in. urodziny lipy, filmik o drzewach owocowych oraz grupowy atlas drzew wykonany wsp\u00f3lnie z rodzicami&nbsp;<\/li>\n<li><strong>Szko\u0142a Podstawowa nr 289 <\/strong>\u2013 za r\u00f3\u017cnorodne warsztaty i zabawy oraz dobr\u0105 komunikacj\u0119 dzia\u0142a\u0144 w mediach spo\u0142eczno\u015bciowych<\/li>\n<li><strong>Szko\u0142a Podstawowa nr 395 im. Rotmistrza Witolda Pileckiego<\/strong> \u2013 za r\u00f3\u017cnorodne dzia\u0142ania m.in. prace badawcze i okre\u015blenie sk\u0142adnik\u00f3w mineralnych w glebie<\/li>\n<li><strong>Biblioteka w Szkole Podstawowej nr 231<\/strong> \u2013 za r\u00f3\u017cnorodne dzia\u0142ania m.in. w\u0142\u0105czenie literatury i sztuki w dzia\u0142ania na rzecz drzew<\/li>\n<li><strong>Szko\u0142a Podstawowa nr 87 z Oddzia\u0142ami Integracyjnymi im. 7PP Armii Krajowej \u201eGar\u0142uch\u201d<\/strong> \u2013 za r\u00f3\u017cnorodne dzia\u0142ania m.in. akcj\u0119 \u201eTulimy drzewa\u201d oraz lekcje szyde\u0142kowania i ozdabianie drzew pracami uczni\u00f3w i rodzic\u00f3w<\/li>\n<li><strong>Przedszkole nr 154 \u201ePod Weso\u0142\u0105 Truskaweczk\u0105<\/strong>\u201d\u2013 za r\u00f3\u017cnorodne dzia\u0142ania m.in. gry i zabawy terenowe i sensoryczne oraz wykorzystanie ksi\u0105\u017cek przyrodniczych<\/li>\n<li><strong>Przedszkole nr 17 \u201eK\u00f3\u0142ko Graniaste\u201d<\/strong> \u2013 za r\u00f3\u017cnorodne dzia\u0142ania m.in. stworzenie atlasu drzew i oznaczenie tabliczkami rosn\u0105cych drzew w ogrodzie przedszkolnym<\/li>\n<li><strong>Szko\u0142a Podstawowa nr 398 <\/strong>\u2013 za posadzenie 150 drzew na terenie szkolnego ogrodu<\/li>\n<li><strong>Przedszkole nr 186<\/strong> \u2013 za posadzenie 120 drzew na terenie przedszkola oraz wsp\u00f3lne sadzenie z rodzicami<\/li>\n<li><strong>Przedszkole nr 206<\/strong> \u2013 za posadzenie 94 drzew wsp\u00f3lnie z rodzicami<\/li>\n<\/ul>\n<p><a href=\"https:\/\/www.youtube.com\/watch?v=3v5o75wJg58&amp;feature=youtu.be\"><strong>ZAPRASZAMY DO OBEJRZENIA FILMU &#8211; PODZI\u0118KOWANIA DLA UCZESTNIK\u00d3W AKCJI &gt;&gt;&gt;<\/strong><\/a><\/p>\n<p>Fot. Klub Gaja \/ Sadzenie drzew i krzew\u00f3w owocowych w SP 157 w Warszawie<\/p>\n","protected":false},"excerpt":{"rendered":"<p>Po raz czwarty warszawskie plac\u00f3wki o\u015bwiatowe i wychowawcze do\u0142\u0105czy\u0142y do akcji \u201eWarszawskie \u015awi\u0119to Drzewa \u2013 Milion drzew dla Warszawy\u201d. Dzi\u0119ki zaanga\u017cowaniu blisko 150 przedszkoli i szk\u00f3\u0142 posadzono ponad 2300 drzew m.in. jarz\u0119b\u00f3w, lip, jab\u0142oni i klon\u00f3w. Z nades\u0142anych sprawozda\u0144 z podj\u0119tych r\u00f3\u017cnorodnych dzia\u0142a\u0144 dla drzew i wok\u00f3\u0142 drzew wy\u0142oniono najlepsze inicjatywy. Miasto Sto\u0142eczne Warszawa, Zarz\u0105d [&hellip;]<\/p>\n","protected":false},"author":3,"featured_media":12451,"comment_status":"closed","ping_status":"closed","sticky":false,"template":"","format":"standard","meta":{"ngg_post_thumbnail":0},"categories":[17],"tags":[],"_links":{"self":[{"href":"https:\/\/archiwum.swietodrzewa.pl\/index.php?rest_route=\/wp\/v2\/posts\/12676"}],"collection":[{"href":"https:\/\/archiwum.swietodrzewa.pl\/index.php?rest_route=\/wp\/v2\/posts"}],"about":[{"href":"https:\/\/archiwum.swietodrzewa.pl\/index.php?rest_route=\/wp\/v2\/types\/post"}],"author":[{"embeddable":true,"href":"https:\/\/archiwum.swietodrzewa.pl\/index.php?rest_route=\/wp\/v2\/users\/3"}],"replies":[{"embeddable":true,"href":"https:\/\/archiwum.swietodrzewa.pl\/index.php?rest_route=%2Fwp%2Fv2%2Fcomments&post=12676"}],"version-history":[{"count":2,"href":"https:\/\/archiwum.swietodrzewa.pl\/index.php?rest_route=\/wp\/v2\/posts\/12676\/revisions"}],"predecessor-version":[{"id":12691,"href":"https:\/\/archiwum.swietodrzewa.pl\/index.php?rest_route=\/wp\/v2\/posts\/12676\/revisions\/12691"}],"wp:featuredmedia":[{"embeddable":true,"href":"https:\/\/archiwum.swietodrzewa.pl\/index.php?rest_route=\/wp\/v2\/media\/12451"}],"wp:attachment":[{"href":"https:\/\/archiwum.swietodrzewa.pl\/index.php?rest_route=%2Fwp%2Fv2%2Fmedia&parent=12676"}],"wp:term":[{"taxonomy":"category","embeddable":true,"href":"https:\/\/archiwum.swietodrzewa.pl\/index.php?rest_route=%2Fwp%2Fv2%2Fcategories&post=12676"},{"taxonomy":"post_tag","embeddable":true,"href":"https:\/\/archiwum.swietodrzewa.pl\/index.php?rest_route=%2Fwp%2Fv2%2Ftags&post=12676"}],"curies":[{"name":"wp","href":"https:\/\/api.w.org\/{rel}","templated":true}]}}