{"id":12692,"date":"2020-12-16T11:25:44","date_gmt":"2020-12-16T10:25:44","guid":{"rendered":"http:\/\/swietodrzewa.pl\/?p=12692"},"modified":"2020-12-16T11:32:05","modified_gmt":"2020-12-16T10:32:05","slug":"ekologiczna-akcja-wypozyczalnia-choinek-volvo-rusza-juz-17-grudnia","status":"publish","type":"post","link":"https:\/\/archiwum.swietodrzewa.pl\/?p=12692","title":{"rendered":"Ekologiczna akcja Wypo\u017cyczalnia Choinek Volvo rusza ju\u017c 17 grudnia!"},"content":{"rendered":"<p><strong>Cho\u0107 \u015bwi\u0119ta w tym roku b\u0119d\u0105 r\u00f3\u017cni\u0107 si\u0119 od tych z lat poprzednich, Wypo\u017cyczalnia Choinek Volvo dzia\u0142a tak samo. W dniach 17-19 grudnia w autoryzowanych salonach Volvo na ch\u0119tnych do sp\u0119dzenia eko \u015bwi\u0105t czeka\u0107 b\u0119dzie 1300 drzewek. Zwr\u00f3cone po \u015bwi\u0119tach choinki zostan\u0105 z powrotem zasadzone, a marka Volvo zobowi\u0105za\u0142a si\u0119 do ufundowania 10 drzewek za ka\u017cde wypo\u017cyczone. <\/strong><strong>Po raz kolejny patronami akcji jest Klub Gaja oraz Ambasada Szwecji. <\/strong><strong>W ci\u0105gu czterech lat trwania akcji z Wypo\u017cyczalni do dom\u00f3w pow\u0119drowa\u0142o 2 tysi\u0105ce choinek, a ponad 20 tysi\u0119cy zosta\u0142o zasadzonych!<\/strong><!--more--><\/p>\n<p>To ju\u017c czwarty rok, w kt\u00f3rym firma Volvo Car Poland zach\u0119ca do zwr\u00f3cenia uwagi na \u015brodowisko naturalne. Poprzednie edycje akcji cieszy\u0142y si\u0119 ogromn\u0105 popularno\u015bci\u0105, a choinki znikn\u0119\u0142y z salon\u00f3w Volvo w mgnieniu oka. W tym roku polski oddzia\u0142 marki Volvo zn\u00f3w zwi\u0119kszy\u0142 pul\u0119 drzewek \u2013 a\u017c 1 300 choinek b\u0119dzie czeka\u0142o do odbioru przed salonami w dniach 17-19 grudnia. Co najwa\u017cniejsze, Volvo podtrzymuje swoj\u0105 tradycj\u0119 odtwarzania zniszczonych las\u00f3w i za ka\u017cde wypo\u017cyczone drzewko, zobowi\u0105zuje si\u0119 zasadzi\u0107 10 kolejnych. W zesz\u0142ym roku by\u0142y to okolice Doliny Chocho\u0142owskiej &#8211; miejsce, kt\u00f3re ucierpia\u0142o wskutek zniszcze\u0144 dokonanych przez wiatr halny, a w 2018 roku na terenie prywatnym w Nadle\u015bnictwie Cewice powsta\u0142 las, obok teren\u00f3w zniszczonych podczas huraganu stulecia.<\/p>\n<p><strong><a href=\"http:\/\/swietodrzewa.pl\/wp-content\/uploads\/2020\/12\/1080x1080.jpg\"><img loading=\"lazy\" class=\"alignleft size-medium wp-image-12693\" src=\"http:\/\/swietodrzewa.pl\/wp-content\/uploads\/2020\/12\/1080x1080-300x300.jpg\" alt=\"\" width=\"300\" height=\"300\" srcset=\"https:\/\/archiwum.swietodrzewa.pl\/wp-content\/uploads\/2020\/12\/1080x1080-300x300.jpg 300w, https:\/\/archiwum.swietodrzewa.pl\/wp-content\/uploads\/2020\/12\/1080x1080-100x100.jpg 100w, https:\/\/archiwum.swietodrzewa.pl\/wp-content\/uploads\/2020\/12\/1080x1080-768x768.jpg 768w, https:\/\/archiwum.swietodrzewa.pl\/wp-content\/uploads\/2020\/12\/1080x1080-1024x1024.jpg 1024w, https:\/\/archiwum.swietodrzewa.pl\/wp-content\/uploads\/2020\/12\/1080x1080.jpg 1080w\" sizes=\"(max-width: 300px) 100vw, 300px\" \/><\/a>Sztuczna czy prawdziwa? Czyli t\u0142o powstania projektu<\/strong><\/p>\n<p>Ka\u017cdego roku po \u015bwi\u0119tach na wysypiska \u015bmieci trafia kilka milion\u00f3w choinek, podczas gdy ich ig\u0142y, w por\u00f3wnaniu do li\u015bci rozk\u0142adaj\u0105 si\u0119 znacznie d\u0142u\u017cej. Kiedy gnij\u0105, wytwarzaj\u0105 metan, kt\u00f3ry jest 25 razy silniejszym gazem cieplarnianym ni\u017c dwutlenek w\u0119gla. Wed\u0142ug Carbon Trust<a href=\"#_ftn1\" name=\"_ftnref1\">[1]<\/a>, \u015blad w\u0119glowy \u015bci\u0119tej choinki o d\u0142ugo\u015bci 180 cm odpowiada 16 kg CO2, a to daje 100 000 ton gaz\u00f3w cieplarnianych z 7 milion\u00f3w drzew! A je\u015bli mamy w domu sztuczn\u0105 choink\u0119? Aby zmniejszy\u0107 jej negatywny wp\u0142yw na \u015brodowisko nale\u017ca\u0142oby u\u017cy\u0107 jej ponownie przez co najmniej dziesi\u0119\u0107 \u015bwi\u0105t. Oko\u0142o dw\u00f3ch trzecich \u015bladu w\u0119glowego przeci\u0119tnej sztucznej choinki pochodzi z plastiku (g\u0142\u00f3wnie folii PVC), z kt\u00f3rego jest wykonana, a oko\u0142o jednej czwartej z emisji gaz\u00f3w wytwarzanych podczas jej produkcji.<\/p>\n<p><strong>Jak to dzia\u0142a? Wypo\u017cycz i zwr\u00f3\u0107 naturze! <\/strong><\/p>\n<p>Firma Volvo uwa\u017ca, \u017ce wypo\u017cyczanie \u017cywego drzewka jest znacznie bardziej ekologiczne. Z wi\u0119kszo\u015bci salon\u00f3w Autoryzowanych Dealer\u00f3w Volvo na terenie ca\u0142ej Polski mo\u017cna odebra\u0107 \u017cywe, ukorzenione drzewko w doniczce. Jedynym warunkiem jest pozostawienie op\u0142aty za wypo\u017cyczenie w wysoko\u015bci 75 z\u0142, co stanowi zobowi\u0105zanie do dbania o drzewko i zwr\u00f3cenia go do ponownego zasadzenia w szk\u00f3\u0142ce. Nie trzeba by\u0107 klientem ani u\u017cytkownikiem Volvo. Akcja skierowana jest do wszystkich. &nbsp;Choinki b\u0119dzie mo\u017cna wypo\u017cyczy\u0107 w dniach 17-19 grudnia lub do wyczerpania ich zapasu. Natomiast zwrotu nale\u017cy dokona\u0107 najp\u00f3\u017aniej do 8 stycznia 2021 roku do salonu Volvo, z kt\u00f3rego odbiera\u0142o si\u0119 choink\u0119.<\/p>\n<p><strong>&nbsp;Odpowiedzialne zobowi\u0105zania Volvo<\/strong><\/p>\n<p><em>&nbsp;&#8211; Jeste\u015bmy dumni z faktu, \u017ce nasza akcja cieszy si\u0119 powodzeniem i kolejne osoby zaczynaj\u0105 my\u015ble\u0107 o wypo\u017cyczeniu choinki, a nie o jej \u015bcinaniu. 1300 drzew w donicach i kolejnych kilkana\u015bcie tysi\u0119cy zasadzonych to nasz wk\u0142ad w to, by mniej obci\u0105\u017ca\u0107 natur\u0119. Akcja doskonale wpisuje si\u0119 warto\u015bci wa\u017cne dla naszej marki takie, jak ochrona \u015brodowiska i zmniejszanie emisji CO2. Jednak bez zaanga\u017cowania klient\u00f3w, dealer\u00f3w i partner\u00f3w, nie uda\u0142oby si\u0119 nam zarazi\u0107 t\u0105 dobr\u0105 ide\u0105 innych. Tymczasem akcja rozwija si\u0119 z roku na rok. Obecna, czwarta edycja, jest najwi\u0119ksz\u0105, jak\u0105 dot\u0105d realizowali\u015bmy <\/em>\u2013 m\u00f3wi <strong>Stanis\u0142aw Dojs, PR Manager Volvo Car Poland.<\/strong><\/p>\n<p>Salony Volvo s\u0105 dobrze przygotowane do pracy w warunkach pandemii. Przy wej\u015bciu do ka\u017cdego salonu dost\u0119pne s\u0105 dozowniki z p\u0142ynem do dezynfekcji r\u0105k. Wst\u0119p do salonu mo\u017cliwy jest wy\u0142\u0105cznie w maseczce zas\u0142aniaj\u0105cej usta i nos. W maseczki s\u0105 tak\u017ce wyposa\u017ceni pracownicy obiekt\u00f3w Volvo.<\/p>\n<p><strong>Partnerzy<\/strong><\/p>\n<p>W tym roku po raz kolejny patronami akcji Wypo\u017cyczalnia Choinek Volvo jest organizacja ekologiczna Klub Gaja oraz Ambasada Szwecji. Volvo Car Poland jako firma odpowiedzialna spo\u0142ecznie anga\u017cuje si\u0119 we wsp\u00f3\u0142prac\u0119 z partnerami, aby po\u0142\u0105czy\u0107 si\u0142y w edukacji na temat ochrony \u015brodowiska naturalnego. Ambasada Szwecji jako kraju, z kt\u00f3rego pochodzi marka Volvo, wspiera akcj\u0119 ze wzgl\u0119du na jej proekologiczny charakter, kt\u00f3ry wpisuje si\u0119 w filozofi\u0119 zr\u00f3wnowa\u017conego rozwoju blisk\u0105 krajom skandynawskim. Klub Gaja, jedna z najstarszych niezale\u017cnych organizacji pozarz\u0105dowych zajmuj\u0105cych si\u0119 ochron\u0105 \u015brodowiska naturalnego i prawami zwierz\u0105t w Polsce, do\u0142\u0105czy\u0142a do akcji po raz drugi.<\/p>\n<p><em>&#8211; Szwecja znajduje si\u0119 w czo\u0142\u00f3wce kraj\u00f3w, je\u015bli chodzi o zr\u00f3wnowa\u017cony rozw\u00f3j, aktywn\u0105 prac\u0119 na rzecz klimatu i innowacje. Wierzymy, \u017ce ka\u017cdy mo\u017ce i powinien przyczynia\u0107 si\u0119 do zmian na lepsze \u2013 wszystkie nasze ma\u0142e i du\u017ce dzia\u0142ania sprawiaj\u0105, \u017ce tworzymy zr\u00f3wnowa\u017con\u0105 przysz\u0142o\u015b\u0107 dla naszych dzieci i przysz\u0142ych pokole\u0144. Wypo\u017cyczalnia Choinek Volvo to doskona\u0142y przyk\u0142ad akcji, kt\u00f3ra odzwierciedla te warto\u015bci. Pokazuje, jak du\u017ca, wielonarodowa firma w innowacyjny, inspiruj\u0105cy i prosty spos\u00f3b stwarza nam wszystkim mo\u017cliwo\u015b\u0107, aby\u015bmy pozytywnie wp\u0142ywali na klimat. Z ca\u0142ego serca wspieramy t\u0119 inicjatyw\u0119 i mamy nadziej\u0119, \u017ce zainspiruje ona kolejne osoby do zakupu \u017cywych choinek i rezygnacji z choinek z plastiku, kt\u00f3re wywieraj\u0105 negatywy wp\u0142yw na \u015brodowisko. \u017bycz\u0119 wszystkim weso\u0142ych i dobrych dla klimatu \u015bwi\u0105t Bo\u017cego Narodzenia!<\/em> \u2013 powiedzia\u0142 <strong>Stefan Gullgren, ambasador Szwecji.<\/strong><\/p>\n<p><em>&#8211; W czasie wielkich zmian, kt\u00f3re nas czekaj\u0105, zwi\u0105zanych z wyzwaniami klimatycznymi, gospodarczymi czy zagro\u017ceniami epidemicznymi, bardzo wa\u017cne jest budowanie porozumie\u0144 pomi\u0119dzy lud\u017ami czy instytucjami, aby osi\u0105ga\u0107 ten cel, wiele rzeczy mo\u017cemy zrobi\u0107 lokalnie, wykorzystuj\u0105c zasoby i mo\u017cliwo\u015bci, kt\u00f3re posiadamy. Dlatego z wielk\u0105 rado\u015bci\u0105 przyst\u0119pujemy po raz kolejny do inicjatywy firmy Volvo &#8211; po\u0142\u0105czenia naszej \u015bwi\u0105tecznej tradycji z dzia\u0142aniem na rzecz \u015brodowiska i adaptacji do zmian klimatu. Wsp\u00f3\u0142pracujmy dla dobra naszych wsp\u00f3lnot i przysz\u0142ych pokole\u0144, podejmuj\u0105c \u015bwiadome i dobre dla planety wybory<\/em> &#8211; m\u00f3wi <strong>Jacek Bo\u017cek, za\u0142o\u017cyciel i prezes Klub Gaja.<\/strong> &nbsp;<\/p>\n<p>Adresy salon\u00f3w bior\u0105cych udzia\u0142 w akcji znajduj\u0105 si\u0119 na stronie <a href=\"http:\/\/www.choinkavolvo.pl\">www.choinkavolvo.pl<\/a><\/p>\n<p>Materia\u0142 zdj\u0119ciowy do komunikacji wykona\u0142 fotograf Filip Blank.<\/p>\n<p>[1] <a href=\"https:\/\/www.carbontrust.com\/es\/node\/532\">https:\/\/www.carbontrust.com\/es\/node\/532<\/a><\/p>\n<p>&nbsp;<\/p>\n<p>&nbsp;<\/p>\n","protected":false},"excerpt":{"rendered":"<p>Cho\u0107 \u015bwi\u0119ta w tym roku b\u0119d\u0105 r\u00f3\u017cni\u0107 si\u0119 od tych z lat poprzednich, Wypo\u017cyczalnia Choinek Volvo dzia\u0142a tak samo. W dniach 17-19 grudnia w autoryzowanych salonach Volvo na ch\u0119tnych do sp\u0119dzenia eko \u015bwi\u0105t czeka\u0107 b\u0119dzie 1300 drzewek. Zwr\u00f3cone po \u015bwi\u0119tach choinki zostan\u0105 z powrotem zasadzone, a marka Volvo zobowi\u0105za\u0142a si\u0119 do ufundowania 10 drzewek za [&hellip;]<\/p>\n","protected":false},"author":3,"featured_media":12693,"comment_status":"closed","ping_status":"closed","sticky":false,"template":"","format":"standard","meta":{"ngg_post_thumbnail":0},"categories":[17],"tags":[],"_links":{"self":[{"href":"https:\/\/archiwum.swietodrzewa.pl\/index.php?rest_route=\/wp\/v2\/posts\/12692"}],"collection":[{"href":"https:\/\/archiwum.swietodrzewa.pl\/index.php?rest_route=\/wp\/v2\/posts"}],"about":[{"href":"https:\/\/archiwum.swietodrzewa.pl\/index.php?rest_route=\/wp\/v2\/types\/post"}],"author":[{"embeddable":true,"href":"https:\/\/archiwum.swietodrzewa.pl\/index.php?rest_route=\/wp\/v2\/users\/3"}],"replies":[{"embeddable":true,"href":"https:\/\/archiwum.swietodrzewa.pl\/index.php?rest_route=%2Fwp%2Fv2%2Fcomments&post=12692"}],"version-history":[{"count":2,"href":"https:\/\/archiwum.swietodrzewa.pl\/index.php?rest_route=\/wp\/v2\/posts\/12692\/revisions"}],"predecessor-version":[{"id":12695,"href":"https:\/\/archiwum.swietodrzewa.pl\/index.php?rest_route=\/wp\/v2\/posts\/12692\/revisions\/12695"}],"wp:featuredmedia":[{"embeddable":true,"href":"https:\/\/archiwum.swietodrzewa.pl\/index.php?rest_route=\/wp\/v2\/media\/12693"}],"wp:attachment":[{"href":"https:\/\/archiwum.swietodrzewa.pl\/index.php?rest_route=%2Fwp%2Fv2%2Fmedia&parent=12692"}],"wp:term":[{"taxonomy":"category","embeddable":true,"href":"https:\/\/archiwum.swietodrzewa.pl\/index.php?rest_route=%2Fwp%2Fv2%2Fcategories&post=12692"},{"taxonomy":"post_tag","embeddable":true,"href":"https:\/\/archiwum.swietodrzewa.pl\/index.php?rest_route=%2Fwp%2Fv2%2Ftags&post=12692"}],"curies":[{"name":"wp","href":"https:\/\/api.w.org\/{rel}","templated":true}]}}