{"id":12746,"date":"2021-01-31T20:13:56","date_gmt":"2021-01-31T19:13:56","guid":{"rendered":"http:\/\/swietodrzewa.pl\/?p=12746"},"modified":"2021-01-31T20:16:44","modified_gmt":"2021-01-31T19:16:44","slug":"lipa-sw-jana-nepomucena-kandydatka-na-europejskie-drzewo-roku-2021","status":"publish","type":"post","link":"https:\/\/archiwum.swietodrzewa.pl\/?p=12746","title":{"rendered":"LIPA \u015aW. JANA NEPOMUCENA KANDYDATK\u0104 NA EUROPEJSKIE DRZEWO ROKU 2021"},"content":{"rendered":"<p class=\"lead\"><strong>Od dzisiaj przez ca\u0142y luty ka\u017cdy z nas b\u0119dzie m\u00f3g\u0142 zdecydowa\u0107, kt\u00f3re drzewo otrzyma tytu\u0142 Europejskiego Drzewa Roku 2021. W tym roku Polsk\u0119 reprezentuje zwyci\u0119\u017cczyni 10. edycji organizowanego przez Klub Gaja konkursu Drzewo Roku. Lipa \u015bw. Jana Nepomucena w woj. podkarpackim b\u0119dzie rywalizowa\u0142a w zaszczytnym gronie 14. europejskich drzew, a o zwyci\u0119stwie przes\u0105dz\u0105 jak co roku g\u0142osy internaut\u00f3w. G\u0142osujemy na <a href=\"https:\/\/www.treeoftheyear.org\/PL\">https:\/\/www.treeoftheyear.org\/PL<\/a><\/strong><!--more--><\/p>\n<div class=\"body\">\n<p>Lipa \u015bw. Jana Nepomucena ro\u015bnie na skraju wsi Dulcza Wielka w gminie Radomy\u015bl Wielki, w s\u0105siedztwie p\u00f3l. Od 150 lat nic jej nie przeszkadza\u0142o, by szeroko roz\u0142o\u017cy\u0107 konary (25 m). Nazywana przez okolicznych mieszka\u0144c\u00f3w \u201ewiejsk\u0105 dobrodziejk\u0105\u201d, dawa\u0142a pracuj\u0105cym w polu cie\u0144, w\u0119druj\u0105cym wypoczynek, a pszczo\u0142om po\u017cytek. Stoj\u0105ca obok kapliczka \u015bw. Jana Nepomucena nada\u0142a miejscu magii. Jak podkre\u015blaj\u0105 cz\u0142onkowie Ligi Ochrony Przyrody Okr\u0119gu Podkarpackiego w Rzeszowie, kt\u00f3rzy zg\u0142osili drzewo do polskiej edycji konkursu &#8211; nietypowa dla lipy uroda wszystkich zaskakuje, a jej pi\u0119kno wyzwala podziw dla pot\u0119gi natury. Podczas spotka\u0144 i r\u00f3\u017cnorakich koncert\u00f3w odbywaj\u0105cych si\u0119 pod lip\u0105, przy d\u017awi\u0119kach muzyki czy wiruj\u0105cych w ta\u0144cu parach, w jej otoczeniu mo\u017cna zapomnie\u0107 o codziennych troskach. W 2020 roku uzyska\u0142a tytu\u0142 Drzewa Roku w konkursie Klubu Gaja, uzyskuj\u0105c ponad 15 tysi\u0119cy g\u0142os\u00f3w internaut\u00f3w.<br \/>\n&nbsp;<\/p>\n<p><a href=\"http:\/\/klubgaja.pl\/cms\/uploads\/AKTUALNO%C5%9ACI%202021\/ETY\/140704d.jpg\" target=\"_blank\" rel=\"noopener\"><img src=\"http:\/\/klubgaja.pl\/cms\/uploads\/AKTUALNO%C5%9ACI%202021\/ETY\/140704d.jpg\" alt=\"\"\/><\/a>W\u015br\u00f3d kontrkandydat\u00f3w polskiej Lipy \u015bw. Jana Nepomucena do tytu\u0142u Europejskiego Drzewa Roku 2021 znalaz\u0142y si\u0119 najciekawsze drzewa z ca\u0142ej Europy, kt\u00f3re wygra\u0142y w konkursach krajowych. W wi\u0119kszo\u015bci s\u0105 to drzewa-weterani, takie jak tysi\u0105cletni platan Curinga, najwi\u0119ksze drzewo tego gatunku we W\u0142oszech, staro\u017cytne drzewo z Holandii, kt\u00f3ra jest matk\u0105 wszystkich lip w mie\u015bcie Etten-Leur, czy samotne drzewo jarz\u0119bu pospolitego z Wielkiej Brytanii, b\u0119d\u0105ce symbolem 20-letnich dzia\u0142a\u0144 maj\u0105cych na celu o\u017cywienie dzikiego serca po\u0142udniowej Szkocji. Wszystkie je \u0142\u0105cz\u0105 niezwyk\u0142e historie i fakt, \u017ce s\u0105 wa\u017cn\u0105 cz\u0119\u015bci\u0105 lokalnego \u017cycia i dum\u0105 okolicznych mieszka\u0144c\u00f3w. Zdj\u0119cia i historie 14. finalist\u00f3w znajdziemy na stronie g\u0142osowania&nbsp;<a href=\"https:\/\/www.treeoftheyear.org\/\" target=\"_blank\" rel=\"noopener\">https:\/\/www.treeoftheyear.org<\/a><\/p>\n<p>\u201eG\u0142osowanie trwa przez ca\u0142y luty. Ka\u017cdy mo\u017ce wskaza\u0107 swoich 2 kandydat\u00f3w do tytu\u0142u Europejskiego Drzewa Roku 2021. Ostatni tydzie\u0144 g\u0142osowania jest tajny i nie b\u0119dziemy mogli zobaczy\u0107, ile g\u0142os\u00f3w maj\u0105 poszczeg\u00f3lne drzewa. Zwyci\u0119zc\u0119 poznamy dopiero 17 marca podczas ceremonii og\u0142oszenia wynik\u00f3w, kt\u00f3ra w tym roku ze wzgl\u0119du na pandemi\u0119 odb\u0119dzie si\u0119 on-line. Zapraszamy do udzia\u0142u w g\u0142osowaniu i wsparciu naszej \u201ewiejskiej dobrodziejki\u201d!\u201d \u2013 m\u00f3wi&nbsp;<strong>Jolanta Migda\u0142&nbsp;<\/strong>z Klubu Gaja, koordynatorka konkursu Drzewo Roku.<a href=\"http:\/\/klubgaja.pl\/cms\/uploads\/AKTUALNO%C5%9ACI%202021\/ETY\/140704g.jpg\" target=\"_blank\" rel=\"noopener\"><img src=\"http:\/\/klubgaja.pl\/cms\/uploads\/AKTUALNO%C5%9ACI%202021\/ETY\/140704g.jpg\" alt=\"\"\/><\/a><\/p>\n<p>\u201eTen wspania\u0142y konkurs uczy nie tylko szacunku do drzew. W tych historiach zapisane s\u0105 cz\u0119sto losy spo\u0142eczno\u015bci i wielu pokole\u0144. Dowiadujemy si\u0119 z nich o tym, jak wa\u017cne s\u0105 drzewa dla naszych los\u00f3w i ile emocji wi\u0105\u017cemy z przyrod\u0105. Gratuluj\u0119 organizatorom, kt\u00f3rzy pomimo trudno\u015bci wpisuj\u0105 dzieje drzew w europejsk\u0105 kultur\u0119. G\u0142osuj\u0105c nie zapominajmy, \u017ce \u017cyjemy dzi\u0119ki cudowno\u015bci przyrody, kt\u00f3ra karmi nas i wspomaga w swojej nieustaj\u0105cej cykliczno\u015bci\u201d \u2013 podkre\u015bla&nbsp;<strong>Jacek Bo\u017cek<\/strong>, szef Klubu Gaja.<\/p>\n<p>Organizatorem konkursu Europejskie Drzewo Roku jest Environmental Partnership Association (EPA) z siedzib\u0105 w Brukseli. W ci\u0105gu ostatniej dekady konkurs zgromadzi\u0142 ju\u017c ponad 1000 drzew \u2013 \u015bwiadk\u00f3w naszej europejskiej historii i ponad 1000 spo\u0142eczno\u015bci lokalnych dumnych ze swoich skarb\u00f3w przyrody, a tak\u017ce rzesze mi\u0142o\u015bnik\u00f3w drzew na ca\u0142ym \u015bwiecie. W Polsce co roku konkurs Drzewo Roku&nbsp; organizuje Klub Gaja. W ten spos\u00f3b chcemy zwraca\u0107 uwag\u0119 na ciekawe, stare drzewa jako wa\u017cne elementy dziedzictwa przyrodniczego i kulturowego, kt\u00f3re powinni\u015bmy ceni\u0107 i chroni\u0107.<\/p>\n<p>Mog\u0105 Pa\u0144stwo pom\u00f3c chroni\u0107 drzewa przekazuj\u0105c&nbsp;<a href=\"http:\/\/www.klubgaja.pl\/wesprzyj-nas\" target=\"_blank\" rel=\"noopener\">darowizn\u0119<\/a>&nbsp;lub&nbsp;<a href=\"http:\/\/www.klubgaja.pl\/przekaz-1-procent-podatku\" target=\"_blank\" rel=\"noopener\">1% podatku&nbsp;<\/a>dla Klubu Gaja. Na stronie Klubu Gaja znajdziecie Pa\u0144stwo&nbsp;<a href=\"https:\/\/www.e-pity.pl\/pity-2020\/akcja-e-life-jeden-procent-2021-KRS-0000120069\" target=\"_blank\" rel=\"noopener\">Bezp\u0142atny Program PIT<\/a>&nbsp;lub w deklaracji podatkowej PIT wystarczy wpisa\u0107 KRS: 0000120069.<\/p>\n<p><strong>ZAG\u0141OSUJ NA POLSKIE DRZEWO<\/strong>&nbsp;na&nbsp;<a href=\"https:\/\/www.treeoftheyear.org\/PL\" target=\"_blank\" rel=\"noopener\">https:\/\/www.treeoftheyear.org\/PL<\/a><\/p>\n<p><a href=\"http:\/\/swietodrzewa.pl\/?p=12263\" target=\"_blank\" rel=\"noopener\">Dowiedz si\u0119 wi\u0119cej lipie \u015bw. Jana Nepomucena &gt;&gt;&gt;<\/a><\/p>\n<p>Na zdj\u0119ciach: Lipa \u015bw. Jana Nepomucena w Dulczy Wielkiej. Fot. Archiwum Klubu Gaja<\/p>\n<\/div>\n","protected":false},"excerpt":{"rendered":"<p>Od dzisiaj przez ca\u0142y luty ka\u017cdy z nas b\u0119dzie m\u00f3g\u0142 zdecydowa\u0107, kt\u00f3re drzewo otrzyma tytu\u0142 Europejskiego Drzewa Roku 2021. W tym roku Polsk\u0119 reprezentuje zwyci\u0119\u017cczyni 10. edycji organizowanego przez Klub Gaja konkursu Drzewo Roku. Lipa \u015bw. Jana Nepomucena w woj. podkarpackim b\u0119dzie rywalizowa\u0142a w zaszczytnym gronie 14. europejskich drzew, a o zwyci\u0119stwie przes\u0105dz\u0105 jak co [&hellip;]<\/p>\n","protected":false},"author":3,"featured_media":12748,"comment_status":"closed","ping_status":"closed","sticky":false,"template":"","format":"standard","meta":{"ngg_post_thumbnail":0},"categories":[116],"tags":[],"_links":{"self":[{"href":"https:\/\/archiwum.swietodrzewa.pl\/index.php?rest_route=\/wp\/v2\/posts\/12746"}],"collection":[{"href":"https:\/\/archiwum.swietodrzewa.pl\/index.php?rest_route=\/wp\/v2\/posts"}],"about":[{"href":"https:\/\/archiwum.swietodrzewa.pl\/index.php?rest_route=\/wp\/v2\/types\/post"}],"author":[{"embeddable":true,"href":"https:\/\/archiwum.swietodrzewa.pl\/index.php?rest_route=\/wp\/v2\/users\/3"}],"replies":[{"embeddable":true,"href":"https:\/\/archiwum.swietodrzewa.pl\/index.php?rest_route=%2Fwp%2Fv2%2Fcomments&post=12746"}],"version-history":[{"count":1,"href":"https:\/\/archiwum.swietodrzewa.pl\/index.php?rest_route=\/wp\/v2\/posts\/12746\/revisions"}],"predecessor-version":[{"id":12747,"href":"https:\/\/archiwum.swietodrzewa.pl\/index.php?rest_route=\/wp\/v2\/posts\/12746\/revisions\/12747"}],"wp:featuredmedia":[{"embeddable":true,"href":"https:\/\/archiwum.swietodrzewa.pl\/index.php?rest_route=\/wp\/v2\/media\/12748"}],"wp:attachment":[{"href":"https:\/\/archiwum.swietodrzewa.pl\/index.php?rest_route=%2Fwp%2Fv2%2Fmedia&parent=12746"}],"wp:term":[{"taxonomy":"category","embeddable":true,"href":"https:\/\/archiwum.swietodrzewa.pl\/index.php?rest_route=%2Fwp%2Fv2%2Fcategories&post=12746"},{"taxonomy":"post_tag","embeddable":true,"href":"https:\/\/archiwum.swietodrzewa.pl\/index.php?rest_route=%2Fwp%2Fv2%2Ftags&post=12746"}],"curies":[{"name":"wp","href":"https:\/\/api.w.org\/{rel}","templated":true}]}}