{"id":12772,"date":"2021-02-15T07:13:39","date_gmt":"2021-02-15T06:13:39","guid":{"rendered":"http:\/\/swietodrzewa.pl\/?p=12772"},"modified":"2021-02-15T14:32:57","modified_gmt":"2021-02-15T13:32:57","slug":"europejskie-drzewo-roku-na-polmetku-2","status":"publish","type":"post","link":"https:\/\/archiwum.swietodrzewa.pl\/?p=12772","title":{"rendered":"Europejskie Drzewo Roku na p\u00f3\u0142metku!"},"content":{"rendered":"<p><strong>Trwa g\u0142osowanie na Europejskie Drzewo Roku 2021. Polska kandydatka &#8211; lipa \u015bw. Jana Nepomucena z Dulczy Wielkiej zajmuje aktualnie 4 miejsce w konkursie!<\/strong><strong> Mo\u017cemy poprawi\u0107 wynik i zawalczy\u0107 o podium dla polskiego drzewa oddaj\u0105c sw\u00f3j g\u0142os <\/strong><strong>na stronie <\/strong><a href=\"https:\/\/www.treeoftheyear.org\/PL\">https:\/\/www.treeoftheyear.org\/PL<\/a><strong> G\u0142osowanie trwa do ko\u0144ca lutego.<\/strong><strong> W tegorocznej edycji konkursu o tytu\u0142 Europejskiego Drzewa Roku walczy 14 drzew z 14 kraj\u00f3w Europy. Nasza reprezentantka wygra\u0142a polsk\u0105 edycj\u0119 konkursu Drzewo Roku 2020 organizowanego przez Klub Gaja. <\/strong><!--more--><\/p>\n<p>Rywalizacja o tytu\u0142 Europejskiego Drzewa Roku 2021 trwa ju\u017c pod pocz\u0105tku lutego. Polska lipa \u015bw. Jana Nepomucena zdoby\u0142a ju\u017c ponad 20 tysi\u0119cy g\u0142os\u00f3w i plasuje si\u0119 obecnie na 4. miejscu. Nasz\u0105 kandydatk\u0119 wyprzedzaj\u0105 tylko drzewa z Hiszpanii, W\u0142och i Rosji. Ale wszystko mo\u017ce si\u0119 jeszcze zmieni\u0107 dzi\u0119ki naszym g\u0142osom! Ostatni tydzie\u0144 plebiscytu jest tajny, tak wi\u0119c do ostatniej chwili nie b\u0119dziemy widzieli, ile g\u0142os\u00f3w zdoby\u0142y poszczeg\u00f3lne drzewa. Zwyci\u0119zc\u0119 poznamy dopiero 17 marca podczas uroczystej ceremonii transmitowanej za po\u015brednictwem Internetu.<a href=\"http:\/\/swietodrzewa.pl\/wp-content\/uploads\/2021\/02\/fot1.jpg\"><img loading=\"lazy\" class=\"alignright size-medium wp-image-12774\" src=\"http:\/\/swietodrzewa.pl\/wp-content\/uploads\/2021\/02\/fot1-300x225.jpg\" alt=\"\" width=\"300\" height=\"225\" srcset=\"https:\/\/archiwum.swietodrzewa.pl\/wp-content\/uploads\/2021\/02\/fot1-300x225.jpg 300w, https:\/\/archiwum.swietodrzewa.pl\/wp-content\/uploads\/2021\/02\/fot1-768x576.jpg 768w, https:\/\/archiwum.swietodrzewa.pl\/wp-content\/uploads\/2021\/02\/fot1-1024x768.jpg 1024w, https:\/\/archiwum.swietodrzewa.pl\/wp-content\/uploads\/2021\/02\/fot1.jpg 1200w\" sizes=\"(max-width: 300px) 100vw, 300px\" \/><\/a><\/p>\n<p>150 letnia Lipa \u015bw. Jana Nepomucena ro\u015bnie samotnie w Dulczy Wielkiej (woj. podkarpackie) na skraju rozleg\u0142ych p\u00f3l. Jej pi\u0119kno i niezwyk\u0142o\u015b\u0107 polega na tym, \u017ce nie przypomina innych drzew tego gatunku. Jest przysadzista, posiada szerok\u0105 koron\u0119, a najni\u017csze konary \u0142ukowato przeginaj\u0105 si\u0119 niemal do samej ziemi. W krajobrazie typowo rolniczym, pozbawionym wi\u0119kszych kompleks\u00f3w le\u015bnych, a nawet okazalszych drzew, jest swego rodzaju rodzynkiem.&nbsp; Prawdopodobnie&nbsp;posadzono j\u0105, aby mog\u0142a dawa\u0107 cie\u0144 pracuj\u0105cym na polu rolnikom. Obok lipy znajduje si\u0119 kapliczka \u015bw. Jana Nepomucena, patrona powodzian, kt\u00f3ry cieszy si\u0119 na tym terenie szczeg\u00f3lnym kultem ze wzgl\u0119du na poblisk\u0105 rzeczk\u0119 Jamnic\u0119, kt\u00f3ra cz\u0119sto wylewa. I tak te dwa s\u0105siaduj\u0105ce ze sob\u0105 obiekty sta\u0142y si\u0119 nieroz\u0142\u0105czne, a nawet sta\u0142y si\u0119&nbsp;natchnieniem dla lokalnych artyst\u00f3w. Lipa zjednoczy\u0142a tak\u017ce spo\u0142eczno\u015b\u0107 lokaln\u0105 w sprawie ustanowienia jej pomnikiem przyrody i poprawienia jej stanu zdrowotnego. W polskiej edycji konkursu organizowanego przez Klubu Gaja lipa otrzyma\u0142a 15346 g\u0142os\u00f3w internaut\u00f3w, zdobywaj\u0105c tym samym tytu\u0142 Drzewa Roku 2020.<\/p>\n<p><a href=\"https:\/\/youtu.be\/NJdUB_chCCU\">Zobacz film o lipie \u015bw. Jana Nepomucena &gt;&gt;&gt;&gt;<\/a><\/p>\n<p><a href=\"https:\/\/www.treeoftheyear.org\/PL\">ZAG\u0141OSUJ NA POLSKIE DRZEWO &gt;&gt;&gt;<\/a><\/p>\n<p><a href=\"http:\/\/swietodrzewa.pl\/wp-content\/uploads\/2021\/02\/fot.jpg\"><img loading=\"lazy\" class=\"alignleft size-medium wp-image-12773\" src=\"http:\/\/swietodrzewa.pl\/wp-content\/uploads\/2021\/02\/fot-300x225.jpg\" alt=\"\" width=\"300\" height=\"225\" srcset=\"https:\/\/archiwum.swietodrzewa.pl\/wp-content\/uploads\/2021\/02\/fot-300x225.jpg 300w, https:\/\/archiwum.swietodrzewa.pl\/wp-content\/uploads\/2021\/02\/fot-768x576.jpg 768w, https:\/\/archiwum.swietodrzewa.pl\/wp-content\/uploads\/2021\/02\/fot-1024x768.jpg 1024w, https:\/\/archiwum.swietodrzewa.pl\/wp-content\/uploads\/2021\/02\/fot.jpg 1200w\" sizes=\"(max-width: 300px) 100vw, 300px\" \/><\/a>Konkurs Europejskie Drzewo Roku zosta\u0142 zapocz\u0105tkowany w 2011 r. Jego organizatorem jest Environmental&nbsp;Partnership Association (EPA) z siedzib\u0105 w Brukseli. W finale konkursu bior\u0105 udzia\u0142 zwyci\u0119zcy etap\u00f3w krajowych z ca\u0142ej Europy. Polskie drzewa maj\u0105 ju\u017c swoje osi\u0105gni\u0119cia w tym corocznym plebiscycie. W 2017 roku zwyci\u0119zc\u0105 konkursu zosta\u0142 D\u0105b J\u00f3zef z Wi\u015bniowej w woj. podkarpackim. W 2013 roku 2. miejsce zdoby\u0142 Platan z K\u00f3z w woj. \u015bl\u0105skim, a w 2014 roku 3. miejsce w Europie zdoby\u0142 D\u0105b Wybickiego w B\u0119dominie w woj. pomorskim.<\/p>\n<p>W Polsce odbywa si\u0119 ju\u017c 11. edycja <a href=\"http:\/\/swietodrzewa.pl\/?page_id=1673\">konkursu Drzewo Roku <\/a>organizowanego przez Klub Gaja. Celem konkursu jest zwr\u00f3cenie uwagi na ciekawe, stare drzewa jako wa\u017cne elementy dziedzictwa przyrodniczego i kulturowego, kt\u00f3re powinni\u015bmy ceni\u0107 i chroni\u0107. W konkursie decyduj\u0105ce nie jest pi\u0119kno, rozmiary, czy te\u017c wiek, ale historia i zwi\u0105zki drzew z lud\u017ami. Ko\u0144cem lutego poznamy 16. finalist\u00f3w tegorocznego konkursu, kt\u00f3rzy ju\u017c w czerwcu powalcz\u0105 o tytu\u0142 Drzewa Roku 2021 w Polsce.<\/p>\n<p>Mog\u0105 Pa\u0144stwo pom\u00f3c sadzi\u0107 i chroni\u0107 drzewa przekazuj\u0105c <a href=\"http:\/\/www.klubgaja.pl\/wesprzyj-nas\"><strong>darowizn\u0119<\/strong><\/a> lub <a href=\"http:\/\/www.klubgaja.pl\/przekaz-1-procent-podatku\">1% podatku<\/a> dla Klubu Gaja. Na stronie Klubu Gaja znajdziecie Pa\u0144stwo&nbsp;<a href=\"https:\/\/www.e-pity.pl\/pity-2018\/program-online-epity-2019-KRS-0000120069--https:\/www.e-pity.pl\/oppimg\/75dd13c4820b11a1cd1be72a3a0006a3--http:\/www.klubgaja.pl\"><strong>Bezp\u0142atny Program PIT&nbsp;<\/strong><\/a>lub w deklaracji podatkowej PIT wystarczy wpisa\u0107 KRS: 0000120069.<\/p>\n<p>Na zdj\u0119ciach: Lipa \u015bw. Jana Nepomucena w Dulczy wielkiej. Fot. Archiwum Klubu Gaja<\/p>\n","protected":false},"excerpt":{"rendered":"<p>Trwa g\u0142osowanie na Europejskie Drzewo Roku 2021. Polska kandydatka &#8211; lipa \u015bw. Jana Nepomucena z Dulczy Wielkiej zajmuje aktualnie 4 miejsce w konkursie! Mo\u017cemy poprawi\u0107 wynik i zawalczy\u0107 o podium dla polskiego drzewa oddaj\u0105c sw\u00f3j g\u0142os na stronie https:\/\/www.treeoftheyear.org\/PL G\u0142osowanie trwa do ko\u0144ca lutego. W tegorocznej edycji konkursu o tytu\u0142 Europejskiego Drzewa Roku walczy 14 [&hellip;]<\/p>\n","protected":false},"author":3,"featured_media":12774,"comment_status":"closed","ping_status":"closed","sticky":false,"template":"","format":"standard","meta":{"ngg_post_thumbnail":0},"categories":[116],"tags":[],"_links":{"self":[{"href":"https:\/\/archiwum.swietodrzewa.pl\/index.php?rest_route=\/wp\/v2\/posts\/12772"}],"collection":[{"href":"https:\/\/archiwum.swietodrzewa.pl\/index.php?rest_route=\/wp\/v2\/posts"}],"about":[{"href":"https:\/\/archiwum.swietodrzewa.pl\/index.php?rest_route=\/wp\/v2\/types\/post"}],"author":[{"embeddable":true,"href":"https:\/\/archiwum.swietodrzewa.pl\/index.php?rest_route=\/wp\/v2\/users\/3"}],"replies":[{"embeddable":true,"href":"https:\/\/archiwum.swietodrzewa.pl\/index.php?rest_route=%2Fwp%2Fv2%2Fcomments&post=12772"}],"version-history":[{"count":2,"href":"https:\/\/archiwum.swietodrzewa.pl\/index.php?rest_route=\/wp\/v2\/posts\/12772\/revisions"}],"predecessor-version":[{"id":12776,"href":"https:\/\/archiwum.swietodrzewa.pl\/index.php?rest_route=\/wp\/v2\/posts\/12772\/revisions\/12776"}],"wp:featuredmedia":[{"embeddable":true,"href":"https:\/\/archiwum.swietodrzewa.pl\/index.php?rest_route=\/wp\/v2\/media\/12774"}],"wp:attachment":[{"href":"https:\/\/archiwum.swietodrzewa.pl\/index.php?rest_route=%2Fwp%2Fv2%2Fmedia&parent=12772"}],"wp:term":[{"taxonomy":"category","embeddable":true,"href":"https:\/\/archiwum.swietodrzewa.pl\/index.php?rest_route=%2Fwp%2Fv2%2Fcategories&post=12772"},{"taxonomy":"post_tag","embeddable":true,"href":"https:\/\/archiwum.swietodrzewa.pl\/index.php?rest_route=%2Fwp%2Fv2%2Ftags&post=12772"}],"curies":[{"name":"wp","href":"https:\/\/api.w.org\/{rel}","templated":true}]}}