{"id":12778,"date":"2021-02-25T06:58:27","date_gmt":"2021-02-25T05:58:27","guid":{"rendered":"http:\/\/swietodrzewa.pl\/?p=12778"},"modified":"2021-02-25T06:59:03","modified_gmt":"2021-02-25T05:59:03","slug":"ostatni-moment-by-zaglosowac-na-polskie-drzewo","status":"publish","type":"post","link":"https:\/\/archiwum.swietodrzewa.pl\/?p=12778","title":{"rendered":"Ostatni moment by zag\u0142osowa\u0107 na polskie drzewo!"},"content":{"rendered":"<p><strong>Tylko do ko\u0144ca lutego mo\u017cemy powalczy\u0107 o tytu\u0142 Europejskiego Drzewa Roku 2021. Ko\u0144c\u00f3wka plebiscytu jest niezwykle dopinguj\u0105ca, bo w ostatnim tygodniu g\u0142osowania nie mo\u017cemy zobaczy\u0107 ju\u017c liczby g\u0142os\u00f3w oddanych na poszczeg\u00f3lne drzewa. Polska kandydatka &#8211; Lipia \u015bw. Jana Nepomucena z Dulczy Wielkiej przed utajnieniem g\u0142os\u00f3w zajmowa\u0142a 6. miejsce na 14. drzew bior\u0105cych udzia\u0142 w konkursie. Oddaj\u0105c sw\u00f3j g\u0142os na polskie drzewo mo\u017cemy zawalczy\u0107 jeszcze o podium! Klub Gaja zach\u0119ca do g\u0142osowania na stronie <\/strong><a href=\"https:\/\/www.treeoftheyear.org\/PL\">https:\/\/www.treeoftheyear.org\/PL<\/a><!--more--><\/p>\n<p><a href=\"http:\/\/swietodrzewa.pl\/wp-content\/uploads\/2021\/02\/fott.jpg\"><img loading=\"lazy\" class=\"alignleft size-medium wp-image-12779\" src=\"http:\/\/swietodrzewa.pl\/wp-content\/uploads\/2021\/02\/fott-300x225.jpg\" alt=\"\" width=\"300\" height=\"225\" srcset=\"https:\/\/archiwum.swietodrzewa.pl\/wp-content\/uploads\/2021\/02\/fott-300x225.jpg 300w, https:\/\/archiwum.swietodrzewa.pl\/wp-content\/uploads\/2021\/02\/fott-768x576.jpg 768w, https:\/\/archiwum.swietodrzewa.pl\/wp-content\/uploads\/2021\/02\/fott-1024x768.jpg 1024w, https:\/\/archiwum.swietodrzewa.pl\/wp-content\/uploads\/2021\/02\/fott.jpg 1200w\" sizes=\"(max-width: 300px) 100vw, 300px\" \/><\/a>Przypomnijmy sylwetk\u0119 polskiej kandydatki do tytu\u0142u Europejskiego Drzewa Roku 2021: Lipa \u015bw. Jana Nepomucena w Dulczy Wielkiej w woj. podkarpackim wygra\u0142a polsk\u0105 edycj\u0119 konkursu Drzewo Roku 2020 organizowanego przez Klub Gaja. Od 150 lat ro\u015bnie samotnie na skraju wsi w s\u0105siedztwie rozleg\u0142ych p\u00f3l, daj\u0105c cie\u0144 pracuj\u0105cym w polu i przechodz\u0105cym t\u0119dy w\u0119drowcom. Przez te wszystkie lata nic jej nie przeszkodzi\u0142o by szeroko roz\u0142o\u017cy\u0107 konary. Drzewo zacienia oko\u0142o 400 metr\u00f3w kwadratowych powierzchni, tak \u017ce mo\u017cna pod nim zorganizowa\u0107 du\u017ce wesele. Swoje imi\u0119 lipa otrzyma\u0142a od \u015bw. Jana Nepomucena \u2013 patrona powodzian, kt\u00f3ry w jej pobli\u017cu ma swoj\u0105 kapliczk\u0119. Drzewo od lat stanowi natchnienie dla lokalnych artyst\u00f3w, a tak\u017ce zjednoczy\u0142o spo\u0142eczno\u015b\u0107 lokaln\u0105 w sprawie ustanowienia go pomnikiem przyrody. Do konkursu Klubu Gaja lip\u0119 zg\u0142osili cz\u0142onkowie Ligi Ochrony Przyrody Okr\u0119gu Podkarpackiego w Rzeszowie.<\/p>\n<p><a href=\"http:\/\/www.treeoftheyear.org\/PL\">ZAG\u0141OSUJ NA POLSKIE DRZEWO &nbsp;&gt;&gt;&gt;<\/a><\/p>\n<p>\u201eRywalizacja o tytu\u0142 Europejskiego Drzewa Roku 2021 trwa ju\u017c pod pocz\u0105tku lutego. W konkursie bierze udzia\u0142 14. drzew z ca\u0142ej<a href=\"http:\/\/swietodrzewa.pl\/wp-content\/uploads\/2021\/02\/fot-1.jpg\"><img loading=\"lazy\" class=\"alignright size-medium wp-image-12780\" src=\"http:\/\/swietodrzewa.pl\/wp-content\/uploads\/2021\/02\/fot-1-300x225.jpg\" alt=\"\" width=\"300\" height=\"225\" srcset=\"https:\/\/archiwum.swietodrzewa.pl\/wp-content\/uploads\/2021\/02\/fot-1-300x225.jpg 300w, https:\/\/archiwum.swietodrzewa.pl\/wp-content\/uploads\/2021\/02\/fot-1-768x576.jpg 768w, https:\/\/archiwum.swietodrzewa.pl\/wp-content\/uploads\/2021\/02\/fot-1-1024x768.jpg 1024w, https:\/\/archiwum.swietodrzewa.pl\/wp-content\/uploads\/2021\/02\/fot-1.jpg 1200w\" sizes=\"(max-width: 300px) 100vw, 300px\" \/><\/a> Europy, kt\u00f3re wygra\u0142y etapy krajowe. Przed utajnieniem liczby g\u0142os\u00f3w na prowadzeniu by\u0142y drzewa z Hiszpanii, Rosji i W\u0142och. Polska Lipa \u015bw. Jana Nepomucena zdoby\u0142a ju\u017c ponad 26 tysi\u0119cy g\u0142os\u00f3w internaut\u00f3w i zajmowa\u0142a 6. miejscu w konkursie. Tylko nieznacznie wyprzedzali nas Belgowie i Portugalczycy<strong>. <\/strong>&nbsp;Wszystko wi\u0119c mo\u017ce si\u0119 jeszcze zmieni\u0107 dzi\u0119ki naszemu zaanga\u017cowaniu i naszym g\u0142osom! Zwyci\u0119zc\u0119 poznamy ju\u017c 17 marca podczas uroczystej ceremonii transmitowanej za po\u015brednictwem Internetu\u201d \u2013 m\u00f3wi <strong>Jolanta Migda<\/strong>\u0142 z Klubu Gaja, koordynatorka konkursu Drzewo Roku.&nbsp;<\/p>\n<p>Europejski Konkurs Drzewo Roku zosta\u0142 zapocz\u0105tkowany 11 lat temu. Jego organizatorem jest Environmental Partnership Association (EPA) z siedzib\u0105 w Brukseli. W finale konkursu bior\u0105 udzia\u0142 zwyci\u0119zcy etap\u00f3w&nbsp;krajowych. W Polsce organizatorem <a href=\"http:\/\/swietodrzewa.pl\/?page_id=1673\">konkursu Drzewo Roku&nbsp;<\/a> jest&nbsp;Klub Gaja. W ten spos\u00f3b organizatorzy zwracaj\u0105 uwag\u0119 spo\u0142eczn\u0105 na ciekawe, stare drzewa jako wa\u017cne elementy dziedzictwa przyrodniczego i kulturowego, kt\u00f3re powinni\u015bmy ceni\u0107 i chroni\u0107. W konkursie decyduj\u0105ce nie jest pi\u0119kno, rozmiary, czy te\u017c wiek, ale historia i zwi\u0105zki drzew z lud\u017ami.<\/p>\n<p>Mo\u017cesz pom\u00f3c chroni\u0107 drzewa przekazuj\u0105c <a href=\"http:\/\/www.klubgaja.pl\/wesprzyj-nas\"><strong>darowizn\u0119<\/strong><\/a> lub <a href=\"http:\/\/www.klubgaja.pl\/przekaz-1-procent-podatku\"><strong>1%<\/strong> <strong>podatku<\/strong><\/a> dla Klubu Gaja. Na stronie Klubu Gaja znajdziecie Pa\u0144stwo&nbsp;<a href=\"https:\/\/www.e-pity.pl\/pity-2018\/program-online-epity-2019-KRS-0000120069--https:\/www.e-pity.pl\/oppimg\/75dd13c4820b11a1cd1be72a3a0006a3--http:\/www.klubgaja.pl\"><strong>Bezp\u0142atny Program PIT&nbsp;<\/strong><\/a>lub w deklaracji podatkowej PIT wystarczy wpisa\u0107 KRS: 0000120069.<\/p>\n<p>Na zdj\u0119ciach: Lipa \u015bw. Jana Nepomucena w Dulczy Wielkiej. Fot. Archiwum Klubu Gaja.<\/p>\n","protected":false},"excerpt":{"rendered":"<p>Tylko do ko\u0144ca lutego mo\u017cemy powalczy\u0107 o tytu\u0142 Europejskiego Drzewa Roku 2021. Ko\u0144c\u00f3wka plebiscytu jest niezwykle dopinguj\u0105ca, bo w ostatnim tygodniu g\u0142osowania nie mo\u017cemy zobaczy\u0107 ju\u017c liczby g\u0142os\u00f3w oddanych na poszczeg\u00f3lne drzewa. Polska kandydatka &#8211; Lipia \u015bw. Jana Nepomucena z Dulczy Wielkiej przed utajnieniem g\u0142os\u00f3w zajmowa\u0142a 6. miejsce na 14. drzew bior\u0105cych udzia\u0142 w konkursie. [&hellip;]<\/p>\n","protected":false},"author":3,"featured_media":12779,"comment_status":"closed","ping_status":"closed","sticky":false,"template":"","format":"standard","meta":{"ngg_post_thumbnail":0},"categories":[116],"tags":[],"_links":{"self":[{"href":"https:\/\/archiwum.swietodrzewa.pl\/index.php?rest_route=\/wp\/v2\/posts\/12778"}],"collection":[{"href":"https:\/\/archiwum.swietodrzewa.pl\/index.php?rest_route=\/wp\/v2\/posts"}],"about":[{"href":"https:\/\/archiwum.swietodrzewa.pl\/index.php?rest_route=\/wp\/v2\/types\/post"}],"author":[{"embeddable":true,"href":"https:\/\/archiwum.swietodrzewa.pl\/index.php?rest_route=\/wp\/v2\/users\/3"}],"replies":[{"embeddable":true,"href":"https:\/\/archiwum.swietodrzewa.pl\/index.php?rest_route=%2Fwp%2Fv2%2Fcomments&post=12778"}],"version-history":[{"count":2,"href":"https:\/\/archiwum.swietodrzewa.pl\/index.php?rest_route=\/wp\/v2\/posts\/12778\/revisions"}],"predecessor-version":[{"id":12782,"href":"https:\/\/archiwum.swietodrzewa.pl\/index.php?rest_route=\/wp\/v2\/posts\/12778\/revisions\/12782"}],"wp:featuredmedia":[{"embeddable":true,"href":"https:\/\/archiwum.swietodrzewa.pl\/index.php?rest_route=\/wp\/v2\/media\/12779"}],"wp:attachment":[{"href":"https:\/\/archiwum.swietodrzewa.pl\/index.php?rest_route=%2Fwp%2Fv2%2Fmedia&parent=12778"}],"wp:term":[{"taxonomy":"category","embeddable":true,"href":"https:\/\/archiwum.swietodrzewa.pl\/index.php?rest_route=%2Fwp%2Fv2%2Fcategories&post=12778"},{"taxonomy":"post_tag","embeddable":true,"href":"https:\/\/archiwum.swietodrzewa.pl\/index.php?rest_route=%2Fwp%2Fv2%2Ftags&post=12778"}],"curies":[{"name":"wp","href":"https:\/\/api.w.org\/{rel}","templated":true}]}}