{"id":12818,"date":"2021-03-31T12:53:00","date_gmt":"2021-03-31T10:53:00","guid":{"rendered":"https:\/\/swietodrzewa.pl\/?p=12818"},"modified":"2021-09-03T14:05:19","modified_gmt":"2021-09-03T12:05:19","slug":"czarodziejskie-drzewa-2021","status":"publish","type":"post","link":"https:\/\/archiwum.swietodrzewa.pl\/?p=12818","title":{"rendered":"Czarodziejskie Drzewa 2021"},"content":{"rendered":"<p><strong>Klub Gaja jak co roku nagrodzi\u0142 najaktywniejszych uczestnik\u00f3w \u015awi\u0119ta Drzewa. 18. edycja programu przebieg\u0142a pod has\u0142em \u201e\u015awi\u0119to Drzewa dla zwierz\u0105t\u201d i wzi\u0119\u0142o w niej udzia\u0142, pomimo r\u00f3\u017cnych ogranicze\u0144 zwi\u0105zanych z pandemi\u0105 COVID-19, ponad 19 tysi\u0119cy os\u00f3b. <\/strong><strong>Wsp\u00f3lnie posadzili\u015bmy w ca\u0142ej Polsce ponad 20 tysi\u0119cy drzew i krzew\u00f3w, i <\/strong><strong>zrobili\u015bmy blisko 40 schro<\/strong><strong>nie\u0144 <\/strong><strong>dla owad\u00f3w, ptak\u00f3w i ma\u0142ych ssak\u00f3w!<\/strong><strong> Wszystkim serdecznie dzi\u0119kujemy za kolejny rok wsp\u00f3lnej pracy dla Ziemi!<\/strong><!--more--><\/p>\n<p><a href=\"https:\/\/archiwum.swietodrzewa.pl\/wp-content\/uploads\/2021\/03\/15-1-scaled.jpg\"><img loading=\"lazy\" class=\"alignleft size-medium wp-image-12830\" src=\"https:\/\/archiwum.swietodrzewa.pl\/wp-content\/uploads\/2021\/03\/15-1-300x225.jpg\" alt=\"\" width=\"300\" height=\"225\" srcset=\"https:\/\/archiwum.swietodrzewa.pl\/wp-content\/uploads\/2021\/03\/15-1-300x225.jpg 300w, https:\/\/archiwum.swietodrzewa.pl\/wp-content\/uploads\/2021\/03\/15-1-1024x768.jpg 1024w, https:\/\/archiwum.swietodrzewa.pl\/wp-content\/uploads\/2021\/03\/15-1-768x576.jpg 768w, https:\/\/archiwum.swietodrzewa.pl\/wp-content\/uploads\/2021\/03\/15-1-1536x1152.jpg 1536w, https:\/\/archiwum.swietodrzewa.pl\/wp-content\/uploads\/2021\/03\/15-1-2048x1536.jpg 2048w\" sizes=\"(max-width: 300px) 100vw, 300px\" \/><\/a> Organizowany przez Klub Gaja od 2003 roku program \u015awi\u0119to Drzewa to szeroka edukacja na temat ochrony \u015brodowiska i zmian klimatu, poparta konkretnymi dzia\u0142aniami \u2013 sadzeniem i ochron\u0105 drzew. Jak co roku w pa\u017adzierniku w ca\u0142ym kraju odby\u0142y si\u0119 lokalne obchody \u015awi\u0119ta Drzewa, w ramach kt\u00f3rych sadzono drzewa, zak\u0142adano parki i ogrody, otaczano opiek\u0105 stare drzew, prowadzono lekcje tematyczne, zaj\u0119cia w terenie, konkursy i przedstawienia. W programie wzi\u0119\u0142o udzia\u0142 229 podmiot\u00f3w &#8211; plac\u00f3wek o\u015bwiatowych, gmin, nadle\u015bnictw, stowarzysze\u0144, firm, a tak\u017ce os\u00f3b prywatnych. W sumie ponad 19 tysi\u0119cy uczestnik\u00f3w! Do licznika dopisali\u015bmy kolejnych 20 tysi\u0119cy drzew i krzew\u00f3w m.in. owocowych i miododajnych. Sadzonych specjalnie dla zwierz\u0105t, dla kt\u00f3rych zrobili\u015bmy blisko 40 schronie\u0144!<\/p>\n<p>Co roku&nbsp;Klub Gaja przyznaje najaktywniejszym uczestnikom \u015awi\u0119ta Drzewa&nbsp;<strong>nagrody Czarodziejskiego Drzewa <\/strong>w 3. kategoriach<strong> &#8211;<\/strong>&nbsp;<strong>za najwi\u0119ksz\u0105 ilo\u015b\u0107 posadzonych drzew, za najszersz\u0105 wsp\u00f3\u0142prac\u0119 <\/strong>oraz<strong> za kreatywno\u015b\u0107 dzia\u0142a\u0144. <\/strong>W tym roku przyznali\u015bmy r\u00f3wnie\u017c<strong> 4 wyr\u00f3\u017cnienia.&nbsp;<\/strong><\/p>\n<h2><strong><a href=\"https:\/\/archiwum.swietodrzewa.pl\/wp-content\/uploads\/2021\/03\/20201019-122317-scaled.jpg\"><img loading=\"lazy\" class=\"alignleft size-medium wp-image-12832\" src=\"https:\/\/archiwum.swietodrzewa.pl\/wp-content\/uploads\/2021\/03\/20201019-122317-225x300.jpg\" alt=\"\" width=\"225\" height=\"300\" srcset=\"https:\/\/archiwum.swietodrzewa.pl\/wp-content\/uploads\/2021\/03\/20201019-122317-225x300.jpg 225w, https:\/\/archiwum.swietodrzewa.pl\/wp-content\/uploads\/2021\/03\/20201019-122317-768x1024.jpg 768w, https:\/\/archiwum.swietodrzewa.pl\/wp-content\/uploads\/2021\/03\/20201019-122317-1152x1536.jpg 1152w, https:\/\/archiwum.swietodrzewa.pl\/wp-content\/uploads\/2021\/03\/20201019-122317-1536x2048.jpg 1536w, https:\/\/archiwum.swietodrzewa.pl\/wp-content\/uploads\/2021\/03\/20201019-122317-scaled.jpg 1920w\" sizes=\"(max-width: 225px) 100vw, 225px\" \/><\/a>Laureaci Nagrody Czarodziejskiego Drzewa 2021 :<\/strong><\/h2>\n<ol>\n<li><strong>Szko\u0142a Podstawowa im. Marii Konopnickiej w Kostom\u0142otach (woj. dolno\u015bl\u0105skie) <\/strong>\u2013 za posadzenie 350 drzew na terenie gminy oraz adopcj\u0119 posadzonych drzew przez uczni\u00f3w.<\/li>\n<li><strong>Krzysztof Gr\u0105dek z Dzia\u0142oszyc (woj. \u015bwi\u0119tokrzyskie)<\/strong> \u2013 za utworzenie na w\u0142asnej dzia\u0142ce kawa\u0142ka lasu i posadzenie tam 250 drzew i krzew\u00f3w dla ludzi i ptactwa.<\/li>\n<li><strong>Przedszkole Samorz\u0105dowe w Baniosze (woj<\/strong>. <strong>mazowieckie)<\/strong> \u2013 za posadzenie 150 drzew i krzew\u00f3w na terenie przedszkola.<\/li>\n<li><strong>Przedszkole nr 6 w Elbl\u0105gu (woj<\/strong>. <strong>warmi\u0144sko-mazurskie)<\/strong> \u2013 za zorganizowanie akcji sadzenia drzew na terenie przedszkola i stworzenie przyjaznych zak\u0105tk\u00f3w dla zwierz\u0105t.<\/li>\n<li><strong>Zesp\u00f3\u0142 Szkolno<\/strong>&#8211;<strong>Przedszkolny w Bierzwniku<\/strong> <strong>(woj. zachodniopomorskie)<\/strong> \u2013 za ca\u0142oroczne dzia\u0142ania dla drzew, m.in. utworzenie we wsp\u00f3\u0142pracy z Nadle\u015bnictwem Bierzwnik przedszkolnego lasu, gdzie lokalna spo\u0142eczno\u015b\u0107 posadzi\u0142a 2 tysi\u0105ce drzew.<\/li>\n<li><strong>Przedszkole dla Dzieci Niewidomych w Laskach oraz O\u015brodek Szkolno-Wychowawczy dla Dzieci Niewidomych i S\u0142abowidz\u0105cych w Laskach (woj. mazowieckie) \u2013 <\/strong>za r\u00f3\u017cnorodne dzia\u0142ania w ramach \u015awi\u0119ta Drzewa i poznawanie drzew z r\u00f3\u017cnych perspektyw.<\/li>\n<li><strong>Szko\u0142a Podstawowa w Kuklinowie (woj. wielkopolskie) \u2013<\/strong> za kreatywne zaj\u0119cia na temat drzew, m.in. obliczanie wieku drzew rosn\u0105cych wok\u00f3\u0142 szko\u0142y.<\/li>\n<li><strong>Przedszkole nr 8 \u201eZielony Ogr\u00f3d\u201d z Oddzia\u0142ami Integracyjnymi w Tychach (woj. \u015bl\u0105skie) \u2013<\/strong> za r\u00f3\u017cnorodne dzia\u0142ania wok\u00f3\u0142 drzew m.in. ciekawe zaj\u0119cia plastyczne z wykorzystaniem le\u015bnych skarb\u00f3w.<\/li>\n<li><strong>Stowarzyszenie WeRwA z Che\u0142ma (woj. lubelskie) \u2013 <\/strong>za akcj\u0119 sadzenia drzew na terenie miejskich osiedli.<\/li>\n<\/ol>\n<h2><strong>Wyr\u00f3\u017cnienia Czarodziejskiego Drzewa 2021:<a href=\"https:\/\/archiwum.swietodrzewa.pl\/wp-content\/uploads\/2021\/03\/dzieci-ogladaja-sadzonki-drzew.jpg\"><img loading=\"lazy\" class=\"alignright size-medium wp-image-12834\" src=\"https:\/\/archiwum.swietodrzewa.pl\/wp-content\/uploads\/2021\/03\/dzieci-ogladaja-sadzonki-drzew-219x300.jpg\" alt=\"\" width=\"219\" height=\"300\" srcset=\"https:\/\/archiwum.swietodrzewa.pl\/wp-content\/uploads\/2021\/03\/dzieci-ogladaja-sadzonki-drzew-219x300.jpg 219w, https:\/\/archiwum.swietodrzewa.pl\/wp-content\/uploads\/2021\/03\/dzieci-ogladaja-sadzonki-drzew-747x1024.jpg 747w, https:\/\/archiwum.swietodrzewa.pl\/wp-content\/uploads\/2021\/03\/dzieci-ogladaja-sadzonki-drzew-768x1052.jpg 768w, https:\/\/archiwum.swietodrzewa.pl\/wp-content\/uploads\/2021\/03\/dzieci-ogladaja-sadzonki-drzew.jpg 978w\" sizes=\"(max-width: 219px) 100vw, 219px\" \/><\/a><\/strong><\/h2>\n<ol>\n<li><strong>Miasto Ostrowiec \u015awi\u0119tokrzyski<\/strong> \u2013 za utworzenie na terenie Parku Miejskiego stacji edukacyjnej \u201eDrugie \u017cycie drzewa\u201d.<\/li>\n<li><strong>Publiczne Przedszkole nr 4 \u201eZaczarowana Kraina\u201d w Zdu\u0144skiej Woli (woj. \u0142\u00f3dzkie) <\/strong>\u2013 za coroczne obchody \u015awi\u0119ta Drzewa i przeprowadzenie r\u00f3\u017cnorodnych dzia\u0142a\u0144 pog\u0142\u0119biaj\u0105cych wiedz\u0119 przedszkolak\u00f3w na temat drzew.<\/li>\n<li><strong>Centrum Edukacji i Rehabilitacji w Zabrzu (woj<\/strong>. <strong>\u015bl\u0105skie)<\/strong> \u2013 za przeprowadzenie warsztat\u00f3w edukacyjnych pt. \u201eMieszka\u0144cy Ogrodu\u201d i gry terenowej \u201eCzyj to dom?\u201d.<\/li>\n<li><strong>Zenona Sadowska z Radomia (woj. mazowieckie) <\/strong>\u2013 za stoworzenie cyklu audiobajek Babasylaba, kt\u00f3rych g\u0142\u00f3wnymi bohaterami s\u0105 drzewa i dzikie zwierz\u0119ta.<\/li>\n<\/ol>\n<p>Rozdanie nagr\u00f3d odb\u0119dzie si\u0119 w pa\u017adzierniku 2021 roku w Warszawie podczas inauguracji 19. edycji programu \u015awi\u0119to Drzewa. Dodatkowo wszyscy uczestnicy \u015awi\u0119ta Drzewa otrzymaj\u0105 podzi\u0119kowania. Serdecznie gratulujemy i dzi\u0119kujemy za wsp\u00f3ln\u0105 prac\u0119, dzi\u0119ki kt\u00f3rej uda\u0142o si\u0119 posadzi\u0107 przez te wszystkie lata blisko<strong>&nbsp;940 tysi\u0119cy drzew&nbsp;<\/strong>w ca\u0142ej Polsce.<\/p>\n<p><strong>18. edycja \u015awi\u0119ta Drzewa<br \/>\n<\/strong><strong>Patronat Honorowy <\/strong>Prezydenta Miasta Sto\u0142ecznego Warszawy<strong><br \/>\nPartnerzy strategiczni:<\/strong>Lasy Pa\u0144stwowe, Billion Tree Campaign, ALDI, Davines<br \/>\n<strong>Partnerzy:<\/strong>C&amp;A Foundation,&nbsp; Environmental Partnership Association, Europejskie Drzewo Roku, Kawa\u0142ek Lasu<br \/>\n<strong>Wsp\u00f3\u0142praca:<\/strong>&nbsp;Partnerstwo dla Klimatu, S\u0142u\u017cewski Dom Kultury, Miasto Bielsko-Bia\u0142a, Galeria Bielska BWA, Fundusz Partnerstwa, Clean Advantage, LeasePlan<\/p>\n<p>&nbsp;<\/p>\n","protected":false},"excerpt":{"rendered":"<p>Klub Gaja jak co roku nagrodzi\u0142 najaktywniejszych uczestnik\u00f3w \u015awi\u0119ta Drzewa. 18. edycja programu przebieg\u0142a pod has\u0142em \u201e\u015awi\u0119to Drzewa dla zwierz\u0105t\u201d i wzi\u0119\u0142o w niej udzia\u0142, pomimo r\u00f3\u017cnych ogranicze\u0144 zwi\u0105zanych z pandemi\u0105 COVID-19, ponad 19 tysi\u0119cy os\u00f3b. Wsp\u00f3lnie posadzili\u015bmy w ca\u0142ej Polsce ponad 20 tysi\u0119cy drzew i krzew\u00f3w, i zrobili\u015bmy blisko 40 schronie\u0144 dla owad\u00f3w, ptak\u00f3w [&hellip;]<\/p>\n","protected":false},"author":1,"featured_media":12415,"comment_status":"closed","ping_status":"closed","sticky":false,"template":"","format":"standard","meta":{"ngg_post_thumbnail":0},"categories":[1,22],"tags":[],"_links":{"self":[{"href":"https:\/\/archiwum.swietodrzewa.pl\/index.php?rest_route=\/wp\/v2\/posts\/12818"}],"collection":[{"href":"https:\/\/archiwum.swietodrzewa.pl\/index.php?rest_route=\/wp\/v2\/posts"}],"about":[{"href":"https:\/\/archiwum.swietodrzewa.pl\/index.php?rest_route=\/wp\/v2\/types\/post"}],"author":[{"embeddable":true,"href":"https:\/\/archiwum.swietodrzewa.pl\/index.php?rest_route=\/wp\/v2\/users\/1"}],"replies":[{"embeddable":true,"href":"https:\/\/archiwum.swietodrzewa.pl\/index.php?rest_route=%2Fwp%2Fv2%2Fcomments&post=12818"}],"version-history":[{"count":3,"href":"https:\/\/archiwum.swietodrzewa.pl\/index.php?rest_route=\/wp\/v2\/posts\/12818\/revisions"}],"predecessor-version":[{"id":12836,"href":"https:\/\/archiwum.swietodrzewa.pl\/index.php?rest_route=\/wp\/v2\/posts\/12818\/revisions\/12836"}],"wp:featuredmedia":[{"embeddable":true,"href":"https:\/\/archiwum.swietodrzewa.pl\/index.php?rest_route=\/wp\/v2\/media\/12415"}],"wp:attachment":[{"href":"https:\/\/archiwum.swietodrzewa.pl\/index.php?rest_route=%2Fwp%2Fv2%2Fmedia&parent=12818"}],"wp:term":[{"taxonomy":"category","embeddable":true,"href":"https:\/\/archiwum.swietodrzewa.pl\/index.php?rest_route=%2Fwp%2Fv2%2Fcategories&post=12818"},{"taxonomy":"post_tag","embeddable":true,"href":"https:\/\/archiwum.swietodrzewa.pl\/index.php?rest_route=%2Fwp%2Fv2%2Ftags&post=12818"}],"curies":[{"name":"wp","href":"https:\/\/api.w.org\/{rel}","templated":true}]}}