{"id":12839,"date":"2021-04-22T06:53:49","date_gmt":"2021-04-22T04:53:49","guid":{"rendered":"https:\/\/swietodrzewa.pl\/?p=12839"},"modified":"2021-04-22T11:17:10","modified_gmt":"2021-04-22T09:17:10","slug":"3700-grusz-i-jabloni-dla-ziemi","status":"publish","type":"post","link":"https:\/\/archiwum.swietodrzewa.pl\/?p=12839","title":{"rendered":"3700 grusz i jab\u0142oni dla Ziemi!"},"content":{"rendered":"<p><strong>W tym roku \u015awiatowy Dzie\u0144 Ziemi (22 kwietnia) odbywa si\u0119 pod has\u0142em Restore Our Earth &#8211; Odbudujmy Nasz\u0105 Ziemi\u0119. Razem mo\u017cemy to zrobi\u0107! W tej intencji, Klub Gaja wsp\u00f3lnie z EY Global Delivery Services Poland &#8211; partnerem strategicznym \u015awi\u0119ta Drzewa, posadzi\u0142 3700 drzew owocowych! Dzikie grusze i jab\u0142onie b\u0119d\u0105 ros\u0142y na terenach zniszczonych przez huragan w Borach Tucholskich. Sadz\u0105c gatunki owocowe i miododajne chcieli\u015bmy zwr\u00f3ci\u0107 uwag\u0119 na potrzeb\u0119 ochrony r\u00f3\u017cnorodno\u015bci biologicznej. Kolejnym dzia\u0142aniem b\u0119dzie wykonanie muralu antysmogowego Drzewo \u017bycia we wsp\u00f3\u0142pracy z BWA Wroc\u0142aw Galerie Sztuki Wsp\u00f3\u0142czesnej we Wroc\u0142awiu.<\/strong><\/p>\n<p><!--more-->Huragan 100-lecia, kt\u00f3ry przeszed\u0142 w 2017 r. m.in. przez Bory Tucholskie, uszkodzi\u0142 ponad 120 tys. ha lasu, w tym blisko 40 tys. ha do ca\u0142kowitego odnowienia. Silny wiatr \u0142ama\u0142 drzewa jak zapa\u0142ki, rujnuj\u0105c ca\u0142e drzewostany. \u017bywio\u0142 spowodowa\u0142 ogromne straty w zasobach przyrodniczych m.in. niszcz\u0105c pomniki przyrody, drzewostany nasienne oraz miejsca bytowania wielu gatunk\u00f3w zwierz\u0105t, w tym chronionych.<\/p>\n\n\n<p><strong>Jacek Bo\u017cek, za\u0142o\u017cyciel i prezes Klubu Gaja, <\/strong>podkre\u015bla &#8211; <strong>\u201e<\/strong>Dbanie o nasz\u0105 planet\u0119 mo\u017ce sta\u0107 si\u0119 przyjemno\u015bci\u0105, je\u015bli po\u015bwi\u0119cimy si\u0119 sadzeniu drzew czy zak\u0142adaniu ogrod\u00f3w. Ka\u017cde pozytywne dzia\u0142anie si\u0119 liczy. Niezwykle ciesz\u0119 si\u0119, \u017ce wsp\u00f3\u0142pracujemy z organizacjami dla kt\u00f3rych stan \u015brodowiska nabiera coraz wi\u0119kszego znaczenia i mo\u017cemy dzia\u0142a\u0107 razem. Znaczenie edukacyjne takich wsp\u00f3lnych przedsi\u0119wzi\u0119\u0107 jest nie do przecenienia. Dzi\u0119ki zaanga\u017cowaniu EY Global Delivery Services Poland w program \u015awi\u0119to Drzewa, mo\u017cemy posadzi\u0107 kolejne 3700 drzew!\u201d.<\/p>\n\n\n\n\n<div class=\"ngg-galleryoverview ngg-slideshow\"\n\tid=\"ngg-slideshow-e4fbe3b11e8f408cc91e8fa5f61f2b95-16342695950\"\n\tdata-gallery-id=\"e4fbe3b11e8f408cc91e8fa5f61f2b95\"\n\tstyle=\"max-width: 600px;\n\t\t\tmax-height: 450px;\n\t\t\tdisplay: none;\">\n\n\t\n\t\t<a href=\"https:\/\/archiwum.swietodrzewa.pl\/wp-content\/gallery\/dzien-ziemi-2021\/fot1.jpg\"\n\t\t\ttitle=\"\"\n\t\t\tdata-src=\"https:\/\/archiwum.swietodrzewa.pl\/wp-content\/gallery\/dzien-ziemi-2021\/fot1.jpg\"\n\t\t\tdata-thumbnail=\"https:\/\/archiwum.swietodrzewa.pl\/wp-content\/gallery\/dzien-ziemi-2021\/thumbs\/thumbs_fot1.jpg\"\n\t\t\tdata-image-id=\"1916\"\n\t\t\tdata-title=\"fot1\"\n\t\t\tdata-description=\"\"\n\t\t\tclass=\"shutterset_e4fbe3b11e8f408cc91e8fa5f61f2b95\">\n\n\t\t\t<img data-image-id='1916'\n\t\t\t\ttitle=\"\"\n\t\t\t\talt=\"fot1\"\n\t\t\t\tsrc=\"https:\/\/archiwum.swietodrzewa.pl\/wp-content\/gallery\/dzien-ziemi-2021\/fot1.jpg\"\n\t\t\t\tstyle=\"max-height: 430px;\"\/>\n\t\t<\/a>\n\n\t\t\n\t\t<a href=\"https:\/\/archiwum.swietodrzewa.pl\/wp-content\/gallery\/dzien-ziemi-2021\/IMG_2-2.JPG\"\n\t\t\ttitle=\"\"\n\t\t\tdata-src=\"https:\/\/archiwum.swietodrzewa.pl\/wp-content\/gallery\/dzien-ziemi-2021\/IMG_2-2.JPG\"\n\t\t\tdata-thumbnail=\"https:\/\/archiwum.swietodrzewa.pl\/wp-content\/gallery\/dzien-ziemi-2021\/thumbs\/thumbs_IMG_2-2.JPG\"\n\t\t\tdata-image-id=\"1917\"\n\t\t\tdata-title=\"IMG_2-2\"\n\t\t\tdata-description=\"\"\n\t\t\tclass=\"shutterset_e4fbe3b11e8f408cc91e8fa5f61f2b95\">\n\n\t\t\t<img data-image-id='1917'\n\t\t\t\ttitle=\"\"\n\t\t\t\talt=\"IMG_2-2\"\n\t\t\t\tsrc=\"https:\/\/archiwum.swietodrzewa.pl\/wp-content\/gallery\/dzien-ziemi-2021\/IMG_2-2.JPG\"\n\t\t\t\tstyle=\"max-height: 430px;\"\/>\n\t\t<\/a>\n\n\t\t\n\t\t<a href=\"https:\/\/archiwum.swietodrzewa.pl\/wp-content\/gallery\/dzien-ziemi-2021\/fot2.jpg\"\n\t\t\ttitle=\"\"\n\t\t\tdata-src=\"https:\/\/archiwum.swietodrzewa.pl\/wp-content\/gallery\/dzien-ziemi-2021\/fot2.jpg\"\n\t\t\tdata-thumbnail=\"https:\/\/archiwum.swietodrzewa.pl\/wp-content\/gallery\/dzien-ziemi-2021\/thumbs\/thumbs_fot2.jpg\"\n\t\t\tdata-image-id=\"1918\"\n\t\t\tdata-title=\"fot2\"\n\t\t\tdata-description=\"\"\n\t\t\tclass=\"shutterset_e4fbe3b11e8f408cc91e8fa5f61f2b95\">\n\n\t\t\t<img data-image-id='1918'\n\t\t\t\ttitle=\"\"\n\t\t\t\talt=\"fot2\"\n\t\t\t\tsrc=\"https:\/\/archiwum.swietodrzewa.pl\/wp-content\/gallery\/dzien-ziemi-2021\/fot2.jpg\"\n\t\t\t\tstyle=\"max-height: 430px;\"\/>\n\t\t<\/a>\n\n\t\t\n\t\t<a href=\"https:\/\/archiwum.swietodrzewa.pl\/wp-content\/gallery\/dzien-ziemi-2021\/IMG_1.JPG\"\n\t\t\ttitle=\"\"\n\t\t\tdata-src=\"https:\/\/archiwum.swietodrzewa.pl\/wp-content\/gallery\/dzien-ziemi-2021\/IMG_1.JPG\"\n\t\t\tdata-thumbnail=\"https:\/\/archiwum.swietodrzewa.pl\/wp-content\/gallery\/dzien-ziemi-2021\/thumbs\/thumbs_IMG_1.JPG\"\n\t\t\tdata-image-id=\"1919\"\n\t\t\tdata-title=\"IMG_1\"\n\t\t\tdata-description=\"\"\n\t\t\tclass=\"shutterset_e4fbe3b11e8f408cc91e8fa5f61f2b95\">\n\n\t\t\t<img data-image-id='1919'\n\t\t\t\ttitle=\"\"\n\t\t\t\talt=\"IMG_1\"\n\t\t\t\tsrc=\"https:\/\/archiwum.swietodrzewa.pl\/wp-content\/gallery\/dzien-ziemi-2021\/IMG_1.JPG\"\n\t\t\t\tstyle=\"max-height: 430px;\"\/>\n\t\t<\/a>\n\n\t\t\n\t\t<a href=\"https:\/\/archiwum.swietodrzewa.pl\/wp-content\/gallery\/dzien-ziemi-2021\/IMG_2-1.JPG\"\n\t\t\ttitle=\"\"\n\t\t\tdata-src=\"https:\/\/archiwum.swietodrzewa.pl\/wp-content\/gallery\/dzien-ziemi-2021\/IMG_2-1.JPG\"\n\t\t\tdata-thumbnail=\"https:\/\/archiwum.swietodrzewa.pl\/wp-content\/gallery\/dzien-ziemi-2021\/thumbs\/thumbs_IMG_2-1.JPG\"\n\t\t\tdata-image-id=\"1920\"\n\t\t\tdata-title=\"IMG_2-1\"\n\t\t\tdata-description=\"\"\n\t\t\tclass=\"shutterset_e4fbe3b11e8f408cc91e8fa5f61f2b95\">\n\n\t\t\t<img data-image-id='1920'\n\t\t\t\ttitle=\"\"\n\t\t\t\talt=\"IMG_2-1\"\n\t\t\t\tsrc=\"https:\/\/archiwum.swietodrzewa.pl\/wp-content\/gallery\/dzien-ziemi-2021\/IMG_2-1.JPG\"\n\t\t\t\tstyle=\"max-height: 430px;\"\/>\n\t\t<\/a>\n\n\t\t\n\t\t<a href=\"https:\/\/archiwum.swietodrzewa.pl\/wp-content\/gallery\/dzien-ziemi-2021\/IMG_3.JPG\"\n\t\t\ttitle=\"\"\n\t\t\tdata-src=\"https:\/\/archiwum.swietodrzewa.pl\/wp-content\/gallery\/dzien-ziemi-2021\/IMG_3.JPG\"\n\t\t\tdata-thumbnail=\"https:\/\/archiwum.swietodrzewa.pl\/wp-content\/gallery\/dzien-ziemi-2021\/thumbs\/thumbs_IMG_3.JPG\"\n\t\t\tdata-image-id=\"1921\"\n\t\t\tdata-title=\"IMG_3\"\n\t\t\tdata-description=\"\"\n\t\t\tclass=\"shutterset_e4fbe3b11e8f408cc91e8fa5f61f2b95\">\n\n\t\t\t<img data-image-id='1921'\n\t\t\t\ttitle=\"\"\n\t\t\t\talt=\"IMG_3\"\n\t\t\t\tsrc=\"https:\/\/archiwum.swietodrzewa.pl\/wp-content\/gallery\/dzien-ziemi-2021\/IMG_3.JPG\"\n\t\t\t\tstyle=\"max-height: 430px;\"\/>\n\t\t<\/a>\n\n\t\t\n\t\t<a href=\"https:\/\/archiwum.swietodrzewa.pl\/wp-content\/gallery\/dzien-ziemi-2021\/IMG_3085.JPG\"\n\t\t\ttitle=\"\"\n\t\t\tdata-src=\"https:\/\/archiwum.swietodrzewa.pl\/wp-content\/gallery\/dzien-ziemi-2021\/IMG_3085.JPG\"\n\t\t\tdata-thumbnail=\"https:\/\/archiwum.swietodrzewa.pl\/wp-content\/gallery\/dzien-ziemi-2021\/thumbs\/thumbs_IMG_3085.JPG\"\n\t\t\tdata-image-id=\"1922\"\n\t\t\tdata-title=\"IMG_3085\"\n\t\t\tdata-description=\"\"\n\t\t\tclass=\"shutterset_e4fbe3b11e8f408cc91e8fa5f61f2b95\">\n\n\t\t\t<img data-image-id='1922'\n\t\t\t\ttitle=\"\"\n\t\t\t\talt=\"IMG_3085\"\n\t\t\t\tsrc=\"https:\/\/archiwum.swietodrzewa.pl\/wp-content\/gallery\/dzien-ziemi-2021\/IMG_3085.JPG\"\n\t\t\t\tstyle=\"max-height: 430px;\"\/>\n\t\t<\/a>\n\n\t\t\n\t\t<a href=\"https:\/\/archiwum.swietodrzewa.pl\/wp-content\/gallery\/dzien-ziemi-2021\/IMG_3102.JPG\"\n\t\t\ttitle=\"\"\n\t\t\tdata-src=\"https:\/\/archiwum.swietodrzewa.pl\/wp-content\/gallery\/dzien-ziemi-2021\/IMG_3102.JPG\"\n\t\t\tdata-thumbnail=\"https:\/\/archiwum.swietodrzewa.pl\/wp-content\/gallery\/dzien-ziemi-2021\/thumbs\/thumbs_IMG_3102.JPG\"\n\t\t\tdata-image-id=\"1923\"\n\t\t\tdata-title=\"IMG_3102\"\n\t\t\tdata-description=\"\"\n\t\t\tclass=\"shutterset_e4fbe3b11e8f408cc91e8fa5f61f2b95\">\n\n\t\t\t<img data-image-id='1923'\n\t\t\t\ttitle=\"\"\n\t\t\t\talt=\"IMG_3102\"\n\t\t\t\tsrc=\"https:\/\/archiwum.swietodrzewa.pl\/wp-content\/gallery\/dzien-ziemi-2021\/IMG_3102.JPG\"\n\t\t\t\tstyle=\"max-height: 430px;\"\/>\n\t\t<\/a>\n\n\t\t\n\t\t<a href=\"https:\/\/archiwum.swietodrzewa.pl\/wp-content\/gallery\/dzien-ziemi-2021\/IMG_3134.JPG\"\n\t\t\ttitle=\"\"\n\t\t\tdata-src=\"https:\/\/archiwum.swietodrzewa.pl\/wp-content\/gallery\/dzien-ziemi-2021\/IMG_3134.JPG\"\n\t\t\tdata-thumbnail=\"https:\/\/archiwum.swietodrzewa.pl\/wp-content\/gallery\/dzien-ziemi-2021\/thumbs\/thumbs_IMG_3134.JPG\"\n\t\t\tdata-image-id=\"1924\"\n\t\t\tdata-title=\"IMG_3134\"\n\t\t\tdata-description=\"\"\n\t\t\tclass=\"shutterset_e4fbe3b11e8f408cc91e8fa5f61f2b95\">\n\n\t\t\t<img data-image-id='1924'\n\t\t\t\ttitle=\"\"\n\t\t\t\talt=\"IMG_3134\"\n\t\t\t\tsrc=\"https:\/\/archiwum.swietodrzewa.pl\/wp-content\/gallery\/dzien-ziemi-2021\/IMG_3134.JPG\"\n\t\t\t\tstyle=\"max-height: 430px;\"\/>\n\t\t<\/a>\n\n\t\t\n\t\t<a href=\"https:\/\/archiwum.swietodrzewa.pl\/wp-content\/gallery\/dzien-ziemi-2021\/IMG_3154.JPG\"\n\t\t\ttitle=\"\"\n\t\t\tdata-src=\"https:\/\/archiwum.swietodrzewa.pl\/wp-content\/gallery\/dzien-ziemi-2021\/IMG_3154.JPG\"\n\t\t\tdata-thumbnail=\"https:\/\/archiwum.swietodrzewa.pl\/wp-content\/gallery\/dzien-ziemi-2021\/thumbs\/thumbs_IMG_3154.JPG\"\n\t\t\tdata-image-id=\"1925\"\n\t\t\tdata-title=\"IMG_3154\"\n\t\t\tdata-description=\"\"\n\t\t\tclass=\"shutterset_e4fbe3b11e8f408cc91e8fa5f61f2b95\">\n\n\t\t\t<img data-image-id='1925'\n\t\t\t\ttitle=\"\"\n\t\t\t\talt=\"IMG_3154\"\n\t\t\t\tsrc=\"https:\/\/archiwum.swietodrzewa.pl\/wp-content\/gallery\/dzien-ziemi-2021\/IMG_3154.JPG\"\n\t\t\t\tstyle=\"max-height: 430px;\"\/>\n\t\t<\/a>\n\n\t\t\n\t\t<a href=\"https:\/\/archiwum.swietodrzewa.pl\/wp-content\/gallery\/dzien-ziemi-2021\/IMG_3145.JPG\"\n\t\t\ttitle=\"\"\n\t\t\tdata-src=\"https:\/\/archiwum.swietodrzewa.pl\/wp-content\/gallery\/dzien-ziemi-2021\/IMG_3145.JPG\"\n\t\t\tdata-thumbnail=\"https:\/\/archiwum.swietodrzewa.pl\/wp-content\/gallery\/dzien-ziemi-2021\/thumbs\/thumbs_IMG_3145.JPG\"\n\t\t\tdata-image-id=\"1926\"\n\t\t\tdata-title=\"IMG_3145\"\n\t\t\tdata-description=\"\"\n\t\t\tclass=\"shutterset_e4fbe3b11e8f408cc91e8fa5f61f2b95\">\n\n\t\t\t<img data-image-id='1926'\n\t\t\t\ttitle=\"\"\n\t\t\t\talt=\"IMG_3145\"\n\t\t\t\tsrc=\"https:\/\/archiwum.swietodrzewa.pl\/wp-content\/gallery\/dzien-ziemi-2021\/IMG_3145.JPG\"\n\t\t\t\tstyle=\"max-height: 430px;\"\/>\n\t\t<\/a>\n\n\t\t\n\t\t<a href=\"https:\/\/archiwum.swietodrzewa.pl\/wp-content\/gallery\/dzien-ziemi-2021\/IMG_3151.JPG\"\n\t\t\ttitle=\"\"\n\t\t\tdata-src=\"https:\/\/archiwum.swietodrzewa.pl\/wp-content\/gallery\/dzien-ziemi-2021\/IMG_3151.JPG\"\n\t\t\tdata-thumbnail=\"https:\/\/archiwum.swietodrzewa.pl\/wp-content\/gallery\/dzien-ziemi-2021\/thumbs\/thumbs_IMG_3151.JPG\"\n\t\t\tdata-image-id=\"1927\"\n\t\t\tdata-title=\"IMG_3151\"\n\t\t\tdata-description=\"\"\n\t\t\tclass=\"shutterset_e4fbe3b11e8f408cc91e8fa5f61f2b95\">\n\n\t\t\t<img data-image-id='1927'\n\t\t\t\ttitle=\"\"\n\t\t\t\talt=\"IMG_3151\"\n\t\t\t\tsrc=\"https:\/\/archiwum.swietodrzewa.pl\/wp-content\/gallery\/dzien-ziemi-2021\/IMG_3151.JPG\"\n\t\t\t\tstyle=\"max-height: 430px;\"\/>\n\t\t<\/a>\n\n\t\t\n\t\t<a href=\"https:\/\/archiwum.swietodrzewa.pl\/wp-content\/gallery\/dzien-ziemi-2021\/IMG_3189.JPG\"\n\t\t\ttitle=\"\"\n\t\t\tdata-src=\"https:\/\/archiwum.swietodrzewa.pl\/wp-content\/gallery\/dzien-ziemi-2021\/IMG_3189.JPG\"\n\t\t\tdata-thumbnail=\"https:\/\/archiwum.swietodrzewa.pl\/wp-content\/gallery\/dzien-ziemi-2021\/thumbs\/thumbs_IMG_3189.JPG\"\n\t\t\tdata-image-id=\"1928\"\n\t\t\tdata-title=\"IMG_3189\"\n\t\t\tdata-description=\"\"\n\t\t\tclass=\"shutterset_e4fbe3b11e8f408cc91e8fa5f61f2b95\">\n\n\t\t\t<img data-image-id='1928'\n\t\t\t\ttitle=\"\"\n\t\t\t\talt=\"IMG_3189\"\n\t\t\t\tsrc=\"https:\/\/archiwum.swietodrzewa.pl\/wp-content\/gallery\/dzien-ziemi-2021\/IMG_3189.JPG\"\n\t\t\t\tstyle=\"max-height: 430px;\"\/>\n\t\t<\/a>\n\n\t\t\n\t\t<a href=\"https:\/\/archiwum.swietodrzewa.pl\/wp-content\/gallery\/dzien-ziemi-2021\/IMG_3167.JPG\"\n\t\t\ttitle=\"\"\n\t\t\tdata-src=\"https:\/\/archiwum.swietodrzewa.pl\/wp-content\/gallery\/dzien-ziemi-2021\/IMG_3167.JPG\"\n\t\t\tdata-thumbnail=\"https:\/\/archiwum.swietodrzewa.pl\/wp-content\/gallery\/dzien-ziemi-2021\/thumbs\/thumbs_IMG_3167.JPG\"\n\t\t\tdata-image-id=\"1929\"\n\t\t\tdata-title=\"IMG_3167\"\n\t\t\tdata-description=\"\"\n\t\t\tclass=\"shutterset_e4fbe3b11e8f408cc91e8fa5f61f2b95\">\n\n\t\t\t<img data-image-id='1929'\n\t\t\t\ttitle=\"\"\n\t\t\t\talt=\"IMG_3167\"\n\t\t\t\tsrc=\"https:\/\/archiwum.swietodrzewa.pl\/wp-content\/gallery\/dzien-ziemi-2021\/IMG_3167.JPG\"\n\t\t\t\tstyle=\"max-height: 430px;\"\/>\n\t\t<\/a>\n\n\t\t\n\t\t<a href=\"https:\/\/archiwum.swietodrzewa.pl\/wp-content\/gallery\/dzien-ziemi-2021\/IMG_3218.JPG\"\n\t\t\ttitle=\"\"\n\t\t\tdata-src=\"https:\/\/archiwum.swietodrzewa.pl\/wp-content\/gallery\/dzien-ziemi-2021\/IMG_3218.JPG\"\n\t\t\tdata-thumbnail=\"https:\/\/archiwum.swietodrzewa.pl\/wp-content\/gallery\/dzien-ziemi-2021\/thumbs\/thumbs_IMG_3218.JPG\"\n\t\t\tdata-image-id=\"1930\"\n\t\t\tdata-title=\"IMG_3218\"\n\t\t\tdata-description=\"\"\n\t\t\tclass=\"shutterset_e4fbe3b11e8f408cc91e8fa5f61f2b95\">\n\n\t\t\t<img data-image-id='1930'\n\t\t\t\ttitle=\"\"\n\t\t\t\talt=\"IMG_3218\"\n\t\t\t\tsrc=\"https:\/\/archiwum.swietodrzewa.pl\/wp-content\/gallery\/dzien-ziemi-2021\/IMG_3218.JPG\"\n\t\t\t\tstyle=\"max-height: 430px;\"\/>\n\t\t<\/a>\n\n\t\t\n\t\t<a href=\"https:\/\/archiwum.swietodrzewa.pl\/wp-content\/gallery\/dzien-ziemi-2021\/IMG_3193.JPG\"\n\t\t\ttitle=\"\"\n\t\t\tdata-src=\"https:\/\/archiwum.swietodrzewa.pl\/wp-content\/gallery\/dzien-ziemi-2021\/IMG_3193.JPG\"\n\t\t\tdata-thumbnail=\"https:\/\/archiwum.swietodrzewa.pl\/wp-content\/gallery\/dzien-ziemi-2021\/thumbs\/thumbs_IMG_3193.JPG\"\n\t\t\tdata-image-id=\"1931\"\n\t\t\tdata-title=\"IMG_3193\"\n\t\t\tdata-description=\"\"\n\t\t\tclass=\"shutterset_e4fbe3b11e8f408cc91e8fa5f61f2b95\">\n\n\t\t\t<img data-image-id='1931'\n\t\t\t\ttitle=\"\"\n\t\t\t\talt=\"IMG_3193\"\n\t\t\t\tsrc=\"https:\/\/archiwum.swietodrzewa.pl\/wp-content\/gallery\/dzien-ziemi-2021\/IMG_3193.JPG\"\n\t\t\t\tstyle=\"max-height: 430px;\"\/>\n\t\t<\/a>\n\n\t\t\n\t\t<a href=\"https:\/\/archiwum.swietodrzewa.pl\/wp-content\/gallery\/dzien-ziemi-2021\/IMG_3273.JPG\"\n\t\t\ttitle=\"\"\n\t\t\tdata-src=\"https:\/\/archiwum.swietodrzewa.pl\/wp-content\/gallery\/dzien-ziemi-2021\/IMG_3273.JPG\"\n\t\t\tdata-thumbnail=\"https:\/\/archiwum.swietodrzewa.pl\/wp-content\/gallery\/dzien-ziemi-2021\/thumbs\/thumbs_IMG_3273.JPG\"\n\t\t\tdata-image-id=\"1932\"\n\t\t\tdata-title=\"IMG_3273\"\n\t\t\tdata-description=\"\"\n\t\t\tclass=\"shutterset_e4fbe3b11e8f408cc91e8fa5f61f2b95\">\n\n\t\t\t<img data-image-id='1932'\n\t\t\t\ttitle=\"\"\n\t\t\t\talt=\"IMG_3273\"\n\t\t\t\tsrc=\"https:\/\/archiwum.swietodrzewa.pl\/wp-content\/gallery\/dzien-ziemi-2021\/IMG_3273.JPG\"\n\t\t\t\tstyle=\"max-height: 430px;\"\/>\n\t\t<\/a>\n\n\t\t\n\t\t<a href=\"https:\/\/archiwum.swietodrzewa.pl\/wp-content\/gallery\/dzien-ziemi-2021\/IMG_3254.JPG\"\n\t\t\ttitle=\"\"\n\t\t\tdata-src=\"https:\/\/archiwum.swietodrzewa.pl\/wp-content\/gallery\/dzien-ziemi-2021\/IMG_3254.JPG\"\n\t\t\tdata-thumbnail=\"https:\/\/archiwum.swietodrzewa.pl\/wp-content\/gallery\/dzien-ziemi-2021\/thumbs\/thumbs_IMG_3254.JPG\"\n\t\t\tdata-image-id=\"1933\"\n\t\t\tdata-title=\"IMG_3254\"\n\t\t\tdata-description=\"\"\n\t\t\tclass=\"shutterset_e4fbe3b11e8f408cc91e8fa5f61f2b95\">\n\n\t\t\t<img data-image-id='1933'\n\t\t\t\ttitle=\"\"\n\t\t\t\talt=\"IMG_3254\"\n\t\t\t\tsrc=\"https:\/\/archiwum.swietodrzewa.pl\/wp-content\/gallery\/dzien-ziemi-2021\/IMG_3254.JPG\"\n\t\t\t\tstyle=\"max-height: 430px;\"\/>\n\t\t<\/a>\n\n\t\t\n\t\t<a href=\"https:\/\/archiwum.swietodrzewa.pl\/wp-content\/gallery\/dzien-ziemi-2021\/IMG_3271.JPG\"\n\t\t\ttitle=\"\"\n\t\t\tdata-src=\"https:\/\/archiwum.swietodrzewa.pl\/wp-content\/gallery\/dzien-ziemi-2021\/IMG_3271.JPG\"\n\t\t\tdata-thumbnail=\"https:\/\/archiwum.swietodrzewa.pl\/wp-content\/gallery\/dzien-ziemi-2021\/thumbs\/thumbs_IMG_3271.JPG\"\n\t\t\tdata-image-id=\"1934\"\n\t\t\tdata-title=\"IMG_3271\"\n\t\t\tdata-description=\"\"\n\t\t\tclass=\"shutterset_e4fbe3b11e8f408cc91e8fa5f61f2b95\">\n\n\t\t\t<img data-image-id='1934'\n\t\t\t\ttitle=\"\"\n\t\t\t\talt=\"IMG_3271\"\n\t\t\t\tsrc=\"https:\/\/archiwum.swietodrzewa.pl\/wp-content\/gallery\/dzien-ziemi-2021\/IMG_3271.JPG\"\n\t\t\t\tstyle=\"max-height: 430px;\"\/>\n\t\t<\/a>\n\n\t\t\n\t\t<a href=\"https:\/\/archiwum.swietodrzewa.pl\/wp-content\/gallery\/dzien-ziemi-2021\/IMG_3277.JPG\"\n\t\t\ttitle=\"\"\n\t\t\tdata-src=\"https:\/\/archiwum.swietodrzewa.pl\/wp-content\/gallery\/dzien-ziemi-2021\/IMG_3277.JPG\"\n\t\t\tdata-thumbnail=\"https:\/\/archiwum.swietodrzewa.pl\/wp-content\/gallery\/dzien-ziemi-2021\/thumbs\/thumbs_IMG_3277.JPG\"\n\t\t\tdata-image-id=\"1935\"\n\t\t\tdata-title=\"IMG_3277\"\n\t\t\tdata-description=\"\"\n\t\t\tclass=\"shutterset_e4fbe3b11e8f408cc91e8fa5f61f2b95\">\n\n\t\t\t<img data-image-id='1935'\n\t\t\t\ttitle=\"\"\n\t\t\t\talt=\"IMG_3277\"\n\t\t\t\tsrc=\"https:\/\/archiwum.swietodrzewa.pl\/wp-content\/gallery\/dzien-ziemi-2021\/IMG_3277.JPG\"\n\t\t\t\tstyle=\"max-height: 430px;\"\/>\n\t\t<\/a>\n\n\t\t\n\t\t<a href=\"https:\/\/archiwum.swietodrzewa.pl\/wp-content\/gallery\/dzien-ziemi-2021\/IMG_3303.JPG\"\n\t\t\ttitle=\"\"\n\t\t\tdata-src=\"https:\/\/archiwum.swietodrzewa.pl\/wp-content\/gallery\/dzien-ziemi-2021\/IMG_3303.JPG\"\n\t\t\tdata-thumbnail=\"https:\/\/archiwum.swietodrzewa.pl\/wp-content\/gallery\/dzien-ziemi-2021\/thumbs\/thumbs_IMG_3303.JPG\"\n\t\t\tdata-image-id=\"1936\"\n\t\t\tdata-title=\"IMG_3303\"\n\t\t\tdata-description=\"\"\n\t\t\tclass=\"shutterset_e4fbe3b11e8f408cc91e8fa5f61f2b95\">\n\n\t\t\t<img data-image-id='1936'\n\t\t\t\ttitle=\"\"\n\t\t\t\talt=\"IMG_3303\"\n\t\t\t\tsrc=\"https:\/\/archiwum.swietodrzewa.pl\/wp-content\/gallery\/dzien-ziemi-2021\/IMG_3303.JPG\"\n\t\t\t\tstyle=\"max-height: 430px;\"\/>\n\t\t<\/a>\n\n\t\t\n\t\t<a href=\"https:\/\/archiwum.swietodrzewa.pl\/wp-content\/gallery\/dzien-ziemi-2021\/IMG_3372.JPG\"\n\t\t\ttitle=\"\"\n\t\t\tdata-src=\"https:\/\/archiwum.swietodrzewa.pl\/wp-content\/gallery\/dzien-ziemi-2021\/IMG_3372.JPG\"\n\t\t\tdata-thumbnail=\"https:\/\/archiwum.swietodrzewa.pl\/wp-content\/gallery\/dzien-ziemi-2021\/thumbs\/thumbs_IMG_3372.JPG\"\n\t\t\tdata-image-id=\"1937\"\n\t\t\tdata-title=\"IMG_3372\"\n\t\t\tdata-description=\"\"\n\t\t\tclass=\"shutterset_e4fbe3b11e8f408cc91e8fa5f61f2b95\">\n\n\t\t\t<img data-image-id='1937'\n\t\t\t\ttitle=\"\"\n\t\t\t\talt=\"IMG_3372\"\n\t\t\t\tsrc=\"https:\/\/archiwum.swietodrzewa.pl\/wp-content\/gallery\/dzien-ziemi-2021\/IMG_3372.JPG\"\n\t\t\t\tstyle=\"max-height: 430px;\"\/>\n\t\t<\/a>\n\n\t\t\n\t\t<a href=\"https:\/\/archiwum.swietodrzewa.pl\/wp-content\/gallery\/dzien-ziemi-2021\/IMG_3330.JPG\"\n\t\t\ttitle=\"\"\n\t\t\tdata-src=\"https:\/\/archiwum.swietodrzewa.pl\/wp-content\/gallery\/dzien-ziemi-2021\/IMG_3330.JPG\"\n\t\t\tdata-thumbnail=\"https:\/\/archiwum.swietodrzewa.pl\/wp-content\/gallery\/dzien-ziemi-2021\/thumbs\/thumbs_IMG_3330.JPG\"\n\t\t\tdata-image-id=\"1938\"\n\t\t\tdata-title=\"IMG_3330\"\n\t\t\tdata-description=\"\"\n\t\t\tclass=\"shutterset_e4fbe3b11e8f408cc91e8fa5f61f2b95\">\n\n\t\t\t<img data-image-id='1938'\n\t\t\t\ttitle=\"\"\n\t\t\t\talt=\"IMG_3330\"\n\t\t\t\tsrc=\"https:\/\/archiwum.swietodrzewa.pl\/wp-content\/gallery\/dzien-ziemi-2021\/IMG_3330.JPG\"\n\t\t\t\tstyle=\"max-height: 430px;\"\/>\n\t\t<\/a>\n\n\t\t<\/div>\n\n\n\n\n\n\n<p>Posadzenie dzikich grusz i jab\u0142oni na terenach dotkni\u0119tych kl\u0119sk\u0105 \u017cywio\u0142ow\u0105 pomo\u017ce w zwi\u0119kszeniu r\u00f3\u017cnorodno\u015bci biologicznej odnawianego lasu oraz zapewnieni baz\u0119 pokarmow\u0105 i schronienie dla dzikich zwierz\u0105t. Dzika jab\u0142o\u0144 i grusza s\u0105 cennymi gatunkami biocenotycznymi, pomimo to, mo\u017cemy je spotka\u0107 sporadycznie w naszych lasach czy na miedzach. Te jedne z najstarszych i rodzimych gatunk\u00f3w drzew owocowych dodadz\u0105 te\u017c uroku le\u015bnemu krajobrazowi. Akcja Klubu Gaja i EY Global Delivery Services Poland odby\u0142a si\u0119 we wsp\u00f3\u0142pracy z Nadle\u015bnictwem Rytel z Bor\u00f3w Tucholskich.<\/p>\n\n\n\n<p><strong>Zbigniew \u0141\u0105cki, <\/strong>Nadle\u015bniczy Nadle\u015bnictwa Rytel, dodaje &#8211; &#8222;Bior\u00f3\u017cnorodno\u015b\u0107 zwi\u0105zana z wprowadzaniem gatunk\u00f3w biocenotycznych sprzyja te\u017c wzrostowi odporno\u015bci las\u00f3w na wszelkie inne czynniki szkodotw\u00f3rcze, zar\u00f3wno biotyczne (owady, grzyby, nicienie i zwierzyna), jak te\u017c abiotyczne takie jak wiatro\u0142omy, czy \u00a0szkody \u015bniegowe (oki\u015b\u0107). Poprzez wzrost retencji wodnej las\u00f3w o du\u017cej bior\u00f3\u017cnorodno\u015bci, nast\u0119puje ograniczenie szk\u00f3d, powstaj\u0105cych w wyniku powodzi, gwa\u0142townych wiatr\u00f3w czy po\u017car\u00f3w. Bior\u00f3\u017cnorodno\u015b\u0107 sprzyja tak\u017ce przyspieszeniu proces\u00f3w glebowych, poprawie jako\u015bci i \u017cyzno\u015bci siedlisk le\u015bnych i mikroklimatu. To z kolei wp\u0142ywa na przyspieszenie obiegu materii, powoduje zwi\u0119kszenie produkcyjno\u015bci, a w konsekwencji \u00a0wzrost poch\u0142aniania dwutlenku w\u0119gla i zwi\u0119kszenie emisji tlenu do atmosfery, w wyniku bardziej intensywnego procesu fotosyntezy z jednostki powierzchni (z 1 hektara) w por\u00f3wnaniu do obszar\u00f3w, na kt\u00f3rych nie wprowadzano gatunk\u00f3w biocenotycznych&#8221;.<\/p>\n\n\n\n<p>Posadzonych 3700 grusz i jab\u0142oni zostanie dopisanych do licznika drzew programu \u015awi\u0119to Drzewa. Dzi\u0119ki zaanga\u017cowaniu ponad 760 tysi\u0119cy os\u00f3b posadzono blisko 940 tysi\u0119cy drzew i krzew\u00f3w! Dla Ziemi, przyrody i ludzi! Wi\u0119cej informacji o \u015awi\u0119cie Drzewa na <a href=\"http:\/\/www.swietodrzewa.pl\">www.swietodrzewa.pl<\/a><\/p>\n\n\n\n<p>W maju Klub Gaja i EY Global Delivery Services Poland wsp\u00f3lnie z BWA Wroc\u0142aw Galerie Sztuki Wsp\u00f3\u0142czesnej zaplanowali otwarcie muralu Drzewo \u017bycia, kt\u00f3ry b\u0119dzie zmniejsza\u0142 zanieczyszczenie powietrza. Mural zaprojektowany i wykonany przez artystk\u0119 Ew\u0119 Ciepielewska z legendarnej Grupy LUXUS, powstanie na budynku galerii Studio BWA Wroc\u0142aw przy ul. Ruskiej.<\/p>\n","protected":false},"excerpt":{"rendered":"<p>  W tym roku \u015awiatowy Dzie\u0144 Ziemi (22 kwietnia) odbywa si\u0119 pod has\u0142em Restore Our Earth &#8211; Odbudujmy Nasz\u0105 Ziemi\u0119. Razem mo\u017cemy to zrobi\u0107! W tej intencji, Klub Gaja wsp\u00f3lnie z EY Global Delivery Services Poland &#8211; partnerem strategicznym \u015awi\u0119ta Drzewa, posadzi\u0142 3700 drzew owocowych! Dzikie grusze i jab\u0142onie b\u0119d\u0105 ros\u0142y na terenach zniszczonych przez huragan w Borach Tucholskich. Sadz\u0105c gatunki owocowe i miododajne chcieli\u015bmy zwr\u00f3ci\u0107 uwag\u0119 na potrzeb\u0119 ochrony r\u00f3\u017cnorodno\u015bci biologicznej. Kolejnym dzia\u0142aniem b\u0119dzie wykonanie muralu antysmogowego Drzewo \u017bycia we wsp\u00f3\u0142pracy z BWA Wroc\u0142aw Galerie Sztuki Wsp\u00f3\u0142czesnej we Wroc\u0142awiu. <\/p>\n","protected":false},"author":3,"featured_media":12840,"comment_status":"closed","ping_status":"closed","sticky":false,"template":"","format":"standard","meta":{"ngg_post_thumbnail":0},"categories":[1,17],"tags":[],"_links":{"self":[{"href":"https:\/\/archiwum.swietodrzewa.pl\/index.php?rest_route=\/wp\/v2\/posts\/12839"}],"collection":[{"href":"https:\/\/archiwum.swietodrzewa.pl\/index.php?rest_route=\/wp\/v2\/posts"}],"about":[{"href":"https:\/\/archiwum.swietodrzewa.pl\/index.php?rest_route=\/wp\/v2\/types\/post"}],"author":[{"embeddable":true,"href":"https:\/\/archiwum.swietodrzewa.pl\/index.php?rest_route=\/wp\/v2\/users\/3"}],"replies":[{"embeddable":true,"href":"https:\/\/archiwum.swietodrzewa.pl\/index.php?rest_route=%2Fwp%2Fv2%2Fcomments&post=12839"}],"version-history":[{"count":8,"href":"https:\/\/archiwum.swietodrzewa.pl\/index.php?rest_route=\/wp\/v2\/posts\/12839\/revisions"}],"predecessor-version":[{"id":12881,"href":"https:\/\/archiwum.swietodrzewa.pl\/index.php?rest_route=\/wp\/v2\/posts\/12839\/revisions\/12881"}],"wp:featuredmedia":[{"embeddable":true,"href":"https:\/\/archiwum.swietodrzewa.pl\/index.php?rest_route=\/wp\/v2\/media\/12840"}],"wp:attachment":[{"href":"https:\/\/archiwum.swietodrzewa.pl\/index.php?rest_route=%2Fwp%2Fv2%2Fmedia&parent=12839"}],"wp:term":[{"taxonomy":"category","embeddable":true,"href":"https:\/\/archiwum.swietodrzewa.pl\/index.php?rest_route=%2Fwp%2Fv2%2Fcategories&post=12839"},{"taxonomy":"post_tag","embeddable":true,"href":"https:\/\/archiwum.swietodrzewa.pl\/index.php?rest_route=%2Fwp%2Fv2%2Ftags&post=12839"}],"curies":[{"name":"wp","href":"https:\/\/api.w.org\/{rel}","templated":true}]}}