{"id":12953,"date":"2021-05-12T22:28:12","date_gmt":"2021-05-12T20:28:12","guid":{"rendered":"https:\/\/swietodrzewa.pl\/?p=12953"},"modified":"2021-05-13T10:35:42","modified_gmt":"2021-05-13T08:35:42","slug":"ogrody-dla-klimatu-w-bielsku-bialej","status":"publish","type":"post","link":"https:\/\/archiwum.swietodrzewa.pl\/?p=12953","title":{"rendered":"Ogrody dla klimatu w Bielsku-Bia\u0142ej"},"content":{"rendered":"<p class=\"lead\"><strong>W dniu 17 maja odb\u0119dzie si\u0119 oficjalne podpisanie porozumienia pomi\u0119dzy Miastem Bielsko-Bia\u0142a, Gmin\u0105 Wyznaniow\u0105 \u017bydowsk\u0105 w Bielsku-Bia\u0142ej i Klubem Gaja dotycz\u0105cego powstania Tajemniczego Ogrodu wraz z konferencj\u0105 prasow\u0105 otwieraj\u0105c\u0105 projekt \u201e\u015awi\u0119to Drzewa \u2013 ogrody dla klimatu\u201d. Podczas konferencji przedstawimy za\u0142o\u017cenia projektu \u0142\u0105cz\u0105cego edukacj\u0119 nt. ochrony klimatu i \u015brodowiska z kultur\u0105, histori\u0105 i sztuk\u0105 oraz realnym dzia\u0142aniem \u2013 za\u0142o\u017ceniem dw\u00f3ch ogrod\u00f3w edukacyjnych na nieu\u017cytku niegrzebalnej cz\u0119\u015bci cmentarza \u017cydowskiego oraz terenie Willi Sixta przy zaanga\u017cowaniu Miasta Bielska-Bia\u0142ej, Galerii Bielskiej BWA, Gminy Wyznaniowej \u017bydowskiej w Bielsku-Bia\u0142ej oraz mieszka\u0144c\u00f3w\/ek.<\/strong><!--more--><\/p>\n<div class=\"body\">\n<p>W ramach projektu \u201e\u015awi\u0119to Drzewa \u2013 ogrody dla klimatu\u201d zostan\u0105 przeprowadzone warsztaty dla mieszka\u0144c\u00f3w z udzia\u0142em ekspert\u00f3w\/ek, aby wsp\u00f3lnie wypracowa\u0107 koncepcje obu przestrzeni. W ogrodach odb\u0119d\u0105 si\u0119 wydarzenia po\u0142\u0105czone m.in. z sadzeniem ro\u015blin i budow\u0105 schronie\u0144 dla zwierz\u0105t. Dla m\u0142odzie\u017cy \u2013 spo\u0142ecznych opiekun\u00f3w\/ek ogrod\u00f3w przygotowano zaj\u0119cia dotycz\u0105ce zmian klimatu i ochrony bior\u00f3\u017cnorodno\u015bci po\u0142\u0105czone z pracami w ogrodach oraz poznawaniem historii i tradycji miejsca. Za\u0142o\u017cone ogrody przyczyni\u0105 si\u0119 do poprawy zielono-b\u0142\u0119kitnej infrastruktury miasta, kt\u00f3ra \u0142agodzi skutki zmian klimatu i wspiera r\u00f3\u017cnorodno\u015b\u0107 biologiczn\u0105, a tak\u017ce poszerzenia zakresu edukacji ekologicznej w mie\u015bcie. Projekt realizowany jest z dotacji programu Aktywni Obywatele \u2013 Fundusz Krajowy Finansowanego z Funduszy EOG.<\/p>\n<p><strong>Jacek Bo\u017cek, prezes Klubu Gaja<\/strong>, podkre\u015bla \u2013 \u201eNie powstrzymamy zmian klimatu tylko debatuj\u0105c. Potrzeba nam konkretnych dzia\u0142a\u0144 i wielopoziomowej wsp\u00f3\u0142pracy. To wspaniale, \u017ce ten innowacyjny projekt b\u0119dziemy mogli zrealizowa\u0107 w Bielsku-Bia\u0142ej. Jestem przekonany, \u017ce ogrody stan\u0105 si\u0119 przyk\u0142adem edukacji czynnej, kt\u00f3ra przez sztuk\u0119, kultur\u0119 i histori\u0119 zainspiruje mieszkanki i mieszka\u0144c\u00f3w do dzia\u0142a\u0144 ekologicznych\u201d.<\/p>\n<p><strong>Danuta Przyby\u0142o, Naczelnik Wydzia\u0142u Ochrony \u015arodowiska i Energii<\/strong>, wyja\u015bnia \u2013\u201eWychodz\u0105c naprzeciw oczekiwaniom mieszka\u0144c\u00f3w naszego miasta dotycz\u0105cym og\u00f3lnodost\u0119pnej zielonej infrastruktury, Urz\u0105d Miejski w Bielsku-Bia\u0142ej wyst\u0105pi\u0142&nbsp;&nbsp;z propozycj\u0105 utworzenia na swoim terenie park\u00f3w kieszonkowych pod nazw\u0105 Ogrody Bielszczan. Chcemy stworzy\u0107&nbsp; w przestrzeni miejskiej niewielkie,&nbsp; przyjazne tereny zielone, kt\u00f3re b\u0119d\u0105 s\u0142u\u017cy\u0142y&nbsp; szeroko poj\u0119tej rekreacji. Ide\u0105 park\u00f3w kieszonkowych jest zachowanie istniej\u0105cej zieleni drzewiastej&nbsp; po odpowiednich zabiegach piel\u0119gnacyjnych i wkomponowanie innych ro\u015blin kwitn\u0105cych&nbsp; i zielonych w spos\u00f3b uporz\u0105dkowany, umo\u017cliwiaj\u0105cy zar\u00f3wno odpoczynek, jak i kontakt z przyrod\u0105. W 2019 roku przy ul. Partyzant\u00f3w&nbsp; przy wsp\u00f3\u0142udziale Miasta Bielska-Bia\u0142ej, Klubu Gaja i Rady Osiedla Bielsko-Po\u0142udnie powsta\u0142 Ogr\u00f3d Motyli. Aktualnie przy Willi Sixta powstaje Ogr\u00f3d R\u00f3\u017cany. Mamy nadziej\u0119,&nbsp;&nbsp; \u017ce Tajemniczy Ogr\u00f3d, kt\u00f3ry powstanie w najbli\u017cszym czasie, ze wzgl\u0119du na sw\u00f3j charakter stanie si\u0119 swoist\u0105 enklaw\u0105 wyciszenia, spokoju i odpoczynku, a tak\u017ce edukacji poprzez obcowanie z natur\u0105. Miejsce jest niezwykle urokliwe i tajemnicze, z pi\u0119knym starodrzewem&nbsp; \u2013 st\u0105d te\u017c nazwa Tajemniczy Ogr\u00f3d. Powstaj\u0105ce parki kieszonkowe wpisuj\u0105 si\u0119 w \u201ePlan adaptacji Miasta Bielsko-Bia\u0142a do zmian klimatu\u201d i stan\u0105 si\u0119 istotn\u0105 cz\u0119\u015bci\u0105 zielonej infrastruktury miasta.\u201d<\/p>\n<p>Podpisane porozumienie pomi\u0119dzy Miastem Bielsko-Bia\u0142\u0105, Gmin\u0105 Wyznaniow\u0105 \u017bydowsk\u0105w Bielsku-Bia\u0142ej i Klubem Gaja, jest pierwszym krokiem do&nbsp; za\u0142o\u017cenia Tajemniczego Ogrodu na nieu\u017cytku niegrzebalnej cz\u0119\u015bci cmentarza \u017cydowskiego przy ul. Cieszy\u0144skiej. Koncepcja i projekt ogrodu zostan\u0105 wypracowane podczas warsztat\u00f3w partycypacyjnych z udzia\u0142em mieszka\u0144c\u00f3w\/ek i specjalist\u00f3w\/ek m.in. z obszaru architektury krajobrazu, biologii, historii. Podczas trzech wydarze\u0144 w Tajemniczym Ogrodzie bielszczanie\/ki b\u0119d\u0105 mogli w\u0142\u0105czy\u0107 si\u0119 w prace porz\u0105dkowe, sadzenie ro\u015blin oraz budow\u0119 schronie\u0144 dla dzikich zwierz\u0105t. Ogr\u00f3d b\u0119dzie m\u00f3g\u0142 sta\u0107 si\u0119&nbsp; przyk\u0142adem poszanowania dziedzictwa kulturowego i przyrodniczego<br \/>\nw zakresie unikalnym w skali kraju.<\/p>\n<p><strong>Dorota Wiewi\u00f3ra, przewodnicz\u0105ca Gminy Wyznaniowej \u017bydowskiej w Bielsku-Bia\u0142ej<\/strong>, m\u00f3wi \u2013 \u201ePo zako\u0144czeniu dzia\u0142a\u0144 II wojny \u015bwiatowej teren ten s\u0142u\u017cy\u0142 jako pastwisko. Dopiero zorganizowanie si\u0119 spo\u0142eczno\u015bci \u017cydowskiej&nbsp; w Kongregacji Wyznania Moj\u017ceszowego pozwoli\u0142o na zatrudnienie dozorcy. Ale i w\u00f3wczas okoliczni mieszka\u0144cy u\u017cytkowali ten grunt jako ogr\u00f3dki warzywne. Z biegiem czasu przybywa\u0142o samosiejek, kt\u00f3re teraz s\u0105 ju\u017c pot\u0119\u017cnym drzewami. Sta\u0142y si\u0119 one \u201ezielonymi p\u0142ucami&#8221; dla s\u0105siednich osiedli mieszkaniowych. Dlatego z du\u017cym zadowoleniem przyj\u0119li\u015bmy inicjatyw\u0119 Klubu Gaja, kt\u00f3ry wraz z w\u0142adzami miasta chce doprowadzi\u0107 do powstania w tym miejscu Tajemniczego Ogrodu\u201d.<\/p>\n<p>Drugi ogr\u00f3d powstanie na terenie Galerii Bielskiej BWA. Razem z m\u0142odzie\u017c\u0105, zaplanujemy na terenie otaczaj\u0105cym zabytkow\u0105 Will\u0119 Teodora Sixta przestrze\u0144 do interwencji artystycznych \u2013 \u0142\u0105cz\u0105ca sztuk\u0119 i ekologi\u0119. Wsp\u00f3lnie z architektami, wybierzemy i posadzimy ro\u015bliny by zwi\u0119kszy\u0107 r\u00f3\u017cnorodno\u015b\u0107 biologiczn\u0105 ogrodu, a z artyst\u0105 zbudujemy budki l\u0119gowe dla ptak\u00f3w, kt\u00f3re przeka\u017cemy m\u0142odzie\u017cy pod opiek\u0119.<\/p>\n<p><strong>Agata Smalcerz, dyrektorka Galerii Bielskiej BWA, komentuje<\/strong>&nbsp;\u2013 \u201eDzia\u0142ania \u0142\u0105cz\u0105ce sztuk\u0119 i ekologi\u0119 zwykle s\u0105 bardzo inspiruj\u0105ce, zw\u0142aszcza dla m\u0142odych ludzi. Wykorzystanie w\u0142asnych pomys\u0142\u00f3w i zastosowanie wiedzy fachowc\u00f3w mo\u017ce przynie\u015b\u0107 ciekawe projekty niezwyk\u0142ych domk\u00f3w dla ptak\u00f3w. Ogr\u00f3d Willi Sixta, pe\u0142en starych drzew, jest wymarzonym miejscem do stworzenia tam ptasiej oazy\u201d.&nbsp;<\/p>\n<p>Na zako\u0144czenie projektu, w 2022 roku, podczas konferencji podsumowuj\u0105cej zaprezentujemy rezultaty i dobre praktyki projektu.<\/p>\n<p>Zdj\u0119cia: Klub Gaja &#8211; Tajemniczy Ogr\u00f3d i ogr\u00f3d przy Willi Sixta<\/p>\n<p>\n<div class=\"ngg-galleryoverview ngg-slideshow\"\n\tid=\"ngg-slideshow-e3a7e32b8e4ee540d2ab886b3662ae14-12650939030\"\n\tdata-gallery-id=\"e3a7e32b8e4ee540d2ab886b3662ae14\"\n\tstyle=\"max-width: 600px;\n\t\t\tmax-height: 450px;\n\t\t\tdisplay: none;\">\n\n\t\n\t\t<a href=\"https:\/\/archiwum.swietodrzewa.pl\/wp-content\/gallery\/norweskie\/dsc02165.jpeg\"\n\t\t\ttitle=\"\"\n\t\t\tdata-src=\"https:\/\/archiwum.swietodrzewa.pl\/wp-content\/gallery\/norweskie\/dsc02165.jpeg\"\n\t\t\tdata-thumbnail=\"https:\/\/archiwum.swietodrzewa.pl\/wp-content\/gallery\/norweskie\/thumbs\/thumbs_dsc02165.jpeg\"\n\t\t\tdata-image-id=\"1955\"\n\t\t\tdata-title=\"dsc02165\"\n\t\t\tdata-description=\"\"\n\t\t\tclass=\"shutterset_e3a7e32b8e4ee540d2ab886b3662ae14\">\n\n\t\t\t<img data-image-id='1955'\n\t\t\t\ttitle=\"\"\n\t\t\t\talt=\"dsc02165\"\n\t\t\t\tsrc=\"https:\/\/archiwum.swietodrzewa.pl\/wp-content\/gallery\/norweskie\/dsc02165.jpeg\"\n\t\t\t\tstyle=\"max-height: 430px;\"\/>\n\t\t<\/a>\n\n\t\t\n\t\t<a href=\"https:\/\/archiwum.swietodrzewa.pl\/wp-content\/gallery\/norweskie\/dsc02162.jpeg\"\n\t\t\ttitle=\"\"\n\t\t\tdata-src=\"https:\/\/archiwum.swietodrzewa.pl\/wp-content\/gallery\/norweskie\/dsc02162.jpeg\"\n\t\t\tdata-thumbnail=\"https:\/\/archiwum.swietodrzewa.pl\/wp-content\/gallery\/norweskie\/thumbs\/thumbs_dsc02162.jpeg\"\n\t\t\tdata-image-id=\"1956\"\n\t\t\tdata-title=\"dsc02162\"\n\t\t\tdata-description=\"\"\n\t\t\tclass=\"shutterset_e3a7e32b8e4ee540d2ab886b3662ae14\">\n\n\t\t\t<img data-image-id='1956'\n\t\t\t\ttitle=\"\"\n\t\t\t\talt=\"dsc02162\"\n\t\t\t\tsrc=\"https:\/\/archiwum.swietodrzewa.pl\/wp-content\/gallery\/norweskie\/dsc02162.jpeg\"\n\t\t\t\tstyle=\"max-height: 430px;\"\/>\n\t\t<\/a>\n\n\t\t\n\t\t<a href=\"https:\/\/archiwum.swietodrzewa.pl\/wp-content\/gallery\/norweskie\/dsc02171.jpeg\"\n\t\t\ttitle=\"\"\n\t\t\tdata-src=\"https:\/\/archiwum.swietodrzewa.pl\/wp-content\/gallery\/norweskie\/dsc02171.jpeg\"\n\t\t\tdata-thumbnail=\"https:\/\/archiwum.swietodrzewa.pl\/wp-content\/gallery\/norweskie\/thumbs\/thumbs_dsc02171.jpeg\"\n\t\t\tdata-image-id=\"1957\"\n\t\t\tdata-title=\"dsc02171\"\n\t\t\tdata-description=\"\"\n\t\t\tclass=\"shutterset_e3a7e32b8e4ee540d2ab886b3662ae14\">\n\n\t\t\t<img data-image-id='1957'\n\t\t\t\ttitle=\"\"\n\t\t\t\talt=\"dsc02171\"\n\t\t\t\tsrc=\"https:\/\/archiwum.swietodrzewa.pl\/wp-content\/gallery\/norweskie\/dsc02171.jpeg\"\n\t\t\t\tstyle=\"max-height: 430px;\"\/>\n\t\t<\/a>\n\n\t\t\n\t\t<a href=\"https:\/\/archiwum.swietodrzewa.pl\/wp-content\/gallery\/norweskie\/dsc02208.jpeg\"\n\t\t\ttitle=\"\"\n\t\t\tdata-src=\"https:\/\/archiwum.swietodrzewa.pl\/wp-content\/gallery\/norweskie\/dsc02208.jpeg\"\n\t\t\tdata-thumbnail=\"https:\/\/archiwum.swietodrzewa.pl\/wp-content\/gallery\/norweskie\/thumbs\/thumbs_dsc02208.jpeg\"\n\t\t\tdata-image-id=\"1958\"\n\t\t\tdata-title=\"dsc02208\"\n\t\t\tdata-description=\"\"\n\t\t\tclass=\"shutterset_e3a7e32b8e4ee540d2ab886b3662ae14\">\n\n\t\t\t<img data-image-id='1958'\n\t\t\t\ttitle=\"\"\n\t\t\t\talt=\"dsc02208\"\n\t\t\t\tsrc=\"https:\/\/archiwum.swietodrzewa.pl\/wp-content\/gallery\/norweskie\/dsc02208.jpeg\"\n\t\t\t\tstyle=\"max-height: 430px;\"\/>\n\t\t<\/a>\n\n\t\t\n\t\t<a href=\"https:\/\/archiwum.swietodrzewa.pl\/wp-content\/gallery\/norweskie\/dsc02215.jpeg\"\n\t\t\ttitle=\"\"\n\t\t\tdata-src=\"https:\/\/archiwum.swietodrzewa.pl\/wp-content\/gallery\/norweskie\/dsc02215.jpeg\"\n\t\t\tdata-thumbnail=\"https:\/\/archiwum.swietodrzewa.pl\/wp-content\/gallery\/norweskie\/thumbs\/thumbs_dsc02215.jpeg\"\n\t\t\tdata-image-id=\"1959\"\n\t\t\tdata-title=\"dsc02215\"\n\t\t\tdata-description=\"\"\n\t\t\tclass=\"shutterset_e3a7e32b8e4ee540d2ab886b3662ae14\">\n\n\t\t\t<img data-image-id='1959'\n\t\t\t\ttitle=\"\"\n\t\t\t\talt=\"dsc02215\"\n\t\t\t\tsrc=\"https:\/\/archiwum.swietodrzewa.pl\/wp-content\/gallery\/norweskie\/dsc02215.jpeg\"\n\t\t\t\tstyle=\"max-height: 430px;\"\/>\n\t\t<\/a>\n\n\t\t\n\t\t<a href=\"https:\/\/archiwum.swietodrzewa.pl\/wp-content\/gallery\/norweskie\/bwa-1.jpg\"\n\t\t\ttitle=\"\"\n\t\t\tdata-src=\"https:\/\/archiwum.swietodrzewa.pl\/wp-content\/gallery\/norweskie\/bwa-1.jpg\"\n\t\t\tdata-thumbnail=\"https:\/\/archiwum.swietodrzewa.pl\/wp-content\/gallery\/norweskie\/thumbs\/thumbs_bwa-1.jpg\"\n\t\t\tdata-image-id=\"1960\"\n\t\t\tdata-title=\"bwa-1\"\n\t\t\tdata-description=\"\"\n\t\t\tclass=\"shutterset_e3a7e32b8e4ee540d2ab886b3662ae14\">\n\n\t\t\t<img data-image-id='1960'\n\t\t\t\ttitle=\"\"\n\t\t\t\talt=\"bwa-1\"\n\t\t\t\tsrc=\"https:\/\/archiwum.swietodrzewa.pl\/wp-content\/gallery\/norweskie\/bwa-1.jpg\"\n\t\t\t\tstyle=\"max-height: 430px;\"\/>\n\t\t<\/a>\n\n\t\t\n\t\t<a href=\"https:\/\/archiwum.swietodrzewa.pl\/wp-content\/gallery\/norweskie\/fot_2.jpg\"\n\t\t\ttitle=\"\"\n\t\t\tdata-src=\"https:\/\/archiwum.swietodrzewa.pl\/wp-content\/gallery\/norweskie\/fot_2.jpg\"\n\t\t\tdata-thumbnail=\"https:\/\/archiwum.swietodrzewa.pl\/wp-content\/gallery\/norweskie\/thumbs\/thumbs_fot_2.jpg\"\n\t\t\tdata-image-id=\"1961\"\n\t\t\tdata-title=\"fot_2\"\n\t\t\tdata-description=\"\"\n\t\t\tclass=\"shutterset_e3a7e32b8e4ee540d2ab886b3662ae14\">\n\n\t\t\t<img data-image-id='1961'\n\t\t\t\ttitle=\"\"\n\t\t\t\talt=\"fot_2\"\n\t\t\t\tsrc=\"https:\/\/archiwum.swietodrzewa.pl\/wp-content\/gallery\/norweskie\/fot_2.jpg\"\n\t\t\t\tstyle=\"max-height: 430px;\"\/>\n\t\t<\/a>\n\n\t\t\n\t\t<a href=\"https:\/\/archiwum.swietodrzewa.pl\/wp-content\/gallery\/norweskie\/bwa-2.jpg\"\n\t\t\ttitle=\"\"\n\t\t\tdata-src=\"https:\/\/archiwum.swietodrzewa.pl\/wp-content\/gallery\/norweskie\/bwa-2.jpg\"\n\t\t\tdata-thumbnail=\"https:\/\/archiwum.swietodrzewa.pl\/wp-content\/gallery\/norweskie\/thumbs\/thumbs_bwa-2.jpg\"\n\t\t\tdata-image-id=\"1962\"\n\t\t\tdata-title=\"bwa-2\"\n\t\t\tdata-description=\"\"\n\t\t\tclass=\"shutterset_e3a7e32b8e4ee540d2ab886b3662ae14\">\n\n\t\t\t<img data-image-id='1962'\n\t\t\t\ttitle=\"\"\n\t\t\t\talt=\"bwa-2\"\n\t\t\t\tsrc=\"https:\/\/archiwum.swietodrzewa.pl\/wp-content\/gallery\/norweskie\/bwa-2.jpg\"\n\t\t\t\tstyle=\"max-height: 430px;\"\/>\n\t\t<\/a>\n\n\t\t\n\t\t<a href=\"https:\/\/archiwum.swietodrzewa.pl\/wp-content\/gallery\/norweskie\/bwa-4.jpg\"\n\t\t\ttitle=\"\"\n\t\t\tdata-src=\"https:\/\/archiwum.swietodrzewa.pl\/wp-content\/gallery\/norweskie\/bwa-4.jpg\"\n\t\t\tdata-thumbnail=\"https:\/\/archiwum.swietodrzewa.pl\/wp-content\/gallery\/norweskie\/thumbs\/thumbs_bwa-4.jpg\"\n\t\t\tdata-image-id=\"1963\"\n\t\t\tdata-title=\"bwa-4\"\n\t\t\tdata-description=\"\"\n\t\t\tclass=\"shutterset_e3a7e32b8e4ee540d2ab886b3662ae14\">\n\n\t\t\t<img data-image-id='1963'\n\t\t\t\ttitle=\"\"\n\t\t\t\talt=\"bwa-4\"\n\t\t\t\tsrc=\"https:\/\/archiwum.swietodrzewa.pl\/wp-content\/gallery\/norweskie\/bwa-4.jpg\"\n\t\t\t\tstyle=\"max-height: 430px;\"\/>\n\t\t<\/a>\n\n\t\t<\/div>\n\n\nProjekt &#8222;\u015awi\u0119to Drzewa- ogrody dla klimatu&#8221; realizowany jest z dotacji programu Aktywni Obywatele \u2013 Fundusz Krajowy Finansowanego z Funduszy EOG.<\/p>\n<p><a href=\"https:\/\/archiwum.swietodrzewa.pl\/wp-content\/uploads\/2021\/04\/active-citizens-fund-4x.png\"><img loading=\"lazy\" class=\"alignleft size-medium wp-image-12821\" src=\"https:\/\/archiwum.swietodrzewa.pl\/wp-content\/uploads\/2021\/04\/active-citizens-fund-4x-300x105.png\" alt=\"\" width=\"300\" height=\"105\" srcset=\"https:\/\/archiwum.swietodrzewa.pl\/wp-content\/uploads\/2021\/04\/active-citizens-fund-4x-300x105.png 300w, https:\/\/archiwum.swietodrzewa.pl\/wp-content\/uploads\/2021\/04\/active-citizens-fund-4x-1024x359.png 1024w, https:\/\/archiwum.swietodrzewa.pl\/wp-content\/uploads\/2021\/04\/active-citizens-fund-4x-768x270.png 768w, https:\/\/archiwum.swietodrzewa.pl\/wp-content\/uploads\/2021\/04\/active-citizens-fund-4x-1536x539.png 1536w, https:\/\/archiwum.swietodrzewa.pl\/wp-content\/uploads\/2021\/04\/active-citizens-fund-4x-2048x719.png 2048w\" sizes=\"(max-width: 300px) 100vw, 300px\" \/><\/a><\/p>\n<\/div>\n<p>&nbsp;<\/p>\n<p>&nbsp;<\/p>\n<p>&nbsp;<\/p>\n<p>&nbsp;<\/p>\n<p><a href=\"https:\/\/archiwum.swietodrzewa.pl\/wp-content\/uploads\/2021\/05\/4-loga_11.jpg\"><img loading=\"lazy\" class=\"alignleft wp-image-12938\" src=\"https:\/\/archiwum.swietodrzewa.pl\/wp-content\/uploads\/2021\/05\/4-loga_11-300x44.jpg\" alt=\"\" width=\"416\" height=\"61\" srcset=\"https:\/\/archiwum.swietodrzewa.pl\/wp-content\/uploads\/2021\/05\/4-loga_11-300x44.jpg 300w, https:\/\/archiwum.swietodrzewa.pl\/wp-content\/uploads\/2021\/05\/4-loga_11-1024x150.jpg 1024w, https:\/\/archiwum.swietodrzewa.pl\/wp-content\/uploads\/2021\/05\/4-loga_11-768x112.jpg 768w, https:\/\/archiwum.swietodrzewa.pl\/wp-content\/uploads\/2021\/05\/4-loga_11.jpg 1198w\" sizes=\"(max-width: 416px) 100vw, 416px\" \/><\/a><\/p>\n","protected":false},"excerpt":{"rendered":"<p>W dniu 17 maja odb\u0119dzie si\u0119 oficjalne podpisanie porozumienia pomi\u0119dzy Miastem Bielsko-Bia\u0142a, Gmin\u0105 Wyznaniow\u0105 \u017bydowsk\u0105 w Bielsku-Bia\u0142ej i Klubem Gaja dotycz\u0105cego powstania Tajemniczego Ogrodu wraz z konferencj\u0105 prasow\u0105 otwieraj\u0105c\u0105 projekt \u201e\u015awi\u0119to Drzewa \u2013 ogrody dla klimatu\u201d. Podczas konferencji przedstawimy za\u0142o\u017cenia projektu \u0142\u0105cz\u0105cego edukacj\u0119 nt. ochrony klimatu i \u015brodowiska z kultur\u0105, histori\u0105 i sztuk\u0105 oraz realnym [&hellip;]<\/p>\n","protected":false},"author":3,"featured_media":12954,"comment_status":"closed","ping_status":"closed","sticky":false,"template":"","format":"standard","meta":{"ngg_post_thumbnail":0},"categories":[17],"tags":[],"_links":{"self":[{"href":"https:\/\/archiwum.swietodrzewa.pl\/index.php?rest_route=\/wp\/v2\/posts\/12953"}],"collection":[{"href":"https:\/\/archiwum.swietodrzewa.pl\/index.php?rest_route=\/wp\/v2\/posts"}],"about":[{"href":"https:\/\/archiwum.swietodrzewa.pl\/index.php?rest_route=\/wp\/v2\/types\/post"}],"author":[{"embeddable":true,"href":"https:\/\/archiwum.swietodrzewa.pl\/index.php?rest_route=\/wp\/v2\/users\/3"}],"replies":[{"embeddable":true,"href":"https:\/\/archiwum.swietodrzewa.pl\/index.php?rest_route=%2Fwp%2Fv2%2Fcomments&post=12953"}],"version-history":[{"count":3,"href":"https:\/\/archiwum.swietodrzewa.pl\/index.php?rest_route=\/wp\/v2\/posts\/12953\/revisions"}],"predecessor-version":[{"id":12968,"href":"https:\/\/archiwum.swietodrzewa.pl\/index.php?rest_route=\/wp\/v2\/posts\/12953\/revisions\/12968"}],"wp:featuredmedia":[{"embeddable":true,"href":"https:\/\/archiwum.swietodrzewa.pl\/index.php?rest_route=\/wp\/v2\/media\/12954"}],"wp:attachment":[{"href":"https:\/\/archiwum.swietodrzewa.pl\/index.php?rest_route=%2Fwp%2Fv2%2Fmedia&parent=12953"}],"wp:term":[{"taxonomy":"category","embeddable":true,"href":"https:\/\/archiwum.swietodrzewa.pl\/index.php?rest_route=%2Fwp%2Fv2%2Fcategories&post=12953"},{"taxonomy":"post_tag","embeddable":true,"href":"https:\/\/archiwum.swietodrzewa.pl\/index.php?rest_route=%2Fwp%2Fv2%2Ftags&post=12953"}],"curies":[{"name":"wp","href":"https:\/\/api.w.org\/{rel}","templated":true}]}}