{"id":12970,"date":"2021-05-18T21:05:32","date_gmt":"2021-05-18T19:05:32","guid":{"rendered":"https:\/\/swietodrzewa.pl\/?p=12970"},"modified":"2021-05-20T11:00:44","modified_gmt":"2021-05-20T09:00:44","slug":"inauguracja-projektu-swieto-drzewa-ogrody-dla-klimatu","status":"publish","type":"post","link":"https:\/\/archiwum.swietodrzewa.pl\/?p=12970","title":{"rendered":"INAUGURACJA PROJEKTU \u201e\u015aWI\u0118TO DRZEWA \u2013 OGRODY DLA KLIMATU\u201d"},"content":{"rendered":"<p class=\"lead\"><strong>W poniedzia\u0142ek (17 maja br.) w Ratuszu, w Sali Sesyjnej odby\u0142a si\u0119 konferencja prasowa otwieraj\u0105ca projekt Klubu Gaja \u201e\u015awi\u0119to Drzewa \u2013 ogrody dla klimatu\u201d. W ramach tej inicjatywy powstan\u0105 dwa ogrody edukacyjne w Bielsku-Bia\u0142ej \u2013 pierwszy Tajemniczy Ogr\u00f3d na niegrzebalnej cz\u0119\u015bci cmentarza \u017cydowskiego, drugi wok\u00f3\u0142 zabytkowej willi Teodora Sixta przy wsp\u00f3\u0142pracy z Miastem Bielsko-Bia\u0142a, Gmin\u0105 Wyznaniowa \u017bydowsk\u0105 w Bielsku-Bia\u0142ej i Galeri\u0105 Bielsk\u0105 BWA. Ogrody po\u0142\u0105cz\u0105 aspekt edukacji ekologicznej z histori\u0105 i sztuk\u0105. Realizacja projektu z dotacji programu Aktywni Obywatele \u2013 Fundusz Krajowy finansowanego z Funduszy EOG zako\u0144czy si\u0119 w przysz\u0142ym roku.<\/strong><!--more--><\/p>\n<div class=\"body\">\n<p>Konferencja rozpocz\u0119\u0142a si\u0119 podpisaniem porozumienia dotycz\u0105cego realizacji Tajemniczego Ogrodu, kt\u00f3rego sygnatariuszami byli Jaros\u0142aw Klimaszewski- Prezydent Miasta Bielska-Bia\u0142ej, Dorota Wiewi\u00f3ra \u2013 przewodnicz\u0105ca Gminy Wyznaniowej \u017bydowskiej, Lidia Pustelnik \u2013 zast\u0119pczyni przewodnicz\u0105cej Gminy Wyznaniowej \u017bydowskiej oraz Jacek Bo\u017cek \u2013 prezes Klubu Gaja. W ramach umowy teren nieu\u017cytku cmentarza \u017cydowskiego zosta\u0142 przekazany miastu Bielsko-Bia\u0142a przez Gmin\u0119 Wyznaniow\u0105 \u017bydowsk\u0105 w bezp\u0142atne u\u017cytkowanie na 30 lat. Koncepcja i projekt ogrodu zostan\u0105 wypracowane przez Klub Gaja podczas warsztat\u00f3w z udzia\u0142em mieszka\u0144c\u00f3w i specjalist\u00f3w m.in. z zakresu architektury krajobrazu, biologii i historii. Projekt zostanie udost\u0119pniony w\u0142adzom miasta, by mog\u0142y na jego podstawie zrealizowa\u0107 koncepcj\u0119 Tajemniczego Ogrodu.<\/p>\n<p><strong>Jaros\u0142aw Klimaszewski<\/strong>, prezydent Miasta Bielska-Bia\u0142ej, powiedzia\u0142 \u2013\u201eTo kolejny przejaw tego, jak wa\u017cny jest komfort \u017cycia mieszka\u0144c\u00f3w dla w\u0142adz miasta. Bielski samorz\u0105d bardzo du\u017c\u0105 wag\u0119 przywi\u0105zuje do tego, aby mieszka\u0144com \u017cy\u0142o si\u0119 zdrowiej, w otoczeniu zieleni. Po Ogrodach Motyli i R\u00f3\u017canym, mam nadziej\u0119, \u017ce przy wsp\u00f3\u0142pracy z&nbsp; mieszka\u0144cami, Klubem Gaja i Gmin\u0105 Wyznaniow\u0105 \u017bydowsk\u0105, powstanie Tajemniczy Ogr\u00f3d na terenie cz\u0119\u015bci niegrzebalnej cmentarza, w pi\u0119knym antura\u017cu przyrodniczym ze starodrzewem.&nbsp; Ogr\u00f3d b\u0119dzie miejscem z pewn\u0105 histori\u0105 i tradycj\u0105, ale tak\u017ce z tajemnic\u0105, jak wskazuje na to nazwa. S\u0142u\u017cy\u0107 b\u0119dzie mieszka\u0144com i turystom. Dzi\u0119kuj\u0119 wszystkim tym, kt\u00f3rzy si\u0119 do tego przyczynili i ju\u017c dzi\u015b zapraszam mieszka\u0144c\u00f3w do ogrodu, kt\u00f3ry b\u0119dzie kolejnym etapem zazieleniania miasta\u201d.<\/p>\n<p>Ogrody &#8211; na nieu\u017cytku cmentarza \u017cydowskiego przy ul. Cieszy\u0144skiej oraz na terenie zabytkowej willi Sixta w centrum miasta &#8211; maj\u0105 przyczyni\u0107 si\u0119 do poprawy zielono-b\u0142\u0119kitnej infrastruktury miasta. Prezydent doda\u0142, \u017ce te inicjatywy wpisuj\u0105 si\u0119 w 10 letni\u0105 strategi\u0119 walki ze zmianami klimatycznymi. To wielki problem globalny, kt\u00f3ry dotyczy nas i naszego miasta, a to jest ostatni dzwonek na dzia\u0142ania.<\/p>\n<p>\n<div class=\"ngg-galleryoverview ngg-slideshow\"\n\tid=\"ngg-slideshow-46fb935701135d4b671ec1512d9c5d2c-19319960290\"\n\tdata-gallery-id=\"46fb935701135d4b671ec1512d9c5d2c\"\n\tstyle=\"max-width: 600px;\n\t\t\tmax-height: 450px;\n\t\t\tdisplay: none;\">\n\n\t\n\t\t<a href=\"https:\/\/archiwum.swietodrzewa.pl\/wp-content\/gallery\/konferencja-norweskie\/konferencja1.jpg\"\n\t\t\ttitle=\"\"\n\t\t\tdata-src=\"https:\/\/archiwum.swietodrzewa.pl\/wp-content\/gallery\/konferencja-norweskie\/konferencja1.jpg\"\n\t\t\tdata-thumbnail=\"https:\/\/archiwum.swietodrzewa.pl\/wp-content\/gallery\/konferencja-norweskie\/thumbs\/thumbs_konferencja1.jpg\"\n\t\t\tdata-image-id=\"1964\"\n\t\t\tdata-title=\"konferencja1\"\n\t\t\tdata-description=\"\"\n\t\t\tclass=\"shutterset_46fb935701135d4b671ec1512d9c5d2c\">\n\n\t\t\t<img data-image-id='1964'\n\t\t\t\ttitle=\"\"\n\t\t\t\talt=\"konferencja1\"\n\t\t\t\tsrc=\"https:\/\/archiwum.swietodrzewa.pl\/wp-content\/gallery\/konferencja-norweskie\/konferencja1.jpg\"\n\t\t\t\tstyle=\"max-height: 430px;\"\/>\n\t\t<\/a>\n\n\t\t\n\t\t<a href=\"https:\/\/archiwum.swietodrzewa.pl\/wp-content\/gallery\/konferencja-norweskie\/konferencja2.jpg\"\n\t\t\ttitle=\"\"\n\t\t\tdata-src=\"https:\/\/archiwum.swietodrzewa.pl\/wp-content\/gallery\/konferencja-norweskie\/konferencja2.jpg\"\n\t\t\tdata-thumbnail=\"https:\/\/archiwum.swietodrzewa.pl\/wp-content\/gallery\/konferencja-norweskie\/thumbs\/thumbs_konferencja2.jpg\"\n\t\t\tdata-image-id=\"1965\"\n\t\t\tdata-title=\"konferencja2\"\n\t\t\tdata-description=\"\"\n\t\t\tclass=\"shutterset_46fb935701135d4b671ec1512d9c5d2c\">\n\n\t\t\t<img data-image-id='1965'\n\t\t\t\ttitle=\"\"\n\t\t\t\talt=\"konferencja2\"\n\t\t\t\tsrc=\"https:\/\/archiwum.swietodrzewa.pl\/wp-content\/gallery\/konferencja-norweskie\/konferencja2.jpg\"\n\t\t\t\tstyle=\"max-height: 430px;\"\/>\n\t\t<\/a>\n\n\t\t\n\t\t<a href=\"https:\/\/archiwum.swietodrzewa.pl\/wp-content\/gallery\/konferencja-norweskie\/konferencja5.jpg\"\n\t\t\ttitle=\"\"\n\t\t\tdata-src=\"https:\/\/archiwum.swietodrzewa.pl\/wp-content\/gallery\/konferencja-norweskie\/konferencja5.jpg\"\n\t\t\tdata-thumbnail=\"https:\/\/archiwum.swietodrzewa.pl\/wp-content\/gallery\/konferencja-norweskie\/thumbs\/thumbs_konferencja5.jpg\"\n\t\t\tdata-image-id=\"1966\"\n\t\t\tdata-title=\"konferencja5\"\n\t\t\tdata-description=\"\"\n\t\t\tclass=\"shutterset_46fb935701135d4b671ec1512d9c5d2c\">\n\n\t\t\t<img data-image-id='1966'\n\t\t\t\ttitle=\"\"\n\t\t\t\talt=\"konferencja5\"\n\t\t\t\tsrc=\"https:\/\/archiwum.swietodrzewa.pl\/wp-content\/gallery\/konferencja-norweskie\/konferencja5.jpg\"\n\t\t\t\tstyle=\"max-height: 430px;\"\/>\n\t\t<\/a>\n\n\t\t\n\t\t<a href=\"https:\/\/archiwum.swietodrzewa.pl\/wp-content\/gallery\/konferencja-norweskie\/konferencja6.jpg\"\n\t\t\ttitle=\"\"\n\t\t\tdata-src=\"https:\/\/archiwum.swietodrzewa.pl\/wp-content\/gallery\/konferencja-norweskie\/konferencja6.jpg\"\n\t\t\tdata-thumbnail=\"https:\/\/archiwum.swietodrzewa.pl\/wp-content\/gallery\/konferencja-norweskie\/thumbs\/thumbs_konferencja6.jpg\"\n\t\t\tdata-image-id=\"1967\"\n\t\t\tdata-title=\"konferencja6\"\n\t\t\tdata-description=\"\"\n\t\t\tclass=\"shutterset_46fb935701135d4b671ec1512d9c5d2c\">\n\n\t\t\t<img data-image-id='1967'\n\t\t\t\ttitle=\"\"\n\t\t\t\talt=\"konferencja6\"\n\t\t\t\tsrc=\"https:\/\/archiwum.swietodrzewa.pl\/wp-content\/gallery\/konferencja-norweskie\/konferencja6.jpg\"\n\t\t\t\tstyle=\"max-height: 430px;\"\/>\n\t\t<\/a>\n\n\t\t\n\t\t<a href=\"https:\/\/archiwum.swietodrzewa.pl\/wp-content\/gallery\/konferencja-norweskie\/konferencja7.jpg\"\n\t\t\ttitle=\"\"\n\t\t\tdata-src=\"https:\/\/archiwum.swietodrzewa.pl\/wp-content\/gallery\/konferencja-norweskie\/konferencja7.jpg\"\n\t\t\tdata-thumbnail=\"https:\/\/archiwum.swietodrzewa.pl\/wp-content\/gallery\/konferencja-norweskie\/thumbs\/thumbs_konferencja7.jpg\"\n\t\t\tdata-image-id=\"1968\"\n\t\t\tdata-title=\"konferencja7\"\n\t\t\tdata-description=\"\"\n\t\t\tclass=\"shutterset_46fb935701135d4b671ec1512d9c5d2c\">\n\n\t\t\t<img data-image-id='1968'\n\t\t\t\ttitle=\"\"\n\t\t\t\talt=\"konferencja7\"\n\t\t\t\tsrc=\"https:\/\/archiwum.swietodrzewa.pl\/wp-content\/gallery\/konferencja-norweskie\/konferencja7.jpg\"\n\t\t\t\tstyle=\"max-height: 430px;\"\/>\n\t\t<\/a>\n\n\t\t\n\t\t<a href=\"https:\/\/archiwum.swietodrzewa.pl\/wp-content\/gallery\/konferencja-norweskie\/konferencja3.jpg\"\n\t\t\ttitle=\"\"\n\t\t\tdata-src=\"https:\/\/archiwum.swietodrzewa.pl\/wp-content\/gallery\/konferencja-norweskie\/konferencja3.jpg\"\n\t\t\tdata-thumbnail=\"https:\/\/archiwum.swietodrzewa.pl\/wp-content\/gallery\/konferencja-norweskie\/thumbs\/thumbs_konferencja3.jpg\"\n\t\t\tdata-image-id=\"1969\"\n\t\t\tdata-title=\"konferencja3\"\n\t\t\tdata-description=\"\"\n\t\t\tclass=\"shutterset_46fb935701135d4b671ec1512d9c5d2c\">\n\n\t\t\t<img data-image-id='1969'\n\t\t\t\ttitle=\"\"\n\t\t\t\talt=\"konferencja3\"\n\t\t\t\tsrc=\"https:\/\/archiwum.swietodrzewa.pl\/wp-content\/gallery\/konferencja-norweskie\/konferencja3.jpg\"\n\t\t\t\tstyle=\"max-height: 430px;\"\/>\n\t\t<\/a>\n\n\t\t\n\t\t<a href=\"https:\/\/archiwum.swietodrzewa.pl\/wp-content\/gallery\/konferencja-norweskie\/konferencja4.jpg\"\n\t\t\ttitle=\"\"\n\t\t\tdata-src=\"https:\/\/archiwum.swietodrzewa.pl\/wp-content\/gallery\/konferencja-norweskie\/konferencja4.jpg\"\n\t\t\tdata-thumbnail=\"https:\/\/archiwum.swietodrzewa.pl\/wp-content\/gallery\/konferencja-norweskie\/thumbs\/thumbs_konferencja4.jpg\"\n\t\t\tdata-image-id=\"1970\"\n\t\t\tdata-title=\"konferencja4\"\n\t\t\tdata-description=\"\"\n\t\t\tclass=\"shutterset_46fb935701135d4b671ec1512d9c5d2c\">\n\n\t\t\t<img data-image-id='1970'\n\t\t\t\ttitle=\"\"\n\t\t\t\talt=\"konferencja4\"\n\t\t\t\tsrc=\"https:\/\/archiwum.swietodrzewa.pl\/wp-content\/gallery\/konferencja-norweskie\/konferencja4.jpg\"\n\t\t\t\tstyle=\"max-height: 430px;\"\/>\n\t\t<\/a>\n\n\t\t\n\t\t<a href=\"https:\/\/archiwum.swietodrzewa.pl\/wp-content\/gallery\/konferencja-norweskie\/konferencja8.jpg\"\n\t\t\ttitle=\"\"\n\t\t\tdata-src=\"https:\/\/archiwum.swietodrzewa.pl\/wp-content\/gallery\/konferencja-norweskie\/konferencja8.jpg\"\n\t\t\tdata-thumbnail=\"https:\/\/archiwum.swietodrzewa.pl\/wp-content\/gallery\/konferencja-norweskie\/thumbs\/thumbs_konferencja8.jpg\"\n\t\t\tdata-image-id=\"1971\"\n\t\t\tdata-title=\"konferencja8\"\n\t\t\tdata-description=\"\"\n\t\t\tclass=\"shutterset_46fb935701135d4b671ec1512d9c5d2c\">\n\n\t\t\t<img data-image-id='1971'\n\t\t\t\ttitle=\"\"\n\t\t\t\talt=\"konferencja8\"\n\t\t\t\tsrc=\"https:\/\/archiwum.swietodrzewa.pl\/wp-content\/gallery\/konferencja-norweskie\/konferencja8.jpg\"\n\t\t\t\tstyle=\"max-height: 430px;\"\/>\n\t\t<\/a>\n\n\t\t<\/div>\n\n\nJak podkre\u015bla\u0142a <strong>Dorota Wiewi\u00f3ra<\/strong> \u2013 \u201eInicjatyw\u0119 za\u0142o\u017cenia ogrodu przyj\u0119\u0142am z ogromnym zadowoleniem, bo nasza troska o ziele\u0144 wynika z naszych wieloletnich dzia\u0142a\u0144. Odtworzyli\u015bmy ca\u0142kowicie ziele\u0144 na cz\u0119\u015bci grzebalnej. Mamy pi\u0119kn\u0105 alej\u0119 akacjow\u0105, klonow\u0105, kasztanow\u0105 i nic bardziej mnie nie cieszy, jak widok matek z w\u00f3zkami spaceruj\u0105cych po cmentarzu. Jest to zderzenie rzeczywisto\u015bci z histori\u0105. Gdy obejrza\u0142am inwentaryzacj\u0119 przyrodnicz\u0105, nie wierzy\u0142am, \u017ce tak wielka r\u00f3\u017cnorodno\u015b\u0107 ro\u015blin, drzew, krzew\u00f3w i zwierz\u0105t znajduje si\u0119 na cz\u0119\u015bci niegrzebalnej. Obj\u0119cie opiek\u0105 tego terenu to du\u017ce wyzwanie. Nast\u0119pny aspekt, z kt\u00f3rym przyjdzie si\u0119 nam zmierzy\u0107 to edukacja. Nie tylko ekologiczna, ale i historyczna. Powi\u0105zanie tych zagadnie\u0144 to najwi\u0119ksza troska Klubu Gaja i nasza. Chodzi o to, by wychowa\u0107 m\u0142ode pokolenie w poszanowaniu tradycji miejsca i przyrody. My\u015bl\u0119, \u017ce przy tak silnej ekipie podo\u0142amy!\u201d<\/p>\n<p>NatomiastDanuta Przyby\u0142o, Naczelniczka Wydzia\u0142u Ochrony \u015arodowiska i Energii wyja\u015bnia\u0142a, \u017ce od 2019 roku miasto postanowi\u0142o stworzy\u0107 sie\u0107 park\u00f3w kieszonkowych pod nazw\u0105 Ogrody Bielszczan. Wynika\u0142o to z zapotrzebowania mieszka\u0144c\u00f3w na zwi\u0119kszenie ilo\u015bci teren\u00f3w zieleni.&nbsp;<strong>Danuta Przyby\u0142o<\/strong>, powiedzia\u0142a tak\u017ce&nbsp; \u2013 \u201ePomys\u0142 na nazw\u0119 ogrodu wywodzi si\u0119 z ulubionej mojej ksi\u0105\u017cki Frances Hodgson Burnett \u201eTajemniczy ogr\u00f3d\u201d, gdzie Mary Lennox zawiera\u0142a swoje przyja\u017anie dzieci\u0119ce. Ta nazwa jest stworzona dla tego miejsca. Starodrzew, kt\u00f3ry si\u0119 tam znajduje, bogactwo ro\u015blin i zwierz\u0105t z mo\u017cliwo\u015bci\u0105 dosadzenia kwitn\u0105cych kwiat\u00f3w i krzew\u00f3w, stworzy urokliwe miejsce. Mam nadziej\u0119, \u017ce mieszka\u0144cy miasta ch\u0119tnie b\u0119d\u0105 korzysta\u0107 z ogrodu. Jego forma b\u0119dzie zale\u017ca\u0142a od koncepcji wypracowanej w procesie spo\u0142ecznym\u201d.<\/p>\n<p>Prof. Zbigniew Wilczek z Instytutu Biologii, Biotechnologii i Ochrony \u015arodowiska Uniwersytetu \u015al\u0105skiego w Katowicach, kt\u00f3ry przygotowywa\u0142 wraz z wolontariuszami Klubu Gaja inwentaryzacj\u0119 przyrodnicz\u0105 nieu\u017cytku cmentarza \u017cydowskiego podkre\u015bla\u0142, \u017ce jest to miejsce nieprzeci\u0119tne i unikalne. \u201eLokalizacja tego ogrodu jest \u015bci\u015ble zwi\u0105zana z cmentarzem i obserwuj\u0105c to, co tam si\u0119 dzieje, doszed\u0142em do wniosku, \u017ce w Tajemniczym Ogrodzie mo\u017cemy pokaza\u0107 tajemnic\u0119 \u017cycia i \u015bmierci. Miejsce b\u0119dzie r\u00f3\u017cni\u0142o si\u0119 od innych park\u00f3w tym, \u017ce b\u0119d\u0105 w nim le\u017ca\u0142y martwe drzewa. To b\u0119dzie miejsce refleksji\u201d \u2013 stwierdzi\u0142 <strong>Zbigniew Wilczek<\/strong>.<\/p>\n<p><strong>Jaros\u0142aw Kasprzyk<\/strong>, edukator&nbsp; Klubu Gaja wyja\u015bniaj\u0105c, jak wa\u017cna jest dla nas przyroda w centrach miast, m\u00f3wi\u0142 \u2013 \u201eMy\u015bl\u0119, \u017ce walorem edukacyjnym tych dw\u00f3ch miejsc jest \u0142atwa dost\u0119pno\u015b\u0107 oraz du\u017ca r\u00f3\u017cnorodno\u015b\u0107 gatunk\u00f3w ro\u015blin, co daje mo\u017cliwo\u015b\u0107 uczenia dzieci i m\u0142odzie\u017cy ich rozpoznawania. Przy tej okazji mo\u017cemy m\u00f3wi\u0107 o tym, \u017ce drzewa i ro\u015bliny w mie\u015bcie spe\u0142niaj\u0105 inn\u0105 rol\u0119 ni\u017c w lesie czy zadrzewieniach \u015br\u00f3dpolnych\u201d.<\/p>\n<p>Prowadz\u0105cy konferencj\u0119 prasow\u0105, Jacek Bo\u017cek, prezes Klubu Gaja, podkre\u015bli\u0142, \u017ce Tajemniczy Ogr\u00f3d w obecnej rzeczywisto\u015bci b\u0119dzie miejscem sacrum. \u201eOgr\u00f3d b\u0119dzie miejscem pokazuj\u0105cym nam, \u017ce jeste\u015bmy z t\u0105 przyrod\u0105, z tym miastem, z tym miejscem nieroz\u0142\u0105czni, \u017ce to nasze miejsce. Tu si\u0119 rodzili\u015bmy i tu b\u0119dziemy umierali. Musimy sobie u\u015bwiadomi\u0107, \u017ce jeste\u015bmy zale\u017cni od przyrody, a nasze otoczenie to nie tylko nasz dom, ale te\u017c dom ptak\u00f3w czy zapylaczy, bez kt\u00f3rych nie b\u0119dziemy istnie\u0107\u201d \u2013 podsumowa\u0142 <strong>Jacek Bo\u017cek<\/strong> z Klubu Gaja.<\/p>\n<p>Ogrody, kt\u00f3re powstaj\u0105 w ramach projektu \u201e\u015awi\u0119to Drzewa \u2013 ogrody dla klimatu\u201d&nbsp; b\u0119d\u0105 s\u0142u\u017cy\u0142y edukacji ekologicznej, kulturowej i artystycznej. Drugi ogr\u00f3d edukacyjny powstanie na terenie zabytkowej willi Teodora Sixta, gdzie zaplanowano przestrze\u0144 do interwencji artystycznych \u2013 \u0142\u0105cz\u0105cych sztuk\u0119 i ekologi\u0119. W wyborze i sadzeniu ro\u015blin zwi\u0119kszaj\u0105cych r\u00f3\u017cnorodno\u015b\u0107 biologiczn\u0105 ogrodu b\u0119d\u0105 uczestniczy\u0107 architekci, natomiast pod okiem artyst\u00f3w odb\u0119dzie si\u0119 budowa budek l\u0119gowych dla ptak\u00f3w, kt\u00f3re docelowo trafi\u0105 pod opiek\u0119 m\u0142odzie\u017cy.<\/p>\n<p><a href=\"https:\/\/www.facebook.com\/media\/set\/?vanity=Klub.Gaja&amp;set=a.4352846701393083\" target=\"_blank\" rel=\"noopener\">Zobacz fotorelacj\u0119 na Facebooku &gt;&gt;&gt;<\/a><\/p>\n<p><a href=\"http:\/\/klubgaja.pl\/cms\/uploads\/AKTUALNO%C5%9ACI%202021\/NORWESKIE\/konferencja1.jpg\" target=\"_blank\" rel=\"noopener\"><img src=\"http:\/\/klubgaja.pl\/cms\/uploads\/AKTUALNO%C5%9ACI%202021\/NORWESKIE\/konferencja1.jpg\" alt=\"\"\/><\/a><a href=\"http:\/\/klubgaja.pl\/cms\/uploads\/AKTUALNO%C5%9ACI%202021\/NORWESKIE\/konferencja2.jpg\" target=\"_blank\" rel=\"noopener\"><img src=\"http:\/\/klubgaja.pl\/cms\/uploads\/AKTUALNO%C5%9ACI%202021\/NORWESKIE\/konferencja2.jpg\" alt=\"\"\/><\/a><a href=\"http:\/\/klubgaja.pl\/cms\/uploads\/AKTUALNO%C5%9ACI%202021\/NORWESKIE\/konferencja3.jpg\" target=\"_blank\" rel=\"noopener\"><img src=\"http:\/\/klubgaja.pl\/cms\/uploads\/AKTUALNO%C5%9ACI%202021\/NORWESKIE\/konferencja3.jpg\" alt=\"\"\/><\/a><a href=\"http:\/\/klubgaja.pl\/cms\/uploads\/AKTUALNO%C5%9ACI%202021\/NORWESKIE\/konferencja4.jpg\" target=\"_blank\" rel=\"noopener\"><img src=\"http:\/\/klubgaja.pl\/cms\/uploads\/AKTUALNO%C5%9ACI%202021\/NORWESKIE\/konferencja4.jpg\" alt=\"\"\/><\/a><a href=\"http:\/\/klubgaja.pl\/cms\/uploads\/AKTUALNO%C5%9ACI%202021\/NORWESKIE\/konferencja5.jpg\" target=\"_blank\" rel=\"noopener\"><img src=\"http:\/\/klubgaja.pl\/cms\/uploads\/AKTUALNO%C5%9ACI%202021\/NORWESKIE\/konferencja5.jpg\" alt=\"\"\/><\/a><a href=\"http:\/\/klubgaja.pl\/cms\/uploads\/AKTUALNO%C5%9ACI%202021\/NORWESKIE\/konferencja6.jpg\" target=\"_blank\" rel=\"noopener\"><img src=\"http:\/\/klubgaja.pl\/cms\/uploads\/AKTUALNO%C5%9ACI%202021\/NORWESKIE\/konferencja6.jpg\" alt=\"\"\/><\/a>Projekt &#8222;\u015awi\u0119to Drzewa- ogrody dla klimatu&#8221; realizowany jest z dotacji programu Aktywni Obywatele \u2013 Fundusz Krajowy Finansowanego z Funduszy EOG.<br \/>\n<a href=\"https:\/\/archiwum.swietodrzewa.pl\/wp-content\/uploads\/2021\/04\/active-citizens-fund-4x.png\"><img loading=\"lazy\" class=\"alignleft wp-image-12821\" src=\"https:\/\/archiwum.swietodrzewa.pl\/wp-content\/uploads\/2021\/04\/active-citizens-fund-4x-300x105.png\" alt=\"\" width=\"377\" height=\"132\" srcset=\"https:\/\/archiwum.swietodrzewa.pl\/wp-content\/uploads\/2021\/04\/active-citizens-fund-4x-300x105.png 300w, https:\/\/archiwum.swietodrzewa.pl\/wp-content\/uploads\/2021\/04\/active-citizens-fund-4x-1024x359.png 1024w, https:\/\/archiwum.swietodrzewa.pl\/wp-content\/uploads\/2021\/04\/active-citizens-fund-4x-768x270.png 768w, https:\/\/archiwum.swietodrzewa.pl\/wp-content\/uploads\/2021\/04\/active-citizens-fund-4x-1536x539.png 1536w, https:\/\/archiwum.swietodrzewa.pl\/wp-content\/uploads\/2021\/04\/active-citizens-fund-4x-2048x719.png 2048w\" sizes=\"(max-width: 377px) 100vw, 377px\" \/><\/a><\/p>\n<p>&nbsp;<\/p>\n<p><a href=\"http:\/\/klubgaja.pl\/cms\/uploads\/AKTUALNO%C5%9ACI%202021\/NORWESKIE\/4-loga-1-1.jpg\" target=\"_blank\" rel=\"noopener\"><img src=\"http:\/\/klubgaja.pl\/cms\/uploads\/AKTUALNO%C5%9ACI%202021\/NORWESKIE\/4-loga-1-1.jpg\" alt=\"\"\/><\/a><\/p>\n<p>&nbsp;<\/p>\n<p><a href=\"https:\/\/archiwum.swietodrzewa.pl\/wp-content\/uploads\/2021\/05\/4-loga_11.jpg\"><img loading=\"lazy\" class=\"alignleft wp-image-12938\" src=\"https:\/\/archiwum.swietodrzewa.pl\/wp-content\/uploads\/2021\/05\/4-loga_11-300x44.jpg\" alt=\"\" width=\"737\" height=\"108\" srcset=\"https:\/\/archiwum.swietodrzewa.pl\/wp-content\/uploads\/2021\/05\/4-loga_11-300x44.jpg 300w, https:\/\/archiwum.swietodrzewa.pl\/wp-content\/uploads\/2021\/05\/4-loga_11-1024x150.jpg 1024w, https:\/\/archiwum.swietodrzewa.pl\/wp-content\/uploads\/2021\/05\/4-loga_11-768x112.jpg 768w, https:\/\/archiwum.swietodrzewa.pl\/wp-content\/uploads\/2021\/05\/4-loga_11.jpg 1198w\" sizes=\"(max-width: 737px) 100vw, 737px\" \/><\/a><\/p>\n<\/div>\n<p>&nbsp;<\/p>\n<p>&nbsp;<\/p>\n<div class=\"body\">\n<p>&nbsp;<\/p>\n<p><u>Media o wydarzeniu<\/u><\/p>\n<p><a href=\"https:\/\/katowice.tvp.pl\/53810388\/dwa-ogrody-edukacyjne-powstana-w-bielsku-bialej\" target=\"_blank\" rel=\"noopener\">https:\/\/katowice.tvp.pl\/53810388\/dwa-ogrody-edukacyjne-powstana-w-bielsku-bialej<\/a><\/p>\n<p><a href=\"https:\/\/bielskobiala.wyborcza.pl\/bielskobiala\/7,88025,27076854,cmentarz-zydowski-to-zielone-pluca-dla-pobliskich-osiedli.html\" target=\"_blank\" rel=\"noopener\">https:\/\/bielskobiala.wyborcza.pl\/bielskobiala\/7,88025,27076854,cmentarz-zydowski-to-zielone-pluca-dla-pobliskich-osiedli.html<\/a><\/p>\n<p><a href=\"https:\/\/radio.opole.pl\/104,422328,slaskie-dwa-ogrody-edukacyjne-powstana-w-bielsku\" target=\"_blank\" rel=\"noopener\">https:\/\/radio.opole.pl\/104,422328,slaskie-dwa-ogrody-edukacyjne-powstana-w-bielsku<\/a><\/p>\n<p><a href=\"https:\/\/www.radio.katowice.pl\/zobacz,55413,Tajemniczy-Ogrod-na-bielskim-Cmentarzu-Zydowskim.html\" target=\"_blank\" rel=\"noopener\">https:\/\/www.radio.katowice.pl\/zobacz,55413,Tajemniczy-Ogrod-na-bielskim-Cmentarzu-Zydowskim.html<\/a><\/p>\n<p><a href=\"https:\/\/www.radioem.pl\/doc\/6864787.Bielsko-Biala-Na-cmentarzu-zydowskim-powstanie-Tajemniczy-ogrod\" target=\"_blank\" rel=\"noopener\">https:\/\/www.radioem.pl\/doc\/6864787.Bielsko-Biala-Na-cmentarzu-zydowskim-powstanie-Tajemniczy-ogrod<\/a><\/p>\n<p><a href=\"https:\/\/www.wnp.pl\/parlamentarny\/spoleczenstwo\/slaskie-dwa-ogrody-edukacyjne-powstana-w-bielsku-bialej,141916.html\" target=\"_blank\" rel=\"noopener\">https:\/\/www.wnp.pl\/parlamentarny\/spoleczenstwo\/slaskie-dwa-ogrody-edukacyjne-powstana-w-bielsku-bialej,141916.html<\/a><\/p>\n<p><a href=\"https:\/\/www.bielsko.info\/wiadomosci\/27464-tajemniczy-ogrod-powstanie-na-bielskim-cmentarzu-zydowskim-bielsko-biala\" target=\"_blank\" rel=\"noopener\">https:\/\/www.bielsko.info\/wiadomosci\/27464-tajemniczy-ogrod-powstanie-na-bielskim-cmentarzu-zydowskim-bielsko-biala<\/a><\/p>\n<p><a href=\"https:\/\/bielskobiala.naszemiasto.pl\/tajemniczy-ogrod-w-bielsku-bialej-powstanie-w-czesci\/ar\/c13-8282330\" target=\"_blank\" rel=\"noopener\">https:\/\/bielskobiala.naszemiasto.pl\/tajemniczy-ogrod-w-bielsku-bialej-powstanie-w-czesci\/ar\/c13-8282330<\/a><\/p>\n<p><a href=\"https:\/\/dziennikzachodni.pl\/bielskobiala-na-cmentarzu-zydowskim-powstanie-tajemniczy-ogrod-gmina-wyznaniowa-zydowska-porozumiala-sie-z-miastem\/ar\/c15-15617560\" target=\"_blank\" rel=\"noopener\">https:\/\/dziennikzachodni.pl\/bielskobiala-na-cmentarzu-zydowskim-powstanie-tajemniczy-ogrod-gmina-wyznaniowa-zydowska-porozumiala-sie-z-miastem\/ar\/c15-15617560<\/a><\/p>\n<p><a href=\"https:\/\/wiadomosci.wp.pl\/slask\/bielsko-biala-tajemniczy-ogrod-na-zydowskim-cmentarzu-unikalny-przyklad-poszanowania-dziedzictwa-6640784614038240a\" target=\"_blank\" rel=\"noopener\">https:\/\/wiadomosci.wp.pl\/slask\/bielsko-biala-tajemniczy-ogrod-na-zydowskim-cmentarzu-unikalny-przyklad-poszanowania-dziedzictwa-6640784614038240a<\/a><\/p>\n<p><a href=\"https:\/\/www.propertydesign.pl\/architektura\/104\/bielsko_biala_z_dwoma_ogrodami_edukacyjnymi,34743.html\" target=\"_blank\" rel=\"noopener\">https:\/\/www.propertydesign.pl\/architektura\/104\/bielsko_biala_z_dwoma_ogrodami_edukacyjnymi,34743.html<\/a><\/p>\n<\/div>\n","protected":false},"excerpt":{"rendered":"<p>W poniedzia\u0142ek (17 maja br.) w Ratuszu, w Sali Sesyjnej odby\u0142a si\u0119 konferencja prasowa otwieraj\u0105ca projekt Klubu Gaja \u201e\u015awi\u0119to Drzewa \u2013 ogrody dla klimatu\u201d. W ramach tej inicjatywy powstan\u0105 dwa ogrody edukacyjne w Bielsku-Bia\u0142ej \u2013 pierwszy Tajemniczy Ogr\u00f3d na niegrzebalnej cz\u0119\u015bci cmentarza \u017cydowskiego, drugi wok\u00f3\u0142 zabytkowej willi Teodora Sixta przy wsp\u00f3\u0142pracy z Miastem Bielsko-Bia\u0142a, Gmin\u0105 [&hellip;]<\/p>\n","protected":false},"author":3,"featured_media":12971,"comment_status":"closed","ping_status":"closed","sticky":false,"template":"","format":"standard","meta":{"ngg_post_thumbnail":0},"categories":[17],"tags":[],"_links":{"self":[{"href":"https:\/\/archiwum.swietodrzewa.pl\/index.php?rest_route=\/wp\/v2\/posts\/12970"}],"collection":[{"href":"https:\/\/archiwum.swietodrzewa.pl\/index.php?rest_route=\/wp\/v2\/posts"}],"about":[{"href":"https:\/\/archiwum.swietodrzewa.pl\/index.php?rest_route=\/wp\/v2\/types\/post"}],"author":[{"embeddable":true,"href":"https:\/\/archiwum.swietodrzewa.pl\/index.php?rest_route=\/wp\/v2\/users\/3"}],"replies":[{"embeddable":true,"href":"https:\/\/archiwum.swietodrzewa.pl\/index.php?rest_route=%2Fwp%2Fv2%2Fcomments&post=12970"}],"version-history":[{"count":7,"href":"https:\/\/archiwum.swietodrzewa.pl\/index.php?rest_route=\/wp\/v2\/posts\/12970\/revisions"}],"predecessor-version":[{"id":12993,"href":"https:\/\/archiwum.swietodrzewa.pl\/index.php?rest_route=\/wp\/v2\/posts\/12970\/revisions\/12993"}],"wp:featuredmedia":[{"embeddable":true,"href":"https:\/\/archiwum.swietodrzewa.pl\/index.php?rest_route=\/wp\/v2\/media\/12971"}],"wp:attachment":[{"href":"https:\/\/archiwum.swietodrzewa.pl\/index.php?rest_route=%2Fwp%2Fv2%2Fmedia&parent=12970"}],"wp:term":[{"taxonomy":"category","embeddable":true,"href":"https:\/\/archiwum.swietodrzewa.pl\/index.php?rest_route=%2Fwp%2Fv2%2Fcategories&post=12970"},{"taxonomy":"post_tag","embeddable":true,"href":"https:\/\/archiwum.swietodrzewa.pl\/index.php?rest_route=%2Fwp%2Fv2%2Ftags&post=12970"}],"curies":[{"name":"wp","href":"https:\/\/api.w.org\/{rel}","templated":true}]}}