{"id":12988,"date":"2021-05-20T07:00:53","date_gmt":"2021-05-20T05:00:53","guid":{"rendered":"https:\/\/swietodrzewa.pl\/?p=12988"},"modified":"2021-05-19T21:35:31","modified_gmt":"2021-05-19T19:35:31","slug":"swiatowy-dzien-pszczol","status":"publish","type":"post","link":"https:\/\/archiwum.swietodrzewa.pl\/?p=12988","title":{"rendered":"\u015awiatowy Dzie\u0144 Pszcz\u00f3\u0142"},"content":{"rendered":"<p><strong>20 maja obchodzimy \u015awiatowy Dzie\u0144 Pszcz\u00f3\u0142 ustanowiony przez ONZ. W wielu miastach Europy, tak\u017ce w Polsce, coraz cz\u0119\u015bciej zak\u0142ada si\u0119 miejskie pasieki! Tak\u017ce w Bielsku-Bia\u0142ej powstanie pasieka edukacyjna we wsp\u00f3\u0142pracy Klubu Gaja, ALDI, Miasta <\/strong><strong>Bielsko-Bia\u0142a i Gminy Wyznaniowej \u017bydowskiej w Bielsku Bia\u0142ej. Pasieka stanie w Tajemniczym Ogrodzie, kt\u00f3ry powstaje na niegrzebalnej cz\u0119\u015bci cmentarza \u017cydowskiego przy ul. Cieszy\u0144skiej. W\u0142a\u015bnie zakupiono ule, kt\u00f3re pos\u0142u\u017c\u0105 edukacji o pszczo\u0142ach i <\/strong><strong>pszczelarstwie naturalnym oraz r\u00f3\u017cnorodno\u015bci biologicznej i zmianach klimatu.<\/strong><!--more--><\/p>\n<p><a href=\"https:\/\/archiwum.swietodrzewa.pl\/wp-content\/uploads\/2021\/05\/fot1.jpg\"><img loading=\"lazy\" class=\"alignleft size-medium wp-image-12989\" src=\"https:\/\/archiwum.swietodrzewa.pl\/wp-content\/uploads\/2021\/05\/fot1-300x218.jpg\" alt=\"\" width=\"300\" height=\"218\" srcset=\"https:\/\/archiwum.swietodrzewa.pl\/wp-content\/uploads\/2021\/05\/fot1-300x218.jpg 300w, https:\/\/archiwum.swietodrzewa.pl\/wp-content\/uploads\/2021\/05\/fot1-1024x743.jpg 1024w, https:\/\/archiwum.swietodrzewa.pl\/wp-content\/uploads\/2021\/05\/fot1-768x557.jpg 768w, https:\/\/archiwum.swietodrzewa.pl\/wp-content\/uploads\/2021\/05\/fot1.jpg 1490w\" sizes=\"(max-width: 300px) 100vw, 300px\" \/><\/a>Pasieka w Tajemniczym Ogrodzie, w kt\u00f3rej zamieszkaj\u0105 3 pszczele rodziny (ok. 150-180 tysi\u0119cy pszcz\u00f3\u0142), b\u0119dzie s\u0142u\u017cy\u0107 aktywnej edukacji w szczeg\u00f3lno\u015bci dzieci i m\u0142odzie\u017cy, na temat pszcz\u00f3\u0142 i ich roli w przyrodzie i \u017cyciu cz\u0142owieka. Poprzez poznawanie pszczelich rodzin i ich zwyczaj\u00f3w edukatorzy Klubu Gaja m\u00f3wi\u0107 b\u0119d\u0105 o tym, \u017ce pszczo\u0142y to nie tylko mi\u00f3d ale przede wszystkim podtrzymywanie \u017cycia na ziemi.<\/p>\n<p><strong>Jacek Bo\u017cek z Klubu Gaja<\/strong>, podkre\u015bla \u2013 \u201eCoraz bardziej zdajemy sobie spraw\u0119 z potrzeby ochrony pszcz\u00f3\u0142 i wszelkich zapylaczy. To nasi mali ale tak naprawd\u0119 wielcy sprzymierze\u0144cy. Jeste\u015bmy zale\u017cni od ich pracy i dobrostanu. Wspaniale, \u017ce dzi\u0119ki wsp\u00f3\u0142pracy Klubu Gaja, ALDI, Miasta Bielsko-Bia\u0142a i Gminy Wyznaniowej \u017bydowskiej b\u0119dziemy mogli go\u015bci\u0107 pszczo\u0142y w Tajemniczym Ogrodzie i edukowa\u0107 obywateli o znaczeniu pszcz\u00f3\u0142 dla ekosystemu. Przy ulach b\u0119dziemy mogli rozmawia\u0107 nie tylko o miodzie ale i o r\u00f3\u017cnorodno\u015bci biologicznej oraz wp\u0142ywie ludzi na zmiany klimatu. Naszymi nauczycielami b\u0119d\u0105 pszczo\u0142y i ich zwi\u0105zki z przyrod\u0105\u201d.<a href=\"https:\/\/archiwum.swietodrzewa.pl\/wp-content\/uploads\/2021\/05\/fot2.jpg\"><img loading=\"lazy\" class=\"alignright size-medium wp-image-12990\" src=\"https:\/\/archiwum.swietodrzewa.pl\/wp-content\/uploads\/2021\/05\/fot2-300x225.jpg\" alt=\"\" width=\"300\" height=\"225\" srcset=\"https:\/\/archiwum.swietodrzewa.pl\/wp-content\/uploads\/2021\/05\/fot2-300x225.jpg 300w, https:\/\/archiwum.swietodrzewa.pl\/wp-content\/uploads\/2021\/05\/fot2-768x576.jpg 768w, https:\/\/archiwum.swietodrzewa.pl\/wp-content\/uploads\/2021\/05\/fot2.jpg 1024w\" sizes=\"(max-width: 300px) 100vw, 300px\" \/><\/a><a href=\"http:\/\/klubgaja.pl\/cms\/uploads\/AKTUALNO%C5%9ACI%202021\/pszczoly\/fot2.jpg\" target=\"_blank\" rel=\"noopener\" data-cke-saved-href=\"http:\/\/klubgaja.pl\/cms\/uploads\/AKTUALNO\u015aCI 2021\/pszczoly\/fot2.jpg\"><img src=\"http:\/\/klubgaja.pl\/cms\/uploads\/AKTUALNO%C5%9ACI%202021\/pszczoly\/fot2.jpg\" alt=\"\" data-cke-saved-src=\"http:\/\/klubgaja.pl\/cms\/uploads\/AKTUALNO%C5%9ACI%202021\/pszczoly\/fot2.jpg\"\/><\/a><\/p>\n<p>Pasieka powstaje w ramach programu \u015awi\u0119to Drzewa Klubu Gaja, kt\u00f3rego partnerem strategicznym jest ALDI.W tym roku Klub Gaja planuje pierwsze wydarzenia w pasiece min. warsztaty pszczelarskie podczas kt\u00f3rych uczestnicy b\u0119d\u0105 mogli pozna\u0107 rodzin\u0119 pszczel\u0105, jej potrzeby i zwyczaje oraz warsztaty ogrodnicze, kt\u00f3re b\u0119d\u0105 kolejnym krokiem do poznawania pszcz\u00f3\u0142 i zdobywania wiedzy jak zapewni\u0107 im po\u017cywienie. Warsztaty odb\u0119d\u0105 si\u0119 w ramach Festiwalu Ekodzie\u0142o dofinasowanego ze \u015brodk\u00f3w Miasta Bielsko-Bia\u0142a.<\/p>\n<p>Fot 1. Klub Gaja \u2013 Ule warszawskie, kt\u00f3re stan\u0105 w Tajemniczym Ogrodzie.<br \/>\nFot 2. Klub Gaja \u2013 Pszczo\u0142y na je\u017c\u00f3wce purpurowej.<\/p>\n","protected":false},"excerpt":{"rendered":"<p>20 maja obchodzimy \u015awiatowy Dzie\u0144 Pszcz\u00f3\u0142 ustanowiony przez ONZ. W wielu miastach Europy, tak\u017ce w Polsce, coraz cz\u0119\u015bciej zak\u0142ada si\u0119 miejskie pasieki! Tak\u017ce w Bielsku-Bia\u0142ej powstanie pasieka edukacyjna we wsp\u00f3\u0142pracy Klubu Gaja, ALDI, Miasta Bielsko-Bia\u0142a i Gminy Wyznaniowej \u017bydowskiej w Bielsku Bia\u0142ej. Pasieka stanie w Tajemniczym Ogrodzie, kt\u00f3ry powstaje na niegrzebalnej cz\u0119\u015bci cmentarza \u017cydowskiego przy [&hellip;]<\/p>\n","protected":false},"author":3,"featured_media":12990,"comment_status":"closed","ping_status":"closed","sticky":false,"template":"","format":"standard","meta":{"ngg_post_thumbnail":0},"categories":[17],"tags":[],"_links":{"self":[{"href":"https:\/\/archiwum.swietodrzewa.pl\/index.php?rest_route=\/wp\/v2\/posts\/12988"}],"collection":[{"href":"https:\/\/archiwum.swietodrzewa.pl\/index.php?rest_route=\/wp\/v2\/posts"}],"about":[{"href":"https:\/\/archiwum.swietodrzewa.pl\/index.php?rest_route=\/wp\/v2\/types\/post"}],"author":[{"embeddable":true,"href":"https:\/\/archiwum.swietodrzewa.pl\/index.php?rest_route=\/wp\/v2\/users\/3"}],"replies":[{"embeddable":true,"href":"https:\/\/archiwum.swietodrzewa.pl\/index.php?rest_route=%2Fwp%2Fv2%2Fcomments&post=12988"}],"version-history":[{"count":1,"href":"https:\/\/archiwum.swietodrzewa.pl\/index.php?rest_route=\/wp\/v2\/posts\/12988\/revisions"}],"predecessor-version":[{"id":12991,"href":"https:\/\/archiwum.swietodrzewa.pl\/index.php?rest_route=\/wp\/v2\/posts\/12988\/revisions\/12991"}],"wp:featuredmedia":[{"embeddable":true,"href":"https:\/\/archiwum.swietodrzewa.pl\/index.php?rest_route=\/wp\/v2\/media\/12990"}],"wp:attachment":[{"href":"https:\/\/archiwum.swietodrzewa.pl\/index.php?rest_route=%2Fwp%2Fv2%2Fmedia&parent=12988"}],"wp:term":[{"taxonomy":"category","embeddable":true,"href":"https:\/\/archiwum.swietodrzewa.pl\/index.php?rest_route=%2Fwp%2Fv2%2Fcategories&post=12988"},{"taxonomy":"post_tag","embeddable":true,"href":"https:\/\/archiwum.swietodrzewa.pl\/index.php?rest_route=%2Fwp%2Fv2%2Ftags&post=12988"}],"curies":[{"name":"wp","href":"https:\/\/api.w.org\/{rel}","templated":true}]}}