{"id":13012,"date":"2021-06-01T09:00:42","date_gmt":"2021-06-01T07:00:42","guid":{"rendered":"https:\/\/swietodrzewa.pl\/?p=13012"},"modified":"2021-05-31T22:11:41","modified_gmt":"2021-05-31T20:11:41","slug":"16-niezwyklych-drzew-w-konkursie-drzewo-roku-2021","status":"publish","type":"post","link":"https:\/\/archiwum.swietodrzewa.pl\/?p=13012","title":{"rendered":"16 niezwyk\u0142ych drzew w konkursie Drzewo Roku 2021"},"content":{"rendered":"<p><strong>Od dzisiaj, przez ca\u0142y czerwiec, mo\u017cna zag\u0142osowa\u0107 na jedno z 16. drzew z ca\u0142ej Polski, kt\u00f3re bior\u0105 udzia\u0142 w tegorocznym konkursie Drzewo Roku Klub Gaja. <\/strong><strong>O tytu\u0142 powalcz\u0105 d\u0119by, wi\u0105zy, czere\u015bnia dzika, lipa, topola, kasztan jadalny, cyprysik, jod\u0142a, sosna i wierzby, kt\u00f3re zosta\u0142y wybrane przez jury z blisko 150 zg\u0142osze\u0144. <\/strong><strong>To drzewa niezwyk\u0142e <\/strong><strong>\u2013 <\/strong><strong>symbole lokalnych spo\u0142eczno\u015bci, kt\u00f3re opowiadaj\u0105 o naszej historii i kulturze. To tak\u017ce pi\u0119kne przyk\u0142ady dzia\u0142a\u0144 r\u00f3\u017cnych grup spo\u0142ecznych i pojedynczych os\u00f3b na rzecz ochrony drzew. Kt\u00f3re drzewo zwyci\u0119\u017cy? Wszystko zale\u017cy od naszych g\u0142os\u00f3w! Zapraszamy do g\u0142osowania na stronie www.drzeworoku.pl<\/strong><!--more--><\/p>\n<p>Organizowany przez Klub Gaja od 11 lat konkurs Drzewo Roku ma na celu promowanie postawy szacunku dla przyrody oraz wyszukanie przyk\u0142ad\u00f3w ciekawych i trwa\u0142ych zwi\u0105zk\u00f3w pomi\u0119dzy kultur\u0105 i histori\u0105 lokalnej spo\u0142eczno\u015bci, a drzewem, kt\u00f3re jest przez ni\u0105 szczeg\u00f3lnie doceniane. W konkursie nie szukamy drzew najstarszych, najwy\u017cszych, najgrubszych, najpi\u0119kniejszych ani najrzadszych. Szukamy drzewa najbardziej kochanego, drzewa z opowie\u015bci\u0105, drzewa, kt\u00f3re pobudza wyobra\u017ani\u0119 i jednoczy ludzi. Laureatem plebiscytu zostanie drzewo, kt\u00f3re zdob\u0119dzie najwi\u0119ksz\u0105 liczb\u0119 g\u0142os\u00f3w internaut\u00f3w. B\u0119dzie ono reprezentowa\u0142o nasz kraj w konkursie europejskim Tree of the Year w 2022 roku.<\/p>\n<p><a href=\"https:\/\/archiwum.swietodrzewa.pl\/wp-content\/uploads\/2020\/10\/Drzewo-Roku-2021.jpg\"><img loading=\"lazy\" class=\"alignleft size-large wp-image-12614\" src=\"https:\/\/archiwum.swietodrzewa.pl\/wp-content\/uploads\/2020\/10\/Drzewo-Roku-2021-717x1024.jpg\" alt=\"\" width=\"540\" height=\"771\" srcset=\"https:\/\/archiwum.swietodrzewa.pl\/wp-content\/uploads\/2020\/10\/Drzewo-Roku-2021-717x1024.jpg 717w, https:\/\/archiwum.swietodrzewa.pl\/wp-content\/uploads\/2020\/10\/Drzewo-Roku-2021-210x300.jpg 210w, https:\/\/archiwum.swietodrzewa.pl\/wp-content\/uploads\/2020\/10\/Drzewo-Roku-2021-768x1097.jpg 768w\" sizes=\"(max-width: 540px) 100vw, 540px\" \/><\/a>\u201eFina\u0142owa szesnastka konkursu Drzewo Roku 2021 zosta\u0142a wy\u0142oniona przez jury konkursu spo\u015br\u00f3d blisko 150 zg\u0142osze\u0144, kt\u00f3re nap\u0142yn\u0119\u0142y z ca\u0142ego kraju. To ulubione przez spo\u0142eczno\u015bci drzewa, otaczane przez nich szacunkiem, trosk\u0105 i opiek\u0105, bronione przed wycink\u0105 i te ju\u017c uratowane. Drzewa, kt\u00f3re mog\u0105 by\u0107 dla nas prawdziw\u0105 lekcj\u0105 ekologii i dzia\u0142a\u0144 spo\u0142ecznych\u201d \u2013 m\u00f3wi <strong>Jolanta Migda\u0142<\/strong>, koordynatorka konkursu Drzewo Roku Klubu Gaja.<\/p>\n<p>D\u0119by w tym roku reprezentuje 6 pi\u0119knych okaz\u00f3w. 200-letni <strong>D\u0105b Fredry z Rzeszowa <\/strong>mia\u0142 zosta\u0107 wyci\u0119ty w zwi\u0105zku z przebudow\u0105 ulic. Walka o jego ocalenie zintegrowa\u0142a Rzeszowian wok\u00f3\u0142 problemu wycinki drzew, a tak\u017ce znaczenia du\u017cych, starych drzew w przestrzeni miejskiej. 400 letni <strong>D\u0105b Dunin w Przybudkach <\/strong>to jeden z Olbrzym\u00f3w rosn\u0105cych w Puszczy Bia\u0142owieskiej i wizyt\u00f3wka miejscowo\u015bci. <strong>Joshua Tree w Gliwicach<\/strong> sta\u0142 si\u0119 symbolem walki mieszka\u0144c\u00f3w o dzik\u0105 dolink\u0119, zwan\u0105 przez wszystkich \u201eWilczymi Do\u0142ami\u201d, gdzie pod top\u00f3r ma p\u00f3j\u015b\u0107 ponad p\u00f3\u0142 tysi\u0105ca drzew, w kt\u00f3rych swoje domy znajduje 37 chronionych gatunk\u00f3w ptak\u00f3w. <strong>Drzewo Podw\u00f3rkowe w Brzegu Dolnym (woj. dolno\u015bl\u0105skie) <\/strong>to jedyne drzewo rosn\u0105ce na ma\u0142ym osiedlu, ulubione przez siedmioletni\u0105 Ol\u0119 i inne dzieciaki z podw\u00f3rka. Cudem ocala\u0142y <strong>D\u0105b w Lublinie<\/strong> ro\u015bnie na pasie zieleni ruchliwej ulicy.&nbsp;To idealny przyk\u0142adem, \u017ce takie drzewa mo\u017cna z powodzeniem zachowa\u0107 przy budowach i remontach dr\u00f3g, tym samym zwi\u0119kszaj\u0105c warto\u015b\u0107 krajobrazow\u0105 pas\u00f3w drogowych. Ponad 600-letni <strong>D\u0105b Obro\u0144ca w \u015aladowie (woj. mazowieckie) <\/strong>otrzyma\u0142 swoj\u0105 nazw\u0119 po tym jak w czasie II Wojny \u015awiatowej ochroni\u0142 posesj\u0119 Pa\u0144stwa Tempczyk\u00f3w przed po\u017carem jaki wybuch\u0142 tu po zrzuceniu bomby przez Niemc\u00f3w.<\/p>\n<p><strong>Lipa Ocalona w Wi\u015bniewie (woj. mazowieckie)<\/strong> to jedyna reprezentantka tego gatunku w tegorocznym konkursie. Zosta\u0142a posadzona z wielkim entuzjazmem przez mieszka\u0144c\u00f3w wsi 100 lat temu po odzyskaniu przez Polsk\u0119 niepodleg\u0142o\u015bci. Wraz z innymi pi\u0119\u0107dziesi\u0119cioma drzewami tworzy\u0142a pi\u0119kn\u0105 alej\u0119. W ostatnich latach grozi\u0142a jej ju\u017c dwukrotnie wycinka. Jednak dzi\u0119ki zdecydowanym dzia\u0142aniom mieszka\u0144c\u00f3w lipa wci\u0105\u017c \u017cyje i ma si\u0119 \u015bwietnie!&nbsp; &nbsp;<\/p>\n<p>W finale konkursu znalaz\u0142a si\u0119 tak\u017ce 150 letnia <strong>Topola w S\u0142o\u0144sku<\/strong>&nbsp;(<strong>woj. lubuskie), <\/strong>b\u0119d\u0105ca ostatnim wiekowym egzemplarzem tego gatunku w Uj\u015bciu Warty. Stanowi znakomity symbol historii tych ziem, kiedy to topole czarne wraz z wierzbami, olszami i jesionami tworzy\u0142y rozleg\u0142e lasy \u0142\u0119gowe wzd\u0142u\u017c licznych koryt Warty. <strong>Kasztan jadalny w Reptach \u015al\u0105skich <\/strong><strong>w dzielnicy<\/strong><strong> Tarnowskich G\u00f3r<\/strong><strong>&nbsp;<\/strong><strong>(woj. \u015bl\u0105skie) <\/strong>od prawie pi\u0119ciu wiek\u00f3w jest wspania\u0142\u0105 ozdob\u0105 ogrodu plebani parafii pw. \u015aw. Miko\u0142aja, chlub\u0105 mieszka\u0144c\u00f3w i najstarszym drzewem tego gatunku w Polsce oraz jednym z najstarszych w Europie \u015arodkowej. Kasztan ma oficjalny rodow\u00f3d, dlatego po jego szczepki przyje\u017cd\u017caj\u0105 przyrodnicy z ca\u0142ej Polski.&nbsp;<strong>Magiczne drzewo<\/strong> <strong>na Cie\u0144kowie w Beskidzie \u015al\u0105skim<\/strong> to 100 -letnia dzika czere\u015bnia, kt\u00f3ra ro\u015bnie na rodzinnym szlaku ch\u0119tnie odwiedzanym zar\u00f3wno przez turyst\u00f3w, jak i mieszka\u0144c\u00f3w Wis\u0142y. To miejsce zachwyca wszystkich sw\u0105 niezwyk\u0142\u0105 atmosfer\u0105. <strong>Wierzbowa brama Krakowa<\/strong><strong>&nbsp;<\/strong>to 2 okazy wierzby bia\u0142ej, kt\u00f3re rosn\u0105 po dw\u00f3ch stronach Mostu Grunwaldzkiego, stanowi\u0105c prawdziw\u0105 ozdob\u0105 i ikon\u0105 krajobrazow\u0105 Bulwar\u00f3w Wi\u015blanych. Mieszka\u0144cy Krakowa marz\u0105 by te wierzby ocali\u0107. Zach\u0119caj\u0105 tak\u017ce do otwartego dialogu o tym, jakie powinny by\u0107 priorytety w zarz\u0105dzaniu miejsk\u0105 zieleni\u0105.<\/p>\n<p>W tym roku zag\u0142osowa\u0107 b\u0119dzie mo\u017cna tak\u017ce na dwa wi\u0105zy. <strong>Najstarsze drzewo w mie\u015bcie <\/strong><strong>to <\/strong><strong>350-letni wi\u0105z polny w <\/strong><strong>Zdu\u0144skiej Woli&nbsp; <\/strong><strong>(woj. \u0142\u00f3dzkie) <\/strong>i jeden z najwi\u0119kszych okaz\u00f3w tego gatunku w Polsce.&nbsp;M\u00f3wi si\u0119, \u017ce pod drzewem siedzia\u0142 sam Napoleon Bonaparte.&nbsp;Z kolei 120-letni wi\u0105z szypu\u0142kowy to <strong>Stra\u017cnik Kopalni w Sosnowcu<\/strong><strong>&nbsp;(woj. \u015bl\u0105skie). <\/strong>Stanowi cenny element historyczny, nierozerwalnie zwi\u0105zany z rozwojem miasta \u2013 pocz\u0105wszy od osadnictwa we wsi Sosnowice, rozw\u00f3j g\u00f3rnictwa na Niwce, a ko\u0144cz\u0105c na wsp\u00f3\u0142czesnych przemianach miasta, b\u0119d\u0105cego stolic\u0105 Zag\u0142\u0119bia D\u0105browskiego.&nbsp;Ocalony przed wycink\u0105 mo\u017ce stanie si\u0119 symbolem dobrych przemian, kt\u00f3re zwi\u0119ksz\u0105 zainteresowanie ludzi otaczaj\u0105c\u0105 natur\u0105.<\/p>\n<p>Drzewa iglaste w tegorocznej edycji konkursu reprezentuj\u0105 trzy pi\u0119kne okazy. <strong>Cypry\u015bnik w K\u00f3rniku<\/strong><strong>&nbsp;(woj. wielkopolskie) <\/strong>to najs\u0142ynniejszy okaz cypry\u015bnika b\u0142otnego w naszym kraju, rosn\u0105cy na terenie najstarszego w Polsce Arboretum w K\u00f3rniku. <strong>Jod\u0142a Jagna <\/strong><strong>w <\/strong><strong>Nadle\u015bnictwie M\u0142ynary<\/strong> (<strong>woj. warmi\u0144sko-mazurskie)<\/strong> &nbsp;jest rzadko\u015bci\u0105, gdy\u017c wyst\u0119puje poza granicami swojego naturalnego wyst\u0119powania. Zosta\u0142a posadzona ponad 120 lat temu w ramach do\u015bwiadcze\u0144 naukowych, kt\u00f3rych rezultaty mo\u017cemy dzisiaj podziwia\u0107 w imponuj\u0105cych rozmiarach tego drzewa. <strong>Samotna Sosna<\/strong><strong>&nbsp;w <\/strong><strong>S\u0142owi\u0144skim Parku Narodowym (woj. pomorskie) <\/strong>jest niezwyk\u0142a i niepowtarzalna. Ro\u015bnie sama z dala od lasu i innych drzew tego gatunku. Wystawiona na nieustanne dzia\u0142anie wiatru, wykszta\u0142ci\u0142a nisk\u0105 i zwart\u0105 form\u0119 o charakterze drzewa sawannowego.<\/p>\n<p>\u201eBudujmy kapita\u0142 spo\u0142eczny wok\u00f3\u0142 drzew. To one daj\u0105 nam \u017cycie i podnosz\u0105 jego warto\u015b\u0107. To one stanowi\u0105 cz\u0119\u015b\u0107 naszej opowie\u015bci, a cz\u0119sto legendy miejsca. Zaczynamy to dostrzega\u0107. Zr\u00f3bmy jednak wszystko aby nie straci\u0107 tych niepowtarzalnych przyjaci\u00f3\u0142, o kt\u00f3rych przypominamy sobie dopiero, widz\u0105c pie\u0144 wyci\u0119tego drzewa. Chro\u0144my, kochajmy i g\u0142osujmy na nasze drzewa\u201d \u2013 zach\u0119ca <strong>Jacek Bo\u017cek<\/strong>, za\u0142o\u017cyciel i szef Klubu Gaja.<\/p>\n<p><a href=\"https:\/\/drzeworoku.pl\/\"><strong>ZAG\u0141OSUJ NA RZEWO ROKU 2021 &gt;&gt;&gt;<\/strong><\/a><\/p>\n<p>Drzewa daj\u0105 tlen, przeciwdzia\u0142aj\u0105 zmianom klimatu, s\u0105 wa\u017cne dla ochrony r\u00f3\u017cnorodno\u015bci biologicznej oraz \u017cycia miliard\u00f3w ludzi i zwierz\u0105t na Ziemi. Drzewa s\u0105 cz\u0119\u015bci\u0105 naszego dziedzictwa narodowego, dlatego powinni\u015bmy je chroni\u0107 dla przysz\u0142ych pokole\u0144. Je\u015bli nie jest Ci oboj\u0119tny los drzew, pom\u00f3\u017c nam je sadzi\u0107, chroni\u0107 i opiekowa\u0107 si\u0119 nimi.<\/p>\n<p>Przeka\u017c darowizn\u0119 Klubowi Gaja \u2013 nr konta:&nbsp;90 2030 0045 1110 0000 0067 3120<br \/>\nMo\u017cesz te\u017c przekaza\u0107 1% Swojego podatku Klubowi Gaja \u2013KRS 0000120069<br \/>\n<strong><\/p>\n<p><\/strong><\/p>\n","protected":false},"excerpt":{"rendered":"<p>Od dzisiaj, przez ca\u0142y czerwiec, mo\u017cna zag\u0142osowa\u0107 na jedno z 16. drzew z ca\u0142ej Polski, kt\u00f3re bior\u0105 udzia\u0142 w tegorocznym konkursie Drzewo Roku Klub Gaja. O tytu\u0142 powalcz\u0105 d\u0119by, wi\u0105zy, czere\u015bnia dzika, lipa, topola, kasztan jadalny, cyprysik, jod\u0142a, sosna i wierzby, kt\u00f3re zosta\u0142y wybrane przez jury z blisko 150 zg\u0142osze\u0144. To drzewa niezwyk\u0142e \u2013 symbole [&hellip;]<\/p>\n","protected":false},"author":3,"featured_media":12614,"comment_status":"closed","ping_status":"closed","sticky":false,"template":"","format":"standard","meta":{"ngg_post_thumbnail":0},"categories":[24],"tags":[],"_links":{"self":[{"href":"https:\/\/archiwum.swietodrzewa.pl\/index.php?rest_route=\/wp\/v2\/posts\/13012"}],"collection":[{"href":"https:\/\/archiwum.swietodrzewa.pl\/index.php?rest_route=\/wp\/v2\/posts"}],"about":[{"href":"https:\/\/archiwum.swietodrzewa.pl\/index.php?rest_route=\/wp\/v2\/types\/post"}],"author":[{"embeddable":true,"href":"https:\/\/archiwum.swietodrzewa.pl\/index.php?rest_route=\/wp\/v2\/users\/3"}],"replies":[{"embeddable":true,"href":"https:\/\/archiwum.swietodrzewa.pl\/index.php?rest_route=%2Fwp%2Fv2%2Fcomments&post=13012"}],"version-history":[{"count":1,"href":"https:\/\/archiwum.swietodrzewa.pl\/index.php?rest_route=\/wp\/v2\/posts\/13012\/revisions"}],"predecessor-version":[{"id":13013,"href":"https:\/\/archiwum.swietodrzewa.pl\/index.php?rest_route=\/wp\/v2\/posts\/13012\/revisions\/13013"}],"wp:featuredmedia":[{"embeddable":true,"href":"https:\/\/archiwum.swietodrzewa.pl\/index.php?rest_route=\/wp\/v2\/media\/12614"}],"wp:attachment":[{"href":"https:\/\/archiwum.swietodrzewa.pl\/index.php?rest_route=%2Fwp%2Fv2%2Fmedia&parent=13012"}],"wp:term":[{"taxonomy":"category","embeddable":true,"href":"https:\/\/archiwum.swietodrzewa.pl\/index.php?rest_route=%2Fwp%2Fv2%2Fcategories&post=13012"},{"taxonomy":"post_tag","embeddable":true,"href":"https:\/\/archiwum.swietodrzewa.pl\/index.php?rest_route=%2Fwp%2Fv2%2Ftags&post=13012"}],"curies":[{"name":"wp","href":"https:\/\/api.w.org\/{rel}","templated":true}]}}